{"id":17832,"date":"2019-10-10T19:18:57","date_gmt":"2019-10-10T22:18:57","guid":{"rendered":"http:\/\/newsinfoco.com.br\/?p=17832"},"modified":"2019-10-10T19:18:57","modified_gmt":"2019-10-10T22:18:57","slug":"em-entrevista-ao-programa-primeira-mao-deputado-paulo-azi-fala-sobre-permanencia-da-sede-da-subsecao-judiciaria-da-justica-federal-em-alagoinhas-e-comenta-greve-da-pm-no-estado","status":"publish","type":"post","link":"https:\/\/newsinfoco.com.br\/inicio\/em-entrevista-ao-programa-primeira-mao-deputado-paulo-azi-fala-sobre-permanencia-da-sede-da-subsecao-judiciaria-da-justica-federal-em-alagoinhas-e-comenta-greve-da-pm-no-estado\/","title":{"rendered":"Em entrevista ao programa Primeira M\u00e3o, deputado Paulo Azi fala sobre perman\u00eancia da sede da subse\u00e7\u00e3o judici\u00e1ria da justi\u00e7a federal em Alagoinhas e comenta greve da PM no estado"},"content":{"rendered":"<p style=\"text-align: justify;\">Em entrevista ao programa Primeira M\u00e3o, jornalistico matinal transmitido em cadeia pela r\u00e1dio Ouro Negro 100.5 Fm e r\u00e1dio web 2 de julho, deputado Federal Paulo Azi revelou sua expectativa com rela\u00e7\u00e3o ao resultado da reuni\u00e3o do Pleno do Tribunal Regional Federal da Primeira Regi\u00e3o- TRF! quanto \u00e0 manuten\u00e7\u00e3o da subse\u00e7\u00e3o judicial da institui\u00e7\u00e3o em Alagoinhas. Ele informou que a corregedora Maria do Carmo adiantou seu parecer favor\u00e1vel \u00e0 perman\u00eancia da unidade, respondendo positivamente \u00e0 v\u00e1rios setores que se interessaram pela continuidade \u201cdessa importante \u00e1rea da justi\u00e7a federal na regi\u00e3o, outra decis\u00e3o n\u00e3o seria\u00a0 aceita para estes que entendem que a justi\u00e7a deve estar mais pr\u00f3xima\u00a0 da popula\u00e7\u00e3o\u201d. A corregedora, segundo Azi, \u00e9 uma profunda conhecedora dos problemas da justi\u00e7a. Ele percebe que \u201cseu voto ter\u00e1 como influenciar os seus pares, conservando esse \u00a0relevante segmento do meio jur\u00eddico no territ\u00f3rio\u201d.<\/p>\n<p style=\"text-align: justify;\">Paulo Azi encabe\u00e7ou o grupo que se reuniu com a procuradora na \u00faltima ter\u00e7a-feira. Na comitiva, estavam os vereadores Roberto Torres, Anderson Baqueiro e Luciano Almeida e os advogados Paulo Pinto, ex-presidente da subse\u00e7\u00e3o da OAB de Alagoinhas; e Tha\u00eds Faro, atual presidente da subse\u00e7\u00e3o da OAB;<\/p><div class=\"newsi-conteudo_19\" id=\"newsi-3057630799\"><a href=\"https:\/\/www.instagram.com\/prefeituraalagoinhas?igsh=YzgzdDJ1bWR3aWI4\" aria-label=\"SAVE_20251006_221555\"><img loading=\"lazy\" decoding=\"async\" src=\"https:\/\/newsinfoco.com.br\/inicio\/wp-content\/uploads\/2025\/10\/SAVE_20251006_221555-rotated.jpg\" alt=\"\"  srcset=\"https:\/\/newsinfoco.com.br\/inicio\/wp-content\/uploads\/2025\/10\/SAVE_20251006_221555-rotated.jpg 1140w, https:\/\/newsinfoco.com.br\/inicio\/wp-content\/uploads\/2025\/10\/SAVE_20251006_221555-300x52.jpg 300w, https:\/\/newsinfoco.com.br\/inicio\/wp-content\/uploads\/2025\/10\/SAVE_20251006_221555-1024x177.jpg 1024w, https:\/\/newsinfoco.com.br\/inicio\/wp-content\/uploads\/2025\/10\/SAVE_20251006_221555-768x133.jpg 768w, https:\/\/newsinfoco.com.br\/inicio\/wp-content\/uploads\/2025\/10\/SAVE_20251006_221555-600x104.jpg 600w, https:\/\/newsinfoco.com.br\/inicio\/wp-content\/uploads\/2025\/10\/SAVE_20251006_221555-696x120.jpg 696w, https:\/\/newsinfoco.com.br\/inicio\/wp-content\/uploads\/2025\/10\/SAVE_20251006_221555-1068x185.jpg 1068w\" sizes=\"(max-width: 1140px) 100vw, 1140px\" width=\"1140\" height=\"197\"   \/><\/a><\/div>\n<p style=\"text-align: justify;\">A influ\u00eancia positiva ou negativa do presidente Bolsonaro nessa decis\u00e3o foi negada pelo deputado, argumentando que a justi\u00e7a tem total autonomia para a tomada de qualquer decis\u00e3o, um preceito b\u00e1sico constitucional inclusive. Respondendo a pergunta de Haroldo Azi, afirmou que est\u00e1 sempre aberto para a participa\u00e7\u00e3o em conjunto com o deputado Jose\u00edldo Ramos em quest\u00f5es que digam respeito aos interesses da regi\u00e3o.<\/p>\n<p style=\"text-align: justify;\">Azi afirmou que n\u00e3o colocaria nenhum impedimento caso o petista mostrasse interesse de participar da audi\u00eancia de ter\u00e7a-feira com a corregedora do TRF1, com a lembran\u00e7a de que o encontro era aberto. Hoje na sess\u00e3o do pleno do TRF1 poder\u00e1 ser decidido n\u00e3o s\u00f3 a perman\u00eancia da unidade como a cria\u00e7\u00e3o de uma Vara no munic\u00edpio, ampliando os servi\u00e7os.<\/p>\n<p style=\"text-align: justify;\">Sobre a greve a Pol\u00edcia Militar, Paulo Azi declarou que a v\u00ea com muita preocupa\u00e7\u00e3o, que, apesar de ser uma decis\u00e3o errada, merece outro tratamento por parte do Governo e do Comando Geral da PM. Para o deputado est\u00e3o se repetindo os erros promovidos no passado de desconhecer a for\u00e7a do movimento e de atacar suas lideran\u00e7as, ao inv\u00e9s de abrir o di\u00e1logo de maneira franca com uma categoria que reclama da precariza\u00e7\u00e3o de um servi\u00e7o essencial. \u201cO governador est\u00e1 errado, temo que a popula\u00e7\u00e3o seja novamente penalizada como por ocasi\u00e3o da \u00faltima paralisa\u00e7\u00e3o\u201d, destacou<\/p>\n<p style=\"text-align: justify;\">Acompanhe a entrevista do deputado federal Paulo Azi concedida ao programa Primeira M\u00e3o:<\/p>\n<p><iframe loading=\"lazy\" width=\"696\" height=\"392\" src=\"https:\/\/www.youtube.com\/embed\/BOw73ZX2WaQ?feature=oembed\" frameborder=\"0\" allow=\"accelerometer; autoplay; encrypted-media; gyroscope; picture-in-picture\" allowfullscreen><\/iframe><\/p>\n<p style=\"text-align: right;\">Por Paulo Dias para o News Infoco<\/p>\n<p style=\"text-align: justify;\">\n<div class='share-to-whatsapp-wrapper'><div class='share-on-whsp'>Share on: <\/div><a data-text='Em entrevista ao programa Primeira M\u00e3o, deputado Paulo Azi fala sobre perman\u00eancia da sede da subse\u00e7\u00e3o judici\u00e1ria da justi\u00e7a federal em Alagoinhas e comenta greve da PM no estado' data-link='https:\/\/newsinfoco.com.br\/inicio\/em-entrevista-ao-programa-primeira-mao-deputado-paulo-azi-fala-sobre-permanencia-da-sede-da-subsecao-judiciaria-da-justica-federal-em-alagoinhas-e-comenta-greve-da-pm-no-estado\/' class='whatsapp-button whatsapp-share'>WhatsApp<\/a><div class='clear '><\/div><\/div>","protected":false},"excerpt":{"rendered":"<p>Em entrevista ao programa Primeira M\u00e3o, jornalistico matinal transmitido em cadeia pela r\u00e1dio Ouro Negro 100.5 Fm e r\u00e1dio web 2 de julho, deputado Federal Paulo Azi revelou sua expectativa com rela\u00e7\u00e3o ao resultado da reuni\u00e3o do Pleno do Tribunal Regional Federal da Primeira Regi\u00e3o- TRF! quanto \u00e0 manuten\u00e7\u00e3o da subse\u00e7\u00e3o judicial da institui\u00e7\u00e3o em [&hellip;]<\/p>\n","protected":false},"author":1,"featured_media":17833,"comment_status":"open","ping_status":"open","sticky":false,"template":"","format":"standard","meta":{"om_disable_all_campaigns":false,"_exactmetrics_skip_tracking":false,"_exactmetrics_sitenote_active":false,"_exactmetrics_sitenote_note":"","_exactmetrics_sitenote_category":0,"footnotes":""},"categories":[38,30],"tags":[],"class_list":["post-17832","post","type-post","status-publish","format-standard","has-post-thumbnail","hentry","category-alagoinhas-e-regiao","category-destaque"],"aioseo_notices":[],"_links":{"self":[{"href":"https:\/\/newsinfoco.com.br\/inicio\/wp-json\/wp\/v2\/posts\/17832","targetHints":{"allow":["GET"]}}],"collection":[{"href":"https:\/\/newsinfoco.com.br\/inicio\/wp-json\/wp\/v2\/posts"}],"about":[{"href":"https:\/\/newsinfoco.com.br\/inicio\/wp-json\/wp\/v2\/types\/post"}],"author":[{"embeddable":true,"href":"https:\/\/newsinfoco.com.br\/inicio\/wp-json\/wp\/v2\/users\/1"}],"replies":[{"embeddable":true,"href":"https:\/\/newsinfoco.com.br\/inicio\/wp-json\/wp\/v2\/comments?post=17832"}],"version-history":[{"count":0,"href":"https:\/\/newsinfoco.com.br\/inicio\/wp-json\/wp\/v2\/posts\/17832\/revisions"}],"wp:featuredmedia":[{"embeddable":true,"href":"https:\/\/newsinfoco.com.br\/inicio\/wp-json\/wp\/v2\/media\/17833"}],"wp:attachment":[{"href":"https:\/\/newsinfoco.com.br\/inicio\/wp-json\/wp\/v2\/media?parent=17832"}],"wp:term":[{"taxonomy":"category","embeddable":true,"href":"https:\/\/newsinfoco.com.br\/inicio\/wp-json\/wp\/v2\/categories?post=17832"},{"taxonomy":"post_tag","embeddable":true,"href":"https:\/\/newsinfoco.com.br\/inicio\/wp-json\/wp\/v2\/tags?post=17832"}],"curies":[{"name":"wp","href":"https:\/\/api.w.org\/{rel}","templated":true}]}}