{"id":17838,"date":"2019-10-10T21:09:23","date_gmt":"2019-10-11T00:09:23","guid":{"rendered":"http:\/\/newsinfoco.com.br\/?p=17838"},"modified":"2019-10-10T21:09:23","modified_gmt":"2019-10-11T00:09:23","slug":"apos-reparo-de-rede-na-av-luiz-viana-captacao-soboco-volta-a-operar-e-normalizacao-do-abastecimento-ocorre-de-maneira-gradativa","status":"publish","type":"post","link":"https:\/\/newsinfoco.com.br\/inicio\/apos-reparo-de-rede-na-av-luiz-viana-captacao-soboco-volta-a-operar-e-normalizacao-do-abastecimento-ocorre-de-maneira-gradativa\/","title":{"rendered":"Ap\u00f3s reparo de rede na Av. Luiz Viana, Capta\u00e7\u00e3o Soboc\u00f3 volta a operar e normaliza\u00e7\u00e3o do abastecimento ocorre de maneira gradativa"},"content":{"rendered":"<p style=\"text-align: justify;\">O Servi\u00e7o Aut\u00f4nomo de \u00c1gua e Esgoto informa que, ap\u00f3s reparo de rede na Avenida Luiz Viana, identificado por volta das 5h desta quinta-feira (10), o funcionamento da Esta\u00e7\u00e3o Soboc\u00f3 j\u00e1 foi restabelecido.<\/p>\n<p style=\"text-align: justify;\">De acordo com a Diretoria T\u00e9cnica, a normaliza\u00e7\u00e3o da distribui\u00e7\u00e3o j\u00e1 est\u00e1 em curso, de maneira gradativa. A Capta\u00e7\u00e3o \u00e9 respons\u00e1vel por cerca de 60% do abastecimento da cidade.<\/p><div class=\"newsi-conteudo_19\" id=\"newsi-2243361722\"><a href=\"https:\/\/www.instagram.com\/prefeituraalagoinhas?igsh=YzgzdDJ1bWR3aWI4\" aria-label=\"SAVE_20251006_221555\"><img loading=\"lazy\" decoding=\"async\" src=\"https:\/\/newsinfoco.com.br\/inicio\/wp-content\/uploads\/2025\/10\/SAVE_20251006_221555-rotated.jpg\" alt=\"\"  srcset=\"https:\/\/newsinfoco.com.br\/inicio\/wp-content\/uploads\/2025\/10\/SAVE_20251006_221555-rotated.jpg 1140w, https:\/\/newsinfoco.com.br\/inicio\/wp-content\/uploads\/2025\/10\/SAVE_20251006_221555-300x52.jpg 300w, https:\/\/newsinfoco.com.br\/inicio\/wp-content\/uploads\/2025\/10\/SAVE_20251006_221555-1024x177.jpg 1024w, https:\/\/newsinfoco.com.br\/inicio\/wp-content\/uploads\/2025\/10\/SAVE_20251006_221555-768x133.jpg 768w, https:\/\/newsinfoco.com.br\/inicio\/wp-content\/uploads\/2025\/10\/SAVE_20251006_221555-600x104.jpg 600w, https:\/\/newsinfoco.com.br\/inicio\/wp-content\/uploads\/2025\/10\/SAVE_20251006_221555-696x120.jpg 696w, https:\/\/newsinfoco.com.br\/inicio\/wp-content\/uploads\/2025\/10\/SAVE_20251006_221555-1068x185.jpg 1068w\" sizes=\"(max-width: 1140px) 100vw, 1140px\" width=\"1140\" height=\"197\"   \/><\/a><\/div>\n<p style=\"text-align: justify;\">\n<p style=\"text-align: justify;\"><strong>Canais de atendimento<\/strong><br \/>\nPosto de Atendimento: Rua Moreira Rego, 9977, Centro<br \/>\nWhatsApp: (75) 981804500<br \/>\nCall Center: 0800 702 7065<br \/>\nTelefone: (75) 34037760<\/p>\n<p style=\"text-align: justify;\"><strong>Redes Sociais<\/strong><br \/>\nFacebook: www.facebook.com\/saaedealagoinhas<br \/>\nInstagram: www.instagram.com\/saaealagoinhas<br \/>\nSite: www.saaealagoinhas.org<\/p>\n<p style=\"text-align: justify;\"><strong>ASCOM<\/strong><br \/>\nServi\u00e7o Aut\u00f4nomo de \u00c1gua e Esgoto \u2013 SAAE Alagoinhas<\/p>\n<div class='share-to-whatsapp-wrapper'><div class='share-on-whsp'>Share on: <\/div><a data-text='Ap\u00f3s reparo de rede na Av. Luiz Viana, Capta\u00e7\u00e3o Soboc\u00f3 volta a operar e normaliza\u00e7\u00e3o do abastecimento ocorre de maneira gradativa' data-link='https:\/\/newsinfoco.com.br\/inicio\/apos-reparo-de-rede-na-av-luiz-viana-captacao-soboco-volta-a-operar-e-normalizacao-do-abastecimento-ocorre-de-maneira-gradativa\/' class='whatsapp-button whatsapp-share'>WhatsApp<\/a><div class='clear '><\/div><\/div>","protected":false},"excerpt":{"rendered":"<p>O Servi\u00e7o Aut\u00f4nomo de \u00c1gua e Esgoto informa que, ap\u00f3s reparo de rede na Avenida Luiz Viana, identificado por volta das 5h desta quinta-feira (10), o funcionamento da Esta\u00e7\u00e3o Soboc\u00f3 j\u00e1 foi restabelecido. De acordo com a Diretoria T\u00e9cnica, a normaliza\u00e7\u00e3o da distribui\u00e7\u00e3o j\u00e1 est\u00e1 em curso, de maneira gradativa. A Capta\u00e7\u00e3o \u00e9 respons\u00e1vel por [&hellip;]<\/p>\n","protected":false},"author":1,"featured_media":17839,"comment_status":"open","ping_status":"open","sticky":false,"template":"","format":"standard","meta":{"om_disable_all_campaigns":false,"_exactmetrics_skip_tracking":false,"_exactmetrics_sitenote_active":false,"_exactmetrics_sitenote_note":"","_exactmetrics_sitenote_category":0,"footnotes":""},"categories":[38,30],"tags":[],"class_list":["post-17838","post","type-post","status-publish","format-standard","has-post-thumbnail","hentry","category-alagoinhas-e-regiao","category-destaque"],"aioseo_notices":[],"_links":{"self":[{"href":"https:\/\/newsinfoco.com.br\/inicio\/wp-json\/wp\/v2\/posts\/17838","targetHints":{"allow":["GET"]}}],"collection":[{"href":"https:\/\/newsinfoco.com.br\/inicio\/wp-json\/wp\/v2\/posts"}],"about":[{"href":"https:\/\/newsinfoco.com.br\/inicio\/wp-json\/wp\/v2\/types\/post"}],"author":[{"embeddable":true,"href":"https:\/\/newsinfoco.com.br\/inicio\/wp-json\/wp\/v2\/users\/1"}],"replies":[{"embeddable":true,"href":"https:\/\/newsinfoco.com.br\/inicio\/wp-json\/wp\/v2\/comments?post=17838"}],"version-history":[{"count":0,"href":"https:\/\/newsinfoco.com.br\/inicio\/wp-json\/wp\/v2\/posts\/17838\/revisions"}],"wp:featuredmedia":[{"embeddable":true,"href":"https:\/\/newsinfoco.com.br\/inicio\/wp-json\/wp\/v2\/media\/17839"}],"wp:attachment":[{"href":"https:\/\/newsinfoco.com.br\/inicio\/wp-json\/wp\/v2\/media?parent=17838"}],"wp:term":[{"taxonomy":"category","embeddable":true,"href":"https:\/\/newsinfoco.com.br\/inicio\/wp-json\/wp\/v2\/categories?post=17838"},{"taxonomy":"post_tag","embeddable":true,"href":"https:\/\/newsinfoco.com.br\/inicio\/wp-json\/wp\/v2\/tags?post=17838"}],"curies":[{"name":"wp","href":"https:\/\/api.w.org\/{rel}","templated":true}]}}