{"id":17856,"date":"2019-10-11T19:41:14","date_gmt":"2019-10-11T22:41:14","guid":{"rendered":"http:\/\/newsinfoco.com.br\/?p=17856"},"modified":"2019-10-11T19:41:14","modified_gmt":"2019-10-11T22:41:14","slug":"moro-descarta-unificar-policia-civil-com-a-militar","status":"publish","type":"post","link":"https:\/\/newsinfoco.com.br\/inicio\/moro-descarta-unificar-policia-civil-com-a-militar\/","title":{"rendered":"Moro descarta unificar Pol\u00edcia Civil com a Militar"},"content":{"rendered":"<p style=\"text-align: justify;\">O ministro da Justi\u00e7a e Seguran\u00e7a P\u00fablica, Sergio Moro, descartou uma poss\u00edvel unifica\u00e7\u00e3o entre as pol\u00edcias civis e militar. \u201cN\u00e3o vai haver integra\u00e7\u00e3o entre pol\u00edcia civil e militar, mas todas as pol\u00edcias podem trabalhar juntas e compartilhar bancos de dados e informa\u00e7\u00f5es. Precisamos integrar mais as a\u00e7\u00f5es de nossas institui\u00e7\u00f5es\u201d, disse Moro, destacando a cria\u00e7\u00e3o da Secretaria de Opera\u00e7\u00f5es Integradas.<\/p>\n<p style=\"text-align: justify;\">As declara\u00e7\u00f5es foram feitas durante em painel de abertura no segundo dia do F\u00f3rum de Investimentos Brasil 2019. O evento, realizado em S\u00e3o Paulo, \u00e9 organizado pelo Banco Interamericano de Desenvolvimento e pela Ag\u00eancia Brasileira de Promo\u00e7\u00e3o de Exporta\u00e7\u00f5es e Investimentos (Apex).<\/p><div class=\"newsi-conteudo_19\" id=\"newsi-1069830225\"><a href=\"https:\/\/www.instagram.com\/prefeituraalagoinhas?igsh=YzgzdDJ1bWR3aWI4\" aria-label=\"SAVE_20251006_221555\"><img loading=\"lazy\" decoding=\"async\" src=\"https:\/\/newsinfoco.com.br\/inicio\/wp-content\/uploads\/2025\/10\/SAVE_20251006_221555-rotated.jpg\" alt=\"\"  srcset=\"https:\/\/newsinfoco.com.br\/inicio\/wp-content\/uploads\/2025\/10\/SAVE_20251006_221555-rotated.jpg 1140w, https:\/\/newsinfoco.com.br\/inicio\/wp-content\/uploads\/2025\/10\/SAVE_20251006_221555-300x52.jpg 300w, https:\/\/newsinfoco.com.br\/inicio\/wp-content\/uploads\/2025\/10\/SAVE_20251006_221555-1024x177.jpg 1024w, https:\/\/newsinfoco.com.br\/inicio\/wp-content\/uploads\/2025\/10\/SAVE_20251006_221555-768x133.jpg 768w, https:\/\/newsinfoco.com.br\/inicio\/wp-content\/uploads\/2025\/10\/SAVE_20251006_221555-600x104.jpg 600w, https:\/\/newsinfoco.com.br\/inicio\/wp-content\/uploads\/2025\/10\/SAVE_20251006_221555-696x120.jpg 696w, https:\/\/newsinfoco.com.br\/inicio\/wp-content\/uploads\/2025\/10\/SAVE_20251006_221555-1068x185.jpg 1068w\" sizes=\"(max-width: 1140px) 100vw, 1140px\" width=\"1140\" height=\"197\"   \/><\/a><\/div>\n<p style=\"text-align: justify;\">Entre as a\u00e7\u00f5es integradas, Moro destacou a opera\u00e7\u00e3o realizada em conjunto pelo governo federal e pelo governo do Estado de S\u00e3o Paulo na transfer\u00eancia da c\u00fapula da fac\u00e7\u00e3o do PCC para pres\u00eddios federais de seguran\u00e7a m\u00e1xima. A For\u00e7a Nacional tamb\u00e9m foi destacada no discurso do ministro, especialmente, ao lembrar da crise de seguran\u00e7a no Cear\u00e1, ocorrida no in\u00edcio do mandato do presidente Jair Bolsonaro.<\/p>\n<p style=\"text-align: justify;\">Como resultado da integra\u00e7\u00e3o entre pol\u00edcia federal e estadual, Moro ressaltou a apreens\u00e3o de volume expressivo de coca\u00edna e interdi\u00e7\u00e3o de planta\u00e7\u00f5es de maconha. Moro tamb\u00e9m abordou o tema da seguran\u00e7a das fronteiras e mencionou a cria\u00e7\u00e3o do escrit\u00f3rio integrado de For\u00e7as de Seguran\u00e7a, em Foz do Igua\u00e7u (PR), com presen\u00e7a de pol\u00edcia rodovi\u00e1ria, federal e civil para combater contrabando, lavagem de dinheiro e terrorismo. \u201cBoa parte da criminalidade no Brasil envolve disputa por mercados il\u00edcitos\u201d, afirmou ministro no evento.<\/p>\n<div class='share-to-whatsapp-wrapper'><div class='share-on-whsp'>Share on: <\/div><a data-text='Moro descarta unificar Pol\u00edcia Civil com a Militar' data-link='https:\/\/newsinfoco.com.br\/inicio\/moro-descarta-unificar-policia-civil-com-a-militar\/' class='whatsapp-button whatsapp-share'>WhatsApp<\/a><div class='clear '><\/div><\/div>","protected":false},"excerpt":{"rendered":"<p>O ministro da Justi\u00e7a e Seguran\u00e7a P\u00fablica, Sergio Moro, descartou uma poss\u00edvel unifica\u00e7\u00e3o entre as pol\u00edcias civis e militar. \u201cN\u00e3o vai haver integra\u00e7\u00e3o entre pol\u00edcia civil e militar, mas todas as pol\u00edcias podem trabalhar juntas e compartilhar bancos de dados e informa\u00e7\u00f5es. Precisamos integrar mais as a\u00e7\u00f5es de nossas institui\u00e7\u00f5es\u201d, disse Moro, destacando a cria\u00e7\u00e3o [&hellip;]<\/p>\n","protected":false},"author":1,"featured_media":11892,"comment_status":"open","ping_status":"open","sticky":false,"template":"","format":"standard","meta":{"om_disable_all_campaigns":false,"_exactmetrics_skip_tracking":false,"_exactmetrics_sitenote_active":false,"_exactmetrics_sitenote_note":"","_exactmetrics_sitenote_category":0,"footnotes":""},"categories":[21,30],"tags":[],"class_list":["post-17856","post","type-post","status-publish","format-standard","has-post-thumbnail","hentry","category-brasil","category-destaque"],"aioseo_notices":[],"_links":{"self":[{"href":"https:\/\/newsinfoco.com.br\/inicio\/wp-json\/wp\/v2\/posts\/17856","targetHints":{"allow":["GET"]}}],"collection":[{"href":"https:\/\/newsinfoco.com.br\/inicio\/wp-json\/wp\/v2\/posts"}],"about":[{"href":"https:\/\/newsinfoco.com.br\/inicio\/wp-json\/wp\/v2\/types\/post"}],"author":[{"embeddable":true,"href":"https:\/\/newsinfoco.com.br\/inicio\/wp-json\/wp\/v2\/users\/1"}],"replies":[{"embeddable":true,"href":"https:\/\/newsinfoco.com.br\/inicio\/wp-json\/wp\/v2\/comments?post=17856"}],"version-history":[{"count":0,"href":"https:\/\/newsinfoco.com.br\/inicio\/wp-json\/wp\/v2\/posts\/17856\/revisions"}],"wp:featuredmedia":[{"embeddable":true,"href":"https:\/\/newsinfoco.com.br\/inicio\/wp-json\/wp\/v2\/media\/11892"}],"wp:attachment":[{"href":"https:\/\/newsinfoco.com.br\/inicio\/wp-json\/wp\/v2\/media?parent=17856"}],"wp:term":[{"taxonomy":"category","embeddable":true,"href":"https:\/\/newsinfoco.com.br\/inicio\/wp-json\/wp\/v2\/categories?post=17856"},{"taxonomy":"post_tag","embeddable":true,"href":"https:\/\/newsinfoco.com.br\/inicio\/wp-json\/wp\/v2\/tags?post=17856"}],"curies":[{"name":"wp","href":"https:\/\/api.w.org\/{rel}","templated":true}]}}