{"id":17864,"date":"2019-10-11T19:49:02","date_gmt":"2019-10-11T22:49:02","guid":{"rendered":"http:\/\/newsinfoco.com.br\/?p=17864"},"modified":"2019-10-11T19:49:02","modified_gmt":"2019-10-11T22:49:02","slug":"rui-costa-deve-desistir-de-comparecer-a-canonizacao-de-irma-dulce","status":"publish","type":"post","link":"https:\/\/newsinfoco.com.br\/inicio\/rui-costa-deve-desistir-de-comparecer-a-canonizacao-de-irma-dulce\/","title":{"rendered":"Rui Costa deve desistir de comparecer \u00e0 canoniza\u00e7\u00e3o de Irm\u00e3 Dulce"},"content":{"rendered":"<p style=\"text-align: justify;\">O governador da Bahia, Rui Costa (PT), deve desistir de acompanhar \u00e0 canoniza\u00e7\u00e3o de Irm\u00e3 Dulce, que vai acontecer no pr\u00f3ximo domingo (13) no Vaticano. Segundo apurou o Bahia Not\u00edcias, a decis\u00e3o deve ser tomada no final do dia de hoje.<\/p>\n<p>Rui Costa foi aconselhado por aliados a n\u00e3o comparecer ao evento religioso depois de uma paralisa\u00e7\u00e3o parcial de policiais militares, que \u00e9 liderada pelo deputado estadual Marco Prisco (PSC). A avalia\u00e7\u00e3o \u00e9 de que, com a presen\u00e7a do gestor estadual, a &#8220;tropa e a popula\u00e7\u00e3o se sentem mais segura&#8221;.<\/p><div class=\"newsi-conteudo_19\" id=\"newsi-1358987605\"><a href=\"https:\/\/www.instagram.com\/prefeituraalagoinhas?igsh=YzgzdDJ1bWR3aWI4\" aria-label=\"SAVE_20251006_221555\"><img loading=\"lazy\" decoding=\"async\" src=\"https:\/\/newsinfoco.com.br\/inicio\/wp-content\/uploads\/2025\/10\/SAVE_20251006_221555-rotated.jpg\" alt=\"\"  srcset=\"https:\/\/newsinfoco.com.br\/inicio\/wp-content\/uploads\/2025\/10\/SAVE_20251006_221555-rotated.jpg 1140w, https:\/\/newsinfoco.com.br\/inicio\/wp-content\/uploads\/2025\/10\/SAVE_20251006_221555-300x52.jpg 300w, https:\/\/newsinfoco.com.br\/inicio\/wp-content\/uploads\/2025\/10\/SAVE_20251006_221555-1024x177.jpg 1024w, https:\/\/newsinfoco.com.br\/inicio\/wp-content\/uploads\/2025\/10\/SAVE_20251006_221555-768x133.jpg 768w, https:\/\/newsinfoco.com.br\/inicio\/wp-content\/uploads\/2025\/10\/SAVE_20251006_221555-600x104.jpg 600w, https:\/\/newsinfoco.com.br\/inicio\/wp-content\/uploads\/2025\/10\/SAVE_20251006_221555-696x120.jpg 696w, https:\/\/newsinfoco.com.br\/inicio\/wp-content\/uploads\/2025\/10\/SAVE_20251006_221555-1068x185.jpg 1068w\" sizes=\"(max-width: 1140px) 100vw, 1140px\" width=\"1140\" height=\"197\"   \/><\/a><\/div>\n<p>O governador embarcaria na \u00faltima quarta-feira (9) para Mil\u00e3o, onde teria uma agenda administrativa, e depois seguiria para Roma. Mas, decidiu adiar (<a href=\"https:\/\/www.bahianoticias.com.br\/noticia\/240327-rui-costa-adia-viagem-para-europa-em-meio-a-paralisacao-parcial-da-pm-ba.html\" target=\"_blank\" rel=\"noopener\">reveja aqui<\/a>). &#8220;Decidi n\u00e3o viajar ontem \u00e0 noite e ficar aqui na Bahia para acompanhar pessoalmente a\u00e7\u00f5es de combate a atividades criminosas em nosso estado. Eu iria a Mil\u00e3o para uma agenda com empres\u00e1rios e o secret\u00e1rio da Casa Civil, Bruno Dauster, foi me representando&#8221;, argumentou.<\/p>\n<div class='share-to-whatsapp-wrapper'><div class='share-on-whsp'>Share on: <\/div><a data-text='Rui Costa deve desistir de comparecer \u00e0 canoniza\u00e7\u00e3o de Irm\u00e3 Dulce' data-link='https:\/\/newsinfoco.com.br\/inicio\/rui-costa-deve-desistir-de-comparecer-a-canonizacao-de-irma-dulce\/' class='whatsapp-button whatsapp-share'>WhatsApp<\/a><div class='clear '><\/div><\/div>","protected":false},"excerpt":{"rendered":"<p>O governador da Bahia, Rui Costa (PT), deve desistir de acompanhar \u00e0 canoniza\u00e7\u00e3o de Irm\u00e3 Dulce, que vai acontecer no pr\u00f3ximo domingo (13) no Vaticano. Segundo apurou o Bahia Not\u00edcias, a decis\u00e3o deve ser tomada no final do dia de hoje. Rui Costa foi aconselhado por aliados a n\u00e3o comparecer ao evento religioso depois de [&hellip;]<\/p>\n","protected":false},"author":1,"featured_media":15304,"comment_status":"open","ping_status":"open","sticky":false,"template":"","format":"standard","meta":{"om_disable_all_campaigns":false,"_exactmetrics_skip_tracking":false,"_exactmetrics_sitenote_active":false,"_exactmetrics_sitenote_note":"","_exactmetrics_sitenote_category":0,"footnotes":""},"categories":[19,30],"tags":[],"class_list":["post-17864","post","type-post","status-publish","format-standard","has-post-thumbnail","hentry","category-bahia","category-destaque"],"aioseo_notices":[],"_links":{"self":[{"href":"https:\/\/newsinfoco.com.br\/inicio\/wp-json\/wp\/v2\/posts\/17864","targetHints":{"allow":["GET"]}}],"collection":[{"href":"https:\/\/newsinfoco.com.br\/inicio\/wp-json\/wp\/v2\/posts"}],"about":[{"href":"https:\/\/newsinfoco.com.br\/inicio\/wp-json\/wp\/v2\/types\/post"}],"author":[{"embeddable":true,"href":"https:\/\/newsinfoco.com.br\/inicio\/wp-json\/wp\/v2\/users\/1"}],"replies":[{"embeddable":true,"href":"https:\/\/newsinfoco.com.br\/inicio\/wp-json\/wp\/v2\/comments?post=17864"}],"version-history":[{"count":0,"href":"https:\/\/newsinfoco.com.br\/inicio\/wp-json\/wp\/v2\/posts\/17864\/revisions"}],"wp:featuredmedia":[{"embeddable":true,"href":"https:\/\/newsinfoco.com.br\/inicio\/wp-json\/wp\/v2\/media\/15304"}],"wp:attachment":[{"href":"https:\/\/newsinfoco.com.br\/inicio\/wp-json\/wp\/v2\/media?parent=17864"}],"wp:term":[{"taxonomy":"category","embeddable":true,"href":"https:\/\/newsinfoco.com.br\/inicio\/wp-json\/wp\/v2\/categories?post=17864"},{"taxonomy":"post_tag","embeddable":true,"href":"https:\/\/newsinfoco.com.br\/inicio\/wp-json\/wp\/v2\/tags?post=17864"}],"curies":[{"name":"wp","href":"https:\/\/api.w.org\/{rel}","templated":true}]}}