{"id":17866,"date":"2019-10-11T19:52:48","date_gmt":"2019-10-11T22:52:48","guid":{"rendered":"http:\/\/newsinfoco.com.br\/?p=17866"},"modified":"2019-10-11T19:52:48","modified_gmt":"2019-10-11T22:52:48","slug":"bolsonaro-afirma-ter-inimigos-dentro-e-fora-do-brasil","status":"publish","type":"post","link":"https:\/\/newsinfoco.com.br\/inicio\/bolsonaro-afirma-ter-inimigos-dentro-e-fora-do-brasil\/","title":{"rendered":"Bolsonaro afirma ter \u2018inimigos dentro e fora do Brasil\u2019"},"content":{"rendered":"<p style=\"text-align: justify;\">O presidente da Rep\u00fablica, Jair Bolsonaro (PSL), e o governador do Rio, Wilson Witzel (PSC), participam de uma solenidade em Itagua\u00ed, Regi\u00e3o Metropolitana do estado, nesta sexta-feira (11). Durante a cerim\u00f4nia, presidente e governador n\u00e3o se falaram, e Bolsonaro discursou que os \u201cinimigos\u201d de dentro do Brasil s\u00e3o \u201cos mais terr\u00edveis\u201d.<\/p>\n<p style=\"text-align: justify;\">Segundo o portal G1, o presidente olhou para frente todo o tempo, exceto quando dirigiu o olhar duas vezes para onde estavam sentadas as autoridades \u2013 Witzel inclusive.<\/p><div class=\"newsi-conteudo_19\" id=\"newsi-2904855276\"><a href=\"https:\/\/www.instagram.com\/prefeituraalagoinhas?igsh=YzgzdDJ1bWR3aWI4\" aria-label=\"SAVE_20251006_221555\"><img loading=\"lazy\" decoding=\"async\" src=\"https:\/\/newsinfoco.com.br\/inicio\/wp-content\/uploads\/2025\/10\/SAVE_20251006_221555-rotated.jpg\" alt=\"\"  srcset=\"https:\/\/newsinfoco.com.br\/inicio\/wp-content\/uploads\/2025\/10\/SAVE_20251006_221555-rotated.jpg 1140w, https:\/\/newsinfoco.com.br\/inicio\/wp-content\/uploads\/2025\/10\/SAVE_20251006_221555-300x52.jpg 300w, https:\/\/newsinfoco.com.br\/inicio\/wp-content\/uploads\/2025\/10\/SAVE_20251006_221555-1024x177.jpg 1024w, https:\/\/newsinfoco.com.br\/inicio\/wp-content\/uploads\/2025\/10\/SAVE_20251006_221555-768x133.jpg 768w, https:\/\/newsinfoco.com.br\/inicio\/wp-content\/uploads\/2025\/10\/SAVE_20251006_221555-600x104.jpg 600w, https:\/\/newsinfoco.com.br\/inicio\/wp-content\/uploads\/2025\/10\/SAVE_20251006_221555-696x120.jpg 696w, https:\/\/newsinfoco.com.br\/inicio\/wp-content\/uploads\/2025\/10\/SAVE_20251006_221555-1068x185.jpg 1068w\" sizes=\"(max-width: 1140px) 100vw, 1140px\" width=\"1140\" height=\"197\"   \/><\/a><\/div>\n<p style=\"text-align: justify;\">Bolsonaro e Witzel sentaram lado a lado. Do outro lado do presidente, estava o ministro Fernando Azevedo e Silva. Quando este se levantou para discursar, Bolsonaro sentou na cadeira dele e saiu do lado do governador.<\/p>\n<p style=\"text-align: justify;\">\u201cComo pol\u00edtico digo a voc\u00eas, o nosso partido \u00e9 o Brasil. Temos inimigos dentro e fora do Brasil. Os de dentro s\u00e3o os mais terr\u00edveis, os de fora venceremos com tecnologia e disposi\u00e7\u00e3o e meios de dissuas\u00e3o\u201d, afirmou Bolsonaro, durante o discurso.<\/p>\n<p style=\"text-align: justify;\">\u201cAgrade\u00e7o a Deus pela minha vida e \u00e0 grande maioria de voc\u00eas que, por suas m\u00e3os, me confiaram a presid\u00eancia da Rep\u00fablica. Trabalho para que, no futuro, quem, por ventura, de forma \u00e9tica, moral e sem covardia um dia por acaso venha assumir o destino da nossa na\u00e7\u00e3o encontre a nossa p\u00e1tria numa situa\u00e7\u00e3o bem melhor do que assumi\u201d, completou.<\/p>\n<div class='share-to-whatsapp-wrapper'><div class='share-on-whsp'>Share on: <\/div><a data-text='Bolsonaro afirma ter \u2018inimigos dentro e fora do Brasil\u2019' data-link='https:\/\/newsinfoco.com.br\/inicio\/bolsonaro-afirma-ter-inimigos-dentro-e-fora-do-brasil\/' class='whatsapp-button whatsapp-share'>WhatsApp<\/a><div class='clear '><\/div><\/div>","protected":false},"excerpt":{"rendered":"<p>O presidente da Rep\u00fablica, Jair Bolsonaro (PSL), e o governador do Rio, Wilson Witzel (PSC), participam de uma solenidade em Itagua\u00ed, Regi\u00e3o Metropolitana do estado, nesta sexta-feira (11). Durante a cerim\u00f4nia, presidente e governador n\u00e3o se falaram, e Bolsonaro discursou que os \u201cinimigos\u201d de dentro do Brasil s\u00e3o \u201cos mais terr\u00edveis\u201d. Segundo o portal G1, [&hellip;]<\/p>\n","protected":false},"author":1,"featured_media":17452,"comment_status":"open","ping_status":"open","sticky":false,"template":"","format":"standard","meta":{"om_disable_all_campaigns":false,"_exactmetrics_skip_tracking":false,"_exactmetrics_sitenote_active":false,"_exactmetrics_sitenote_note":"","_exactmetrics_sitenote_category":0,"footnotes":""},"categories":[21,30],"tags":[],"class_list":["post-17866","post","type-post","status-publish","format-standard","has-post-thumbnail","hentry","category-brasil","category-destaque"],"aioseo_notices":[],"_links":{"self":[{"href":"https:\/\/newsinfoco.com.br\/inicio\/wp-json\/wp\/v2\/posts\/17866","targetHints":{"allow":["GET"]}}],"collection":[{"href":"https:\/\/newsinfoco.com.br\/inicio\/wp-json\/wp\/v2\/posts"}],"about":[{"href":"https:\/\/newsinfoco.com.br\/inicio\/wp-json\/wp\/v2\/types\/post"}],"author":[{"embeddable":true,"href":"https:\/\/newsinfoco.com.br\/inicio\/wp-json\/wp\/v2\/users\/1"}],"replies":[{"embeddable":true,"href":"https:\/\/newsinfoco.com.br\/inicio\/wp-json\/wp\/v2\/comments?post=17866"}],"version-history":[{"count":0,"href":"https:\/\/newsinfoco.com.br\/inicio\/wp-json\/wp\/v2\/posts\/17866\/revisions"}],"wp:featuredmedia":[{"embeddable":true,"href":"https:\/\/newsinfoco.com.br\/inicio\/wp-json\/wp\/v2\/media\/17452"}],"wp:attachment":[{"href":"https:\/\/newsinfoco.com.br\/inicio\/wp-json\/wp\/v2\/media?parent=17866"}],"wp:term":[{"taxonomy":"category","embeddable":true,"href":"https:\/\/newsinfoco.com.br\/inicio\/wp-json\/wp\/v2\/categories?post=17866"},{"taxonomy":"post_tag","embeddable":true,"href":"https:\/\/newsinfoco.com.br\/inicio\/wp-json\/wp\/v2\/tags?post=17866"}],"curies":[{"name":"wp","href":"https:\/\/api.w.org\/{rel}","templated":true}]}}