{"id":17951,"date":"2019-10-16T21:41:03","date_gmt":"2019-10-17T00:41:03","guid":{"rendered":"http:\/\/newsinfoco.com.br\/?p=17951"},"modified":"2019-10-16T21:50:00","modified_gmt":"2019-10-17T00:50:00","slug":"apoio-do-suplente-djalma-santos-ao-pedido-de-novo-emprestimo-do-governo-joaquim-neto-e-crucial-para-ida-de-baqueiro-para-secin","status":"publish","type":"post","link":"https:\/\/newsinfoco.com.br\/inicio\/apoio-do-suplente-djalma-santos-ao-pedido-de-novo-emprestimo-do-governo-joaquim-neto-e-crucial-para-ida-de-baqueiro-para-secin\/","title":{"rendered":"Apoio do suplente Djalma Santos ao pedido de novo empr\u00e9stimo do governo Joaquim Neto \u00e9 crucial para ida de Baqueiro para SECIN"},"content":{"rendered":"<p style=\"text-align: justify;\">O vereador Anderson Baquero est\u00e1 prestes a assumir a Secretaria de Infraestrutura de Alagoinhas(SECIN). Segundo Haroldo Azi, \u00e2ncora do programa Primeira M\u00e3o, jornalistico matinal transmitido em cadeia pela r\u00e1dio Ouro Negro 100.5 FM e r\u00e1dio web 2 de julho, a opera\u00e7\u00e3o que visa o voto em favor de mais um empr\u00e9stimo pleiteado pela Prefeitura, pode ser comprometida pelas liga\u00e7\u00f5es pol\u00edticas do suplente Djalma Santos. O vereador seria vinculado ao deputado Federal Bispo Marinho(PRB), oposi\u00e7\u00e3o a Rui Costa, apoiado, por sua vez, por Joaquim Neto. Haroldo questionou se Djalma daria um voto que ajudaria um aliado do governador, contrariando a posi\u00e7\u00e3o da lideran\u00e7a ao qual tem atrelamento. A Prefeitura busca mais um empr\u00e9stimo em torno de 35 milh\u00f5es junto ao Desenbahia, mesmo j\u00e1 devendo R$ 120 milh\u00f5es, decorrentes de outras a\u00e7\u00f5es de cr\u00e9dito de acordo com informa\u00e7\u00f5es da comiss\u00e3o de or\u00e7amento da C\u00e2mara de Vereadores.<\/p>\n<p style=\"text-align: justify;\">Luciano Reis, rep\u00f3rter do programa, ouviu do pr\u00f3prio Anderson Baqueiro que ir\u00e1 para o PSB, partido ligado ao deputado estadual Alex Lima, descartando o Podemos, que vislumbra candidatura pr\u00f3pria a prefeitura de Alagoinhas. N\u00e3o se sabe se por tentativa de diversionismo, Baqueiro tamb\u00e9m afirma que o PSB poder\u00e1 lan\u00e7ar candidatura pr\u00f3pria em 2020. Haroldo Azi entendeu que se Djalma, caso assuma a supl\u00eancia de vereador, n\u00e3o firmar compromisso de aprovar o empr\u00e9stimo, o governo estar\u00e1 \u201ctrocando seis por meia d\u00fazia\u201d, atrapalhando o plano B de Joaquim. O comentarista Caio Pimenta considerou que esse \u00e9 o ponto crucial da negocia\u00e7\u00e3o.<\/p><div class=\"newsi-conteudo_19\" id=\"newsi-3674534024\"><a href=\"https:\/\/www.instagram.com\/prefeituraalagoinhas?igsh=YzgzdDJ1bWR3aWI4\" aria-label=\"SAVE_20251006_221555\"><img loading=\"lazy\" decoding=\"async\" src=\"https:\/\/newsinfoco.com.br\/inicio\/wp-content\/uploads\/2025\/10\/SAVE_20251006_221555-rotated.jpg\" alt=\"\"  srcset=\"https:\/\/newsinfoco.com.br\/inicio\/wp-content\/uploads\/2025\/10\/SAVE_20251006_221555-rotated.jpg 1140w, https:\/\/newsinfoco.com.br\/inicio\/wp-content\/uploads\/2025\/10\/SAVE_20251006_221555-300x52.jpg 300w, https:\/\/newsinfoco.com.br\/inicio\/wp-content\/uploads\/2025\/10\/SAVE_20251006_221555-1024x177.jpg 1024w, https:\/\/newsinfoco.com.br\/inicio\/wp-content\/uploads\/2025\/10\/SAVE_20251006_221555-768x133.jpg 768w, https:\/\/newsinfoco.com.br\/inicio\/wp-content\/uploads\/2025\/10\/SAVE_20251006_221555-600x104.jpg 600w, https:\/\/newsinfoco.com.br\/inicio\/wp-content\/uploads\/2025\/10\/SAVE_20251006_221555-696x120.jpg 696w, https:\/\/newsinfoco.com.br\/inicio\/wp-content\/uploads\/2025\/10\/SAVE_20251006_221555-1068x185.jpg 1068w\" sizes=\"(max-width: 1140px) 100vw, 1140px\" width=\"1140\" height=\"197\"   \/><\/a><\/div>\n<p style=\"text-align: justify;\">Para quem acompanha toda tentativa de atra\u00e7\u00e3o do Podemos pelo prefeito e agora todo o esfor\u00e7o para conquistar o mesmo voto por outras vias, compreende que o objetivo das tratativas \u00e9 o empr\u00e9stimo mesmo, claro, que tamb\u00e9m visa o apoio eleitoral futuro. Resta saber porqu\u00ea tanta avidez por esses recursos e as conseq\u00fc\u00eancias de se endividar o munic\u00edpio como nunca antes.<\/p>\n<p style=\"text-align: justify;\">Acompanhe a discuss\u00e3o no programa Primeira M\u00e3o sobre o assunto:<\/p>\n<p><iframe loading=\"lazy\" width=\"696\" height=\"392\" src=\"https:\/\/www.youtube.com\/embed\/mEr__5c0llM?feature=oembed\" frameborder=\"0\" allow=\"accelerometer; autoplay; encrypted-media; gyroscope; picture-in-picture\" allowfullscreen><\/iframe><\/p>\n<p>&nbsp;<\/p>\n<p>&nbsp;<\/p>\n<p style=\"text-align: right;\">Por Paulo Dias para o News Infoco<\/p>\n<div class='share-to-whatsapp-wrapper'><div class='share-on-whsp'>Share on: <\/div><a data-text='Apoio do suplente Djalma Santos ao pedido de novo empr\u00e9stimo do governo Joaquim Neto \u00e9 crucial para ida de Baqueiro para SECIN' data-link='https:\/\/newsinfoco.com.br\/inicio\/apoio-do-suplente-djalma-santos-ao-pedido-de-novo-emprestimo-do-governo-joaquim-neto-e-crucial-para-ida-de-baqueiro-para-secin\/' class='whatsapp-button whatsapp-share'>WhatsApp<\/a><div class='clear '><\/div><\/div>","protected":false},"excerpt":{"rendered":"<p>O vereador Anderson Baquero est\u00e1 prestes a assumir a Secretaria de Infraestrutura de Alagoinhas(SECIN). Segundo Haroldo Azi, \u00e2ncora do programa Primeira M\u00e3o, jornalistico matinal transmitido em cadeia pela r\u00e1dio Ouro Negro 100.5 FM e r\u00e1dio web 2 de julho, a opera\u00e7\u00e3o que visa o voto em favor de mais um empr\u00e9stimo pleiteado pela Prefeitura, pode [&hellip;]<\/p>\n","protected":false},"author":1,"featured_media":17952,"comment_status":"open","ping_status":"open","sticky":false,"template":"","format":"standard","meta":{"om_disable_all_campaigns":false,"_exactmetrics_skip_tracking":false,"_exactmetrics_sitenote_active":false,"_exactmetrics_sitenote_note":"","_exactmetrics_sitenote_category":0,"footnotes":""},"categories":[38,30],"tags":[],"class_list":["post-17951","post","type-post","status-publish","format-standard","has-post-thumbnail","hentry","category-alagoinhas-e-regiao","category-destaque"],"aioseo_notices":[],"_links":{"self":[{"href":"https:\/\/newsinfoco.com.br\/inicio\/wp-json\/wp\/v2\/posts\/17951","targetHints":{"allow":["GET"]}}],"collection":[{"href":"https:\/\/newsinfoco.com.br\/inicio\/wp-json\/wp\/v2\/posts"}],"about":[{"href":"https:\/\/newsinfoco.com.br\/inicio\/wp-json\/wp\/v2\/types\/post"}],"author":[{"embeddable":true,"href":"https:\/\/newsinfoco.com.br\/inicio\/wp-json\/wp\/v2\/users\/1"}],"replies":[{"embeddable":true,"href":"https:\/\/newsinfoco.com.br\/inicio\/wp-json\/wp\/v2\/comments?post=17951"}],"version-history":[{"count":0,"href":"https:\/\/newsinfoco.com.br\/inicio\/wp-json\/wp\/v2\/posts\/17951\/revisions"}],"wp:featuredmedia":[{"embeddable":true,"href":"https:\/\/newsinfoco.com.br\/inicio\/wp-json\/wp\/v2\/media\/17952"}],"wp:attachment":[{"href":"https:\/\/newsinfoco.com.br\/inicio\/wp-json\/wp\/v2\/media?parent=17951"}],"wp:term":[{"taxonomy":"category","embeddable":true,"href":"https:\/\/newsinfoco.com.br\/inicio\/wp-json\/wp\/v2\/categories?post=17951"},{"taxonomy":"post_tag","embeddable":true,"href":"https:\/\/newsinfoco.com.br\/inicio\/wp-json\/wp\/v2\/tags?post=17951"}],"curies":[{"name":"wp","href":"https:\/\/api.w.org\/{rel}","templated":true}]}}