{"id":17959,"date":"2019-10-17T18:22:30","date_gmt":"2019-10-17T21:22:30","guid":{"rendered":"http:\/\/newsinfoco.com.br\/?p=17959"},"modified":"2019-10-17T18:23:15","modified_gmt":"2019-10-17T21:23:15","slug":"salve-se-quem-puder-o-ministerio-publico-de-alagoinhas-nao-existe-por-hugo-azi","status":"publish","type":"post","link":"https:\/\/newsinfoco.com.br\/inicio\/salve-se-quem-puder-o-ministerio-publico-de-alagoinhas-nao-existe-por-hugo-azi\/","title":{"rendered":"Salve-se quem puder! O Minist\u00e9rio P\u00fablico de Alagoinhas n\u00e3o existe &#8211; Por Hugo Azi"},"content":{"rendered":"<p style=\"text-align: justify;\">Em 8 de julho de 2019, escrevi um artigo para esse site intitulado de: O dilema existencial da promotoria p\u00fablica de Alagoinhas, no caso zona azul. Critiquei a in\u00e9rcia do Minist\u00e9rio p\u00fablico da cidade em arquivar a den\u00fancia e n\u00e3o ajuizar a\u00e7\u00e3o civil p\u00fablica contra o processo licitat\u00f3rio que definiu a concession\u00e1ria do sistema de estacionamento rotativo de Alagoinhas, popularmente conhecido como zona azul.<\/p>\n<p style=\"text-align: justify;\">J\u00e1 em 21 de mar\u00e7o de 2019, escrevi artigo intitulado: Secret\u00e1ria Municipal de Sa\u00fade de Alagoinhas cometeu crime de responsabilidade ao pagar 1,6 milh\u00f5es \u00e0 cooperativa que administra a Maternidade. E expus meus argumentos para responsabilizar a Secret\u00e1ria da Sa\u00fade por Crime de Responsabilidade.<\/p><div class=\"newsi-conteudo_19\" id=\"newsi-1185572686\"><a href=\"https:\/\/www.instagram.com\/prefeituraalagoinhas?igsh=YzgzdDJ1bWR3aWI4\" aria-label=\"SAVE_20251006_221555\"><img loading=\"lazy\" decoding=\"async\" src=\"https:\/\/newsinfoco.com.br\/inicio\/wp-content\/uploads\/2025\/10\/SAVE_20251006_221555-rotated.jpg\" alt=\"\"  srcset=\"https:\/\/newsinfoco.com.br\/inicio\/wp-content\/uploads\/2025\/10\/SAVE_20251006_221555-rotated.jpg 1140w, https:\/\/newsinfoco.com.br\/inicio\/wp-content\/uploads\/2025\/10\/SAVE_20251006_221555-300x52.jpg 300w, https:\/\/newsinfoco.com.br\/inicio\/wp-content\/uploads\/2025\/10\/SAVE_20251006_221555-1024x177.jpg 1024w, https:\/\/newsinfoco.com.br\/inicio\/wp-content\/uploads\/2025\/10\/SAVE_20251006_221555-768x133.jpg 768w, https:\/\/newsinfoco.com.br\/inicio\/wp-content\/uploads\/2025\/10\/SAVE_20251006_221555-600x104.jpg 600w, https:\/\/newsinfoco.com.br\/inicio\/wp-content\/uploads\/2025\/10\/SAVE_20251006_221555-696x120.jpg 696w, https:\/\/newsinfoco.com.br\/inicio\/wp-content\/uploads\/2025\/10\/SAVE_20251006_221555-1068x185.jpg 1068w\" sizes=\"(max-width: 1140px) 100vw, 1140px\" width=\"1140\" height=\"197\"   \/><\/a><\/div>\n<p style=\"text-align: justify;\">Pois bem, caros leitores, para minha surpresa, em 25 de setembro de 2019, a Promotora Tereza Jozilda Freire de Carvalho decidiu arquivar a den\u00fancia contra a Secret\u00e1ria Maria Ros\u00e1nia Rabelo que antecipou o pagamento de quase o dobro do valor, R$ 1,6 milh\u00f5es de reais, referentes a presta\u00e7\u00e3o de servi\u00e7o da Associa\u00e7\u00e3o Sa\u00fade em Movimento -ASM.<\/p>\n<p style=\"text-align: justify;\">N\u00e3o vou me delongar para explicar novamente o absurdo praticado pela Secret\u00e1ria j\u00e1 que existe artigo espec\u00edfico do qual exponho meus argumentos sobre o crime praticado por ela. Quero falar da situa\u00e7\u00e3o do Minist\u00e9rio p\u00fablico da cidade de Alagoinhas.<\/p>\n<p style=\"text-align: justify;\">O Minist\u00e9rio P\u00fablico \u00e9 uma institui\u00e7\u00e3o que tem como responsabilidade a manuten\u00e7\u00e3o da ordem jur\u00eddica no Estado e a fiscaliza\u00e7\u00e3o do poder p\u00fablico em v\u00e1rias esferas. Apesar de j\u00e1 existir desde antes da Constitui\u00e7\u00e3o de 1988, foi a partir dela que suas atribui\u00e7\u00f5es mudaram, pois era amplamente discutida a necessidade de existir um \u00f3rg\u00e3o de controle dos poderes do Estado. Amigos e amigas, cad\u00ea a fiscaliza\u00e7\u00e3o do Poder P\u00fablico inerente ao MP? A Promotora nem abriu requerimento de dilig\u00eancias, ou seja, nem se movimentou para apurar o fato. Simplesmente arquivou a not\u00edcia crime.<\/p>\n<p style=\"text-align: justify;\">Em um recorte da Decis\u00e3o de Indeferimento de Representa\u00e7\u00e3o N 17\/19, a promotora atesta que n\u00e3o houve danos ao er\u00e1rio p\u00fablico. Mesmo tendo auditorias internas que acharam diverg\u00eancias e inconsist\u00eancias no ato da secret\u00e1ria.<\/p>\n<p style=\"text-align: justify;\">A incompet\u00eancia da Secret\u00e1ria de Sa\u00fade que j\u00e1 conhecida e reconhecida pelo Judici\u00e1rio baiano, condenada por improbidade administrativa em Itapetinga. Na senten\u00e7a de condena\u00e7\u00e3o, que envolveu a ex-secret\u00e1ria de sa\u00fade, Maria Rosania Souza Rabelo, foi destacado que a demora na aplica\u00e7\u00e3o do recurso liberado se deu por orienta\u00e7\u00e3o da empresa Arte e Sa\u00fade Consultoria e Assessoria Ltda, que tinha por s\u00f3cia administradora a mesma secret\u00e1ria de sa\u00fade acusada. Em sua decis\u00e3o, o Juiz, depois de chamar esse fato de \u201cbizarro\u201d, escreveu: \u201c\u00c9 f\u00e1cil, longe dos problemas vividos pelos reais alvos efetivos dessas a\u00e7\u00f5es sociais, imaginar que a demora na implanta\u00e7\u00e3o n\u00e3o foi t\u00e3o grave assim. Mas a verdade \u00e9 que o foi, a n\u00e3o ser para o elitismo ego\u00edsta que, para ser atendido, jamais precisaria ir a um PSF antes ou depois de implantado\u201d. Segue o link da senten\u00e7a <a href=\"https:\/\/www.probusbrasil.org.br\/hd-imagens\/noticias\/Sentenca-ACP-3893-50_2013-Michel%20Hagge%20e%20Maria%20Rosania.pdf\">https:\/\/www.probusbrasil.org.br\/hd-imagens\/noticias\/Sentenca-ACP-3893-50_2013-Michel%20Hagge%20e%20Maria%20Rosania.pdf<\/a><\/p>\n<p style=\"text-align: justify;\">Que Minist\u00e9rio P\u00fablico \u00e9 esse da nossa cidade? N\u00e3o quer nem trabalhar. N\u00e3o quer investigar. NADA!<\/p>\n<p style=\"text-align: justify;\">Crime de responsabilidade \u00e9 uma a\u00e7\u00e3o il\u00edcita cometida por um agente pol\u00edtico. Equivale ao termo &#8220;high crimes and misdemeanors&#8221; do direito anglo-sax\u00e3o. Na China, Ir\u00e3, Coreia do Norte e Ar\u00e1bia Saudita esses crimes levam a pena de morte! O gestor tem de ter responsabilidade pelo dinheiro p\u00fablico.<\/p>\n<p style=\"text-align: justify;\">Me parece que o MP n\u00e3o existe. Ou existe e n\u00e3o sabe que existe. N\u00e3o sei.<\/p>\n<p style=\"text-align: justify;\">O existencialismo \u00e9 o nome dado \u00e0 corrente filos\u00f3fica iniciada no s\u00e9c. XIX pelo fil\u00f3sofo dinamarqu\u00eas S\u00f8ren Kierkegaard (1813-1855). Como o pr\u00f3prio nome diz, o conjunto de doutrinas existencialistas tem foco na exist\u00eancia, isto \u00e9, na condi\u00e7\u00e3o de exist\u00eancia humana. O termo \u201cexistencialismo\u201d foi cunhado somente no s\u00e9culo XX por Gabriel Marcel, fil\u00f3sofo franc\u00eas, em meados de 1940. O existencialismo franc\u00eas do p\u00f3s-guerra ficou popularizado em raz\u00e3o da obra de Jean-Paul Sartre, Simone de Beauvoir e Albert Camus.<\/p>\n<p style=\"text-align: justify;\">Aqui no Brasil, Clarice Lispector foi uma expoente do existencialismo liter\u00e1rio. Vejamos uma passagem: \u201c(&#8230;) perco a identidade do mundo em mim e existo sem garantias. Realizo n\u00e3o o razo\u00e1vel, mas o irrealiz\u00e1vel, eu vivo e o significado de mim e do mundo n\u00e3o \u00e9 urgente. \u00c9 fant\u00e1stico (Clarice Lispector).\u201d<\/p>\n<p style=\"text-align: justify;\">Em sua cita\u00e7\u00e3o, Clarice diz respeito ao viver, ao existir no mundo, que implica em se relacionar em outras subjetividades ou com os objetos materiais que est\u00e3o \u00e0 disposi\u00e7\u00e3o do mundo, inter-relacionamento \u00e9 a palavra. Se o homem um ser isolado em sua consci\u00eancia, engessado em si pr\u00f3prio certamente n\u00e3o teria uma exist\u00eancia verdadeira.<\/p>\n<p style=\"text-align: justify;\">Eu jogo a toalha e atesto que o Minist\u00e9rio P\u00fablico de Alagoinhas n\u00e3o existe. Salve-se quem puder!<\/p>\n<p style=\"text-align: justify;\"><strong>Hugo Azi \u00e9 advogado formado pela faculdade Ruy Barbosa, P\u00f3s-graduado em Direito Empresarial pela FGV\/SP, membro da comiss\u00e3o de Direito Empresaria da OAB\/BA e do Instituto Brasileiro de Recupera\u00e7\u00e3o de Empresas, al\u00e9m de ser colunista do site News Infoco.<\/strong><\/p>\n<p>&nbsp;<\/p>\n<div class=\"share-to-whatsapp-wrapper\"><\/div>\n<div class=\"share-to-whatsapp-wrapper\"><\/div>\n<div class=\"share-to-whatsapp-wrapper\"><\/div>\n<div class=\"share-to-whatsapp-wrapper\"><\/div>\n<h6 style=\"text-align: right;\"><\/h6>\n<p style=\"text-align: justify;\">\n<div class='share-to-whatsapp-wrapper'><div class='share-on-whsp'>Share on: <\/div><a data-text='Salve-se quem puder! O Minist\u00e9rio P\u00fablico de Alagoinhas n\u00e3o existe - Por Hugo Azi' data-link='https:\/\/newsinfoco.com.br\/inicio\/salve-se-quem-puder-o-ministerio-publico-de-alagoinhas-nao-existe-por-hugo-azi\/' class='whatsapp-button whatsapp-share'>WhatsApp<\/a><div class='clear '><\/div><\/div>","protected":false},"excerpt":{"rendered":"<p>Em 8 de julho de 2019, escrevi um artigo para esse site intitulado de: O dilema existencial da promotoria p\u00fablica de Alagoinhas, no caso zona azul. Critiquei a in\u00e9rcia do Minist\u00e9rio p\u00fablico da cidade em arquivar a den\u00fancia e n\u00e3o ajuizar a\u00e7\u00e3o civil p\u00fablica contra o processo licitat\u00f3rio que definiu a concession\u00e1ria do sistema de [&hellip;]<\/p>\n","protected":false},"author":1,"featured_media":17655,"comment_status":"open","ping_status":"open","sticky":false,"template":"","format":"standard","meta":{"om_disable_all_campaigns":false,"_exactmetrics_skip_tracking":false,"_exactmetrics_sitenote_active":false,"_exactmetrics_sitenote_note":"","_exactmetrics_sitenote_category":0,"footnotes":""},"categories":[162],"tags":[],"class_list":["post-17959","post","type-post","status-publish","format-standard","has-post-thumbnail","hentry","category-opiniao-dr-hugo-azi"],"aioseo_notices":[],"_links":{"self":[{"href":"https:\/\/newsinfoco.com.br\/inicio\/wp-json\/wp\/v2\/posts\/17959","targetHints":{"allow":["GET"]}}],"collection":[{"href":"https:\/\/newsinfoco.com.br\/inicio\/wp-json\/wp\/v2\/posts"}],"about":[{"href":"https:\/\/newsinfoco.com.br\/inicio\/wp-json\/wp\/v2\/types\/post"}],"author":[{"embeddable":true,"href":"https:\/\/newsinfoco.com.br\/inicio\/wp-json\/wp\/v2\/users\/1"}],"replies":[{"embeddable":true,"href":"https:\/\/newsinfoco.com.br\/inicio\/wp-json\/wp\/v2\/comments?post=17959"}],"version-history":[{"count":0,"href":"https:\/\/newsinfoco.com.br\/inicio\/wp-json\/wp\/v2\/posts\/17959\/revisions"}],"wp:featuredmedia":[{"embeddable":true,"href":"https:\/\/newsinfoco.com.br\/inicio\/wp-json\/wp\/v2\/media\/17655"}],"wp:attachment":[{"href":"https:\/\/newsinfoco.com.br\/inicio\/wp-json\/wp\/v2\/media?parent=17959"}],"wp:term":[{"taxonomy":"category","embeddable":true,"href":"https:\/\/newsinfoco.com.br\/inicio\/wp-json\/wp\/v2\/categories?post=17959"},{"taxonomy":"post_tag","embeddable":true,"href":"https:\/\/newsinfoco.com.br\/inicio\/wp-json\/wp\/v2\/tags?post=17959"}],"curies":[{"name":"wp","href":"https:\/\/api.w.org\/{rel}","templated":true}]}}