{"id":17962,"date":"2019-10-17T19:40:28","date_gmt":"2019-10-17T22:40:28","guid":{"rendered":"http:\/\/newsinfoco.com.br\/?p=17962"},"modified":"2019-10-17T19:40:28","modified_gmt":"2019-10-17T22:40:28","slug":"flavio-e-eduardo-bolsonaro-sao-destituidos-de-diretorios-do-psl","status":"publish","type":"post","link":"https:\/\/newsinfoco.com.br\/inicio\/flavio-e-eduardo-bolsonaro-sao-destituidos-de-diretorios-do-psl\/","title":{"rendered":"Fl\u00e1vio e Eduardo Bolsonaro s\u00e3o destitu\u00eddos de diret\u00f3rios do PSL."},"content":{"rendered":"<p style=\"text-align: justify;\">Os filhos do presidente Jair Bolsonaro, o senador Fl\u00e1vio Bolsonaro e o deputado Eduardo Bolsonaro, foram destitu\u00eddos dos comandos dos diret\u00f3rios do Rio de Janeiro e S\u00e3o Paulo, respectivamente. Segundo o deputado Coronel Tadeu (PSL-SP), ambos foram desligados nessa semana. O Estad\u00e3o\/Broadcast apurou que desde segunda-feira, Eduardo n\u00e3o tinha mais acesso ao sistema do partido e que haviam lhe tirado uma senha que possibilitava a ele operar o sistema da legenda. As destitui\u00e7\u00f5es s\u00e3o mais um cap\u00edtulo da crise interna do partido que op\u00f5e parlamentares que apoiam o presidente do partido Luciano Bivar (PE) aos aliados do presidente da Rep\u00fablica, Jair Bolsonaro.<\/p>\n<div class='share-to-whatsapp-wrapper'><div class='share-on-whsp'>Share on: <\/div><a data-text='Fl\u00e1vio e Eduardo Bolsonaro s\u00e3o destitu\u00eddos de diret\u00f3rios do PSL.' data-link='https:\/\/newsinfoco.com.br\/inicio\/flavio-e-eduardo-bolsonaro-sao-destituidos-de-diretorios-do-psl\/' class='whatsapp-button whatsapp-share'>WhatsApp<\/a><div class='clear '><\/div><\/div>","protected":false},"excerpt":{"rendered":"<p>Os filhos do presidente Jair Bolsonaro, o senador Fl\u00e1vio Bolsonaro e o deputado Eduardo Bolsonaro, foram destitu\u00eddos dos comandos dos diret\u00f3rios do Rio de Janeiro e S\u00e3o Paulo, respectivamente. Segundo o deputado Coronel Tadeu (PSL-SP), ambos foram desligados nessa semana. O Estad\u00e3o\/Broadcast apurou que desde segunda-feira, Eduardo n\u00e3o tinha mais acesso ao sistema do partido [&hellip;]<\/p>\n","protected":false},"author":1,"featured_media":17963,"comment_status":"open","ping_status":"open","sticky":false,"template":"","format":"standard","meta":{"om_disable_all_campaigns":false,"_exactmetrics_skip_tracking":false,"_exactmetrics_sitenote_active":false,"_exactmetrics_sitenote_note":"","_exactmetrics_sitenote_category":0,"footnotes":""},"categories":[21,30],"tags":[],"class_list":["post-17962","post","type-post","status-publish","format-standard","has-post-thumbnail","hentry","category-brasil","category-destaque"],"aioseo_notices":[],"_links":{"self":[{"href":"https:\/\/newsinfoco.com.br\/inicio\/wp-json\/wp\/v2\/posts\/17962","targetHints":{"allow":["GET"]}}],"collection":[{"href":"https:\/\/newsinfoco.com.br\/inicio\/wp-json\/wp\/v2\/posts"}],"about":[{"href":"https:\/\/newsinfoco.com.br\/inicio\/wp-json\/wp\/v2\/types\/post"}],"author":[{"embeddable":true,"href":"https:\/\/newsinfoco.com.br\/inicio\/wp-json\/wp\/v2\/users\/1"}],"replies":[{"embeddable":true,"href":"https:\/\/newsinfoco.com.br\/inicio\/wp-json\/wp\/v2\/comments?post=17962"}],"version-history":[{"count":0,"href":"https:\/\/newsinfoco.com.br\/inicio\/wp-json\/wp\/v2\/posts\/17962\/revisions"}],"wp:featuredmedia":[{"embeddable":true,"href":"https:\/\/newsinfoco.com.br\/inicio\/wp-json\/wp\/v2\/media\/17963"}],"wp:attachment":[{"href":"https:\/\/newsinfoco.com.br\/inicio\/wp-json\/wp\/v2\/media?parent=17962"}],"wp:term":[{"taxonomy":"category","embeddable":true,"href":"https:\/\/newsinfoco.com.br\/inicio\/wp-json\/wp\/v2\/categories?post=17962"},{"taxonomy":"post_tag","embeddable":true,"href":"https:\/\/newsinfoco.com.br\/inicio\/wp-json\/wp\/v2\/tags?post=17962"}],"curies":[{"name":"wp","href":"https:\/\/api.w.org\/{rel}","templated":true}]}}