{"id":1803,"date":"2018-03-28T16:33:04","date_gmt":"2018-03-28T19:33:04","guid":{"rendered":"http:\/\/newsinfoco.com.br\/?p=1803"},"modified":"2018-03-28T16:33:04","modified_gmt":"2018-03-28T19:33:04","slug":"prefeitura-de-alagoinhas-promove-oficina-de-ovos-de-pascoa-no-cras-boa-uniao","status":"publish","type":"post","link":"https:\/\/newsinfoco.com.br\/inicio\/prefeitura-de-alagoinhas-promove-oficina-de-ovos-de-pascoa-no-cras-boa-uniao\/","title":{"rendered":"Prefeitura de Alagoinhas promove oficina de ovos de P\u00e1scoa no CRAS Boa Uni\u00e3o"},"content":{"rendered":"<p style=\"text-align: justify;\"><span style=\"color: #000000;\">A Prefeitura Municipal, atrav\u00e9s da Secretaria de Assist\u00eancia Social (SEMAS), promoveu, na \u00faltima semana, mais uma atividade junto aos grupos do Servi\u00e7o de Conviv\u00eancia e Fortalecimento de V\u00ednculos do Centro de Refer\u00eancia de Assist\u00eancia Social, em Boa Uni\u00e3o, para a confec\u00e7\u00e3o de ovos gourmet em comemora\u00e7\u00e3o \u00e0 P\u00e1scoa.<\/span><\/p>\n<p style=\"text-align: justify;\"><span style=\"color: #000000;\">A a\u00e7\u00e3o tem como objetivo exercitar a concentra\u00e7\u00e3o, incentivar o esp\u00edrito coletivo e fomentar a produ\u00e7\u00e3o artesanal que pode se transformar em gera\u00e7\u00e3o de renda local. De acordo com representantes da SEMAS, durante as oficinas promovidas pela Secretaria, ao participantes s\u00e3o incentivados a trabalhar em grupo. O intuito, segundo eles, \u00e9 que os indiv\u00edduos desenvolvam habilidades motoras, que aprendam, desde cedo, a valorizar a coopera\u00e7\u00e3o e que o conhecimento compartilhado auxilie na cria\u00e7\u00e3o de desdobramentos para uma economia solid\u00e1ria.<\/span><\/p><div class=\"newsi-conteudo_19\" id=\"newsi-753360928\"><a href=\"https:\/\/www.instagram.com\/prefeituraalagoinhas?igsh=YzgzdDJ1bWR3aWI4\" aria-label=\"SAVE_20251006_221555\"><img loading=\"lazy\" decoding=\"async\" src=\"https:\/\/newsinfoco.com.br\/inicio\/wp-content\/uploads\/2025\/10\/SAVE_20251006_221555-rotated.jpg\" alt=\"\"  srcset=\"https:\/\/newsinfoco.com.br\/inicio\/wp-content\/uploads\/2025\/10\/SAVE_20251006_221555-rotated.jpg 1140w, https:\/\/newsinfoco.com.br\/inicio\/wp-content\/uploads\/2025\/10\/SAVE_20251006_221555-300x52.jpg 300w, https:\/\/newsinfoco.com.br\/inicio\/wp-content\/uploads\/2025\/10\/SAVE_20251006_221555-1024x177.jpg 1024w, https:\/\/newsinfoco.com.br\/inicio\/wp-content\/uploads\/2025\/10\/SAVE_20251006_221555-768x133.jpg 768w, https:\/\/newsinfoco.com.br\/inicio\/wp-content\/uploads\/2025\/10\/SAVE_20251006_221555-600x104.jpg 600w, https:\/\/newsinfoco.com.br\/inicio\/wp-content\/uploads\/2025\/10\/SAVE_20251006_221555-696x120.jpg 696w, https:\/\/newsinfoco.com.br\/inicio\/wp-content\/uploads\/2025\/10\/SAVE_20251006_221555-1068x185.jpg 1068w\" sizes=\"(max-width: 1140px) 100vw, 1140px\" width=\"1140\" height=\"197\"   \/><\/a><\/div>\n<p style=\"text-align: justify;\"><span style=\"color: #000000;\">A Secretaria informou que novas oficinas j\u00e1 est\u00e3o programadas e comunicou que as a\u00e7\u00f5es n\u00e3o devem se restringir a Boa Uni\u00e3o, com atividades previstas tamb\u00e9m para outros distritos e localidades.<\/span><\/p>\n<p><img decoding=\"async\" src=\"https:\/\/www.alagoinhas.ba.gov.br\/wp-content\/uploads\/2018\/03\/semas-1-1024x574.jpeg\" \/><\/p>\n<h6><\/h6>\n<h6><img decoding=\"async\" src=\"https:\/\/www.alagoinhas.ba.gov.br\/wp-content\/uploads\/2018\/03\/semas-3-1024x768.jpeg\" \/><\/h6>\n<h6><\/h6>\n<h6><img decoding=\"async\" src=\"https:\/\/www.alagoinhas.ba.gov.br\/wp-content\/uploads\/2018\/03\/semas-2-768x1024.jpeg\" \/><\/h6>\n<h6 style=\"text-align: right;\"><span style=\"color: #999999;\">Fonte: SECOM SEMAS Prefeitura<\/span><\/h6>\n<div class='share-to-whatsapp-wrapper'><div class='share-on-whsp'>Share on: <\/div><a data-text='Prefeitura de Alagoinhas promove oficina de ovos de P\u00e1scoa no CRAS Boa Uni\u00e3o' data-link='https:\/\/newsinfoco.com.br\/inicio\/prefeitura-de-alagoinhas-promove-oficina-de-ovos-de-pascoa-no-cras-boa-uniao\/' class='whatsapp-button whatsapp-share'>WhatsApp<\/a><div class='clear '><\/div><\/div>","protected":false},"excerpt":{"rendered":"<p>A Prefeitura Municipal, atrav\u00e9s da Secretaria de Assist\u00eancia Social (SEMAS), promoveu, na \u00faltima semana, mais uma atividade junto aos grupos do Servi\u00e7o de Conviv\u00eancia e Fortalecimento de V\u00ednculos do Centro de Refer\u00eancia de Assist\u00eancia Social, em Boa Uni\u00e3o, para a confec\u00e7\u00e3o de ovos gourmet em comemora\u00e7\u00e3o \u00e0 P\u00e1scoa. A a\u00e7\u00e3o tem como objetivo exercitar a [&hellip;]<\/p>\n","protected":false},"author":1,"featured_media":1804,"comment_status":"open","ping_status":"open","sticky":false,"template":"","format":"standard","meta":{"om_disable_all_campaigns":false,"_exactmetrics_skip_tracking":false,"_exactmetrics_sitenote_active":false,"_exactmetrics_sitenote_note":"","_exactmetrics_sitenote_category":0,"footnotes":""},"categories":[38,30],"tags":[53,54,59],"class_list":["post-1803","post","type-post","status-publish","format-standard","has-post-thumbnail","hentry","category-alagoinhas-e-regiao","category-destaque","tag-alagoinhas","tag-prefeitura","tag-semas"],"aioseo_notices":[],"_links":{"self":[{"href":"https:\/\/newsinfoco.com.br\/inicio\/wp-json\/wp\/v2\/posts\/1803","targetHints":{"allow":["GET"]}}],"collection":[{"href":"https:\/\/newsinfoco.com.br\/inicio\/wp-json\/wp\/v2\/posts"}],"about":[{"href":"https:\/\/newsinfoco.com.br\/inicio\/wp-json\/wp\/v2\/types\/post"}],"author":[{"embeddable":true,"href":"https:\/\/newsinfoco.com.br\/inicio\/wp-json\/wp\/v2\/users\/1"}],"replies":[{"embeddable":true,"href":"https:\/\/newsinfoco.com.br\/inicio\/wp-json\/wp\/v2\/comments?post=1803"}],"version-history":[{"count":0,"href":"https:\/\/newsinfoco.com.br\/inicio\/wp-json\/wp\/v2\/posts\/1803\/revisions"}],"wp:featuredmedia":[{"embeddable":true,"href":"https:\/\/newsinfoco.com.br\/inicio\/wp-json\/wp\/v2\/media\/1804"}],"wp:attachment":[{"href":"https:\/\/newsinfoco.com.br\/inicio\/wp-json\/wp\/v2\/media?parent=1803"}],"wp:term":[{"taxonomy":"category","embeddable":true,"href":"https:\/\/newsinfoco.com.br\/inicio\/wp-json\/wp\/v2\/categories?post=1803"},{"taxonomy":"post_tag","embeddable":true,"href":"https:\/\/newsinfoco.com.br\/inicio\/wp-json\/wp\/v2\/tags?post=1803"}],"curies":[{"name":"wp","href":"https:\/\/api.w.org\/{rel}","templated":true}]}}