{"id":18049,"date":"2019-10-21T20:41:21","date_gmt":"2019-10-21T23:41:21","guid":{"rendered":"http:\/\/newsinfoco.com.br\/?p=18049"},"modified":"2019-10-21T20:41:21","modified_gmt":"2019-10-21T23:41:21","slug":"pimentel-volta-a-atacar-familia-bolsonaro-e-e-bastante-criticado-pelos-proprios-seguidores","status":"publish","type":"post","link":"https:\/\/newsinfoco.com.br\/inicio\/pimentel-volta-a-atacar-familia-bolsonaro-e-e-bastante-criticado-pelos-proprios-seguidores\/","title":{"rendered":"Pimentel volta a atacar fam\u00edlia Bolsonaro e \u00e9 bastante criticado pelos pr\u00f3prios seguidores"},"content":{"rendered":"<p style=\"text-align: justify;\">Assumido bivarista ap\u00f3s sua esposa, a deputada federal Dayane Pimentel, ser atacada pela fam\u00edlia Bolsonaro, \u00a0o secret\u00e1rio municipal de Trabalho, Esporte e Lazer de Salvador, Alberto Pimentel (PSL), nesta segunda-feira (21), \u00a0voltou a tecer cr\u00edticas contra o presidente Jair Bolsonaro e seus filhos, aos quais classifica como \u2018militontos de direita\u2019. Contudo, como reposta, recebeu uma enxurrada de cr\u00edticas nas redes. Ele, que assegura que n\u00e3o servir\u00e1 de massa de manobra, chega a ser chamado de \u201coportunista\u201d pelos seus pr\u00f3prios seguidores.<\/p>\n<p style=\"text-align: justify;\">\u201cTudo que n\u00f3s brasileiros patriotas queremos \u00e9 um projeto para o pa\u00eds e n\u00e3o um projeto de poder de uma fam\u00edlia! Querem amorda\u00e7ar at\u00e9 os seus pr\u00f3prios deputados! Quem n\u00e3o aceitar, os pr\u00edncipes chamam os \u201cmilitontos de direta \u201c para tentar acabar com a reputa\u00e7\u00e3o do mesmo! Quantos j\u00e1 foram fritados em pra\u00e7a p\u00fablica? Eu, Alberto Pimentel n\u00e3o serei massa de manobra de ningu\u00e9m nunca! Tenho c\u00e9rebro!\u201d, disparou em suas redes.<\/p><div class=\"newsi-conteudo_19\" id=\"newsi-2035189658\"><a href=\"https:\/\/www.instagram.com\/prefeituraalagoinhas?igsh=YzgzdDJ1bWR3aWI4\" aria-label=\"SAVE_20251006_221555\"><img loading=\"lazy\" decoding=\"async\" src=\"https:\/\/newsinfoco.com.br\/inicio\/wp-content\/uploads\/2025\/10\/SAVE_20251006_221555-rotated.jpg\" alt=\"\"  srcset=\"https:\/\/newsinfoco.com.br\/inicio\/wp-content\/uploads\/2025\/10\/SAVE_20251006_221555-rotated.jpg 1140w, https:\/\/newsinfoco.com.br\/inicio\/wp-content\/uploads\/2025\/10\/SAVE_20251006_221555-300x52.jpg 300w, https:\/\/newsinfoco.com.br\/inicio\/wp-content\/uploads\/2025\/10\/SAVE_20251006_221555-1024x177.jpg 1024w, https:\/\/newsinfoco.com.br\/inicio\/wp-content\/uploads\/2025\/10\/SAVE_20251006_221555-768x133.jpg 768w, https:\/\/newsinfoco.com.br\/inicio\/wp-content\/uploads\/2025\/10\/SAVE_20251006_221555-600x104.jpg 600w, https:\/\/newsinfoco.com.br\/inicio\/wp-content\/uploads\/2025\/10\/SAVE_20251006_221555-696x120.jpg 696w, https:\/\/newsinfoco.com.br\/inicio\/wp-content\/uploads\/2025\/10\/SAVE_20251006_221555-1068x185.jpg 1068w\" sizes=\"(max-width: 1140px) 100vw, 1140px\" width=\"1140\" height=\"197\"   \/><\/a><\/div>\n<p style=\"text-align: justify;\">Em outra postagem em que utiliza uma reflex\u00e3o \u201csobre uma parte do que est\u00e1 acontecendo feita por @nandomoura_oficial\u201d, chegam a question\u00e1-lo se \u2018eles\u2019 deixaram de ser fan\u00e1ticos pelo presidente para ser pelo prefeito de Salvador, ACM Neto.<\/p>\n<p style=\"text-align: justify;\">\u201cA hipocrisia dos militontos de \u201c direita \u201cpassou dos limites! Raciocinar, refletir e agir ou reagir mediante a consci\u00eancia passou a ser intoler\u00e1vel pela \u201c direita \u201c fan\u00e1tica! Seguirei fiel aos meus princ\u00edpios e sempre c\u00e9tico e racional! Ningu\u00e9m est\u00e1 acima da raz\u00e3o!\u201d, postou.<\/p>\n<p style=\"text-align: justify;\">Contudo, entre as mais diversas rea\u00e7\u00f5es, alguns escreveram: \u201cAs pessoas s\u00f3 ficaram sabendo que voc\u00ea e sua esposa existiam por causa do BOLSONARO n\u00e3o ao contr\u00e1rio!\u201d.\u00a0Em outra, um seguidor de Pimentel n\u00e3o hesitou em apontar que: \u201cTudo o q vc e Dayanne querem se chama FUNDO PARTID\u00c1RIO!!! Acabou pra vcs. Nem vereador se elege mais\u201d.<\/p>\n<p style=\"text-align: justify;\">E os coment\u00e1rios v\u00e3o de: \u2018oportunistas\u2019\u00a0 a \u2018eu continuo com Bolsonaro\u201d. Um chega a comentar que: \u201cEnt\u00e3o voc\u00eas deixaram de ser fan\u00e1ticos pelo presidente e passaram a ser fan\u00e1ticos pelo prefeito\u201d. Nenhuma delas tem reposta.<\/p>\n<div class='share-to-whatsapp-wrapper'><div class='share-on-whsp'>Share on: <\/div><a data-text='Pimentel volta a atacar fam\u00edlia Bolsonaro e \u00e9 bastante criticado pelos pr\u00f3prios seguidores' data-link='https:\/\/newsinfoco.com.br\/inicio\/pimentel-volta-a-atacar-familia-bolsonaro-e-e-bastante-criticado-pelos-proprios-seguidores\/' class='whatsapp-button whatsapp-share'>WhatsApp<\/a><div class='clear '><\/div><\/div>","protected":false},"excerpt":{"rendered":"<p>Assumido bivarista ap\u00f3s sua esposa, a deputada federal Dayane Pimentel, ser atacada pela fam\u00edlia Bolsonaro, \u00a0o secret\u00e1rio municipal de Trabalho, Esporte e Lazer de Salvador, Alberto Pimentel (PSL), nesta segunda-feira (21), \u00a0voltou a tecer cr\u00edticas contra o presidente Jair Bolsonaro e seus filhos, aos quais classifica como \u2018militontos de direita\u2019. Contudo, como reposta, recebeu uma [&hellip;]<\/p>\n","protected":false},"author":1,"featured_media":13460,"comment_status":"open","ping_status":"open","sticky":false,"template":"","format":"standard","meta":{"om_disable_all_campaigns":false,"_exactmetrics_skip_tracking":false,"_exactmetrics_sitenote_active":false,"_exactmetrics_sitenote_note":"","_exactmetrics_sitenote_category":0,"footnotes":""},"categories":[21,30],"tags":[],"class_list":["post-18049","post","type-post","status-publish","format-standard","has-post-thumbnail","hentry","category-brasil","category-destaque"],"aioseo_notices":[],"_links":{"self":[{"href":"https:\/\/newsinfoco.com.br\/inicio\/wp-json\/wp\/v2\/posts\/18049","targetHints":{"allow":["GET"]}}],"collection":[{"href":"https:\/\/newsinfoco.com.br\/inicio\/wp-json\/wp\/v2\/posts"}],"about":[{"href":"https:\/\/newsinfoco.com.br\/inicio\/wp-json\/wp\/v2\/types\/post"}],"author":[{"embeddable":true,"href":"https:\/\/newsinfoco.com.br\/inicio\/wp-json\/wp\/v2\/users\/1"}],"replies":[{"embeddable":true,"href":"https:\/\/newsinfoco.com.br\/inicio\/wp-json\/wp\/v2\/comments?post=18049"}],"version-history":[{"count":0,"href":"https:\/\/newsinfoco.com.br\/inicio\/wp-json\/wp\/v2\/posts\/18049\/revisions"}],"wp:featuredmedia":[{"embeddable":true,"href":"https:\/\/newsinfoco.com.br\/inicio\/wp-json\/wp\/v2\/media\/13460"}],"wp:attachment":[{"href":"https:\/\/newsinfoco.com.br\/inicio\/wp-json\/wp\/v2\/media?parent=18049"}],"wp:term":[{"taxonomy":"category","embeddable":true,"href":"https:\/\/newsinfoco.com.br\/inicio\/wp-json\/wp\/v2\/categories?post=18049"},{"taxonomy":"post_tag","embeddable":true,"href":"https:\/\/newsinfoco.com.br\/inicio\/wp-json\/wp\/v2\/tags?post=18049"}],"curies":[{"name":"wp","href":"https:\/\/api.w.org\/{rel}","templated":true}]}}