{"id":18056,"date":"2019-10-21T20:49:05","date_gmt":"2019-10-21T23:49:05","guid":{"rendered":"http:\/\/newsinfoco.com.br\/?p=18056"},"modified":"2019-10-21T20:49:05","modified_gmt":"2019-10-21T23:49:05","slug":"apos-reuniao-com-marinha-e-ministro-de-bolsonaro-rui-volta-a-criticar-salles","status":"publish","type":"post","link":"https:\/\/newsinfoco.com.br\/inicio\/apos-reuniao-com-marinha-e-ministro-de-bolsonaro-rui-volta-a-criticar-salles\/","title":{"rendered":"Ap\u00f3s reuni\u00e3o com Marinha e ministro de Bolsonaro, Rui volta a criticar Salles"},"content":{"rendered":"<p style=\"text-align: justify;\"><span style=\"color: #000000;\">Depois trocar\u00a0<a style=\"color: #000000;\" href=\"https:\/\/bahia.ba\/politica\/rui-rebate-ricardo-salles-no-twitter-deixe-de-fazer-politica-e-trabalhe\/\" target=\"_blank\" rel=\"noopener\">farpas<\/a>\u00a0com o ministro do Meio Ambiente, Rodrigo Salles, por falta de a\u00e7\u00e3o efetiva em rela\u00e7\u00e3o \u00e0s manchas de \u00f3leo que atingem as praias do Nordeste, o governador Rui Costa (PT) se reuniu nesta segunda-feira (21) com o ministro de Desenvolvimento Regional, Gustavo Canuto, juntamente com membros da Marinha, para discutir o tema.<\/span><\/p>\n<p style=\"text-align: justify;\"><span style=\"color: #000000;\">Ap\u00f3s o encontro, o governador voltou a criticar Salles, mas teceu elogios a Canuto. Rui afirmou que alguns ministros do governo Bolsonaro o recebe de \u201cmaneira republicana, outros nem tanto\u201d.<\/span><\/p><div class=\"newsi-conteudo_19\" id=\"newsi-885531528\"><a href=\"https:\/\/www.instagram.com\/prefeituraalagoinhas?igsh=YzgzdDJ1bWR3aWI4\" aria-label=\"SAVE_20251006_221555\"><img loading=\"lazy\" decoding=\"async\" src=\"https:\/\/newsinfoco.com.br\/inicio\/wp-content\/uploads\/2025\/10\/SAVE_20251006_221555-rotated.jpg\" alt=\"\"  srcset=\"https:\/\/newsinfoco.com.br\/inicio\/wp-content\/uploads\/2025\/10\/SAVE_20251006_221555-rotated.jpg 1140w, https:\/\/newsinfoco.com.br\/inicio\/wp-content\/uploads\/2025\/10\/SAVE_20251006_221555-300x52.jpg 300w, https:\/\/newsinfoco.com.br\/inicio\/wp-content\/uploads\/2025\/10\/SAVE_20251006_221555-1024x177.jpg 1024w, https:\/\/newsinfoco.com.br\/inicio\/wp-content\/uploads\/2025\/10\/SAVE_20251006_221555-768x133.jpg 768w, https:\/\/newsinfoco.com.br\/inicio\/wp-content\/uploads\/2025\/10\/SAVE_20251006_221555-600x104.jpg 600w, https:\/\/newsinfoco.com.br\/inicio\/wp-content\/uploads\/2025\/10\/SAVE_20251006_221555-696x120.jpg 696w, https:\/\/newsinfoco.com.br\/inicio\/wp-content\/uploads\/2025\/10\/SAVE_20251006_221555-1068x185.jpg 1068w\" sizes=\"(max-width: 1140px) 100vw, 1140px\" width=\"1140\" height=\"197\"   \/><\/a><\/div>\n<p style=\"text-align: justify;\"><span style=\"color: #000000;\">\u201cClam\u00e1vamos por uma rela\u00e7\u00e3o republicana. Talvez se o ministro [de Desenvolvimento Regional] respondesse tamb\u00e9m pelo Meio Ambiente, n\u00e3o teria tido ru\u00eddo nenhum, porque temos um ministro que tem absoluta ci\u00eancia de seu papel republicano. Nesse momento, n\u00e3o deveria entrar em conta a filia\u00e7\u00e3o partid\u00e1ria, nem de prefeito nem de governador, e sim a raz\u00e3o maior que \u00e9 o meio ambiente, que s\u00e3o as pessoas. Nossa inquieta\u00e7\u00e3o foi a vinda de um ministro, a visita a um local espec\u00edfico, e a publica\u00e7\u00e3o dele\u00a0<a style=\"color: #000000;\" href=\"https:\/\/bahia.ba\/politica\/rui-critica-vistoria-de-ministro-veio-posar-numa-foto-na-beira-da-praia\/\" target=\"_blank\" rel=\"noopener\">sem conversar com nenhum prefeito, muito menos com o Estado<\/a>. Mas acho que hoje isso est\u00e1 corrigido e n\u00e3o quero apenas ficar chorando o \u00f3leo derramado. Hoje agrade\u00e7o e elogio o ministro Canuto pela postura\u201d, disse.<\/span><\/p>\n<p style=\"text-align: justify;\"><span style=\"color: #000000;\">No encontro, que contou com o vice-almirante Andr\u00e9 Luiz Santana, comandante do 2\u00ba Distrito Naval, foram esclarecidas todas as a\u00e7\u00f5es que est\u00e3o sendo desenvolvidas pela Marinha, Ibama e demais \u00f3rg\u00e3os federais. \u00c0 jornalistas, Rui disse ter demonstrado aos presentes preocupa\u00e7\u00e3o com o \u00f3leo que chega \u00e0s praias e aos manguezais.<\/span><\/p>\n<p style=\"text-align: justify;\"><span style=\"color: #000000;\">\u201cA Marinha esclareceu que eles, com toda tecnologia que possuem, n\u00e3o conseguem localizar as manchas de \u00f3leo, porque, pela densidade do material, fica um pouco submersa, o que n\u00e3o permite que os instrumentos existentes capture a imagem ainda no mar. E s\u00f3 \u00e9 poss\u00edvel, infelizmente, captar quando j\u00e1 toca na areia. Nossa maior ang\u00fastia \u00e9 o problema nos mananciais de reprodu\u00e7\u00e3o da vida marinha, especialmente nos manguezais. \u00c9 muito dif\u00edcil tirar \u00f3leo de pedra, de mangue. Nos temos nove estu\u00e1rios do Litoral Norte, seis j\u00e1 est\u00e3o contaminados\u201d, declarou.<\/span><\/p>\n<p style=\"text-align: justify;\"><span style=\"color: #000000;\"><strong>Chapada<\/strong><\/span><\/p>\n<p style=\"text-align: justify;\"><span style=\"color: #000000;\">Em entrevista a jornalistas, ao ser questionado sobre o montante dos gastos p\u00fablicos com as a\u00e7\u00f5es de retirada das manchas de \u00f3leo das praias, o governador Rui Costa comentou sobre outro dano ambiental, que s\u00e3o os inc\u00eandios florestais na Chapada Diamantina.<\/span><\/p>\n<p style=\"text-align: justify;\"><span style=\"color: #000000;\">\u201cN\u00e3o estamos, nesse momento, contabilizando despesas. O que queremos \u00e9 resolver o problema, at\u00e9 porque n\u00e3o estamos s\u00f3 com esse problema ambiental. Ontem [domingo, 20 de outubro, come\u00e7ou um inc\u00eandio na Chapada, e j\u00e1 estamos\u00a0<a style=\"color: #000000;\" href=\"https:\/\/bahia.ba\/bahia\/governo-envia-aeronaves-para-combate-a-incendio-na-chapada-diamantina\/\">deslocando helic\u00f3ptero, caminh\u00e3o<\/a>. A gente n\u00e3o faz conta nessa hora, tem que resolver o problema ambiental, e, s\u00f3 depois, ver o tamanho do preju\u00edzo\u201d, afirmou.<\/span><\/p>\n<div class='share-to-whatsapp-wrapper'><div class='share-on-whsp'>Share on: <\/div><a data-text='Ap\u00f3s reuni\u00e3o com Marinha e ministro de Bolsonaro, Rui volta a criticar Salles' data-link='https:\/\/newsinfoco.com.br\/inicio\/apos-reuniao-com-marinha-e-ministro-de-bolsonaro-rui-volta-a-criticar-salles\/' class='whatsapp-button whatsapp-share'>WhatsApp<\/a><div class='clear '><\/div><\/div>","protected":false},"excerpt":{"rendered":"<p>Depois trocar\u00a0farpas\u00a0com o ministro do Meio Ambiente, Rodrigo Salles, por falta de a\u00e7\u00e3o efetiva em rela\u00e7\u00e3o \u00e0s manchas de \u00f3leo que atingem as praias do Nordeste, o governador Rui Costa (PT) se reuniu nesta segunda-feira (21) com o ministro de Desenvolvimento Regional, Gustavo Canuto, juntamente com membros da Marinha, para discutir o tema. Ap\u00f3s o [&hellip;]<\/p>\n","protected":false},"author":1,"featured_media":18057,"comment_status":"open","ping_status":"open","sticky":false,"template":"","format":"standard","meta":{"om_disable_all_campaigns":false,"_exactmetrics_skip_tracking":false,"_exactmetrics_sitenote_active":false,"_exactmetrics_sitenote_note":"","_exactmetrics_sitenote_category":0,"footnotes":""},"categories":[19,30],"tags":[],"class_list":["post-18056","post","type-post","status-publish","format-standard","has-post-thumbnail","hentry","category-bahia","category-destaque"],"aioseo_notices":[],"_links":{"self":[{"href":"https:\/\/newsinfoco.com.br\/inicio\/wp-json\/wp\/v2\/posts\/18056","targetHints":{"allow":["GET"]}}],"collection":[{"href":"https:\/\/newsinfoco.com.br\/inicio\/wp-json\/wp\/v2\/posts"}],"about":[{"href":"https:\/\/newsinfoco.com.br\/inicio\/wp-json\/wp\/v2\/types\/post"}],"author":[{"embeddable":true,"href":"https:\/\/newsinfoco.com.br\/inicio\/wp-json\/wp\/v2\/users\/1"}],"replies":[{"embeddable":true,"href":"https:\/\/newsinfoco.com.br\/inicio\/wp-json\/wp\/v2\/comments?post=18056"}],"version-history":[{"count":0,"href":"https:\/\/newsinfoco.com.br\/inicio\/wp-json\/wp\/v2\/posts\/18056\/revisions"}],"wp:featuredmedia":[{"embeddable":true,"href":"https:\/\/newsinfoco.com.br\/inicio\/wp-json\/wp\/v2\/media\/18057"}],"wp:attachment":[{"href":"https:\/\/newsinfoco.com.br\/inicio\/wp-json\/wp\/v2\/media?parent=18056"}],"wp:term":[{"taxonomy":"category","embeddable":true,"href":"https:\/\/newsinfoco.com.br\/inicio\/wp-json\/wp\/v2\/categories?post=18056"},{"taxonomy":"post_tag","embeddable":true,"href":"https:\/\/newsinfoco.com.br\/inicio\/wp-json\/wp\/v2\/tags?post=18056"}],"curies":[{"name":"wp","href":"https:\/\/api.w.org\/{rel}","templated":true}]}}