{"id":1806,"date":"2018-03-28T17:01:16","date_gmt":"2018-03-28T20:01:16","guid":{"rendered":"http:\/\/newsinfoco.com.br\/?p=1806"},"modified":"2018-03-28T17:01:16","modified_gmt":"2018-03-28T20:01:16","slug":"ex-vereador-de-alagoinhas-radiovaldo-costa-passa-mal-em-aeroporto-e-e-internado-em-hospital-de-salvador","status":"publish","type":"post","link":"https:\/\/newsinfoco.com.br\/inicio\/ex-vereador-de-alagoinhas-radiovaldo-costa-passa-mal-em-aeroporto-e-e-internado-em-hospital-de-salvador\/","title":{"rendered":"Ex-vereador de Alagoinhas Radiovaldo Costa passa mal em aeroporto e \u00e9 internado em Hospital de Salvador"},"content":{"rendered":"<p style=\"text-align: justify;\"><span style=\"color: #000000;\">O ex-vereador de Alagoinhas e sindicalista Radiovaldo Costa passou mal e est\u00e1 internado em um hospital da capital baiana.<\/span><\/p>\n<p style=\"text-align: justify;\"><span style=\"color: #000000;\">De acordo com informa\u00e7\u00f5es colhidas pelo News Infoco, Radiovaldo passou mal ontem(27) quando estava a caminho do aeroporto, chegando a desmaiar. Logo ap\u00f3s foi levado ao hospital Alian\u00e7a, aonde permanece internado. Durante o dia de hoje(28) exames foram feitos no ex-vereador para saber as causas do mal estar. Os resultados dos exames, at\u00e9 o fechamento da mat\u00e9ria, nao foram divulgados. Por\u00e9m o<\/span><span style=\"color: #000000;\"> estado de sa\u00fade de Radiovaldo \u00e9 est\u00e1vel.<\/span><\/p><div class=\"newsi-conteudo_19\" id=\"newsi-1847121139\"><a href=\"https:\/\/www.instagram.com\/prefeituraalagoinhas?igsh=YzgzdDJ1bWR3aWI4\" aria-label=\"SAVE_20251006_221555\"><img loading=\"lazy\" decoding=\"async\" src=\"https:\/\/newsinfoco.com.br\/inicio\/wp-content\/uploads\/2025\/10\/SAVE_20251006_221555-rotated.jpg\" alt=\"\"  srcset=\"https:\/\/newsinfoco.com.br\/inicio\/wp-content\/uploads\/2025\/10\/SAVE_20251006_221555-rotated.jpg 1140w, https:\/\/newsinfoco.com.br\/inicio\/wp-content\/uploads\/2025\/10\/SAVE_20251006_221555-300x52.jpg 300w, https:\/\/newsinfoco.com.br\/inicio\/wp-content\/uploads\/2025\/10\/SAVE_20251006_221555-1024x177.jpg 1024w, https:\/\/newsinfoco.com.br\/inicio\/wp-content\/uploads\/2025\/10\/SAVE_20251006_221555-768x133.jpg 768w, https:\/\/newsinfoco.com.br\/inicio\/wp-content\/uploads\/2025\/10\/SAVE_20251006_221555-600x104.jpg 600w, https:\/\/newsinfoco.com.br\/inicio\/wp-content\/uploads\/2025\/10\/SAVE_20251006_221555-696x120.jpg 696w, https:\/\/newsinfoco.com.br\/inicio\/wp-content\/uploads\/2025\/10\/SAVE_20251006_221555-1068x185.jpg 1068w\" sizes=\"(max-width: 1140px) 100vw, 1140px\" width=\"1140\" height=\"197\"   \/><\/a><\/div>\n<h6 style=\"text-align: right;\"><span style=\"color: #999999;\">Por Caio Pimenta para o News Infoco<\/span><\/h6>\n<div class='share-to-whatsapp-wrapper'><div class='share-on-whsp'>Share on: <\/div><a data-text='Ex-vereador de Alagoinhas Radiovaldo Costa passa mal em aeroporto e \u00e9 internado em Hospital de Salvador' data-link='https:\/\/newsinfoco.com.br\/inicio\/ex-vereador-de-alagoinhas-radiovaldo-costa-passa-mal-em-aeroporto-e-e-internado-em-hospital-de-salvador\/' class='whatsapp-button whatsapp-share'>WhatsApp<\/a><div class='clear '><\/div><\/div>","protected":false},"excerpt":{"rendered":"<p>O ex-vereador de Alagoinhas e sindicalista Radiovaldo Costa passou mal e est\u00e1 internado em um hospital da capital baiana. De acordo com informa\u00e7\u00f5es colhidas pelo News Infoco, Radiovaldo passou mal ontem(27) quando estava a caminho do aeroporto, chegando a desmaiar. Logo ap\u00f3s foi levado ao hospital Alian\u00e7a, aonde permanece internado. Durante o dia de hoje(28) [&hellip;]<\/p>\n","protected":false},"author":1,"featured_media":1807,"comment_status":"open","ping_status":"open","sticky":false,"template":"","format":"standard","meta":{"om_disable_all_campaigns":false,"_exactmetrics_skip_tracking":false,"_exactmetrics_sitenote_active":false,"_exactmetrics_sitenote_note":"","_exactmetrics_sitenote_category":0,"footnotes":""},"categories":[38,30],"tags":[],"class_list":["post-1806","post","type-post","status-publish","format-standard","has-post-thumbnail","hentry","category-alagoinhas-e-regiao","category-destaque"],"aioseo_notices":[],"_links":{"self":[{"href":"https:\/\/newsinfoco.com.br\/inicio\/wp-json\/wp\/v2\/posts\/1806","targetHints":{"allow":["GET"]}}],"collection":[{"href":"https:\/\/newsinfoco.com.br\/inicio\/wp-json\/wp\/v2\/posts"}],"about":[{"href":"https:\/\/newsinfoco.com.br\/inicio\/wp-json\/wp\/v2\/types\/post"}],"author":[{"embeddable":true,"href":"https:\/\/newsinfoco.com.br\/inicio\/wp-json\/wp\/v2\/users\/1"}],"replies":[{"embeddable":true,"href":"https:\/\/newsinfoco.com.br\/inicio\/wp-json\/wp\/v2\/comments?post=1806"}],"version-history":[{"count":0,"href":"https:\/\/newsinfoco.com.br\/inicio\/wp-json\/wp\/v2\/posts\/1806\/revisions"}],"wp:featuredmedia":[{"embeddable":true,"href":"https:\/\/newsinfoco.com.br\/inicio\/wp-json\/wp\/v2\/media\/1807"}],"wp:attachment":[{"href":"https:\/\/newsinfoco.com.br\/inicio\/wp-json\/wp\/v2\/media?parent=1806"}],"wp:term":[{"taxonomy":"category","embeddable":true,"href":"https:\/\/newsinfoco.com.br\/inicio\/wp-json\/wp\/v2\/categories?post=1806"},{"taxonomy":"post_tag","embeddable":true,"href":"https:\/\/newsinfoco.com.br\/inicio\/wp-json\/wp\/v2\/tags?post=1806"}],"curies":[{"name":"wp","href":"https:\/\/api.w.org\/{rel}","templated":true}]}}