{"id":18063,"date":"2019-10-22T12:02:50","date_gmt":"2019-10-22T15:02:50","guid":{"rendered":"http:\/\/newsinfoco.com.br\/?p=18063"},"modified":"2019-10-22T12:08:24","modified_gmt":"2019-10-22T15:08:24","slug":"expo-alagoinhas-2019-apostara-em-outros-segmentos-para-compensar-a-ausencia-da-raca-girolando","status":"publish","type":"post","link":"https:\/\/newsinfoco.com.br\/inicio\/expo-alagoinhas-2019-apostara-em-outros-segmentos-para-compensar-a-ausencia-da-raca-girolando\/","title":{"rendered":"Expo Alagoinhas 2019 apostar\u00e1 em outros segmentos para compensar a aus\u00eancia da ra\u00e7a girolando"},"content":{"rendered":"<p style=\"text-align: justify;\">A Expo Alagoinhas 2019, que acontece entre os dias 30 de outubro e 4 de novembro, se caracteriza como uma feira do agroneg\u00f3cio e de divers\u00e3o para toda a regi\u00e3o. O secret\u00e1rio de Agricultura do munic\u00edpio, Geraldo Almeida, divulgou, no programa Primeira M\u00e3o, jornalistico matinal transmitido em cadeia pela r\u00e1dio Ouro Negro 100,5 FM e r\u00e1dio web 2 de julho, o mix de produtos e servi\u00e7os oferecidos, bem como os atrativos para as crian\u00e7as, com parque de divers\u00e3o e passeio em p\u00f4neis e mini touros, shows com bandas locais e uma grande variedade gastron\u00f4mica e de artesanatos.<\/p>\n<p style=\"text-align: justify;\">Esse ano, mesmo com a aus\u00eancia dos bovinos da ra\u00e7a Girolando, o brilho do evento n\u00e3o ser\u00e1 menor, garantiu o secret\u00e1rio. A n\u00e3o participa\u00e7\u00e3o desses produtores, que tradicionalmente fizeram dessa uma das maiores feiras de gado do Estado, \u00e9 muito lamentada e espera-se que eles retornem na pr\u00f3xima edi\u00e7\u00e3o, como deixou claro Geraldo Almeida em entrevista anterior ao programa. Haroldo Azi, \u00e2ncora do Primeira M\u00e3o, questionou como ser\u00e1 compensada essa lacuna. Almeida esclareceu que o epis\u00f3dio fez com que o evento fosse percebido dentro da sua real dimens\u00e3o, refer\u00eancia para v\u00e1rios segmentos da agropecu\u00e1ria, a exemplo do agricultores familiares que estar\u00e3o em maior n\u00famero esse ano. Tamb\u00e9m se procura fortalecer o repasse de conhecimento t\u00e9cnico para o setor, como tamb\u00e9m a sua vertente como mega acontecimento de lazer para Alagoinhas e munic\u00edpios vizinhos, permitindo dar \u00eanfase \u00e0 integra\u00e7\u00e3o regional.<\/p><div class=\"newsi-conteudo_19\" id=\"newsi-1218072973\"><a href=\"https:\/\/www.instagram.com\/prefeituraalagoinhas?igsh=YzgzdDJ1bWR3aWI4\" aria-label=\"SAVE_20251006_221555\"><img loading=\"lazy\" decoding=\"async\" src=\"https:\/\/newsinfoco.com.br\/inicio\/wp-content\/uploads\/2025\/10\/SAVE_20251006_221555-rotated.jpg\" alt=\"\"  srcset=\"https:\/\/newsinfoco.com.br\/inicio\/wp-content\/uploads\/2025\/10\/SAVE_20251006_221555-rotated.jpg 1140w, https:\/\/newsinfoco.com.br\/inicio\/wp-content\/uploads\/2025\/10\/SAVE_20251006_221555-300x52.jpg 300w, https:\/\/newsinfoco.com.br\/inicio\/wp-content\/uploads\/2025\/10\/SAVE_20251006_221555-1024x177.jpg 1024w, https:\/\/newsinfoco.com.br\/inicio\/wp-content\/uploads\/2025\/10\/SAVE_20251006_221555-768x133.jpg 768w, https:\/\/newsinfoco.com.br\/inicio\/wp-content\/uploads\/2025\/10\/SAVE_20251006_221555-600x104.jpg 600w, https:\/\/newsinfoco.com.br\/inicio\/wp-content\/uploads\/2025\/10\/SAVE_20251006_221555-696x120.jpg 696w, https:\/\/newsinfoco.com.br\/inicio\/wp-content\/uploads\/2025\/10\/SAVE_20251006_221555-1068x185.jpg 1068w\" sizes=\"(max-width: 1140px) 100vw, 1140px\" width=\"1140\" height=\"197\"   \/><\/a><\/div>\n<p style=\"text-align: justify;\">Outra mudan\u00e7a, as grandes bandas dessa vez n\u00e3o foram contratadas, deixando caminho aberto para o artista local, incentivando e fortalecendo a cultura pr\u00f3pria da regi\u00e3o. Haver\u00e1 tamb\u00e9m cursos como o de produ\u00e7\u00e3o de queijo e manteiga, culin\u00e1ria voltada para lanchonetes e restaurantes e outros mais t\u00e9cnicos como a vacina\u00e7\u00e3o contra doen\u00e7as como a brucelose. A abertura oficial, que ocorre dia 31 de outubro, contar\u00e1 com a presen\u00e7a de v\u00e1rios representantes estaduais ligados \u00e0 agropecu\u00e1ria, como presidente da Ag\u00eancia Defesa Agropecu\u00e1ria da Bahia &#8211; ADAB, \u00f3rg\u00e3o que montou um grande stand para a festa e o diretor da Companhia de Desenvolvimento e A\u00e7\u00e3o Regional (CAR).<\/p>\n<p style=\"text-align: justify;\"><strong><b>Fim dos fazendeiros de final de semana<\/b><\/strong>\u00a0\u2013 Alagoinhas, apesar de ter grandes criadores da ra\u00e7a leiteira girolando, vive uma retra\u00e7\u00e3o de sua produ\u00e7\u00e3o de leite. Durante muitos anos teve relevante papel na economia local, com o apoio do Governo do Estado \u00e0 cooperativa que comprova o montante extra\u00eddo, destinando-o a uma unidade \u00a0maior em Feira de Santana, que de l\u00e1, encaminhava o alimento para as ind\u00fastrias de pasteuriza\u00e7\u00e3o e extra\u00e7\u00e3o de derivados. Recentemente, a empresa de bebida lactea do munic\u00edpio deixou de comprar o leite in natura, optando pelo leite em p\u00f3, mas f\u00e1cil de armazenar. A Esta\u00e7\u00e3o Experimental da EBDA de Aramari, especializada em pesquisar e repassar conhecimentos t\u00e9cnicos, nesse segmento espec\u00edfico, foi invadida por entidades de agricultores sem terra. Para completar, a maioria dos produtores locais \u00e9 formada por meros \u201cfazendeiros de final de semana\u201d, sem condi\u00e7\u00f5es de competir no mercado, como enfatizou Haroldo Azi. \u00a0O comentarista ainda sugeriu que fossem realizadas feiras para esses pequenos produtores, pois, mesmo com toda a incapacidade competitiva, ainda representam uma parte importante da economia local. Geraldo informou que Alagoinhas tem grande condi\u00e7\u00e3o de ser competitiva no segmento, porque tem \u00e1gua em abundancia. Haroldo lembrou que o munic\u00edpio ainda tem o alimento para os animais, proveniente da sobra do processamento da cerveja.<\/p>\n<p style=\"text-align: justify;\">Veja na integra a entrevista concedida pelo secret\u00e1rio municipal de agricultura de Alagoinhas, Geraldo Almeida, ao programa Primeira M\u00e3o:<\/p>\n<p><iframe loading=\"lazy\" width=\"696\" height=\"392\" src=\"https:\/\/www.youtube.com\/embed\/Oa0prTydrwk?feature=oembed\" frameborder=\"0\" allow=\"accelerometer; autoplay; encrypted-media; gyroscope; picture-in-picture\" allowfullscreen><\/iframe><\/p>\n<p>&nbsp;<\/p>\n<p>Por Paulo Dias para o News Infoco<\/p>\n<div class='share-to-whatsapp-wrapper'><div class='share-on-whsp'>Share on: <\/div><a data-text='Expo Alagoinhas 2019 apostar\u00e1 em outros segmentos para compensar a aus\u00eancia da ra\u00e7a girolando' data-link='https:\/\/newsinfoco.com.br\/inicio\/expo-alagoinhas-2019-apostara-em-outros-segmentos-para-compensar-a-ausencia-da-raca-girolando\/' class='whatsapp-button whatsapp-share'>WhatsApp<\/a><div class='clear '><\/div><\/div>","protected":false},"excerpt":{"rendered":"<p>A Expo Alagoinhas 2019, que acontece entre os dias 30 de outubro e 4 de novembro, se caracteriza como uma feira do agroneg\u00f3cio e de divers\u00e3o para toda a regi\u00e3o. O secret\u00e1rio de Agricultura do munic\u00edpio, Geraldo Almeida, divulgou, no programa Primeira M\u00e3o, jornalistico matinal transmitido em cadeia pela r\u00e1dio Ouro Negro 100,5 FM e [&hellip;]<\/p>\n","protected":false},"author":1,"featured_media":18064,"comment_status":"open","ping_status":"open","sticky":false,"template":"","format":"standard","meta":{"om_disable_all_campaigns":false,"_exactmetrics_skip_tracking":false,"_exactmetrics_sitenote_active":false,"_exactmetrics_sitenote_note":"","_exactmetrics_sitenote_category":0,"footnotes":""},"categories":[38,30],"tags":[],"class_list":["post-18063","post","type-post","status-publish","format-standard","has-post-thumbnail","hentry","category-alagoinhas-e-regiao","category-destaque"],"aioseo_notices":[],"_links":{"self":[{"href":"https:\/\/newsinfoco.com.br\/inicio\/wp-json\/wp\/v2\/posts\/18063","targetHints":{"allow":["GET"]}}],"collection":[{"href":"https:\/\/newsinfoco.com.br\/inicio\/wp-json\/wp\/v2\/posts"}],"about":[{"href":"https:\/\/newsinfoco.com.br\/inicio\/wp-json\/wp\/v2\/types\/post"}],"author":[{"embeddable":true,"href":"https:\/\/newsinfoco.com.br\/inicio\/wp-json\/wp\/v2\/users\/1"}],"replies":[{"embeddable":true,"href":"https:\/\/newsinfoco.com.br\/inicio\/wp-json\/wp\/v2\/comments?post=18063"}],"version-history":[{"count":0,"href":"https:\/\/newsinfoco.com.br\/inicio\/wp-json\/wp\/v2\/posts\/18063\/revisions"}],"wp:featuredmedia":[{"embeddable":true,"href":"https:\/\/newsinfoco.com.br\/inicio\/wp-json\/wp\/v2\/media\/18064"}],"wp:attachment":[{"href":"https:\/\/newsinfoco.com.br\/inicio\/wp-json\/wp\/v2\/media?parent=18063"}],"wp:term":[{"taxonomy":"category","embeddable":true,"href":"https:\/\/newsinfoco.com.br\/inicio\/wp-json\/wp\/v2\/categories?post=18063"},{"taxonomy":"post_tag","embeddable":true,"href":"https:\/\/newsinfoco.com.br\/inicio\/wp-json\/wp\/v2\/tags?post=18063"}],"curies":[{"name":"wp","href":"https:\/\/api.w.org\/{rel}","templated":true}]}}