{"id":1809,"date":"2018-03-28T19:04:06","date_gmt":"2018-03-28T22:04:06","guid":{"rendered":"http:\/\/newsinfoco.com.br\/?p=1809"},"modified":"2018-03-28T19:27:27","modified_gmt":"2018-03-28T22:27:27","slug":"quero-que-se-f-quem-esta-do-lado-de-la-diz-tecnico-do-galicia-aos-jogadores-que-enfrentarao-o-atletico-de-alagoinhas-no-proximo-sabado31","status":"publish","type":"post","link":"https:\/\/newsinfoco.com.br\/inicio\/quero-que-se-f-quem-esta-do-lado-de-la-diz-tecnico-do-galicia-aos-jogadores-que-enfrentarao-o-atletico-de-alagoinhas-no-proximo-sabado31\/","title":{"rendered":"\u201cQuero que se f&#8230; quem est\u00e1 do lado de l\u00e1\u201d diz t\u00e9cnico do Gal\u00edcia aos jogadores que enfrentar\u00e3o o Atl\u00e9tico de Alagoinhas no pr\u00f3ximo s\u00e1bado(31))"},"content":{"rendered":"<p style=\"text-align: justify;\">O rec\u00e9m-contratado t\u00e9cnico do Galicia, Eduardo Bahia, chegou chegando. Apresentado na manh\u00e3 de hoje(28) no clube, o treinador n\u00e3o perdeu tempo, se reuniu com jogadores e para motivar o elenco utilizou um discurso inflamado e muito deselegante para com o advers\u00e1rio, o Atl\u00e9tico de Alagoinhas.<\/p>\n<p style=\"text-align: justify;\">O discurso foi gravado e o News Infoco teve acesso ao seu teor. Em um momento da palestra diz o treinador:\u00a0 &#8220;Vamos esquecer o que ficou para tr\u00e1s e s\u00e1bado vamos buscar os tr\u00eas pontos. Ah, \u00e9 o Atl\u00e9tico? Beleza. \u00c9 o Bahia? Quero que se f* quem est\u00e1 do lado de l\u00e1. O vocabul\u00e1rio \u00e9 esse! Eu quero que se f*! S\u00f3 para voc\u00eas terem uma ideia, eu n\u00e3o falo com treinador. N\u00e3o gosto de falar com treinador, porque ele quer o mesmo que eu quero. Ele quer que eu me f*. E eu quero que ele se f* tamb\u00e9m! Ent\u00e3o, para qu\u00ea eu vou falar com ele?&#8221;.<\/p><div class=\"newsi-conteudo_19\" id=\"newsi-2823916096\"><a href=\"https:\/\/www.instagram.com\/prefeituraalagoinhas?igsh=YzgzdDJ1bWR3aWI4\" aria-label=\"SAVE_20251006_221555\"><img loading=\"lazy\" decoding=\"async\" src=\"https:\/\/newsinfoco.com.br\/inicio\/wp-content\/uploads\/2025\/10\/SAVE_20251006_221555-rotated.jpg\" alt=\"\"  srcset=\"https:\/\/newsinfoco.com.br\/inicio\/wp-content\/uploads\/2025\/10\/SAVE_20251006_221555-rotated.jpg 1140w, https:\/\/newsinfoco.com.br\/inicio\/wp-content\/uploads\/2025\/10\/SAVE_20251006_221555-300x52.jpg 300w, https:\/\/newsinfoco.com.br\/inicio\/wp-content\/uploads\/2025\/10\/SAVE_20251006_221555-1024x177.jpg 1024w, https:\/\/newsinfoco.com.br\/inicio\/wp-content\/uploads\/2025\/10\/SAVE_20251006_221555-768x133.jpg 768w, https:\/\/newsinfoco.com.br\/inicio\/wp-content\/uploads\/2025\/10\/SAVE_20251006_221555-600x104.jpg 600w, https:\/\/newsinfoco.com.br\/inicio\/wp-content\/uploads\/2025\/10\/SAVE_20251006_221555-696x120.jpg 696w, https:\/\/newsinfoco.com.br\/inicio\/wp-content\/uploads\/2025\/10\/SAVE_20251006_221555-1068x185.jpg 1068w\" sizes=\"(max-width: 1140px) 100vw, 1140px\" width=\"1140\" height=\"197\"   \/><\/a><\/div>\n<p style=\"text-align: justify;\">Acompanhe na integra o \u00e1udio que o News Infoco teve acesso:<\/p>\n<!--[if lt IE 9]><script>document.createElement('audio');<\/script><![endif]-->\n<audio class=\"wp-audio-shortcode\" id=\"audio-1809-1\" preload=\"none\" style=\"width: 100%;\" controls=\"controls\"><source type=\"audio\/mpeg\" src=\"http:\/\/newsinfoco.com.br\/wp-content\/uploads\/2018\/03\/AUD-20180328-WA0059.mp3?_=1\" \/><a href=\"http:\/\/newsinfoco.com.br\/wp-content\/uploads\/2018\/03\/AUD-20180328-WA0059.mp3\">http:\/\/newsinfoco.com.br\/wp-content\/uploads\/2018\/03\/AUD-20180328-WA0059.mp3<\/a><\/audio>\n<p>&nbsp;<\/p>\n<h6 style=\"text-align: right;\"><span style=\"color: #999999;\">Por Caio Pimenta com a colabora\u00e7\u00e3o de Andr\u00e9 Luiz para o News Infoco<\/span><\/h6>\n<p>&nbsp;<\/p>\n<div class='share-to-whatsapp-wrapper'><div class='share-on-whsp'>Share on: <\/div><a data-text='\u201cQuero que se f... quem est\u00e1 do lado de l\u00e1\u201d diz t\u00e9cnico do Gal\u00edcia aos jogadores que enfrentar\u00e3o o Atl\u00e9tico de Alagoinhas no pr\u00f3ximo s\u00e1bado(31))' data-link='https:\/\/newsinfoco.com.br\/inicio\/quero-que-se-f-quem-esta-do-lado-de-la-diz-tecnico-do-galicia-aos-jogadores-que-enfrentarao-o-atletico-de-alagoinhas-no-proximo-sabado31\/' class='whatsapp-button whatsapp-share'>WhatsApp<\/a><div class='clear '><\/div><\/div>","protected":false},"excerpt":{"rendered":"<p>O rec\u00e9m-contratado t\u00e9cnico do Galicia, Eduardo Bahia, chegou chegando. Apresentado na manh\u00e3 de hoje(28) no clube, o treinador n\u00e3o perdeu tempo, se reuniu com jogadores e para motivar o elenco utilizou um discurso inflamado e muito deselegante para com o advers\u00e1rio, o Atl\u00e9tico de Alagoinhas. O discurso foi gravado e o News Infoco teve acesso [&hellip;]<\/p>\n","protected":false},"author":1,"featured_media":1811,"comment_status":"open","ping_status":"open","sticky":false,"template":"","format":"standard","meta":{"om_disable_all_campaigns":false,"_exactmetrics_skip_tracking":false,"_exactmetrics_sitenote_active":false,"_exactmetrics_sitenote_note":"","_exactmetrics_sitenote_category":0,"footnotes":""},"categories":[30,36],"tags":[],"class_list":["post-1809","post","type-post","status-publish","format-standard","has-post-thumbnail","hentry","category-destaque","category-esporte"],"aioseo_notices":[],"_links":{"self":[{"href":"https:\/\/newsinfoco.com.br\/inicio\/wp-json\/wp\/v2\/posts\/1809","targetHints":{"allow":["GET"]}}],"collection":[{"href":"https:\/\/newsinfoco.com.br\/inicio\/wp-json\/wp\/v2\/posts"}],"about":[{"href":"https:\/\/newsinfoco.com.br\/inicio\/wp-json\/wp\/v2\/types\/post"}],"author":[{"embeddable":true,"href":"https:\/\/newsinfoco.com.br\/inicio\/wp-json\/wp\/v2\/users\/1"}],"replies":[{"embeddable":true,"href":"https:\/\/newsinfoco.com.br\/inicio\/wp-json\/wp\/v2\/comments?post=1809"}],"version-history":[{"count":0,"href":"https:\/\/newsinfoco.com.br\/inicio\/wp-json\/wp\/v2\/posts\/1809\/revisions"}],"wp:featuredmedia":[{"embeddable":true,"href":"https:\/\/newsinfoco.com.br\/inicio\/wp-json\/wp\/v2\/media\/1811"}],"wp:attachment":[{"href":"https:\/\/newsinfoco.com.br\/inicio\/wp-json\/wp\/v2\/media?parent=1809"}],"wp:term":[{"taxonomy":"category","embeddable":true,"href":"https:\/\/newsinfoco.com.br\/inicio\/wp-json\/wp\/v2\/categories?post=1809"},{"taxonomy":"post_tag","embeddable":true,"href":"https:\/\/newsinfoco.com.br\/inicio\/wp-json\/wp\/v2\/tags?post=1809"}],"curies":[{"name":"wp","href":"https:\/\/api.w.org\/{rel}","templated":true}]}}