{"id":181,"date":"2018-02-24T10:06:47","date_gmt":"2018-02-24T13:06:47","guid":{"rendered":"http:\/\/newsinfoco.com.br\/?p=181"},"modified":"2018-02-24T10:06:47","modified_gmt":"2018-02-24T13:06:47","slug":"temer-quer-imposto-para-custear-seguranca","status":"publish","type":"post","link":"https:\/\/newsinfoco.com.br\/inicio\/temer-quer-imposto-para-custear-seguranca\/","title":{"rendered":"Temer quer imposto para custear seguran\u00e7a"},"content":{"rendered":"<p style=\"text-align: justify;\"><span style=\"color: #000000;\">O presidente da C\u00e2mara dos Deputados, Rodrigo Maia (DEM-RJ), disse ontem, 22, que o presidente Michel Temer apresentou em conversas nos \u00faltimos dias uma proposta de cria\u00e7\u00e3o de um imposto para custear gastos com seguran\u00e7a p\u00fablica no Brasil. Maia, no entanto, classificou a medida como \u201cinvi\u00e1vel\u201d. &#8220;Expliquei: \u00e9 invi\u00e1vel, porque, por lei, tem que ser (valer) para o pr\u00f3ximo ano e, por emenda constitucional n\u00e3o pode por causa do decreto (que autorizou interven\u00e7\u00e3o federal na seguran\u00e7a do Estado do Rio)&#8221;, declarou Maia em r\u00e1pida entrevista na C\u00e2mara. O ministro da Secretaria de Governo, Carlos Marun (MDB), por sua vez, afirmou n\u00e3o ter conhecimento sobre a possibilidade de se criar o imposto. &#8220;N\u00e3o tenho conhecimento de nada nesse sentido. Nunca ouvi falar nada sobre isso&#8221;, declarou.<\/span><\/p>\n<p style=\"text-align: justify;\"><span style=\"color: #000000;\">OR\u00c7AMENTO &#8211; Sem a possibilidade de mexer na Constitui\u00e7\u00e3o para aprovar uma flexibiliza\u00e7\u00e3o na chamada &#8220;regra de ouro&#8221; do Or\u00e7amento, que impede a emiss\u00e3o de t\u00edtulos da d\u00edvida para pagar despesas como sal\u00e1rios, o presidente da C\u00e2mara, Rodrigo Maia (DEM-RJ), defendeu ontem, que \u00e9 preciso encontrar uma solu\u00e7\u00e3o para prever a edi\u00e7\u00e3o de cr\u00e9ditos suplementares (a \u00fanica ressalva que permite o descumprimento a norma) j\u00e1 na elabora\u00e7\u00e3o da proposta de Or\u00e7amento de 2019. A viola\u00e7\u00e3o da regra de ouro \u00e9 crime de responsabilidade dos gestores, inclusive do presidente da Rep\u00fablica.<\/span><\/p><div class=\"newsi-conteudo_19\" id=\"newsi-1226799238\"><a href=\"https:\/\/www.instagram.com\/prefeituraalagoinhas?igsh=YzgzdDJ1bWR3aWI4\" aria-label=\"SAVE_20251006_221555\"><img loading=\"lazy\" decoding=\"async\" src=\"https:\/\/newsinfoco.com.br\/inicio\/wp-content\/uploads\/2025\/10\/SAVE_20251006_221555-rotated.jpg\" alt=\"\"  srcset=\"https:\/\/newsinfoco.com.br\/inicio\/wp-content\/uploads\/2025\/10\/SAVE_20251006_221555-rotated.jpg 1140w, https:\/\/newsinfoco.com.br\/inicio\/wp-content\/uploads\/2025\/10\/SAVE_20251006_221555-300x52.jpg 300w, https:\/\/newsinfoco.com.br\/inicio\/wp-content\/uploads\/2025\/10\/SAVE_20251006_221555-1024x177.jpg 1024w, https:\/\/newsinfoco.com.br\/inicio\/wp-content\/uploads\/2025\/10\/SAVE_20251006_221555-768x133.jpg 768w, https:\/\/newsinfoco.com.br\/inicio\/wp-content\/uploads\/2025\/10\/SAVE_20251006_221555-600x104.jpg 600w, https:\/\/newsinfoco.com.br\/inicio\/wp-content\/uploads\/2025\/10\/SAVE_20251006_221555-696x120.jpg 696w, https:\/\/newsinfoco.com.br\/inicio\/wp-content\/uploads\/2025\/10\/SAVE_20251006_221555-1068x185.jpg 1068w\" sizes=\"(max-width: 1140px) 100vw, 1140px\" width=\"1140\" height=\"197\"   \/><\/a><\/div>\n<p style=\"text-align: justify;\"><span style=\"color: #000000;\">Como mostrou na ter\u00e7a-feira o Estad\u00e3o, estudo t\u00e9cnico das consultorias de Or\u00e7amento da C\u00e2mara e do Senado sustenta que essa ressalva vale apenas para o per\u00edodo de execu\u00e7\u00e3o or\u00e7ament\u00e1ria &#8211; ou seja, poder\u00e1 ser acionada apenas no exerc\u00edcio de 2019. Enquanto isso, o governo precisaria arranjar uma alternativa para cumprir a &#8220;regra de ouro&#8221; na proposta or\u00e7ament\u00e1ria do ano que vem para evitar a viola\u00e7\u00e3o da norma. A reportagem mostrou ainda que essa tese \u00e9 compartilhada por t\u00e9cnicos do Tribunal de Contas da Uni\u00e3o (TCU) e do pr\u00f3prio governo.<\/span><\/p>\n<p style=\"text-align: justify;\"><span style=\"color: #000000;\">Maia contestou esse entendimento e disse que, na sua vis\u00e3o, se a edi\u00e7\u00e3o do cr\u00e9dito suplementar \u00e9 prevista como exce\u00e7\u00e3o \u00e0 regra de ouro, ela precisa poder ser registrada na proposta or\u00e7ament\u00e1ria. As despesas previstas em cr\u00e9dito suplementar, mesmo que sejam gastos correntes, podem ser financiadas com t\u00edtulos da d\u00edvida p\u00fablica sem ferir a regra de ouro. O TCU, no entanto, avalia que prever esse mecanismo j\u00e1 no projeto de Or\u00e7amento seria subestimar propositalmente as despesas, o que poderia ser considerado maquiagem nas contas.<\/span><\/p>\n<h6 style=\"text-align: right;\"><span style=\"color: #999999;\">Fonte:Tribunadabahia<\/span><\/h6>\n<div class='share-to-whatsapp-wrapper'><div class='share-on-whsp'>Share on: <\/div><a data-text='Temer quer imposto para custear seguran\u00e7a' data-link='https:\/\/newsinfoco.com.br\/inicio\/temer-quer-imposto-para-custear-seguranca\/' class='whatsapp-button whatsapp-share'>WhatsApp<\/a><div class='clear '><\/div><\/div>","protected":false},"excerpt":{"rendered":"<p>O presidente da C\u00e2mara dos Deputados, Rodrigo Maia (DEM-RJ), disse ontem, 22, que o presidente Michel Temer apresentou em conversas nos \u00faltimos dias uma proposta de cria\u00e7\u00e3o de um imposto para custear gastos com seguran\u00e7a p\u00fablica no Brasil. Maia, no entanto, classificou a medida como \u201cinvi\u00e1vel\u201d. &#8220;Expliquei: \u00e9 invi\u00e1vel, porque, por lei, tem que ser [&hellip;]<\/p>\n","protected":false},"author":1,"featured_media":182,"comment_status":"open","ping_status":"open","sticky":false,"template":"","format":"standard","meta":{"om_disable_all_campaigns":false,"_exactmetrics_skip_tracking":false,"_exactmetrics_sitenote_active":false,"_exactmetrics_sitenote_note":"","_exactmetrics_sitenote_category":0,"footnotes":""},"categories":[31],"tags":[],"class_list":["post-181","post","type-post","status-publish","format-standard","has-post-thumbnail","hentry","category-economia"],"aioseo_notices":[],"_links":{"self":[{"href":"https:\/\/newsinfoco.com.br\/inicio\/wp-json\/wp\/v2\/posts\/181","targetHints":{"allow":["GET"]}}],"collection":[{"href":"https:\/\/newsinfoco.com.br\/inicio\/wp-json\/wp\/v2\/posts"}],"about":[{"href":"https:\/\/newsinfoco.com.br\/inicio\/wp-json\/wp\/v2\/types\/post"}],"author":[{"embeddable":true,"href":"https:\/\/newsinfoco.com.br\/inicio\/wp-json\/wp\/v2\/users\/1"}],"replies":[{"embeddable":true,"href":"https:\/\/newsinfoco.com.br\/inicio\/wp-json\/wp\/v2\/comments?post=181"}],"version-history":[{"count":0,"href":"https:\/\/newsinfoco.com.br\/inicio\/wp-json\/wp\/v2\/posts\/181\/revisions"}],"wp:featuredmedia":[{"embeddable":true,"href":"https:\/\/newsinfoco.com.br\/inicio\/wp-json\/wp\/v2\/media\/182"}],"wp:attachment":[{"href":"https:\/\/newsinfoco.com.br\/inicio\/wp-json\/wp\/v2\/media?parent=181"}],"wp:term":[{"taxonomy":"category","embeddable":true,"href":"https:\/\/newsinfoco.com.br\/inicio\/wp-json\/wp\/v2\/categories?post=181"},{"taxonomy":"post_tag","embeddable":true,"href":"https:\/\/newsinfoco.com.br\/inicio\/wp-json\/wp\/v2\/tags?post=181"}],"curies":[{"name":"wp","href":"https:\/\/api.w.org\/{rel}","templated":true}]}}