{"id":18542,"date":"2019-11-07T22:29:30","date_gmt":"2019-11-08T00:29:30","guid":{"rendered":"http:\/\/newsinfoco.com.br\/?p=18542"},"modified":"2019-11-07T22:29:30","modified_gmt":"2019-11-08T00:29:30","slug":"populacao-de-inhambupe-horrorizada-com-estupro-de-menina-de-12-anos","status":"publish","type":"post","link":"https:\/\/newsinfoco.com.br\/inicio\/populacao-de-inhambupe-horrorizada-com-estupro-de-menina-de-12-anos\/","title":{"rendered":"Popula\u00e7\u00e3o de Inhambupe horrorizada com estupro de menina de 12 anos"},"content":{"rendered":"<p style=\"text-align: justify;\">A popula\u00e7\u00e3o do munic\u00edpio de Inhambupe est\u00e1 chocada com a barbaridade de uma crime de pedofilia, cometido por uma homem de 48 anos, sem antecedentes criminais, que abusou de sua enteada de apenas 12 anos, segundo informa\u00e7\u00f5es de Luciano Reis, para o programa Primeira M\u00e3o, nesta quinta-feira(07). O indiv\u00edduo foi preso na casa de seu pai, de onde tentou fugir ao notar a presen\u00e7a da pol\u00edcia. O crime exp\u00f4s a delicadeza da situa\u00e7\u00e3o de vulner\u00e1veis frente a uma sociedade que se brutaliza, se insensibiliza, como tamb\u00e9m \u00e9 acometida de transtornos de toda a sorte. Lembrando que estudos mostram a pedofilia sendo cometida, em grande parte, por familiares e pessoas que t\u00eam acesso \u00e0 casa da crian\u00e7a.<\/p>\n<p style=\"text-align: justify;\">No correr da semana, a loja da Ricardo Eletro foi arrombada, mostrando que algo muito errado est\u00e1 acontecendo, de fato, com a seguran\u00e7a p\u00fablica do Estado. A certeza da impunidade no munic\u00edpio \u00e9 muito grande. Por outro lado, houve a morte de um jovem de 17 anos de idade, resultado de um tiroteio com pol\u00edcia, entre a Pra\u00e7a da Saudade e o Murilo Cavalcante. Seu comparsa se entregou, encontra-se em deten\u00e7\u00e3o. A dupla aterrorizava o Pedro Braga, o 10 de Novembro e a margem da linha do Barreiro.<\/p>\n<p style=\"text-align: justify;\">Acompanhe a participa\u00e7\u00e3o de Luciano Reis com as noticias policiais no programa Primeira M\u00e3o:<\/p>\n<p><iframe loading=\"lazy\" width=\"696\" height=\"392\" src=\"https:\/\/www.youtube.com\/embed\/-JYTtcNEFOM?start=2&#038;feature=oembed\" frameborder=\"0\" allow=\"accelerometer; autoplay; encrypted-media; gyroscope; picture-in-picture\" allowfullscreen><\/iframe><\/p>\n<p>Por Paulo Dias para o News Infoco<\/p>\n<div class='share-to-whatsapp-wrapper'><div class='share-on-whsp'>Share on: <\/div><a data-text='Popula\u00e7\u00e3o de Inhambupe horrorizada com estupro de menina de 12 anos' data-link='https:\/\/newsinfoco.com.br\/inicio\/populacao-de-inhambupe-horrorizada-com-estupro-de-menina-de-12-anos\/' class='whatsapp-button whatsapp-share'>WhatsApp<\/a><div class='clear '><\/div><\/div>","protected":false},"excerpt":{"rendered":"<p>A popula\u00e7\u00e3o do munic\u00edpio de Inhambupe est\u00e1 chocada com a barbaridade de uma crime de pedofilia, cometido por uma homem de 48 anos, sem antecedentes criminais, que abusou de sua enteada de apenas 12 anos, segundo informa\u00e7\u00f5es de Luciano Reis, para o programa Primeira M\u00e3o, nesta quinta-feira(07). O indiv\u00edduo foi preso na casa de seu [&hellip;]<\/p>\n","protected":false},"author":1,"featured_media":18339,"comment_status":"open","ping_status":"open","sticky":false,"template":"","format":"standard","meta":{"om_disable_all_campaigns":false,"rop_custom_images_group":[],"rop_custom_messages_group":[],"rop_publish_now":"initial","rop_publish_now_accounts":[],"rop_publish_now_history":[],"rop_publish_now_status":"pending","_exactmetrics_skip_tracking":false,"footnotes":""},"categories":[38,30],"tags":[],"class_list":["post-18542","post","type-post","status-publish","format-standard","has-post-thumbnail","hentry","category-alagoinhas-e-regiao","category-destaque"],"aioseo_notices":[],"aioseo_head":"\n\t\t<!-- All in One SEO 4.9.10 - aioseo.com -->\n\t<meta name=\"description\" content=\"A popula\u00e7\u00e3o do munic\u00edpio de Inhambupe est\u00e1 chocada com a barbaridade de uma crime de pedofilia, cometido por uma homem de 48 anos, sem antecedentes criminais, que abusou de sua enteada de apenas 12 anos, segundo informa\u00e7\u00f5es de Luciano Reis, para o programa Primeira M\u00e3o, nesta quinta-feira(07). O indiv\u00edduo foi preso na casa de seu\" \/>\n\t<meta name=\"robots\" content=\"max-image-preview:large\" \/>\n\t<meta name=\"author\" content=\"administrador\"\/>\n\t<link rel=\"canonical\" href=\"https:\/\/newsinfoco.com.br\/inicio\/populacao-de-inhambupe-horrorizada-com-estupro-de-menina-de-12-anos\/\" \/>\n\t<meta name=\"generator\" content=\"All in One SEO (AIOSEO) 4.9.10\" \/>\n\t\t<meta property=\"og:locale\" content=\"pt_BR\" \/>\n\t\t<meta property=\"og:site_name\" content=\"News In Foco - Editado por Caio Pimenta - O principal site de noticias de Alagoinhas e regi\u00e3o\" \/>\n\t\t<meta property=\"og:type\" content=\"article\" \/>\n\t\t<meta property=\"og:title\" content=\"Popula\u00e7\u00e3o de Inhambupe horrorizada com estupro de menina de 12 anos - News In Foco - Editado por Caio Pimenta\" \/>\n\t\t<meta property=\"og:description\" content=\"A popula\u00e7\u00e3o do munic\u00edpio de Inhambupe est\u00e1 chocada com a barbaridade de uma crime de pedofilia, cometido por uma homem de 48 anos, sem antecedentes criminais, que abusou de sua enteada de apenas 12 anos, segundo informa\u00e7\u00f5es de Luciano Reis, para o programa Primeira M\u00e3o, nesta quinta-feira(07). O indiv\u00edduo foi preso na casa de seu\" \/>\n\t\t<meta property=\"og:url\" content=\"https:\/\/newsinfoco.com.br\/inicio\/populacao-de-inhambupe-horrorizada-com-estupro-de-menina-de-12-anos\/\" \/>\n\t\t<meta property=\"article:published_time\" content=\"2019-11-08T00:29:30+00:00\" \/>\n\t\t<meta property=\"article:modified_time\" content=\"2019-11-08T00:29:30+00:00\" \/>\n\t\t<meta name=\"twitter:card\" content=\"summary_large_image\" \/>\n\t\t<meta name=\"twitter:title\" content=\"Popula\u00e7\u00e3o de Inhambupe horrorizada com estupro de menina de 12 anos - News In Foco - Editado por Caio Pimenta\" \/>\n\t\t<meta name=\"twitter:description\" content=\"A popula\u00e7\u00e3o do munic\u00edpio de Inhambupe est\u00e1 chocada com a barbaridade de uma crime de pedofilia, cometido por uma homem de 48 anos, sem antecedentes criminais, que abusou de sua enteada de apenas 12 anos, segundo informa\u00e7\u00f5es de Luciano Reis, para o programa Primeira M\u00e3o, nesta quinta-feira(07). O indiv\u00edduo foi preso na casa de seu\" \/>\n\t\t<script type=\"application\/ld+json\" class=\"aioseo-schema\">\n\t\t\t{\"@context\":\"https:\\\/\\\/schema.org\",\"@graph\":[{\"@type\":\"BlogPosting\",\"@id\":\"https:\\\/\\\/newsinfoco.com.br\\\/inicio\\\/populacao-de-inhambupe-horrorizada-com-estupro-de-menina-de-12-anos\\\/#blogposting\",\"name\":\"Popula\\u00e7\\u00e3o de Inhambupe horrorizada com estupro de menina de 12 anos - News In Foco - Editado por Caio Pimenta\",\"headline\":\"Popula\\u00e7\\u00e3o de Inhambupe horrorizada com estupro de menina de 12 anos\",\"author\":{\"@id\":\"https:\\\/\\\/newsinfoco.com.br\\\/inicio\\\/author\\\/administrador\\\/#author\"},\"publisher\":{\"@id\":\"https:\\\/\\\/newsinfoco.com.br\\\/inicio\\\/#organization\"},\"image\":{\"@type\":\"ImageObject\",\"url\":\"https:\\\/\\\/newsinfoco.com.br\\\/inicio\\\/wp-content\\\/uploads\\\/2019\\\/11\\\/Noticia-policial.jpg\",\"width\":473,\"height\":315},\"datePublished\":\"2019-11-07T22:29:30-03:00\",\"dateModified\":\"2019-11-07T22:29:30-03:00\",\"inLanguage\":\"pt-BR\",\"mainEntityOfPage\":{\"@id\":\"https:\\\/\\\/newsinfoco.com.br\\\/inicio\\\/populacao-de-inhambupe-horrorizada-com-estupro-de-menina-de-12-anos\\\/#webpage\"},\"isPartOf\":{\"@id\":\"https:\\\/\\\/newsinfoco.com.br\\\/inicio\\\/populacao-de-inhambupe-horrorizada-com-estupro-de-menina-de-12-anos\\\/#webpage\"},\"articleSection\":\"Alagoinhas e Regi\\u00e3o, Destaque\"},{\"@type\":\"BreadcrumbList\",\"@id\":\"https:\\\/\\\/newsinfoco.com.br\\\/inicio\\\/populacao-de-inhambupe-horrorizada-com-estupro-de-menina-de-12-anos\\\/#breadcrumblist\",\"itemListElement\":[{\"@type\":\"ListItem\",\"@id\":\"https:\\\/\\\/newsinfoco.com.br\\\/inicio#listItem\",\"position\":1,\"name\":\"In\\u00edcio\",\"item\":\"https:\\\/\\\/newsinfoco.com.br\\\/inicio\",\"nextItem\":{\"@type\":\"ListItem\",\"@id\":\"https:\\\/\\\/newsinfoco.com.br\\\/inicio\\\/category\\\/destaque\\\/#listItem\",\"name\":\"Destaque\"}},{\"@type\":\"ListItem\",\"@id\":\"https:\\\/\\\/newsinfoco.com.br\\\/inicio\\\/category\\\/destaque\\\/#listItem\",\"position\":2,\"name\":\"Destaque\",\"item\":\"https:\\\/\\\/newsinfoco.com.br\\\/inicio\\\/category\\\/destaque\\\/\",\"nextItem\":{\"@type\":\"ListItem\",\"@id\":\"https:\\\/\\\/newsinfoco.com.br\\\/inicio\\\/populacao-de-inhambupe-horrorizada-com-estupro-de-menina-de-12-anos\\\/#listItem\",\"name\":\"Popula\\u00e7\\u00e3o de Inhambupe horrorizada com estupro de menina de 12 anos\"},\"previousItem\":{\"@type\":\"ListItem\",\"@id\":\"https:\\\/\\\/newsinfoco.com.br\\\/inicio#listItem\",\"name\":\"In\\u00edcio\"}},{\"@type\":\"ListItem\",\"@id\":\"https:\\\/\\\/newsinfoco.com.br\\\/inicio\\\/populacao-de-inhambupe-horrorizada-com-estupro-de-menina-de-12-anos\\\/#listItem\",\"position\":3,\"name\":\"Popula\\u00e7\\u00e3o de Inhambupe horrorizada com estupro de menina de 12 anos\",\"previousItem\":{\"@type\":\"ListItem\",\"@id\":\"https:\\\/\\\/newsinfoco.com.br\\\/inicio\\\/category\\\/destaque\\\/#listItem\",\"name\":\"Destaque\"}}]},{\"@type\":\"Organization\",\"@id\":\"https:\\\/\\\/newsinfoco.com.br\\\/inicio\\\/#organization\",\"name\":\"News In Foco - Editado por Caio Pimenta\",\"description\":\"O principal site de noticias de Alagoinhas e regi\\u00e3o\",\"url\":\"https:\\\/\\\/newsinfoco.com.br\\\/inicio\\\/\"},{\"@type\":\"Person\",\"@id\":\"https:\\\/\\\/newsinfoco.com.br\\\/inicio\\\/author\\\/administrador\\\/#author\",\"url\":\"https:\\\/\\\/newsinfoco.com.br\\\/inicio\\\/author\\\/administrador\\\/\",\"name\":\"administrador\",\"image\":{\"@type\":\"ImageObject\",\"@id\":\"https:\\\/\\\/newsinfoco.com.br\\\/inicio\\\/populacao-de-inhambupe-horrorizada-com-estupro-de-menina-de-12-anos\\\/#authorImage\",\"url\":\"https:\\\/\\\/secure.gravatar.com\\\/avatar\\\/c17a617433de8c1dc9584bb79aab7563b46f5bb7e1728c9b17d9cc3ce6a08e49?s=96&d=mm&r=g\",\"width\":96,\"height\":96,\"caption\":\"administrador\"}},{\"@type\":\"WebPage\",\"@id\":\"https:\\\/\\\/newsinfoco.com.br\\\/inicio\\\/populacao-de-inhambupe-horrorizada-com-estupro-de-menina-de-12-anos\\\/#webpage\",\"url\":\"https:\\\/\\\/newsinfoco.com.br\\\/inicio\\\/populacao-de-inhambupe-horrorizada-com-estupro-de-menina-de-12-anos\\\/\",\"name\":\"Popula\\u00e7\\u00e3o de Inhambupe horrorizada com estupro de menina de 12 anos - News In Foco - Editado por Caio Pimenta\",\"description\":\"A popula\\u00e7\\u00e3o do munic\\u00edpio de Inhambupe est\\u00e1 chocada com a barbaridade de uma crime de pedofilia, cometido por uma homem de 48 anos, sem antecedentes criminais, que abusou de sua enteada de apenas 12 anos, segundo informa\\u00e7\\u00f5es de Luciano Reis, para o programa Primeira M\\u00e3o, nesta quinta-feira(07). O indiv\\u00edduo foi preso na casa de seu\",\"inLanguage\":\"pt-BR\",\"isPartOf\":{\"@id\":\"https:\\\/\\\/newsinfoco.com.br\\\/inicio\\\/#website\"},\"breadcrumb\":{\"@id\":\"https:\\\/\\\/newsinfoco.com.br\\\/inicio\\\/populacao-de-inhambupe-horrorizada-com-estupro-de-menina-de-12-anos\\\/#breadcrumblist\"},\"author\":{\"@id\":\"https:\\\/\\\/newsinfoco.com.br\\\/inicio\\\/author\\\/administrador\\\/#author\"},\"creator\":{\"@id\":\"https:\\\/\\\/newsinfoco.com.br\\\/inicio\\\/author\\\/administrador\\\/#author\"},\"image\":{\"@type\":\"ImageObject\",\"url\":\"https:\\\/\\\/newsinfoco.com.br\\\/inicio\\\/wp-content\\\/uploads\\\/2019\\\/11\\\/Noticia-policial.jpg\",\"@id\":\"https:\\\/\\\/newsinfoco.com.br\\\/inicio\\\/populacao-de-inhambupe-horrorizada-com-estupro-de-menina-de-12-anos\\\/#mainImage\",\"width\":473,\"height\":315},\"primaryImageOfPage\":{\"@id\":\"https:\\\/\\\/newsinfoco.com.br\\\/inicio\\\/populacao-de-inhambupe-horrorizada-com-estupro-de-menina-de-12-anos\\\/#mainImage\"},\"datePublished\":\"2019-11-07T22:29:30-03:00\",\"dateModified\":\"2019-11-07T22:29:30-03:00\"},{\"@type\":\"WebSite\",\"@id\":\"https:\\\/\\\/newsinfoco.com.br\\\/inicio\\\/#website\",\"url\":\"https:\\\/\\\/newsinfoco.com.br\\\/inicio\\\/\",\"name\":\"News In Foco - Editado por Caio Pimenta\",\"description\":\"O principal site de noticias de Alagoinhas e regi\\u00e3o\",\"inLanguage\":\"pt-BR\",\"publisher\":{\"@id\":\"https:\\\/\\\/newsinfoco.com.br\\\/inicio\\\/#organization\"}}]}\n\t\t<\/script>\n\t\t<!-- All in One SEO -->\n\n","aioseo_head_json":{"title":"Popula\u00e7\u00e3o de Inhambupe horrorizada com estupro de menina de 12 anos - News In Foco - Editado por Caio Pimenta","description":"A popula\u00e7\u00e3o do munic\u00edpio de Inhambupe est\u00e1 chocada com a barbaridade de uma crime de pedofilia, cometido por uma homem de 48 anos, sem antecedentes criminais, que abusou de sua enteada de apenas 12 anos, segundo informa\u00e7\u00f5es de Luciano Reis, para o programa Primeira M\u00e3o, nesta quinta-feira(07). O indiv\u00edduo foi preso na casa de seu","canonical_url":"https:\/\/newsinfoco.com.br\/inicio\/populacao-de-inhambupe-horrorizada-com-estupro-de-menina-de-12-anos\/","robots":"max-image-preview:large","keywords":"","webmasterTools":{"miscellaneous":""},"schema":{"@context":"https:\/\/schema.org","@graph":[{"@type":"BlogPosting","@id":"https:\/\/newsinfoco.com.br\/inicio\/populacao-de-inhambupe-horrorizada-com-estupro-de-menina-de-12-anos\/#blogposting","name":"Popula\u00e7\u00e3o de Inhambupe horrorizada com estupro de menina de 12 anos - News In Foco - Editado por Caio Pimenta","headline":"Popula\u00e7\u00e3o de Inhambupe horrorizada com estupro de menina de 12 anos","author":{"@id":"https:\/\/newsinfoco.com.br\/inicio\/author\/administrador\/#author"},"publisher":{"@id":"https:\/\/newsinfoco.com.br\/inicio\/#organization"},"image":{"@type":"ImageObject","url":"https:\/\/newsinfoco.com.br\/inicio\/wp-content\/uploads\/2019\/11\/Noticia-policial.jpg","width":473,"height":315},"datePublished":"2019-11-07T22:29:30-03:00","dateModified":"2019-11-07T22:29:30-03:00","inLanguage":"pt-BR","mainEntityOfPage":{"@id":"https:\/\/newsinfoco.com.br\/inicio\/populacao-de-inhambupe-horrorizada-com-estupro-de-menina-de-12-anos\/#webpage"},"isPartOf":{"@id":"https:\/\/newsinfoco.com.br\/inicio\/populacao-de-inhambupe-horrorizada-com-estupro-de-menina-de-12-anos\/#webpage"},"articleSection":"Alagoinhas e Regi\u00e3o, Destaque"},{"@type":"BreadcrumbList","@id":"https:\/\/newsinfoco.com.br\/inicio\/populacao-de-inhambupe-horrorizada-com-estupro-de-menina-de-12-anos\/#breadcrumblist","itemListElement":[{"@type":"ListItem","@id":"https:\/\/newsinfoco.com.br\/inicio#listItem","position":1,"name":"In\u00edcio","item":"https:\/\/newsinfoco.com.br\/inicio","nextItem":{"@type":"ListItem","@id":"https:\/\/newsinfoco.com.br\/inicio\/category\/destaque\/#listItem","name":"Destaque"}},{"@type":"ListItem","@id":"https:\/\/newsinfoco.com.br\/inicio\/category\/destaque\/#listItem","position":2,"name":"Destaque","item":"https:\/\/newsinfoco.com.br\/inicio\/category\/destaque\/","nextItem":{"@type":"ListItem","@id":"https:\/\/newsinfoco.com.br\/inicio\/populacao-de-inhambupe-horrorizada-com-estupro-de-menina-de-12-anos\/#listItem","name":"Popula\u00e7\u00e3o de Inhambupe horrorizada com estupro de menina de 12 anos"},"previousItem":{"@type":"ListItem","@id":"https:\/\/newsinfoco.com.br\/inicio#listItem","name":"In\u00edcio"}},{"@type":"ListItem","@id":"https:\/\/newsinfoco.com.br\/inicio\/populacao-de-inhambupe-horrorizada-com-estupro-de-menina-de-12-anos\/#listItem","position":3,"name":"Popula\u00e7\u00e3o de Inhambupe horrorizada com estupro de menina de 12 anos","previousItem":{"@type":"ListItem","@id":"https:\/\/newsinfoco.com.br\/inicio\/category\/destaque\/#listItem","name":"Destaque"}}]},{"@type":"Organization","@id":"https:\/\/newsinfoco.com.br\/inicio\/#organization","name":"News In Foco - Editado por Caio Pimenta","description":"O principal site de noticias de Alagoinhas e regi\u00e3o","url":"https:\/\/newsinfoco.com.br\/inicio\/"},{"@type":"Person","@id":"https:\/\/newsinfoco.com.br\/inicio\/author\/administrador\/#author","url":"https:\/\/newsinfoco.com.br\/inicio\/author\/administrador\/","name":"administrador","image":{"@type":"ImageObject","@id":"https:\/\/newsinfoco.com.br\/inicio\/populacao-de-inhambupe-horrorizada-com-estupro-de-menina-de-12-anos\/#authorImage","url":"https:\/\/secure.gravatar.com\/avatar\/c17a617433de8c1dc9584bb79aab7563b46f5bb7e1728c9b17d9cc3ce6a08e49?s=96&d=mm&r=g","width":96,"height":96,"caption":"administrador"}},{"@type":"WebPage","@id":"https:\/\/newsinfoco.com.br\/inicio\/populacao-de-inhambupe-horrorizada-com-estupro-de-menina-de-12-anos\/#webpage","url":"https:\/\/newsinfoco.com.br\/inicio\/populacao-de-inhambupe-horrorizada-com-estupro-de-menina-de-12-anos\/","name":"Popula\u00e7\u00e3o de Inhambupe horrorizada com estupro de menina de 12 anos - News In Foco - Editado por Caio Pimenta","description":"A popula\u00e7\u00e3o do munic\u00edpio de Inhambupe est\u00e1 chocada com a barbaridade de uma crime de pedofilia, cometido por uma homem de 48 anos, sem antecedentes criminais, que abusou de sua enteada de apenas 12 anos, segundo informa\u00e7\u00f5es de Luciano Reis, para o programa Primeira M\u00e3o, nesta quinta-feira(07). O indiv\u00edduo foi preso na casa de seu","inLanguage":"pt-BR","isPartOf":{"@id":"https:\/\/newsinfoco.com.br\/inicio\/#website"},"breadcrumb":{"@id":"https:\/\/newsinfoco.com.br\/inicio\/populacao-de-inhambupe-horrorizada-com-estupro-de-menina-de-12-anos\/#breadcrumblist"},"author":{"@id":"https:\/\/newsinfoco.com.br\/inicio\/author\/administrador\/#author"},"creator":{"@id":"https:\/\/newsinfoco.com.br\/inicio\/author\/administrador\/#author"},"image":{"@type":"ImageObject","url":"https:\/\/newsinfoco.com.br\/inicio\/wp-content\/uploads\/2019\/11\/Noticia-policial.jpg","@id":"https:\/\/newsinfoco.com.br\/inicio\/populacao-de-inhambupe-horrorizada-com-estupro-de-menina-de-12-anos\/#mainImage","width":473,"height":315},"primaryImageOfPage":{"@id":"https:\/\/newsinfoco.com.br\/inicio\/populacao-de-inhambupe-horrorizada-com-estupro-de-menina-de-12-anos\/#mainImage"},"datePublished":"2019-11-07T22:29:30-03:00","dateModified":"2019-11-07T22:29:30-03:00"},{"@type":"WebSite","@id":"https:\/\/newsinfoco.com.br\/inicio\/#website","url":"https:\/\/newsinfoco.com.br\/inicio\/","name":"News In Foco - Editado por Caio Pimenta","description":"O principal site de noticias de Alagoinhas e regi\u00e3o","inLanguage":"pt-BR","publisher":{"@id":"https:\/\/newsinfoco.com.br\/inicio\/#organization"}}]},"og:locale":"pt_BR","og:site_name":"News In Foco - Editado por Caio Pimenta - O principal site de noticias de Alagoinhas e regi\u00e3o","og:type":"article","og:title":"Popula\u00e7\u00e3o de Inhambupe horrorizada com estupro de menina de 12 anos - News In Foco - Editado por Caio Pimenta","og:description":"A popula\u00e7\u00e3o do munic\u00edpio de Inhambupe est\u00e1 chocada com a barbaridade de uma crime de pedofilia, cometido por uma homem de 48 anos, sem antecedentes criminais, que abusou de sua enteada de apenas 12 anos, segundo informa\u00e7\u00f5es de Luciano Reis, para o programa Primeira M\u00e3o, nesta quinta-feira(07). O indiv\u00edduo foi preso na casa de seu","og:url":"https:\/\/newsinfoco.com.br\/inicio\/populacao-de-inhambupe-horrorizada-com-estupro-de-menina-de-12-anos\/","article:published_time":"2019-11-08T00:29:30+00:00","article:modified_time":"2019-11-08T00:29:30+00:00","twitter:card":"summary_large_image","twitter:title":"Popula\u00e7\u00e3o de Inhambupe horrorizada com estupro de menina de 12 anos - News In Foco - Editado por Caio Pimenta","twitter:description":"A popula\u00e7\u00e3o do munic\u00edpio de Inhambupe est\u00e1 chocada com a barbaridade de uma crime de pedofilia, cometido por uma homem de 48 anos, sem antecedentes criminais, que abusou de sua enteada de apenas 12 anos, segundo informa\u00e7\u00f5es de Luciano Reis, para o programa Primeira M\u00e3o, nesta quinta-feira(07). O indiv\u00edduo foi preso na casa de seu"},"aioseo_meta_data":{"post_id":"18542","title":null,"description":null,"keywords":null,"keyphrases":null,"primary_term":null,"canonical_url":null,"og_title":null,"og_description":null,"og_object_type":"default","og_image_type":"default","og_image_url":null,"og_image_width":null,"og_image_height":null,"og_image_custom_url":null,"og_image_custom_fields":null,"og_video":null,"og_custom_url":null,"og_article_section":null,"og_article_tags":null,"twitter_use_og":false,"twitter_card":"default","twitter_image_type":"default","twitter_image_url":null,"twitter_image_custom_url":null,"twitter_image_custom_fields":null,"twitter_title":null,"twitter_description":null,"schema":{"blockGraphs":[],"customGraphs":[],"default":{"data":{"Article":[],"Course":[],"Dataset":[],"FAQPage":[],"Movie":[],"Person":[],"Product":[],"ProductReview":[],"Car":[],"Recipe":[],"Service":[],"SoftwareApplication":[],"WebPage":[]},"graphName":"","isEnabled":true},"graphs":[]},"schema_type":"default","schema_type_options":null,"pillar_content":false,"robots_default":true,"robots_noindex":false,"robots_noarchive":false,"robots_nosnippet":false,"robots_nofollow":false,"robots_noimageindex":false,"robots_noodp":false,"robots_notranslate":false,"robots_max_snippet":null,"robots_max_videopreview":null,"robots_max_imagepreview":"large","priority":null,"frequency":null,"local_seo":null,"breadcrumb_settings":null,"limit_modified_date":false,"ai":null,"created":"2023-06-12 15:10:42","updated":"2025-07-11 01:48:48","seo_analyzer_scan_date":null},"aioseo_breadcrumb":"<div class=\"aioseo-breadcrumbs\"><span class=\"aioseo-breadcrumb\">\n\t\t\t<a href=\"https:\/\/newsinfoco.com.br\/inicio\" title=\"In\u00edcio\">In\u00edcio<\/a>\n\t\t<\/span><span class=\"aioseo-breadcrumb-separator\">&raquo;<\/span><span class=\"aioseo-breadcrumb\">\n\t\t\t<a href=\"https:\/\/newsinfoco.com.br\/inicio\/category\/destaque\/\" title=\"Destaque\">Destaque<\/a>\n\t\t<\/span><span class=\"aioseo-breadcrumb-separator\">&raquo;<\/span><span class=\"aioseo-breadcrumb\">\n\t\t\tPopula\u00e7\u00e3o de Inhambupe horrorizada com estupro de menina de 12 anos\n\t\t<\/span><\/div>","aioseo_breadcrumb_json":[{"label":"In\u00edcio","link":"https:\/\/newsinfoco.com.br\/inicio"},{"label":"Destaque","link":"https:\/\/newsinfoco.com.br\/inicio\/category\/destaque\/"},{"label":"Popula\u00e7\u00e3o de Inhambupe horrorizada com estupro de menina de 12 anos","link":"https:\/\/newsinfoco.com.br\/inicio\/populacao-de-inhambupe-horrorizada-com-estupro-de-menina-de-12-anos\/"}],"_links":{"self":[{"href":"https:\/\/newsinfoco.com.br\/inicio\/wp-json\/wp\/v2\/posts\/18542","targetHints":{"allow":["GET"]}}],"collection":[{"href":"https:\/\/newsinfoco.com.br\/inicio\/wp-json\/wp\/v2\/posts"}],"about":[{"href":"https:\/\/newsinfoco.com.br\/inicio\/wp-json\/wp\/v2\/types\/post"}],"author":[{"embeddable":true,"href":"https:\/\/newsinfoco.com.br\/inicio\/wp-json\/wp\/v2\/users\/1"}],"replies":[{"embeddable":true,"href":"https:\/\/newsinfoco.com.br\/inicio\/wp-json\/wp\/v2\/comments?post=18542"}],"version-history":[{"count":0,"href":"https:\/\/newsinfoco.com.br\/inicio\/wp-json\/wp\/v2\/posts\/18542\/revisions"}],"wp:featuredmedia":[{"embeddable":true,"href":"https:\/\/newsinfoco.com.br\/inicio\/wp-json\/wp\/v2\/media\/18339"}],"wp:attachment":[{"href":"https:\/\/newsinfoco.com.br\/inicio\/wp-json\/wp\/v2\/media?parent=18542"}],"wp:term":[{"taxonomy":"category","embeddable":true,"href":"https:\/\/newsinfoco.com.br\/inicio\/wp-json\/wp\/v2\/categories?post=18542"},{"taxonomy":"post_tag","embeddable":true,"href":"https:\/\/newsinfoco.com.br\/inicio\/wp-json\/wp\/v2\/tags?post=18542"}],"curies":[{"name":"wp","href":"https:\/\/api.w.org\/{rel}","templated":true}]}}