{"id":18546,"date":"2019-11-08T20:00:35","date_gmt":"2019-11-08T22:00:35","guid":{"rendered":"http:\/\/newsinfoco.com.br\/?p=18546"},"modified":"2019-11-08T20:00:35","modified_gmt":"2019-11-08T22:00:35","slug":"juscelio-carmo-deixou-o-jornalismo-da-93-fm-em-resposta-a-comportamento-inexplicavel-do-diretor-da-emissora","status":"publish","type":"post","link":"https:\/\/newsinfoco.com.br\/inicio\/juscelio-carmo-deixou-o-jornalismo-da-93-fm-em-resposta-a-comportamento-inexplicavel-do-diretor-da-emissora\/","title":{"rendered":"Jusc\u00e9lio Carmo deixou o jornalismo da 93 FM em resposta a comportamento inexplic\u00e1vel do diretor da emissora"},"content":{"rendered":"<p style=\"text-align: justify;\">Jusc\u00e9lio Carmo n\u00e3o pertence mais ao jornalismo da 93 FM, retirando da emissora o seu programa \u201cDe Frente com Jusc\u00e9lio\u201d. Em entrevista ao programa Primeira M\u00e3o, nesta quinta-feira(07), o empres\u00e1rio e comunicador, com forte influ\u00eancia pol\u00edtica, revelou que o motivo de sua sa\u00edda da r\u00e1dio se deu como uma atitude de precau\u00e7\u00e3o para resguardar sua rela\u00e7\u00e3o de amizade com o diretor e propriet\u00e1rio da emissora, Cacau Pena. A rela\u00e7\u00e3o amistosa entre ambos, segundo Jusc\u00e9lio, simplesmente deixou de existir do nada e sem motivo aparente.<\/p>\n<p style=\"text-align: justify;\">Foram surgindo atitudes, segundo Carmo, que passaram a lhe gerar um desconforto constante, uma demonstra\u00e7\u00e3o de inc\u00f4modo ou com a sua presen\u00e7a ou com a do programa em si. O estranhamento se d\u00e1 porque, no in\u00edcio, Jusc\u00e9lio tinha ampla liberdade na r\u00e1dio e o diretor, al\u00e9m de transparecer contentamento, tinha v\u00e1rios projetos para o programa, tudo isso mudou repentinamente. A sa\u00edda teve forte repercuss\u00e3o com v\u00e1rias pessoas insatisfeitas e demonstrando-lhe solidariedade. Jusc\u00e9lio tem v\u00e1rios convites na mesa por parte de outras emissoras. Cacau Pena parece ser o lado perdedor nessa hist\u00f3ria.<\/p>\n<p style=\"text-align: justify;\">A gota d\u2019\u00e1gua para o estremecimento da rela\u00e7\u00e3o ocorreu na v\u00e9spera do dia dos finados, quando o programa estava sendo exibido extraordinariamente na sexta-feira(01). Cacau prometeu a Jusc\u00e9lio o hor\u00e1rio de 7 a 9h, s\u00f3 que o est\u00fadio foi entregue \u00e0s 7:30h, Jusc\u00e9lio achou que lhe dariam a meia hora, como compensa\u00e7\u00e3o, para fechar as duas horas de programa, pois tinha agendado entrevista com Benedito Vieira e Adri\u00e3o Barbosa. Resultado, n\u00e3o deixaram que o comunicador avan\u00e7asse na reposi\u00e7\u00e3o do tempo. Isso confirmou que, por algum motivo, o trabalho estava sendo desprestigiado.<\/p>\n<p style=\"text-align: justify;\">Fazendo uma breve contextualiza\u00e7\u00e3o, a primeira medida desagrad\u00e1vel foi mudar a din\u00e2mica do programa de 3h no s\u00e1bado, com o fatiamento para segunda, quarta e s\u00e1bado, entendo-se que o Jusc\u00e9lio n\u00e3o obtinha retorno financeiro com essa atividade e que tem seus pr\u00f3prios neg\u00f3cios para gerir. O que torna explicito o constrangimento est\u00e1 no fato desta ter sido uma decis\u00e3o unilateral. Nayla Bay, comentarista do programa, tamb\u00e9m passou por uma s\u00e9rie de tratamentos id\u00eanticos. Ela que ajudava na produ\u00e7\u00e3o e andamento do programa, al\u00e9m de municiar os jornal\u00edsticos da emissora com seu jornalismo investigativo. Enfim, um programa que era valorizado e elogiado por Cacau passou a ser tratado como um peso dentro da r\u00e1dio. O que explica a mudan\u00e7a abrupta de Cacau Pena?<\/p>\n<p style=\"text-align: justify;\">Jusc\u00e9lio ficou admirado com o n\u00famero de liga\u00e7\u00f5es que recebeu de ouvintes do programa. Ele conseguiu, em pouco tempo, fazer algo inovador, jornalismo independente, investigativo e honesto, em uma cidade em que os contratos publicit\u00e1rios costumam ditar a linha editorial dos programas. A quest\u00e3o que fica em suspenso \u00e9 se houve press\u00e3o ou interesse pol\u00edtico determinando a sa\u00edda do comunicador. Nos \u00faltimos programas, Jusc\u00e9lio vinha batendo forte na quest\u00e3o da Sa\u00fade municipal e duvidando da legitimidade da secret\u00e1ria da pasta para assumir o cargo. Jusc\u00e9lio trouxe outra marca para o jornalismo local, atuando na \u00e1rea de constru\u00e7\u00e3o civil, ele tinha dom\u00ednio t\u00e9cnico e conhecimento para dizer se uma obra estava sendo executada de forma correta ou n\u00e3o. Isso ficou muito claro em seus coment\u00e1rios sobre a drenagem da rua Oito de Dezembro, quando disse que a obra poderia ser significativamente mais barata com a ado\u00e7\u00e3o de manilhas com o di\u00e2metro menor.<\/p>\n<p>Acompanhe a entrevista de Juscelio Carmo para o Programa Primeira M\u00e3o:<\/p>\n<p><iframe loading=\"lazy\" width=\"696\" height=\"392\" src=\"https:\/\/www.youtube.com\/embed\/XNYhh3gxUnI?start=57&#038;feature=oembed\" frameborder=\"0\" allow=\"accelerometer; autoplay; encrypted-media; gyroscope; picture-in-picture\" allowfullscreen><\/iframe><\/p>\n<p><iframe loading=\"lazy\" width=\"696\" height=\"392\" src=\"https:\/\/www.youtube.com\/embed\/2iNBULlPdl8?start=7&#038;feature=oembed\" frameborder=\"0\" allow=\"accelerometer; autoplay; encrypted-media; gyroscope; picture-in-picture\" allowfullscreen><\/iframe><\/p>\n<p>&nbsp;<\/p>\n<p style=\"text-align: right;\">Por Paulo Dias para o News Infoco<\/p>\n<div class='share-to-whatsapp-wrapper'><div class='share-on-whsp'>Share on: <\/div><a data-text='Jusc\u00e9lio Carmo deixou o jornalismo da 93 FM em resposta a comportamento inexplic\u00e1vel do diretor da emissora' data-link='https:\/\/newsinfoco.com.br\/inicio\/juscelio-carmo-deixou-o-jornalismo-da-93-fm-em-resposta-a-comportamento-inexplicavel-do-diretor-da-emissora\/' class='whatsapp-button whatsapp-share'>WhatsApp<\/a><div class='clear '><\/div><\/div>","protected":false},"excerpt":{"rendered":"<p>Jusc\u00e9lio Carmo n\u00e3o pertence mais ao jornalismo da 93 FM, retirando da emissora o seu programa \u201cDe Frente com Jusc\u00e9lio\u201d. Em entrevista ao programa Primeira M\u00e3o, nesta quinta-feira(07), o empres\u00e1rio e comunicador, com forte influ\u00eancia pol\u00edtica, revelou que o motivo de sua sa\u00edda da r\u00e1dio se deu como uma atitude de precau\u00e7\u00e3o para resguardar sua [&hellip;]<\/p>\n","protected":false},"author":1,"featured_media":14854,"comment_status":"open","ping_status":"open","sticky":false,"template":"","format":"standard","meta":{"om_disable_all_campaigns":false,"rop_custom_images_group":[],"rop_custom_messages_group":[],"rop_publish_now":"initial","rop_publish_now_accounts":[],"rop_publish_now_history":[],"rop_publish_now_status":"pending","_exactmetrics_skip_tracking":false,"footnotes":""},"categories":[38,30],"tags":[],"class_list":["post-18546","post","type-post","status-publish","format-standard","has-post-thumbnail","hentry","category-alagoinhas-e-regiao","category-destaque"],"aioseo_notices":[],"aioseo_head":"\n\t\t<!-- All in One SEO 4.9.10 - aioseo.com -->\n\t<meta name=\"description\" content=\"Jusc\u00e9lio Carmo n\u00e3o pertence mais ao jornalismo da 93 FM, retirando da emissora o seu programa \u201cDe Frente com Jusc\u00e9lio\u201d. Em entrevista ao programa Primeira M\u00e3o, nesta quinta-feira(07), o empres\u00e1rio e comunicador, com forte influ\u00eancia pol\u00edtica, revelou que o motivo de sua sa\u00edda da r\u00e1dio se deu como uma atitude de precau\u00e7\u00e3o para resguardar sua\" \/>\n\t<meta name=\"robots\" content=\"max-image-preview:large\" \/>\n\t<meta name=\"author\" content=\"administrador\"\/>\n\t<link rel=\"canonical\" href=\"https:\/\/newsinfoco.com.br\/inicio\/juscelio-carmo-deixou-o-jornalismo-da-93-fm-em-resposta-a-comportamento-inexplicavel-do-diretor-da-emissora\/\" \/>\n\t<meta name=\"generator\" content=\"All in One SEO (AIOSEO) 4.9.10\" \/>\n\t\t<meta property=\"og:locale\" content=\"pt_BR\" \/>\n\t\t<meta property=\"og:site_name\" content=\"News In Foco - Editado por Caio Pimenta - O principal site de noticias de Alagoinhas e regi\u00e3o\" \/>\n\t\t<meta property=\"og:type\" content=\"article\" \/>\n\t\t<meta property=\"og:title\" content=\"Jusc\u00e9lio Carmo deixou o jornalismo da 93 FM em resposta a comportamento inexplic\u00e1vel do diretor da emissora - News In Foco - Editado por Caio Pimenta\" \/>\n\t\t<meta property=\"og:description\" content=\"Jusc\u00e9lio Carmo n\u00e3o pertence mais ao jornalismo da 93 FM, retirando da emissora o seu programa \u201cDe Frente com Jusc\u00e9lio\u201d. Em entrevista ao programa Primeira M\u00e3o, nesta quinta-feira(07), o empres\u00e1rio e comunicador, com forte influ\u00eancia pol\u00edtica, revelou que o motivo de sua sa\u00edda da r\u00e1dio se deu como uma atitude de precau\u00e7\u00e3o para resguardar sua\" \/>\n\t\t<meta property=\"og:url\" content=\"https:\/\/newsinfoco.com.br\/inicio\/juscelio-carmo-deixou-o-jornalismo-da-93-fm-em-resposta-a-comportamento-inexplicavel-do-diretor-da-emissora\/\" \/>\n\t\t<meta property=\"article:published_time\" content=\"2019-11-08T22:00:35+00:00\" \/>\n\t\t<meta property=\"article:modified_time\" content=\"2019-11-08T22:00:35+00:00\" \/>\n\t\t<meta name=\"twitter:card\" content=\"summary_large_image\" \/>\n\t\t<meta name=\"twitter:title\" content=\"Jusc\u00e9lio Carmo deixou o jornalismo da 93 FM em resposta a comportamento inexplic\u00e1vel do diretor da emissora - News In Foco - Editado por Caio Pimenta\" \/>\n\t\t<meta name=\"twitter:description\" content=\"Jusc\u00e9lio Carmo n\u00e3o pertence mais ao jornalismo da 93 FM, retirando da emissora o seu programa \u201cDe Frente com Jusc\u00e9lio\u201d. Em entrevista ao programa Primeira M\u00e3o, nesta quinta-feira(07), o empres\u00e1rio e comunicador, com forte influ\u00eancia pol\u00edtica, revelou que o motivo de sua sa\u00edda da r\u00e1dio se deu como uma atitude de precau\u00e7\u00e3o para resguardar sua\" \/>\n\t\t<script type=\"application\/ld+json\" class=\"aioseo-schema\">\n\t\t\t{\"@context\":\"https:\\\/\\\/schema.org\",\"@graph\":[{\"@type\":\"BlogPosting\",\"@id\":\"https:\\\/\\\/newsinfoco.com.br\\\/inicio\\\/juscelio-carmo-deixou-o-jornalismo-da-93-fm-em-resposta-a-comportamento-inexplicavel-do-diretor-da-emissora\\\/#blogposting\",\"name\":\"Jusc\\u00e9lio Carmo deixou o jornalismo da 93 FM em resposta a comportamento inexplic\\u00e1vel do diretor da emissora - News In Foco - Editado por Caio Pimenta\",\"headline\":\"Jusc\\u00e9lio Carmo deixou o jornalismo da 93 FM em resposta a comportamento inexplic\\u00e1vel do diretor da emissora\",\"author\":{\"@id\":\"https:\\\/\\\/newsinfoco.com.br\\\/inicio\\\/author\\\/administrador\\\/#author\"},\"publisher\":{\"@id\":\"https:\\\/\\\/newsinfoco.com.br\\\/inicio\\\/#organization\"},\"image\":{\"@type\":\"ImageObject\",\"url\":\"https:\\\/\\\/newsinfoco.com.br\\\/inicio\\\/wp-content\\\/uploads\\\/2019\\\/04\\\/11751740_521736374642742_7030402979076500686_n.jpg\",\"width\":612,\"height\":431,\"caption\":\"Jusc\\u00e9lio Carmo\"},\"datePublished\":\"2019-11-08T20:00:35-03:00\",\"dateModified\":\"2019-11-08T20:00:35-03:00\",\"inLanguage\":\"pt-BR\",\"mainEntityOfPage\":{\"@id\":\"https:\\\/\\\/newsinfoco.com.br\\\/inicio\\\/juscelio-carmo-deixou-o-jornalismo-da-93-fm-em-resposta-a-comportamento-inexplicavel-do-diretor-da-emissora\\\/#webpage\"},\"isPartOf\":{\"@id\":\"https:\\\/\\\/newsinfoco.com.br\\\/inicio\\\/juscelio-carmo-deixou-o-jornalismo-da-93-fm-em-resposta-a-comportamento-inexplicavel-do-diretor-da-emissora\\\/#webpage\"},\"articleSection\":\"Alagoinhas e Regi\\u00e3o, Destaque\"},{\"@type\":\"BreadcrumbList\",\"@id\":\"https:\\\/\\\/newsinfoco.com.br\\\/inicio\\\/juscelio-carmo-deixou-o-jornalismo-da-93-fm-em-resposta-a-comportamento-inexplicavel-do-diretor-da-emissora\\\/#breadcrumblist\",\"itemListElement\":[{\"@type\":\"ListItem\",\"@id\":\"https:\\\/\\\/newsinfoco.com.br\\\/inicio#listItem\",\"position\":1,\"name\":\"In\\u00edcio\",\"item\":\"https:\\\/\\\/newsinfoco.com.br\\\/inicio\",\"nextItem\":{\"@type\":\"ListItem\",\"@id\":\"https:\\\/\\\/newsinfoco.com.br\\\/inicio\\\/category\\\/destaque\\\/#listItem\",\"name\":\"Destaque\"}},{\"@type\":\"ListItem\",\"@id\":\"https:\\\/\\\/newsinfoco.com.br\\\/inicio\\\/category\\\/destaque\\\/#listItem\",\"position\":2,\"name\":\"Destaque\",\"item\":\"https:\\\/\\\/newsinfoco.com.br\\\/inicio\\\/category\\\/destaque\\\/\",\"nextItem\":{\"@type\":\"ListItem\",\"@id\":\"https:\\\/\\\/newsinfoco.com.br\\\/inicio\\\/juscelio-carmo-deixou-o-jornalismo-da-93-fm-em-resposta-a-comportamento-inexplicavel-do-diretor-da-emissora\\\/#listItem\",\"name\":\"Jusc\\u00e9lio Carmo deixou o jornalismo da 93 FM em resposta a comportamento inexplic\\u00e1vel do diretor da emissora\"},\"previousItem\":{\"@type\":\"ListItem\",\"@id\":\"https:\\\/\\\/newsinfoco.com.br\\\/inicio#listItem\",\"name\":\"In\\u00edcio\"}},{\"@type\":\"ListItem\",\"@id\":\"https:\\\/\\\/newsinfoco.com.br\\\/inicio\\\/juscelio-carmo-deixou-o-jornalismo-da-93-fm-em-resposta-a-comportamento-inexplicavel-do-diretor-da-emissora\\\/#listItem\",\"position\":3,\"name\":\"Jusc\\u00e9lio Carmo deixou o jornalismo da 93 FM em resposta a comportamento inexplic\\u00e1vel do diretor da emissora\",\"previousItem\":{\"@type\":\"ListItem\",\"@id\":\"https:\\\/\\\/newsinfoco.com.br\\\/inicio\\\/category\\\/destaque\\\/#listItem\",\"name\":\"Destaque\"}}]},{\"@type\":\"Organization\",\"@id\":\"https:\\\/\\\/newsinfoco.com.br\\\/inicio\\\/#organization\",\"name\":\"News In Foco - Editado por Caio Pimenta\",\"description\":\"O principal site de noticias de Alagoinhas e regi\\u00e3o\",\"url\":\"https:\\\/\\\/newsinfoco.com.br\\\/inicio\\\/\"},{\"@type\":\"Person\",\"@id\":\"https:\\\/\\\/newsinfoco.com.br\\\/inicio\\\/author\\\/administrador\\\/#author\",\"url\":\"https:\\\/\\\/newsinfoco.com.br\\\/inicio\\\/author\\\/administrador\\\/\",\"name\":\"administrador\",\"image\":{\"@type\":\"ImageObject\",\"@id\":\"https:\\\/\\\/newsinfoco.com.br\\\/inicio\\\/juscelio-carmo-deixou-o-jornalismo-da-93-fm-em-resposta-a-comportamento-inexplicavel-do-diretor-da-emissora\\\/#authorImage\",\"url\":\"https:\\\/\\\/secure.gravatar.com\\\/avatar\\\/c17a617433de8c1dc9584bb79aab7563b46f5bb7e1728c9b17d9cc3ce6a08e49?s=96&d=mm&r=g\",\"width\":96,\"height\":96,\"caption\":\"administrador\"}},{\"@type\":\"WebPage\",\"@id\":\"https:\\\/\\\/newsinfoco.com.br\\\/inicio\\\/juscelio-carmo-deixou-o-jornalismo-da-93-fm-em-resposta-a-comportamento-inexplicavel-do-diretor-da-emissora\\\/#webpage\",\"url\":\"https:\\\/\\\/newsinfoco.com.br\\\/inicio\\\/juscelio-carmo-deixou-o-jornalismo-da-93-fm-em-resposta-a-comportamento-inexplicavel-do-diretor-da-emissora\\\/\",\"name\":\"Jusc\\u00e9lio Carmo deixou o jornalismo da 93 FM em resposta a comportamento inexplic\\u00e1vel do diretor da emissora - News In Foco - Editado por Caio Pimenta\",\"description\":\"Jusc\\u00e9lio Carmo n\\u00e3o pertence mais ao jornalismo da 93 FM, retirando da emissora o seu programa \\u201cDe Frente com Jusc\\u00e9lio\\u201d. Em entrevista ao programa Primeira M\\u00e3o, nesta quinta-feira(07), o empres\\u00e1rio e comunicador, com forte influ\\u00eancia pol\\u00edtica, revelou que o motivo de sua sa\\u00edda da r\\u00e1dio se deu como uma atitude de precau\\u00e7\\u00e3o para resguardar sua\",\"inLanguage\":\"pt-BR\",\"isPartOf\":{\"@id\":\"https:\\\/\\\/newsinfoco.com.br\\\/inicio\\\/#website\"},\"breadcrumb\":{\"@id\":\"https:\\\/\\\/newsinfoco.com.br\\\/inicio\\\/juscelio-carmo-deixou-o-jornalismo-da-93-fm-em-resposta-a-comportamento-inexplicavel-do-diretor-da-emissora\\\/#breadcrumblist\"},\"author\":{\"@id\":\"https:\\\/\\\/newsinfoco.com.br\\\/inicio\\\/author\\\/administrador\\\/#author\"},\"creator\":{\"@id\":\"https:\\\/\\\/newsinfoco.com.br\\\/inicio\\\/author\\\/administrador\\\/#author\"},\"image\":{\"@type\":\"ImageObject\",\"url\":\"https:\\\/\\\/newsinfoco.com.br\\\/inicio\\\/wp-content\\\/uploads\\\/2019\\\/04\\\/11751740_521736374642742_7030402979076500686_n.jpg\",\"@id\":\"https:\\\/\\\/newsinfoco.com.br\\\/inicio\\\/juscelio-carmo-deixou-o-jornalismo-da-93-fm-em-resposta-a-comportamento-inexplicavel-do-diretor-da-emissora\\\/#mainImage\",\"width\":612,\"height\":431,\"caption\":\"Jusc\\u00e9lio Carmo\"},\"primaryImageOfPage\":{\"@id\":\"https:\\\/\\\/newsinfoco.com.br\\\/inicio\\\/juscelio-carmo-deixou-o-jornalismo-da-93-fm-em-resposta-a-comportamento-inexplicavel-do-diretor-da-emissora\\\/#mainImage\"},\"datePublished\":\"2019-11-08T20:00:35-03:00\",\"dateModified\":\"2019-11-08T20:00:35-03:00\"},{\"@type\":\"WebSite\",\"@id\":\"https:\\\/\\\/newsinfoco.com.br\\\/inicio\\\/#website\",\"url\":\"https:\\\/\\\/newsinfoco.com.br\\\/inicio\\\/\",\"name\":\"News In Foco - Editado por Caio Pimenta\",\"description\":\"O principal site de noticias de Alagoinhas e regi\\u00e3o\",\"inLanguage\":\"pt-BR\",\"publisher\":{\"@id\":\"https:\\\/\\\/newsinfoco.com.br\\\/inicio\\\/#organization\"}}]}\n\t\t<\/script>\n\t\t<!-- All in One SEO -->\n\n","aioseo_head_json":{"title":"Jusc\u00e9lio Carmo deixou o jornalismo da 93 FM em resposta a comportamento inexplic\u00e1vel do diretor da emissora - News In Foco - Editado por Caio Pimenta","description":"Jusc\u00e9lio Carmo n\u00e3o pertence mais ao jornalismo da 93 FM, retirando da emissora o seu programa \u201cDe Frente com Jusc\u00e9lio\u201d. Em entrevista ao programa Primeira M\u00e3o, nesta quinta-feira(07), o empres\u00e1rio e comunicador, com forte influ\u00eancia pol\u00edtica, revelou que o motivo de sua sa\u00edda da r\u00e1dio se deu como uma atitude de precau\u00e7\u00e3o para resguardar sua","canonical_url":"https:\/\/newsinfoco.com.br\/inicio\/juscelio-carmo-deixou-o-jornalismo-da-93-fm-em-resposta-a-comportamento-inexplicavel-do-diretor-da-emissora\/","robots":"max-image-preview:large","keywords":"","webmasterTools":{"miscellaneous":""},"schema":{"@context":"https:\/\/schema.org","@graph":[{"@type":"BlogPosting","@id":"https:\/\/newsinfoco.com.br\/inicio\/juscelio-carmo-deixou-o-jornalismo-da-93-fm-em-resposta-a-comportamento-inexplicavel-do-diretor-da-emissora\/#blogposting","name":"Jusc\u00e9lio Carmo deixou o jornalismo da 93 FM em resposta a comportamento inexplic\u00e1vel do diretor da emissora - News In Foco - Editado por Caio Pimenta","headline":"Jusc\u00e9lio Carmo deixou o jornalismo da 93 FM em resposta a comportamento inexplic\u00e1vel do diretor da emissora","author":{"@id":"https:\/\/newsinfoco.com.br\/inicio\/author\/administrador\/#author"},"publisher":{"@id":"https:\/\/newsinfoco.com.br\/inicio\/#organization"},"image":{"@type":"ImageObject","url":"https:\/\/newsinfoco.com.br\/inicio\/wp-content\/uploads\/2019\/04\/11751740_521736374642742_7030402979076500686_n.jpg","width":612,"height":431,"caption":"Jusc\u00e9lio Carmo"},"datePublished":"2019-11-08T20:00:35-03:00","dateModified":"2019-11-08T20:00:35-03:00","inLanguage":"pt-BR","mainEntityOfPage":{"@id":"https:\/\/newsinfoco.com.br\/inicio\/juscelio-carmo-deixou-o-jornalismo-da-93-fm-em-resposta-a-comportamento-inexplicavel-do-diretor-da-emissora\/#webpage"},"isPartOf":{"@id":"https:\/\/newsinfoco.com.br\/inicio\/juscelio-carmo-deixou-o-jornalismo-da-93-fm-em-resposta-a-comportamento-inexplicavel-do-diretor-da-emissora\/#webpage"},"articleSection":"Alagoinhas e Regi\u00e3o, Destaque"},{"@type":"BreadcrumbList","@id":"https:\/\/newsinfoco.com.br\/inicio\/juscelio-carmo-deixou-o-jornalismo-da-93-fm-em-resposta-a-comportamento-inexplicavel-do-diretor-da-emissora\/#breadcrumblist","itemListElement":[{"@type":"ListItem","@id":"https:\/\/newsinfoco.com.br\/inicio#listItem","position":1,"name":"In\u00edcio","item":"https:\/\/newsinfoco.com.br\/inicio","nextItem":{"@type":"ListItem","@id":"https:\/\/newsinfoco.com.br\/inicio\/category\/destaque\/#listItem","name":"Destaque"}},{"@type":"ListItem","@id":"https:\/\/newsinfoco.com.br\/inicio\/category\/destaque\/#listItem","position":2,"name":"Destaque","item":"https:\/\/newsinfoco.com.br\/inicio\/category\/destaque\/","nextItem":{"@type":"ListItem","@id":"https:\/\/newsinfoco.com.br\/inicio\/juscelio-carmo-deixou-o-jornalismo-da-93-fm-em-resposta-a-comportamento-inexplicavel-do-diretor-da-emissora\/#listItem","name":"Jusc\u00e9lio Carmo deixou o jornalismo da 93 FM em resposta a comportamento inexplic\u00e1vel do diretor da emissora"},"previousItem":{"@type":"ListItem","@id":"https:\/\/newsinfoco.com.br\/inicio#listItem","name":"In\u00edcio"}},{"@type":"ListItem","@id":"https:\/\/newsinfoco.com.br\/inicio\/juscelio-carmo-deixou-o-jornalismo-da-93-fm-em-resposta-a-comportamento-inexplicavel-do-diretor-da-emissora\/#listItem","position":3,"name":"Jusc\u00e9lio Carmo deixou o jornalismo da 93 FM em resposta a comportamento inexplic\u00e1vel do diretor da emissora","previousItem":{"@type":"ListItem","@id":"https:\/\/newsinfoco.com.br\/inicio\/category\/destaque\/#listItem","name":"Destaque"}}]},{"@type":"Organization","@id":"https:\/\/newsinfoco.com.br\/inicio\/#organization","name":"News In Foco - Editado por Caio Pimenta","description":"O principal site de noticias de Alagoinhas e regi\u00e3o","url":"https:\/\/newsinfoco.com.br\/inicio\/"},{"@type":"Person","@id":"https:\/\/newsinfoco.com.br\/inicio\/author\/administrador\/#author","url":"https:\/\/newsinfoco.com.br\/inicio\/author\/administrador\/","name":"administrador","image":{"@type":"ImageObject","@id":"https:\/\/newsinfoco.com.br\/inicio\/juscelio-carmo-deixou-o-jornalismo-da-93-fm-em-resposta-a-comportamento-inexplicavel-do-diretor-da-emissora\/#authorImage","url":"https:\/\/secure.gravatar.com\/avatar\/c17a617433de8c1dc9584bb79aab7563b46f5bb7e1728c9b17d9cc3ce6a08e49?s=96&d=mm&r=g","width":96,"height":96,"caption":"administrador"}},{"@type":"WebPage","@id":"https:\/\/newsinfoco.com.br\/inicio\/juscelio-carmo-deixou-o-jornalismo-da-93-fm-em-resposta-a-comportamento-inexplicavel-do-diretor-da-emissora\/#webpage","url":"https:\/\/newsinfoco.com.br\/inicio\/juscelio-carmo-deixou-o-jornalismo-da-93-fm-em-resposta-a-comportamento-inexplicavel-do-diretor-da-emissora\/","name":"Jusc\u00e9lio Carmo deixou o jornalismo da 93 FM em resposta a comportamento inexplic\u00e1vel do diretor da emissora - News In Foco - Editado por Caio Pimenta","description":"Jusc\u00e9lio Carmo n\u00e3o pertence mais ao jornalismo da 93 FM, retirando da emissora o seu programa \u201cDe Frente com Jusc\u00e9lio\u201d. Em entrevista ao programa Primeira M\u00e3o, nesta quinta-feira(07), o empres\u00e1rio e comunicador, com forte influ\u00eancia pol\u00edtica, revelou que o motivo de sua sa\u00edda da r\u00e1dio se deu como uma atitude de precau\u00e7\u00e3o para resguardar sua","inLanguage":"pt-BR","isPartOf":{"@id":"https:\/\/newsinfoco.com.br\/inicio\/#website"},"breadcrumb":{"@id":"https:\/\/newsinfoco.com.br\/inicio\/juscelio-carmo-deixou-o-jornalismo-da-93-fm-em-resposta-a-comportamento-inexplicavel-do-diretor-da-emissora\/#breadcrumblist"},"author":{"@id":"https:\/\/newsinfoco.com.br\/inicio\/author\/administrador\/#author"},"creator":{"@id":"https:\/\/newsinfoco.com.br\/inicio\/author\/administrador\/#author"},"image":{"@type":"ImageObject","url":"https:\/\/newsinfoco.com.br\/inicio\/wp-content\/uploads\/2019\/04\/11751740_521736374642742_7030402979076500686_n.jpg","@id":"https:\/\/newsinfoco.com.br\/inicio\/juscelio-carmo-deixou-o-jornalismo-da-93-fm-em-resposta-a-comportamento-inexplicavel-do-diretor-da-emissora\/#mainImage","width":612,"height":431,"caption":"Jusc\u00e9lio Carmo"},"primaryImageOfPage":{"@id":"https:\/\/newsinfoco.com.br\/inicio\/juscelio-carmo-deixou-o-jornalismo-da-93-fm-em-resposta-a-comportamento-inexplicavel-do-diretor-da-emissora\/#mainImage"},"datePublished":"2019-11-08T20:00:35-03:00","dateModified":"2019-11-08T20:00:35-03:00"},{"@type":"WebSite","@id":"https:\/\/newsinfoco.com.br\/inicio\/#website","url":"https:\/\/newsinfoco.com.br\/inicio\/","name":"News In Foco - Editado por Caio Pimenta","description":"O principal site de noticias de Alagoinhas e regi\u00e3o","inLanguage":"pt-BR","publisher":{"@id":"https:\/\/newsinfoco.com.br\/inicio\/#organization"}}]},"og:locale":"pt_BR","og:site_name":"News In Foco - Editado por Caio Pimenta - O principal site de noticias de Alagoinhas e regi\u00e3o","og:type":"article","og:title":"Jusc\u00e9lio Carmo deixou o jornalismo da 93 FM em resposta a comportamento inexplic\u00e1vel do diretor da emissora - News In Foco - Editado por Caio Pimenta","og:description":"Jusc\u00e9lio Carmo n\u00e3o pertence mais ao jornalismo da 93 FM, retirando da emissora o seu programa \u201cDe Frente com Jusc\u00e9lio\u201d. Em entrevista ao programa Primeira M\u00e3o, nesta quinta-feira(07), o empres\u00e1rio e comunicador, com forte influ\u00eancia pol\u00edtica, revelou que o motivo de sua sa\u00edda da r\u00e1dio se deu como uma atitude de precau\u00e7\u00e3o para resguardar sua","og:url":"https:\/\/newsinfoco.com.br\/inicio\/juscelio-carmo-deixou-o-jornalismo-da-93-fm-em-resposta-a-comportamento-inexplicavel-do-diretor-da-emissora\/","article:published_time":"2019-11-08T22:00:35+00:00","article:modified_time":"2019-11-08T22:00:35+00:00","twitter:card":"summary_large_image","twitter:title":"Jusc\u00e9lio Carmo deixou o jornalismo da 93 FM em resposta a comportamento inexplic\u00e1vel do diretor da emissora - News In Foco - Editado por Caio Pimenta","twitter:description":"Jusc\u00e9lio Carmo n\u00e3o pertence mais ao jornalismo da 93 FM, retirando da emissora o seu programa \u201cDe Frente com Jusc\u00e9lio\u201d. Em entrevista ao programa Primeira M\u00e3o, nesta quinta-feira(07), o empres\u00e1rio e comunicador, com forte influ\u00eancia pol\u00edtica, revelou que o motivo de sua sa\u00edda da r\u00e1dio se deu como uma atitude de precau\u00e7\u00e3o para resguardar sua"},"aioseo_meta_data":{"post_id":"18546","title":null,"description":null,"keywords":null,"keyphrases":null,"primary_term":null,"canonical_url":null,"og_title":null,"og_description":null,"og_object_type":"default","og_image_type":"default","og_image_url":null,"og_image_width":null,"og_image_height":null,"og_image_custom_url":null,"og_image_custom_fields":null,"og_video":null,"og_custom_url":null,"og_article_section":null,"og_article_tags":null,"twitter_use_og":false,"twitter_card":"default","twitter_image_type":"default","twitter_image_url":null,"twitter_image_custom_url":null,"twitter_image_custom_fields":null,"twitter_title":null,"twitter_description":null,"schema":{"blockGraphs":[],"customGraphs":[],"default":{"data":{"Article":[],"Course":[],"Dataset":[],"FAQPage":[],"Movie":[],"Person":[],"Product":[],"ProductReview":[],"Car":[],"Recipe":[],"Service":[],"SoftwareApplication":[],"WebPage":[]},"graphName":"","isEnabled":true},"graphs":[]},"schema_type":"default","schema_type_options":null,"pillar_content":false,"robots_default":true,"robots_noindex":false,"robots_noarchive":false,"robots_nosnippet":false,"robots_nofollow":false,"robots_noimageindex":false,"robots_noodp":false,"robots_notranslate":false,"robots_max_snippet":null,"robots_max_videopreview":null,"robots_max_imagepreview":"large","priority":null,"frequency":null,"local_seo":null,"breadcrumb_settings":null,"limit_modified_date":false,"ai":null,"created":"2023-06-12 15:10:42","updated":"2025-07-11 01:48:48","seo_analyzer_scan_date":null},"aioseo_breadcrumb":"<div class=\"aioseo-breadcrumbs\"><span class=\"aioseo-breadcrumb\">\n\t\t\t<a href=\"https:\/\/newsinfoco.com.br\/inicio\" title=\"In\u00edcio\">In\u00edcio<\/a>\n\t\t<\/span><span class=\"aioseo-breadcrumb-separator\">&raquo;<\/span><span class=\"aioseo-breadcrumb\">\n\t\t\t<a href=\"https:\/\/newsinfoco.com.br\/inicio\/category\/destaque\/\" title=\"Destaque\">Destaque<\/a>\n\t\t<\/span><span class=\"aioseo-breadcrumb-separator\">&raquo;<\/span><span class=\"aioseo-breadcrumb\">\n\t\t\tJusc\u00e9lio Carmo deixou o jornalismo da 93 FM em resposta a comportamento inexplic\u00e1vel do diretor da emissora\n\t\t<\/span><\/div>","aioseo_breadcrumb_json":[{"label":"In\u00edcio","link":"https:\/\/newsinfoco.com.br\/inicio"},{"label":"Destaque","link":"https:\/\/newsinfoco.com.br\/inicio\/category\/destaque\/"},{"label":"Jusc\u00e9lio Carmo deixou o jornalismo da 93 FM em resposta a comportamento inexplic\u00e1vel do diretor da emissora","link":"https:\/\/newsinfoco.com.br\/inicio\/juscelio-carmo-deixou-o-jornalismo-da-93-fm-em-resposta-a-comportamento-inexplicavel-do-diretor-da-emissora\/"}],"_links":{"self":[{"href":"https:\/\/newsinfoco.com.br\/inicio\/wp-json\/wp\/v2\/posts\/18546","targetHints":{"allow":["GET"]}}],"collection":[{"href":"https:\/\/newsinfoco.com.br\/inicio\/wp-json\/wp\/v2\/posts"}],"about":[{"href":"https:\/\/newsinfoco.com.br\/inicio\/wp-json\/wp\/v2\/types\/post"}],"author":[{"embeddable":true,"href":"https:\/\/newsinfoco.com.br\/inicio\/wp-json\/wp\/v2\/users\/1"}],"replies":[{"embeddable":true,"href":"https:\/\/newsinfoco.com.br\/inicio\/wp-json\/wp\/v2\/comments?post=18546"}],"version-history":[{"count":0,"href":"https:\/\/newsinfoco.com.br\/inicio\/wp-json\/wp\/v2\/posts\/18546\/revisions"}],"wp:featuredmedia":[{"embeddable":true,"href":"https:\/\/newsinfoco.com.br\/inicio\/wp-json\/wp\/v2\/media\/14854"}],"wp:attachment":[{"href":"https:\/\/newsinfoco.com.br\/inicio\/wp-json\/wp\/v2\/media?parent=18546"}],"wp:term":[{"taxonomy":"category","embeddable":true,"href":"https:\/\/newsinfoco.com.br\/inicio\/wp-json\/wp\/v2\/categories?post=18546"},{"taxonomy":"post_tag","embeddable":true,"href":"https:\/\/newsinfoco.com.br\/inicio\/wp-json\/wp\/v2\/tags?post=18546"}],"curies":[{"name":"wp","href":"https:\/\/api.w.org\/{rel}","templated":true}]}}