{"id":18548,"date":"2019-11-08T21:02:39","date_gmt":"2019-11-08T23:02:39","guid":{"rendered":"http:\/\/newsinfoco.com.br\/?p=18548"},"modified":"2019-11-08T21:02:39","modified_gmt":"2019-11-08T23:02:39","slug":"vereador-luciano-almeida-assegura-que-fabricio-faro-e-o-pre-candidato-do-dem-para-prefeitura-de-alagoinhas","status":"publish","type":"post","link":"https:\/\/newsinfoco.com.br\/inicio\/vereador-luciano-almeida-assegura-que-fabricio-faro-e-o-pre-candidato-do-dem-para-prefeitura-de-alagoinhas\/","title":{"rendered":"Vereador Luciano Almeida assegura que Fabr\u00edcio Faro \u00e9 o pr\u00e9-candidato do DEM para prefeitura de Alagoinhas"},"content":{"rendered":"<p style=\"text-align: justify;\">O Democratas(DEM) lan\u00e7ar\u00e1 a pr\u00e9-candidatura de Fabr\u00edcio Faro para concorrer ao cargo de prefeito de Alagoinhas nas pr\u00f3ximas elei\u00e7\u00f5es, garantiu o vereador e vice-presidente municipal do partido, Luciano Almeida, no programa Primeira M\u00e3o, nesta sexta-feira(08). A afirma\u00e7\u00e3o cala todos aqueles que achavam que os membros do partido estavam priorizando uma alian\u00e7a com o ex-prefeito Paulo Cezar. Responde tamb\u00e9m ao questionamento do comentarista do programa, Caio Pimenta, que dizia n\u00e3o entender o porqu\u00ea do DEM se demorar em fortalecer o nome de Fabr\u00edcio, quando esse apareceu em evid\u00eancia nas pesquisas recentes, divulgadas pelo Bahia Not\u00edcias. Caio tamb\u00e9m percebia uma tend\u00eancia dentro do DEM pr\u00f3 Paulo Cezar. Luciano disse que houve conversas normais com o pol\u00edtico, mas que o partido est\u00e1 unido em torno do seu candidato, \u201cFabr\u00edcio n\u00e3o se lan\u00e7ou como op\u00e7\u00e3o eleitoral sozinho, essa foi uma decis\u00e3o do partido\u201d, assegurou.<\/p>\n<p style=\"text-align: justify;\">Haroldo Azi, \u00e2ncora do Programa, lembrou a trajet\u00f3ria do partido que ajudou a eleger tanto Paulo Cezar quanto o pr\u00f3prio Joaquim Neto. Luciano Almeida ratificou a posi\u00e7\u00e3o do DEM ao dizer que hoje Paulo Azi vive seu melhor momento na pol\u00edtica, estabelecendo rela\u00e7\u00f5es pr\u00f3ximas com a presid\u00eancia da C\u00e2mara e do Senado e \u00e9, por sua vez, presidente do partido no Estado, \u201cn\u00e3o h\u00e1 como n\u00e3o termos candidato pr\u00f3prio, quando tamb\u00e9m ficou definido que, nas dez maiores cidades da Bahia, lan\u00e7aremos candidatos\u201d. Luciano foi t\u00e3o veemente que uma alian\u00e7a com Paulo Cezar estaria praticamente descartada, embora ele n\u00e3o tenha dito isso com todas as letras. Haroldo afirmou que h\u00e1 namoro, mas que casamento est\u00e1 muito dif\u00edcil.<\/p>\n<p style=\"text-align: justify;\">As qualidades que fazem de Fabr\u00edcio um nome competitivo foram elencadas por Luciano Almeida. O pol\u00edtico vem de uma passagem exitosa como secret\u00e1rio de Educa\u00e7\u00e3o, quando adotou medidas concretas de valoriza\u00e7\u00e3o de professores e funcion\u00e1rios, atuou na melhoria do transporte escolar e de creches e escolas, com v\u00e1rias reformas. Adquiriu, junto ao deputado Paulo Azi, a constru\u00e7\u00e3o de cinco creches. Luciano tamb\u00e9m evidenciou que Fabr\u00edcio ser\u00e1 o nome mais qualificado em uma eventual disputa em 2020, por ser professor da Uneb, diretor da Faculdade Sant\u00edssimo Sacramento e professor do IFBaiano. \u201cEstamos passando por um momento de fortalecimento, mas tamb\u00e9m de renova\u00e7\u00e3o, o nome de Fabr\u00edcio est\u00e1 de acordo com esse momento da nossa legenda\u201d, ratifica. Haroldo falou que, em toda sua vida, n\u00e3o viu um secret\u00e1rio em sua despedida ser t\u00e3o homenageado por todos os funcion\u00e1rios como no caso de Fabr\u00edcio.<\/p>\n<p style=\"text-align: justify;\">O advogado Hugo Azi, que tamb\u00e9m participava da bancada do programa, questionou porque n\u00e3o lan\u00e7ar o nome do pr\u00f3prio Paulo Azi, j\u00e1 que ele seria o principal nome do partido na cidade. Luciano respondeu que o nome da fam\u00edlia(Azi) ainda \u00e9 muito estigmatizado, embora tenha votos para definir uma elei\u00e7\u00e3o, como de fato vem acontecendo nos \u00faltimos anos. O vereador explica que a esquerda conseguiu colocar os Azis como respons\u00e1veis por todos os males da cidade, essa figura negativa ainda est\u00e1 muito presente no imagin\u00e1rio popular, embora Paulo Azi, segundo ele, vem, durante seus cinco mandatos como deputado estadual e federal, trabalhando pelo munic\u00edpio e que um dia esse empenho ser\u00e1 reconhecido e ele ser\u00e1 prefeito de sua terra, que \u00e9 o sonho, disse Luciano, de todo o pol\u00edtico.<\/p>\n<p style=\"text-align: justify;\">Acompanhe a entrevista de Luciano Almeida ao programa Primeira M\u00e3o:<\/p>\n<p><iframe loading=\"lazy\" width=\"696\" height=\"392\" src=\"https:\/\/www.youtube.com\/embed\/XZBIJQwnui0?feature=oembed\" frameborder=\"0\" allow=\"accelerometer; autoplay; encrypted-media; gyroscope; picture-in-picture\" allowfullscreen><\/iframe><\/p>\n<p><iframe loading=\"lazy\" width=\"696\" height=\"392\" src=\"https:\/\/www.youtube.com\/embed\/H7JHW1bzcp8?start=8&#038;feature=oembed\" frameborder=\"0\" allow=\"accelerometer; autoplay; encrypted-media; gyroscope; picture-in-picture\" allowfullscreen><\/iframe><\/p>\n<p style=\"text-align: right;\">Por Paulo Dias para o News Infoco<\/p>\n<p>&nbsp;<\/p>\n<div class='share-to-whatsapp-wrapper'><div class='share-on-whsp'>Share on: <\/div><a data-text='Vereador Luciano Almeida assegura que Fabr\u00edcio Faro \u00e9 o pr\u00e9-candidato do DEM para prefeitura de Alagoinhas' data-link='https:\/\/newsinfoco.com.br\/inicio\/vereador-luciano-almeida-assegura-que-fabricio-faro-e-o-pre-candidato-do-dem-para-prefeitura-de-alagoinhas\/' class='whatsapp-button whatsapp-share'>WhatsApp<\/a><div class='clear '><\/div><\/div>","protected":false},"excerpt":{"rendered":"<p>O Democratas(DEM) lan\u00e7ar\u00e1 a pr\u00e9-candidatura de Fabr\u00edcio Faro para concorrer ao cargo de prefeito de Alagoinhas nas pr\u00f3ximas elei\u00e7\u00f5es, garantiu o vereador e vice-presidente municipal do partido, Luciano Almeida, no programa Primeira M\u00e3o, nesta sexta-feira(08). A afirma\u00e7\u00e3o cala todos aqueles que achavam que os membros do partido estavam priorizando uma alian\u00e7a com o ex-prefeito Paulo [&hellip;]<\/p>\n","protected":false},"author":1,"featured_media":18549,"comment_status":"open","ping_status":"open","sticky":false,"template":"","format":"standard","meta":{"om_disable_all_campaigns":false,"rop_custom_images_group":[],"rop_custom_messages_group":[],"rop_publish_now":"initial","rop_publish_now_accounts":[],"rop_publish_now_history":[],"rop_publish_now_status":"pending","_exactmetrics_skip_tracking":false,"footnotes":""},"categories":[38,30],"tags":[],"class_list":["post-18548","post","type-post","status-publish","format-standard","has-post-thumbnail","hentry","category-alagoinhas-e-regiao","category-destaque"],"aioseo_notices":[],"aioseo_head":"\n\t\t<!-- All in One SEO 4.9.10 - aioseo.com -->\n\t<meta name=\"description\" content=\"O Democratas(DEM) lan\u00e7ar\u00e1 a pr\u00e9-candidatura de Fabr\u00edcio Faro para concorrer ao cargo de prefeito de Alagoinhas nas pr\u00f3ximas elei\u00e7\u00f5es, garantiu o vereador e vice-presidente municipal do partido, Luciano Almeida, no programa Primeira M\u00e3o, nesta sexta-feira(08). A afirma\u00e7\u00e3o cala todos aqueles que achavam que os membros do partido estavam priorizando uma alian\u00e7a com o ex-prefeito Paulo\" \/>\n\t<meta name=\"robots\" content=\"max-image-preview:large\" \/>\n\t<meta name=\"author\" content=\"administrador\"\/>\n\t<link rel=\"canonical\" href=\"https:\/\/newsinfoco.com.br\/inicio\/vereador-luciano-almeida-assegura-que-fabricio-faro-e-o-pre-candidato-do-dem-para-prefeitura-de-alagoinhas\/\" \/>\n\t<meta name=\"generator\" content=\"All in One SEO (AIOSEO) 4.9.10\" \/>\n\t\t<meta property=\"og:locale\" content=\"pt_BR\" \/>\n\t\t<meta property=\"og:site_name\" content=\"News In Foco - Editado por Caio Pimenta - O principal site de noticias de Alagoinhas e regi\u00e3o\" \/>\n\t\t<meta property=\"og:type\" content=\"article\" \/>\n\t\t<meta property=\"og:title\" content=\"Vereador Luciano Almeida assegura que Fabr\u00edcio Faro \u00e9 o pr\u00e9-candidato do DEM para prefeitura de Alagoinhas - News In Foco - Editado por Caio Pimenta\" \/>\n\t\t<meta property=\"og:description\" content=\"O Democratas(DEM) lan\u00e7ar\u00e1 a pr\u00e9-candidatura de Fabr\u00edcio Faro para concorrer ao cargo de prefeito de Alagoinhas nas pr\u00f3ximas elei\u00e7\u00f5es, garantiu o vereador e vice-presidente municipal do partido, Luciano Almeida, no programa Primeira M\u00e3o, nesta sexta-feira(08). A afirma\u00e7\u00e3o cala todos aqueles que achavam que os membros do partido estavam priorizando uma alian\u00e7a com o ex-prefeito Paulo\" \/>\n\t\t<meta property=\"og:url\" content=\"https:\/\/newsinfoco.com.br\/inicio\/vereador-luciano-almeida-assegura-que-fabricio-faro-e-o-pre-candidato-do-dem-para-prefeitura-de-alagoinhas\/\" \/>\n\t\t<meta property=\"article:published_time\" content=\"2019-11-08T23:02:39+00:00\" \/>\n\t\t<meta property=\"article:modified_time\" content=\"2019-11-08T23:02:39+00:00\" \/>\n\t\t<meta name=\"twitter:card\" content=\"summary_large_image\" \/>\n\t\t<meta name=\"twitter:title\" content=\"Vereador Luciano Almeida assegura que Fabr\u00edcio Faro \u00e9 o pr\u00e9-candidato do DEM para prefeitura de Alagoinhas - News In Foco - Editado por Caio Pimenta\" \/>\n\t\t<meta name=\"twitter:description\" content=\"O Democratas(DEM) lan\u00e7ar\u00e1 a pr\u00e9-candidatura de Fabr\u00edcio Faro para concorrer ao cargo de prefeito de Alagoinhas nas pr\u00f3ximas elei\u00e7\u00f5es, garantiu o vereador e vice-presidente municipal do partido, Luciano Almeida, no programa Primeira M\u00e3o, nesta sexta-feira(08). A afirma\u00e7\u00e3o cala todos aqueles que achavam que os membros do partido estavam priorizando uma alian\u00e7a com o ex-prefeito Paulo\" \/>\n\t\t<script type=\"application\/ld+json\" class=\"aioseo-schema\">\n\t\t\t{\"@context\":\"https:\\\/\\\/schema.org\",\"@graph\":[{\"@type\":\"BlogPosting\",\"@id\":\"https:\\\/\\\/newsinfoco.com.br\\\/inicio\\\/vereador-luciano-almeida-assegura-que-fabricio-faro-e-o-pre-candidato-do-dem-para-prefeitura-de-alagoinhas\\\/#blogposting\",\"name\":\"Vereador Luciano Almeida assegura que Fabr\\u00edcio Faro \\u00e9 o pr\\u00e9-candidato do DEM para prefeitura de Alagoinhas - News In Foco - Editado por Caio Pimenta\",\"headline\":\"Vereador Luciano Almeida assegura que Fabr\\u00edcio Faro \\u00e9 o pr\\u00e9-candidato do DEM para prefeitura de Alagoinhas\",\"author\":{\"@id\":\"https:\\\/\\\/newsinfoco.com.br\\\/inicio\\\/author\\\/administrador\\\/#author\"},\"publisher\":{\"@id\":\"https:\\\/\\\/newsinfoco.com.br\\\/inicio\\\/#organization\"},\"image\":{\"@type\":\"ImageObject\",\"url\":\"https:\\\/\\\/newsinfoco.com.br\\\/inicio\\\/wp-content\\\/uploads\\\/2019\\\/11\\\/Almeida.jpg\",\"width\":800,\"height\":535},\"datePublished\":\"2019-11-08T21:02:39-03:00\",\"dateModified\":\"2019-11-08T21:02:39-03:00\",\"inLanguage\":\"pt-BR\",\"mainEntityOfPage\":{\"@id\":\"https:\\\/\\\/newsinfoco.com.br\\\/inicio\\\/vereador-luciano-almeida-assegura-que-fabricio-faro-e-o-pre-candidato-do-dem-para-prefeitura-de-alagoinhas\\\/#webpage\"},\"isPartOf\":{\"@id\":\"https:\\\/\\\/newsinfoco.com.br\\\/inicio\\\/vereador-luciano-almeida-assegura-que-fabricio-faro-e-o-pre-candidato-do-dem-para-prefeitura-de-alagoinhas\\\/#webpage\"},\"articleSection\":\"Alagoinhas e Regi\\u00e3o, Destaque\"},{\"@type\":\"BreadcrumbList\",\"@id\":\"https:\\\/\\\/newsinfoco.com.br\\\/inicio\\\/vereador-luciano-almeida-assegura-que-fabricio-faro-e-o-pre-candidato-do-dem-para-prefeitura-de-alagoinhas\\\/#breadcrumblist\",\"itemListElement\":[{\"@type\":\"ListItem\",\"@id\":\"https:\\\/\\\/newsinfoco.com.br\\\/inicio#listItem\",\"position\":1,\"name\":\"In\\u00edcio\",\"item\":\"https:\\\/\\\/newsinfoco.com.br\\\/inicio\",\"nextItem\":{\"@type\":\"ListItem\",\"@id\":\"https:\\\/\\\/newsinfoco.com.br\\\/inicio\\\/category\\\/destaque\\\/#listItem\",\"name\":\"Destaque\"}},{\"@type\":\"ListItem\",\"@id\":\"https:\\\/\\\/newsinfoco.com.br\\\/inicio\\\/category\\\/destaque\\\/#listItem\",\"position\":2,\"name\":\"Destaque\",\"item\":\"https:\\\/\\\/newsinfoco.com.br\\\/inicio\\\/category\\\/destaque\\\/\",\"nextItem\":{\"@type\":\"ListItem\",\"@id\":\"https:\\\/\\\/newsinfoco.com.br\\\/inicio\\\/vereador-luciano-almeida-assegura-que-fabricio-faro-e-o-pre-candidato-do-dem-para-prefeitura-de-alagoinhas\\\/#listItem\",\"name\":\"Vereador Luciano Almeida assegura que Fabr\\u00edcio Faro \\u00e9 o pr\\u00e9-candidato do DEM para prefeitura de Alagoinhas\"},\"previousItem\":{\"@type\":\"ListItem\",\"@id\":\"https:\\\/\\\/newsinfoco.com.br\\\/inicio#listItem\",\"name\":\"In\\u00edcio\"}},{\"@type\":\"ListItem\",\"@id\":\"https:\\\/\\\/newsinfoco.com.br\\\/inicio\\\/vereador-luciano-almeida-assegura-que-fabricio-faro-e-o-pre-candidato-do-dem-para-prefeitura-de-alagoinhas\\\/#listItem\",\"position\":3,\"name\":\"Vereador Luciano Almeida assegura que Fabr\\u00edcio Faro \\u00e9 o pr\\u00e9-candidato do DEM para prefeitura de Alagoinhas\",\"previousItem\":{\"@type\":\"ListItem\",\"@id\":\"https:\\\/\\\/newsinfoco.com.br\\\/inicio\\\/category\\\/destaque\\\/#listItem\",\"name\":\"Destaque\"}}]},{\"@type\":\"Organization\",\"@id\":\"https:\\\/\\\/newsinfoco.com.br\\\/inicio\\\/#organization\",\"name\":\"News In Foco - Editado por Caio Pimenta\",\"description\":\"O principal site de noticias de Alagoinhas e regi\\u00e3o\",\"url\":\"https:\\\/\\\/newsinfoco.com.br\\\/inicio\\\/\"},{\"@type\":\"Person\",\"@id\":\"https:\\\/\\\/newsinfoco.com.br\\\/inicio\\\/author\\\/administrador\\\/#author\",\"url\":\"https:\\\/\\\/newsinfoco.com.br\\\/inicio\\\/author\\\/administrador\\\/\",\"name\":\"administrador\",\"image\":{\"@type\":\"ImageObject\",\"@id\":\"https:\\\/\\\/newsinfoco.com.br\\\/inicio\\\/vereador-luciano-almeida-assegura-que-fabricio-faro-e-o-pre-candidato-do-dem-para-prefeitura-de-alagoinhas\\\/#authorImage\",\"url\":\"https:\\\/\\\/secure.gravatar.com\\\/avatar\\\/c17a617433de8c1dc9584bb79aab7563b46f5bb7e1728c9b17d9cc3ce6a08e49?s=96&d=mm&r=g\",\"width\":96,\"height\":96,\"caption\":\"administrador\"}},{\"@type\":\"WebPage\",\"@id\":\"https:\\\/\\\/newsinfoco.com.br\\\/inicio\\\/vereador-luciano-almeida-assegura-que-fabricio-faro-e-o-pre-candidato-do-dem-para-prefeitura-de-alagoinhas\\\/#webpage\",\"url\":\"https:\\\/\\\/newsinfoco.com.br\\\/inicio\\\/vereador-luciano-almeida-assegura-que-fabricio-faro-e-o-pre-candidato-do-dem-para-prefeitura-de-alagoinhas\\\/\",\"name\":\"Vereador Luciano Almeida assegura que Fabr\\u00edcio Faro \\u00e9 o pr\\u00e9-candidato do DEM para prefeitura de Alagoinhas - News In Foco - Editado por Caio Pimenta\",\"description\":\"O Democratas(DEM) lan\\u00e7ar\\u00e1 a pr\\u00e9-candidatura de Fabr\\u00edcio Faro para concorrer ao cargo de prefeito de Alagoinhas nas pr\\u00f3ximas elei\\u00e7\\u00f5es, garantiu o vereador e vice-presidente municipal do partido, Luciano Almeida, no programa Primeira M\\u00e3o, nesta sexta-feira(08). A afirma\\u00e7\\u00e3o cala todos aqueles que achavam que os membros do partido estavam priorizando uma alian\\u00e7a com o ex-prefeito Paulo\",\"inLanguage\":\"pt-BR\",\"isPartOf\":{\"@id\":\"https:\\\/\\\/newsinfoco.com.br\\\/inicio\\\/#website\"},\"breadcrumb\":{\"@id\":\"https:\\\/\\\/newsinfoco.com.br\\\/inicio\\\/vereador-luciano-almeida-assegura-que-fabricio-faro-e-o-pre-candidato-do-dem-para-prefeitura-de-alagoinhas\\\/#breadcrumblist\"},\"author\":{\"@id\":\"https:\\\/\\\/newsinfoco.com.br\\\/inicio\\\/author\\\/administrador\\\/#author\"},\"creator\":{\"@id\":\"https:\\\/\\\/newsinfoco.com.br\\\/inicio\\\/author\\\/administrador\\\/#author\"},\"image\":{\"@type\":\"ImageObject\",\"url\":\"https:\\\/\\\/newsinfoco.com.br\\\/inicio\\\/wp-content\\\/uploads\\\/2019\\\/11\\\/Almeida.jpg\",\"@id\":\"https:\\\/\\\/newsinfoco.com.br\\\/inicio\\\/vereador-luciano-almeida-assegura-que-fabricio-faro-e-o-pre-candidato-do-dem-para-prefeitura-de-alagoinhas\\\/#mainImage\",\"width\":800,\"height\":535},\"primaryImageOfPage\":{\"@id\":\"https:\\\/\\\/newsinfoco.com.br\\\/inicio\\\/vereador-luciano-almeida-assegura-que-fabricio-faro-e-o-pre-candidato-do-dem-para-prefeitura-de-alagoinhas\\\/#mainImage\"},\"datePublished\":\"2019-11-08T21:02:39-03:00\",\"dateModified\":\"2019-11-08T21:02:39-03:00\"},{\"@type\":\"WebSite\",\"@id\":\"https:\\\/\\\/newsinfoco.com.br\\\/inicio\\\/#website\",\"url\":\"https:\\\/\\\/newsinfoco.com.br\\\/inicio\\\/\",\"name\":\"News In Foco - Editado por Caio Pimenta\",\"description\":\"O principal site de noticias de Alagoinhas e regi\\u00e3o\",\"inLanguage\":\"pt-BR\",\"publisher\":{\"@id\":\"https:\\\/\\\/newsinfoco.com.br\\\/inicio\\\/#organization\"}}]}\n\t\t<\/script>\n\t\t<!-- All in One SEO -->\n\n","aioseo_head_json":{"title":"Vereador Luciano Almeida assegura que Fabr\u00edcio Faro \u00e9 o pr\u00e9-candidato do DEM para prefeitura de Alagoinhas - News In Foco - Editado por Caio Pimenta","description":"O Democratas(DEM) lan\u00e7ar\u00e1 a pr\u00e9-candidatura de Fabr\u00edcio Faro para concorrer ao cargo de prefeito de Alagoinhas nas pr\u00f3ximas elei\u00e7\u00f5es, garantiu o vereador e vice-presidente municipal do partido, Luciano Almeida, no programa Primeira M\u00e3o, nesta sexta-feira(08). A afirma\u00e7\u00e3o cala todos aqueles que achavam que os membros do partido estavam priorizando uma alian\u00e7a com o ex-prefeito Paulo","canonical_url":"https:\/\/newsinfoco.com.br\/inicio\/vereador-luciano-almeida-assegura-que-fabricio-faro-e-o-pre-candidato-do-dem-para-prefeitura-de-alagoinhas\/","robots":"max-image-preview:large","keywords":"","webmasterTools":{"miscellaneous":""},"schema":{"@context":"https:\/\/schema.org","@graph":[{"@type":"BlogPosting","@id":"https:\/\/newsinfoco.com.br\/inicio\/vereador-luciano-almeida-assegura-que-fabricio-faro-e-o-pre-candidato-do-dem-para-prefeitura-de-alagoinhas\/#blogposting","name":"Vereador Luciano Almeida assegura que Fabr\u00edcio Faro \u00e9 o pr\u00e9-candidato do DEM para prefeitura de Alagoinhas - News In Foco - Editado por Caio Pimenta","headline":"Vereador Luciano Almeida assegura que Fabr\u00edcio Faro \u00e9 o pr\u00e9-candidato do DEM para prefeitura de Alagoinhas","author":{"@id":"https:\/\/newsinfoco.com.br\/inicio\/author\/administrador\/#author"},"publisher":{"@id":"https:\/\/newsinfoco.com.br\/inicio\/#organization"},"image":{"@type":"ImageObject","url":"https:\/\/newsinfoco.com.br\/inicio\/wp-content\/uploads\/2019\/11\/Almeida.jpg","width":800,"height":535},"datePublished":"2019-11-08T21:02:39-03:00","dateModified":"2019-11-08T21:02:39-03:00","inLanguage":"pt-BR","mainEntityOfPage":{"@id":"https:\/\/newsinfoco.com.br\/inicio\/vereador-luciano-almeida-assegura-que-fabricio-faro-e-o-pre-candidato-do-dem-para-prefeitura-de-alagoinhas\/#webpage"},"isPartOf":{"@id":"https:\/\/newsinfoco.com.br\/inicio\/vereador-luciano-almeida-assegura-que-fabricio-faro-e-o-pre-candidato-do-dem-para-prefeitura-de-alagoinhas\/#webpage"},"articleSection":"Alagoinhas e Regi\u00e3o, Destaque"},{"@type":"BreadcrumbList","@id":"https:\/\/newsinfoco.com.br\/inicio\/vereador-luciano-almeida-assegura-que-fabricio-faro-e-o-pre-candidato-do-dem-para-prefeitura-de-alagoinhas\/#breadcrumblist","itemListElement":[{"@type":"ListItem","@id":"https:\/\/newsinfoco.com.br\/inicio#listItem","position":1,"name":"In\u00edcio","item":"https:\/\/newsinfoco.com.br\/inicio","nextItem":{"@type":"ListItem","@id":"https:\/\/newsinfoco.com.br\/inicio\/category\/destaque\/#listItem","name":"Destaque"}},{"@type":"ListItem","@id":"https:\/\/newsinfoco.com.br\/inicio\/category\/destaque\/#listItem","position":2,"name":"Destaque","item":"https:\/\/newsinfoco.com.br\/inicio\/category\/destaque\/","nextItem":{"@type":"ListItem","@id":"https:\/\/newsinfoco.com.br\/inicio\/vereador-luciano-almeida-assegura-que-fabricio-faro-e-o-pre-candidato-do-dem-para-prefeitura-de-alagoinhas\/#listItem","name":"Vereador Luciano Almeida assegura que Fabr\u00edcio Faro \u00e9 o pr\u00e9-candidato do DEM para prefeitura de Alagoinhas"},"previousItem":{"@type":"ListItem","@id":"https:\/\/newsinfoco.com.br\/inicio#listItem","name":"In\u00edcio"}},{"@type":"ListItem","@id":"https:\/\/newsinfoco.com.br\/inicio\/vereador-luciano-almeida-assegura-que-fabricio-faro-e-o-pre-candidato-do-dem-para-prefeitura-de-alagoinhas\/#listItem","position":3,"name":"Vereador Luciano Almeida assegura que Fabr\u00edcio Faro \u00e9 o pr\u00e9-candidato do DEM para prefeitura de Alagoinhas","previousItem":{"@type":"ListItem","@id":"https:\/\/newsinfoco.com.br\/inicio\/category\/destaque\/#listItem","name":"Destaque"}}]},{"@type":"Organization","@id":"https:\/\/newsinfoco.com.br\/inicio\/#organization","name":"News In Foco - Editado por Caio Pimenta","description":"O principal site de noticias de Alagoinhas e regi\u00e3o","url":"https:\/\/newsinfoco.com.br\/inicio\/"},{"@type":"Person","@id":"https:\/\/newsinfoco.com.br\/inicio\/author\/administrador\/#author","url":"https:\/\/newsinfoco.com.br\/inicio\/author\/administrador\/","name":"administrador","image":{"@type":"ImageObject","@id":"https:\/\/newsinfoco.com.br\/inicio\/vereador-luciano-almeida-assegura-que-fabricio-faro-e-o-pre-candidato-do-dem-para-prefeitura-de-alagoinhas\/#authorImage","url":"https:\/\/secure.gravatar.com\/avatar\/c17a617433de8c1dc9584bb79aab7563b46f5bb7e1728c9b17d9cc3ce6a08e49?s=96&d=mm&r=g","width":96,"height":96,"caption":"administrador"}},{"@type":"WebPage","@id":"https:\/\/newsinfoco.com.br\/inicio\/vereador-luciano-almeida-assegura-que-fabricio-faro-e-o-pre-candidato-do-dem-para-prefeitura-de-alagoinhas\/#webpage","url":"https:\/\/newsinfoco.com.br\/inicio\/vereador-luciano-almeida-assegura-que-fabricio-faro-e-o-pre-candidato-do-dem-para-prefeitura-de-alagoinhas\/","name":"Vereador Luciano Almeida assegura que Fabr\u00edcio Faro \u00e9 o pr\u00e9-candidato do DEM para prefeitura de Alagoinhas - News In Foco - Editado por Caio Pimenta","description":"O Democratas(DEM) lan\u00e7ar\u00e1 a pr\u00e9-candidatura de Fabr\u00edcio Faro para concorrer ao cargo de prefeito de Alagoinhas nas pr\u00f3ximas elei\u00e7\u00f5es, garantiu o vereador e vice-presidente municipal do partido, Luciano Almeida, no programa Primeira M\u00e3o, nesta sexta-feira(08). A afirma\u00e7\u00e3o cala todos aqueles que achavam que os membros do partido estavam priorizando uma alian\u00e7a com o ex-prefeito Paulo","inLanguage":"pt-BR","isPartOf":{"@id":"https:\/\/newsinfoco.com.br\/inicio\/#website"},"breadcrumb":{"@id":"https:\/\/newsinfoco.com.br\/inicio\/vereador-luciano-almeida-assegura-que-fabricio-faro-e-o-pre-candidato-do-dem-para-prefeitura-de-alagoinhas\/#breadcrumblist"},"author":{"@id":"https:\/\/newsinfoco.com.br\/inicio\/author\/administrador\/#author"},"creator":{"@id":"https:\/\/newsinfoco.com.br\/inicio\/author\/administrador\/#author"},"image":{"@type":"ImageObject","url":"https:\/\/newsinfoco.com.br\/inicio\/wp-content\/uploads\/2019\/11\/Almeida.jpg","@id":"https:\/\/newsinfoco.com.br\/inicio\/vereador-luciano-almeida-assegura-que-fabricio-faro-e-o-pre-candidato-do-dem-para-prefeitura-de-alagoinhas\/#mainImage","width":800,"height":535},"primaryImageOfPage":{"@id":"https:\/\/newsinfoco.com.br\/inicio\/vereador-luciano-almeida-assegura-que-fabricio-faro-e-o-pre-candidato-do-dem-para-prefeitura-de-alagoinhas\/#mainImage"},"datePublished":"2019-11-08T21:02:39-03:00","dateModified":"2019-11-08T21:02:39-03:00"},{"@type":"WebSite","@id":"https:\/\/newsinfoco.com.br\/inicio\/#website","url":"https:\/\/newsinfoco.com.br\/inicio\/","name":"News In Foco - Editado por Caio Pimenta","description":"O principal site de noticias de Alagoinhas e regi\u00e3o","inLanguage":"pt-BR","publisher":{"@id":"https:\/\/newsinfoco.com.br\/inicio\/#organization"}}]},"og:locale":"pt_BR","og:site_name":"News In Foco - Editado por Caio Pimenta - O principal site de noticias de Alagoinhas e regi\u00e3o","og:type":"article","og:title":"Vereador Luciano Almeida assegura que Fabr\u00edcio Faro \u00e9 o pr\u00e9-candidato do DEM para prefeitura de Alagoinhas - News In Foco - Editado por Caio Pimenta","og:description":"O Democratas(DEM) lan\u00e7ar\u00e1 a pr\u00e9-candidatura de Fabr\u00edcio Faro para concorrer ao cargo de prefeito de Alagoinhas nas pr\u00f3ximas elei\u00e7\u00f5es, garantiu o vereador e vice-presidente municipal do partido, Luciano Almeida, no programa Primeira M\u00e3o, nesta sexta-feira(08). A afirma\u00e7\u00e3o cala todos aqueles que achavam que os membros do partido estavam priorizando uma alian\u00e7a com o ex-prefeito Paulo","og:url":"https:\/\/newsinfoco.com.br\/inicio\/vereador-luciano-almeida-assegura-que-fabricio-faro-e-o-pre-candidato-do-dem-para-prefeitura-de-alagoinhas\/","article:published_time":"2019-11-08T23:02:39+00:00","article:modified_time":"2019-11-08T23:02:39+00:00","twitter:card":"summary_large_image","twitter:title":"Vereador Luciano Almeida assegura que Fabr\u00edcio Faro \u00e9 o pr\u00e9-candidato do DEM para prefeitura de Alagoinhas - News In Foco - Editado por Caio Pimenta","twitter:description":"O Democratas(DEM) lan\u00e7ar\u00e1 a pr\u00e9-candidatura de Fabr\u00edcio Faro para concorrer ao cargo de prefeito de Alagoinhas nas pr\u00f3ximas elei\u00e7\u00f5es, garantiu o vereador e vice-presidente municipal do partido, Luciano Almeida, no programa Primeira M\u00e3o, nesta sexta-feira(08). A afirma\u00e7\u00e3o cala todos aqueles que achavam que os membros do partido estavam priorizando uma alian\u00e7a com o ex-prefeito Paulo"},"aioseo_meta_data":{"post_id":"18548","title":null,"description":null,"keywords":null,"keyphrases":null,"primary_term":null,"canonical_url":null,"og_title":null,"og_description":null,"og_object_type":"default","og_image_type":"default","og_image_url":null,"og_image_width":null,"og_image_height":null,"og_image_custom_url":null,"og_image_custom_fields":null,"og_video":null,"og_custom_url":null,"og_article_section":null,"og_article_tags":null,"twitter_use_og":false,"twitter_card":"default","twitter_image_type":"default","twitter_image_url":null,"twitter_image_custom_url":null,"twitter_image_custom_fields":null,"twitter_title":null,"twitter_description":null,"schema":{"blockGraphs":[],"customGraphs":[],"default":{"data":{"Article":[],"Course":[],"Dataset":[],"FAQPage":[],"Movie":[],"Person":[],"Product":[],"ProductReview":[],"Car":[],"Recipe":[],"Service":[],"SoftwareApplication":[],"WebPage":[]},"graphName":"","isEnabled":true},"graphs":[]},"schema_type":"default","schema_type_options":null,"pillar_content":false,"robots_default":true,"robots_noindex":false,"robots_noarchive":false,"robots_nosnippet":false,"robots_nofollow":false,"robots_noimageindex":false,"robots_noodp":false,"robots_notranslate":false,"robots_max_snippet":null,"robots_max_videopreview":null,"robots_max_imagepreview":"large","priority":null,"frequency":null,"local_seo":null,"breadcrumb_settings":null,"limit_modified_date":false,"ai":null,"created":"2023-06-12 15:10:42","updated":"2025-07-11 01:48:49","seo_analyzer_scan_date":null},"aioseo_breadcrumb":"<div class=\"aioseo-breadcrumbs\"><span class=\"aioseo-breadcrumb\">\n\t\t\t<a href=\"https:\/\/newsinfoco.com.br\/inicio\" title=\"In\u00edcio\">In\u00edcio<\/a>\n\t\t<\/span><span class=\"aioseo-breadcrumb-separator\">&raquo;<\/span><span class=\"aioseo-breadcrumb\">\n\t\t\t<a href=\"https:\/\/newsinfoco.com.br\/inicio\/category\/destaque\/\" title=\"Destaque\">Destaque<\/a>\n\t\t<\/span><span class=\"aioseo-breadcrumb-separator\">&raquo;<\/span><span class=\"aioseo-breadcrumb\">\n\t\t\tVereador Luciano Almeida assegura que Fabr\u00edcio Faro \u00e9 o pr\u00e9-candidato do DEM para prefeitura de Alagoinhas\n\t\t<\/span><\/div>","aioseo_breadcrumb_json":[{"label":"In\u00edcio","link":"https:\/\/newsinfoco.com.br\/inicio"},{"label":"Destaque","link":"https:\/\/newsinfoco.com.br\/inicio\/category\/destaque\/"},{"label":"Vereador Luciano Almeida assegura que Fabr\u00edcio Faro \u00e9 o pr\u00e9-candidato do DEM para prefeitura de Alagoinhas","link":"https:\/\/newsinfoco.com.br\/inicio\/vereador-luciano-almeida-assegura-que-fabricio-faro-e-o-pre-candidato-do-dem-para-prefeitura-de-alagoinhas\/"}],"_links":{"self":[{"href":"https:\/\/newsinfoco.com.br\/inicio\/wp-json\/wp\/v2\/posts\/18548","targetHints":{"allow":["GET"]}}],"collection":[{"href":"https:\/\/newsinfoco.com.br\/inicio\/wp-json\/wp\/v2\/posts"}],"about":[{"href":"https:\/\/newsinfoco.com.br\/inicio\/wp-json\/wp\/v2\/types\/post"}],"author":[{"embeddable":true,"href":"https:\/\/newsinfoco.com.br\/inicio\/wp-json\/wp\/v2\/users\/1"}],"replies":[{"embeddable":true,"href":"https:\/\/newsinfoco.com.br\/inicio\/wp-json\/wp\/v2\/comments?post=18548"}],"version-history":[{"count":0,"href":"https:\/\/newsinfoco.com.br\/inicio\/wp-json\/wp\/v2\/posts\/18548\/revisions"}],"wp:featuredmedia":[{"embeddable":true,"href":"https:\/\/newsinfoco.com.br\/inicio\/wp-json\/wp\/v2\/media\/18549"}],"wp:attachment":[{"href":"https:\/\/newsinfoco.com.br\/inicio\/wp-json\/wp\/v2\/media?parent=18548"}],"wp:term":[{"taxonomy":"category","embeddable":true,"href":"https:\/\/newsinfoco.com.br\/inicio\/wp-json\/wp\/v2\/categories?post=18548"},{"taxonomy":"post_tag","embeddable":true,"href":"https:\/\/newsinfoco.com.br\/inicio\/wp-json\/wp\/v2\/tags?post=18548"}],"curies":[{"name":"wp","href":"https:\/\/api.w.org\/{rel}","templated":true}]}}