{"id":18554,"date":"2019-11-08T23:45:40","date_gmt":"2019-11-09T01:45:40","guid":{"rendered":"http:\/\/newsinfoco.com.br\/?p=18554"},"modified":"2019-11-08T23:45:40","modified_gmt":"2019-11-09T01:45:40","slug":"espaco-de-luta-compartilhamento-e-acao-prefeitura-inaugura-sala-do-conselho-municipal-de-desenvolvimento-da-comunidade-negra-e-afrodescendente-de-alagoinhas","status":"publish","type":"post","link":"https:\/\/newsinfoco.com.br\/inicio\/espaco-de-luta-compartilhamento-e-acao-prefeitura-inaugura-sala-do-conselho-municipal-de-desenvolvimento-da-comunidade-negra-e-afrodescendente-de-alagoinhas\/","title":{"rendered":"Espa\u00e7o de luta, compartilhamento e a\u00e7\u00e3o: Prefeitura inaugura sala do Conselho Municipal de Desenvolvimento da Comunidade Negra e Afrodescendente de Alagoinhas"},"content":{"rendered":"<p>Com foco em ampliar os espa\u00e7os de discuss\u00e3o, em fortalecer as a\u00e7\u00f5es de enfrentamento ao racismo, em reafirmar a resist\u00eancia dos povos e comunidades tradicionais e em combater a desigualdade \u00e9tnica e racial, a Prefeitura uniu esfor\u00e7os a representantes do Conselho Municipal de Desenvolvimento da Comunidade Negra e Afrodescendente e inaugurou a sala que deve funcionar como espa\u00e7o de debate, planejamento, discuss\u00f5es, compartilhamento e desenvolvimento de a\u00e7\u00f5es.<\/p>\n<p>Localizada no pr\u00e9dio da Casa da Cidadania, a sala do Conselho Municipal de Desenvolvimento da Comunidade Negra e Afrodescendente foi reformada, equipada e conta agora com instala\u00e7\u00f5es adequadas para a realiza\u00e7\u00e3o das atividades do Conselho. A inaugura\u00e7\u00e3o, cuja solenidade foi conduzida por representantes e membros do \u00f3rg\u00e3o, junto \u00e0 Secretaria Municipal de Assist\u00eancia Social (SEMAS), \u00e9 um marco hist\u00f3rico para a repara\u00e7\u00e3o social no munic\u00edpio.<\/p>\n<p>Segundo o secret\u00e1rio de Assist\u00eancia Social, Alfredo Menezes, respons\u00e1vel pela iniciativa, a inaugura\u00e7\u00e3o da sala representa n\u00e3o apenas o reconhecimento de que \u00e9 preciso ampliar a luta e as vozes no combate \u00e0 desigualdade \u00e9tnica, racial e \u00e0 intoler\u00e2ncia religiosa, mas tamb\u00e9m fortalecer os espa\u00e7os de discuss\u00e3o.<\/p>\n<p>\u201cTemos um conjunto de pol\u00edticas em curso e fico feliz neste momento t\u00e3o importante para Alagoinhas. Desde o in\u00edcio do governo Joaquim, quando assumimos a secretaria, fizemos de tudo para fortalecer os conselhos e hoje estamos dando mais um passo \u00e0 frente. Sem o controle social, n\u00e3o h\u00e1 administra\u00e7\u00e3o. \u00c9 preciso reconhecer o papel fundamental e a atua\u00e7\u00e3o desses conselhos. A inaugura\u00e7\u00e3o dessa sala n\u00e3o faz parte de uma a\u00e7\u00e3o isolada, pelo contr\u00e1rio; e, paralelamente, iniciamos, em novembro, o mapeamento dos terreiros no munic\u00edpio, mais um marco hist\u00f3rico\u201d, afirmou Alfredo Menezes.<\/p>\n<p>A coordenadora do Conselho de Repara\u00e7\u00e3o Social, Ednajara Santos de Lima, chamou a aten\u00e7\u00e3o para as desigualdades ainda abissais no Brasil e salientou que \u00e9 preciso enxergar a hist\u00f3ria solapada atrav\u00e9s das lentes do racismo, sustentadas por mais de 3 s\u00e9culos de escravid\u00e3o. \u201cA gente vem na luta para que o nosso povo, o povo negro, tenha espa\u00e7o para que a gente sente, se re\u00fana, discuta. A gente sofre racismo todos os dias. O racismo nos mata, nos cala, e um espa\u00e7o para falar sobre isso \u00e9 muito importante, ent\u00e3o a gente precisa ter o entendimento de que discutir o racismo \u00e9 importante para a nossa popula\u00e7\u00e3o. Essa sala \u00e9 fruto de uma luta desse Conselho. A gente vem h\u00e1 tempos solicitando que o Conselho tenha um espa\u00e7o que a gente possa discutir, possa falar sobre aquilo que \u00e9 das nossas lutas. N\u00e3o \u00e9 algo f\u00e1cil, porque nada \u00e9 f\u00e1cil para o povo preto, \u00e9 fruto sempre de muita luta, mas a gente avalia que \u00e9 muito importante ter parceiros como a SEMAS. A gente agradece, Alfredo, porque todas as nossas lutas, brigas e o nosso bater na mesa n\u00e3o s\u00e3o f\u00e1ceis, mas voc\u00ea sempre nos atende, ouve as nossas falas, e isso \u00e9 importante\u201d, pontuou Ednajara Lima.<\/p>\n<p>A sala que disp\u00f5e de computador, mesas e instrumentos de trabalho tamb\u00e9m poder\u00e1 ser utilizada, segundo o Conselho, para discuss\u00f5es dos movimentos sociais.<\/p>\n<p>A inaugura\u00e7\u00e3o da sala acontece como parte da programa\u00e7\u00e3o prevista para o m\u00eas de novembro pela SEMAS, em parceria com a Secretaria de Cultura, Esporte e Turismo (SECET) e a Comiss\u00e3o de Terreiros do Estado da Bahia. Este ano, o tema do Novembro Negro, em Alagoinhas \u2013 \u201cDa escravid\u00e3o aos dias atuais: uma hist\u00f3ria de resist\u00eancia e luta\u201d \u2013, norteia uma agenda com palestras, encontros e apresenta\u00e7\u00f5es.<\/p>\n<p>SECOM ALAGOINHAS<\/p>\n<div class='share-to-whatsapp-wrapper'><div class='share-on-whsp'>Share on: <\/div><a data-text='Espa\u00e7o de luta, compartilhamento e a\u00e7\u00e3o: Prefeitura inaugura sala do Conselho Municipal de Desenvolvimento da Comunidade Negra e Afrodescendente de Alagoinhas' data-link='https:\/\/newsinfoco.com.br\/inicio\/espaco-de-luta-compartilhamento-e-acao-prefeitura-inaugura-sala-do-conselho-municipal-de-desenvolvimento-da-comunidade-negra-e-afrodescendente-de-alagoinhas\/' class='whatsapp-button whatsapp-share'>WhatsApp<\/a><div class='clear '><\/div><\/div>","protected":false},"excerpt":{"rendered":"<p>Com foco em ampliar os espa\u00e7os de discuss\u00e3o, em fortalecer as a\u00e7\u00f5es de enfrentamento ao racismo, em reafirmar a resist\u00eancia dos povos e comunidades tradicionais e em combater a desigualdade \u00e9tnica e racial, a Prefeitura uniu esfor\u00e7os a representantes do Conselho Municipal de Desenvolvimento da Comunidade Negra e Afrodescendente e inaugurou a sala que deve [&hellip;]<\/p>\n","protected":false},"author":1,"featured_media":18555,"comment_status":"open","ping_status":"open","sticky":false,"template":"","format":"standard","meta":{"om_disable_all_campaigns":false,"rop_custom_images_group":[],"rop_custom_messages_group":[],"rop_publish_now":"initial","rop_publish_now_accounts":[],"rop_publish_now_history":[],"rop_publish_now_status":"pending","_exactmetrics_skip_tracking":false,"footnotes":""},"categories":[38,30],"tags":[],"class_list":["post-18554","post","type-post","status-publish","format-standard","has-post-thumbnail","hentry","category-alagoinhas-e-regiao","category-destaque"],"aioseo_notices":[],"aioseo_head":"\n\t\t<!-- All in One SEO 4.9.10 - aioseo.com -->\n\t<meta name=\"description\" content=\"Com foco em ampliar os espa\u00e7os de discuss\u00e3o, em fortalecer as a\u00e7\u00f5es de enfrentamento ao racismo, em reafirmar a resist\u00eancia dos povos e comunidades tradicionais e em combater a desigualdade \u00e9tnica e racial, a Prefeitura uniu esfor\u00e7os a representantes do Conselho Municipal de Desenvolvimento da Comunidade Negra e Afrodescendente e inaugurou a sala que deve\" \/>\n\t<meta name=\"robots\" content=\"max-image-preview:large\" \/>\n\t<meta name=\"author\" content=\"administrador\"\/>\n\t<link rel=\"canonical\" href=\"https:\/\/newsinfoco.com.br\/inicio\/espaco-de-luta-compartilhamento-e-acao-prefeitura-inaugura-sala-do-conselho-municipal-de-desenvolvimento-da-comunidade-negra-e-afrodescendente-de-alagoinhas\/\" \/>\n\t<meta name=\"generator\" content=\"All in One SEO (AIOSEO) 4.9.10\" \/>\n\t\t<meta property=\"og:locale\" content=\"pt_BR\" \/>\n\t\t<meta property=\"og:site_name\" content=\"News In Foco - Editado por Caio Pimenta - O principal site de noticias de Alagoinhas e regi\u00e3o\" \/>\n\t\t<meta property=\"og:type\" content=\"article\" \/>\n\t\t<meta property=\"og:title\" content=\"Espa\u00e7o de luta, compartilhamento e a\u00e7\u00e3o: Prefeitura inaugura sala do Conselho Municipal de Desenvolvimento da Comunidade Negra e Afrodescendente de Alagoinhas - News In Foco - Editado por Caio Pimenta\" \/>\n\t\t<meta property=\"og:description\" content=\"Com foco em ampliar os espa\u00e7os de discuss\u00e3o, em fortalecer as a\u00e7\u00f5es de enfrentamento ao racismo, em reafirmar a resist\u00eancia dos povos e comunidades tradicionais e em combater a desigualdade \u00e9tnica e racial, a Prefeitura uniu esfor\u00e7os a representantes do Conselho Municipal de Desenvolvimento da Comunidade Negra e Afrodescendente e inaugurou a sala que deve\" \/>\n\t\t<meta property=\"og:url\" content=\"https:\/\/newsinfoco.com.br\/inicio\/espaco-de-luta-compartilhamento-e-acao-prefeitura-inaugura-sala-do-conselho-municipal-de-desenvolvimento-da-comunidade-negra-e-afrodescendente-de-alagoinhas\/\" \/>\n\t\t<meta property=\"article:published_time\" content=\"2019-11-09T01:45:40+00:00\" \/>\n\t\t<meta property=\"article:modified_time\" content=\"2019-11-09T01:45:40+00:00\" \/>\n\t\t<meta name=\"twitter:card\" content=\"summary_large_image\" \/>\n\t\t<meta name=\"twitter:title\" content=\"Espa\u00e7o de luta, compartilhamento e a\u00e7\u00e3o: Prefeitura inaugura sala do Conselho Municipal de Desenvolvimento da Comunidade Negra e Afrodescendente de Alagoinhas - News In Foco - Editado por Caio Pimenta\" \/>\n\t\t<meta name=\"twitter:description\" content=\"Com foco em ampliar os espa\u00e7os de discuss\u00e3o, em fortalecer as a\u00e7\u00f5es de enfrentamento ao racismo, em reafirmar a resist\u00eancia dos povos e comunidades tradicionais e em combater a desigualdade \u00e9tnica e racial, a Prefeitura uniu esfor\u00e7os a representantes do Conselho Municipal de Desenvolvimento da Comunidade Negra e Afrodescendente e inaugurou a sala que deve\" \/>\n\t\t<script type=\"application\/ld+json\" class=\"aioseo-schema\">\n\t\t\t{\"@context\":\"https:\\\/\\\/schema.org\",\"@graph\":[{\"@type\":\"BlogPosting\",\"@id\":\"https:\\\/\\\/newsinfoco.com.br\\\/inicio\\\/espaco-de-luta-compartilhamento-e-acao-prefeitura-inaugura-sala-do-conselho-municipal-de-desenvolvimento-da-comunidade-negra-e-afrodescendente-de-alagoinhas\\\/#blogposting\",\"name\":\"Espa\\u00e7o de luta, compartilhamento e a\\u00e7\\u00e3o: Prefeitura inaugura sala do Conselho Municipal de Desenvolvimento da Comunidade Negra e Afrodescendente de Alagoinhas - News In Foco - Editado por Caio Pimenta\",\"headline\":\"Espa\\u00e7o de luta, compartilhamento e a\\u00e7\\u00e3o: Prefeitura inaugura sala do Conselho Municipal de Desenvolvimento da Comunidade Negra e Afrodescendente de Alagoinhas\",\"author\":{\"@id\":\"https:\\\/\\\/newsinfoco.com.br\\\/inicio\\\/author\\\/administrador\\\/#author\"},\"publisher\":{\"@id\":\"https:\\\/\\\/newsinfoco.com.br\\\/inicio\\\/#organization\"},\"image\":{\"@type\":\"ImageObject\",\"url\":\"https:\\\/\\\/newsinfoco.com.br\\\/inicio\\\/wp-content\\\/uploads\\\/2019\\\/11\\\/WhatsApp-Image-2019-11-08-at-11.42.58-1-1024x678.jpeg\",\"width\":1024,\"height\":678},\"datePublished\":\"2019-11-08T23:45:40-03:00\",\"dateModified\":\"2019-11-08T23:45:40-03:00\",\"inLanguage\":\"pt-BR\",\"mainEntityOfPage\":{\"@id\":\"https:\\\/\\\/newsinfoco.com.br\\\/inicio\\\/espaco-de-luta-compartilhamento-e-acao-prefeitura-inaugura-sala-do-conselho-municipal-de-desenvolvimento-da-comunidade-negra-e-afrodescendente-de-alagoinhas\\\/#webpage\"},\"isPartOf\":{\"@id\":\"https:\\\/\\\/newsinfoco.com.br\\\/inicio\\\/espaco-de-luta-compartilhamento-e-acao-prefeitura-inaugura-sala-do-conselho-municipal-de-desenvolvimento-da-comunidade-negra-e-afrodescendente-de-alagoinhas\\\/#webpage\"},\"articleSection\":\"Alagoinhas e Regi\\u00e3o, Destaque\"},{\"@type\":\"BreadcrumbList\",\"@id\":\"https:\\\/\\\/newsinfoco.com.br\\\/inicio\\\/espaco-de-luta-compartilhamento-e-acao-prefeitura-inaugura-sala-do-conselho-municipal-de-desenvolvimento-da-comunidade-negra-e-afrodescendente-de-alagoinhas\\\/#breadcrumblist\",\"itemListElement\":[{\"@type\":\"ListItem\",\"@id\":\"https:\\\/\\\/newsinfoco.com.br\\\/inicio#listItem\",\"position\":1,\"name\":\"In\\u00edcio\",\"item\":\"https:\\\/\\\/newsinfoco.com.br\\\/inicio\",\"nextItem\":{\"@type\":\"ListItem\",\"@id\":\"https:\\\/\\\/newsinfoco.com.br\\\/inicio\\\/category\\\/destaque\\\/#listItem\",\"name\":\"Destaque\"}},{\"@type\":\"ListItem\",\"@id\":\"https:\\\/\\\/newsinfoco.com.br\\\/inicio\\\/category\\\/destaque\\\/#listItem\",\"position\":2,\"name\":\"Destaque\",\"item\":\"https:\\\/\\\/newsinfoco.com.br\\\/inicio\\\/category\\\/destaque\\\/\",\"nextItem\":{\"@type\":\"ListItem\",\"@id\":\"https:\\\/\\\/newsinfoco.com.br\\\/inicio\\\/espaco-de-luta-compartilhamento-e-acao-prefeitura-inaugura-sala-do-conselho-municipal-de-desenvolvimento-da-comunidade-negra-e-afrodescendente-de-alagoinhas\\\/#listItem\",\"name\":\"Espa\\u00e7o de luta, compartilhamento e a\\u00e7\\u00e3o: Prefeitura inaugura sala do Conselho Municipal de Desenvolvimento da Comunidade Negra e Afrodescendente de Alagoinhas\"},\"previousItem\":{\"@type\":\"ListItem\",\"@id\":\"https:\\\/\\\/newsinfoco.com.br\\\/inicio#listItem\",\"name\":\"In\\u00edcio\"}},{\"@type\":\"ListItem\",\"@id\":\"https:\\\/\\\/newsinfoco.com.br\\\/inicio\\\/espaco-de-luta-compartilhamento-e-acao-prefeitura-inaugura-sala-do-conselho-municipal-de-desenvolvimento-da-comunidade-negra-e-afrodescendente-de-alagoinhas\\\/#listItem\",\"position\":3,\"name\":\"Espa\\u00e7o de luta, compartilhamento e a\\u00e7\\u00e3o: Prefeitura inaugura sala do Conselho Municipal de Desenvolvimento da Comunidade Negra e Afrodescendente de Alagoinhas\",\"previousItem\":{\"@type\":\"ListItem\",\"@id\":\"https:\\\/\\\/newsinfoco.com.br\\\/inicio\\\/category\\\/destaque\\\/#listItem\",\"name\":\"Destaque\"}}]},{\"@type\":\"Organization\",\"@id\":\"https:\\\/\\\/newsinfoco.com.br\\\/inicio\\\/#organization\",\"name\":\"News In Foco - Editado por Caio Pimenta\",\"description\":\"O principal site de noticias de Alagoinhas e regi\\u00e3o\",\"url\":\"https:\\\/\\\/newsinfoco.com.br\\\/inicio\\\/\"},{\"@type\":\"Person\",\"@id\":\"https:\\\/\\\/newsinfoco.com.br\\\/inicio\\\/author\\\/administrador\\\/#author\",\"url\":\"https:\\\/\\\/newsinfoco.com.br\\\/inicio\\\/author\\\/administrador\\\/\",\"name\":\"administrador\",\"image\":{\"@type\":\"ImageObject\",\"@id\":\"https:\\\/\\\/newsinfoco.com.br\\\/inicio\\\/espaco-de-luta-compartilhamento-e-acao-prefeitura-inaugura-sala-do-conselho-municipal-de-desenvolvimento-da-comunidade-negra-e-afrodescendente-de-alagoinhas\\\/#authorImage\",\"url\":\"https:\\\/\\\/secure.gravatar.com\\\/avatar\\\/c17a617433de8c1dc9584bb79aab7563b46f5bb7e1728c9b17d9cc3ce6a08e49?s=96&d=mm&r=g\",\"width\":96,\"height\":96,\"caption\":\"administrador\"}},{\"@type\":\"WebPage\",\"@id\":\"https:\\\/\\\/newsinfoco.com.br\\\/inicio\\\/espaco-de-luta-compartilhamento-e-acao-prefeitura-inaugura-sala-do-conselho-municipal-de-desenvolvimento-da-comunidade-negra-e-afrodescendente-de-alagoinhas\\\/#webpage\",\"url\":\"https:\\\/\\\/newsinfoco.com.br\\\/inicio\\\/espaco-de-luta-compartilhamento-e-acao-prefeitura-inaugura-sala-do-conselho-municipal-de-desenvolvimento-da-comunidade-negra-e-afrodescendente-de-alagoinhas\\\/\",\"name\":\"Espa\\u00e7o de luta, compartilhamento e a\\u00e7\\u00e3o: Prefeitura inaugura sala do Conselho Municipal de Desenvolvimento da Comunidade Negra e Afrodescendente de Alagoinhas - News In Foco - Editado por Caio Pimenta\",\"description\":\"Com foco em ampliar os espa\\u00e7os de discuss\\u00e3o, em fortalecer as a\\u00e7\\u00f5es de enfrentamento ao racismo, em reafirmar a resist\\u00eancia dos povos e comunidades tradicionais e em combater a desigualdade \\u00e9tnica e racial, a Prefeitura uniu esfor\\u00e7os a representantes do Conselho Municipal de Desenvolvimento da Comunidade Negra e Afrodescendente e inaugurou a sala que deve\",\"inLanguage\":\"pt-BR\",\"isPartOf\":{\"@id\":\"https:\\\/\\\/newsinfoco.com.br\\\/inicio\\\/#website\"},\"breadcrumb\":{\"@id\":\"https:\\\/\\\/newsinfoco.com.br\\\/inicio\\\/espaco-de-luta-compartilhamento-e-acao-prefeitura-inaugura-sala-do-conselho-municipal-de-desenvolvimento-da-comunidade-negra-e-afrodescendente-de-alagoinhas\\\/#breadcrumblist\"},\"author\":{\"@id\":\"https:\\\/\\\/newsinfoco.com.br\\\/inicio\\\/author\\\/administrador\\\/#author\"},\"creator\":{\"@id\":\"https:\\\/\\\/newsinfoco.com.br\\\/inicio\\\/author\\\/administrador\\\/#author\"},\"image\":{\"@type\":\"ImageObject\",\"url\":\"https:\\\/\\\/newsinfoco.com.br\\\/inicio\\\/wp-content\\\/uploads\\\/2019\\\/11\\\/WhatsApp-Image-2019-11-08-at-11.42.58-1-1024x678.jpeg\",\"@id\":\"https:\\\/\\\/newsinfoco.com.br\\\/inicio\\\/espaco-de-luta-compartilhamento-e-acao-prefeitura-inaugura-sala-do-conselho-municipal-de-desenvolvimento-da-comunidade-negra-e-afrodescendente-de-alagoinhas\\\/#mainImage\",\"width\":1024,\"height\":678},\"primaryImageOfPage\":{\"@id\":\"https:\\\/\\\/newsinfoco.com.br\\\/inicio\\\/espaco-de-luta-compartilhamento-e-acao-prefeitura-inaugura-sala-do-conselho-municipal-de-desenvolvimento-da-comunidade-negra-e-afrodescendente-de-alagoinhas\\\/#mainImage\"},\"datePublished\":\"2019-11-08T23:45:40-03:00\",\"dateModified\":\"2019-11-08T23:45:40-03:00\"},{\"@type\":\"WebSite\",\"@id\":\"https:\\\/\\\/newsinfoco.com.br\\\/inicio\\\/#website\",\"url\":\"https:\\\/\\\/newsinfoco.com.br\\\/inicio\\\/\",\"name\":\"News In Foco - Editado por Caio Pimenta\",\"description\":\"O principal site de noticias de Alagoinhas e regi\\u00e3o\",\"inLanguage\":\"pt-BR\",\"publisher\":{\"@id\":\"https:\\\/\\\/newsinfoco.com.br\\\/inicio\\\/#organization\"}}]}\n\t\t<\/script>\n\t\t<!-- All in One SEO -->\n\n","aioseo_head_json":{"title":"Espa\u00e7o de luta, compartilhamento e a\u00e7\u00e3o: Prefeitura inaugura sala do Conselho Municipal de Desenvolvimento da Comunidade Negra e Afrodescendente de Alagoinhas - News In Foco - Editado por Caio Pimenta","description":"Com foco em ampliar os espa\u00e7os de discuss\u00e3o, em fortalecer as a\u00e7\u00f5es de enfrentamento ao racismo, em reafirmar a resist\u00eancia dos povos e comunidades tradicionais e em combater a desigualdade \u00e9tnica e racial, a Prefeitura uniu esfor\u00e7os a representantes do Conselho Municipal de Desenvolvimento da Comunidade Negra e Afrodescendente e inaugurou a sala que deve","canonical_url":"https:\/\/newsinfoco.com.br\/inicio\/espaco-de-luta-compartilhamento-e-acao-prefeitura-inaugura-sala-do-conselho-municipal-de-desenvolvimento-da-comunidade-negra-e-afrodescendente-de-alagoinhas\/","robots":"max-image-preview:large","keywords":"","webmasterTools":{"miscellaneous":""},"schema":{"@context":"https:\/\/schema.org","@graph":[{"@type":"BlogPosting","@id":"https:\/\/newsinfoco.com.br\/inicio\/espaco-de-luta-compartilhamento-e-acao-prefeitura-inaugura-sala-do-conselho-municipal-de-desenvolvimento-da-comunidade-negra-e-afrodescendente-de-alagoinhas\/#blogposting","name":"Espa\u00e7o de luta, compartilhamento e a\u00e7\u00e3o: Prefeitura inaugura sala do Conselho Municipal de Desenvolvimento da Comunidade Negra e Afrodescendente de Alagoinhas - News In Foco - Editado por Caio Pimenta","headline":"Espa\u00e7o de luta, compartilhamento e a\u00e7\u00e3o: Prefeitura inaugura sala do Conselho Municipal de Desenvolvimento da Comunidade Negra e Afrodescendente de Alagoinhas","author":{"@id":"https:\/\/newsinfoco.com.br\/inicio\/author\/administrador\/#author"},"publisher":{"@id":"https:\/\/newsinfoco.com.br\/inicio\/#organization"},"image":{"@type":"ImageObject","url":"https:\/\/newsinfoco.com.br\/inicio\/wp-content\/uploads\/2019\/11\/WhatsApp-Image-2019-11-08-at-11.42.58-1-1024x678.jpeg","width":1024,"height":678},"datePublished":"2019-11-08T23:45:40-03:00","dateModified":"2019-11-08T23:45:40-03:00","inLanguage":"pt-BR","mainEntityOfPage":{"@id":"https:\/\/newsinfoco.com.br\/inicio\/espaco-de-luta-compartilhamento-e-acao-prefeitura-inaugura-sala-do-conselho-municipal-de-desenvolvimento-da-comunidade-negra-e-afrodescendente-de-alagoinhas\/#webpage"},"isPartOf":{"@id":"https:\/\/newsinfoco.com.br\/inicio\/espaco-de-luta-compartilhamento-e-acao-prefeitura-inaugura-sala-do-conselho-municipal-de-desenvolvimento-da-comunidade-negra-e-afrodescendente-de-alagoinhas\/#webpage"},"articleSection":"Alagoinhas e Regi\u00e3o, Destaque"},{"@type":"BreadcrumbList","@id":"https:\/\/newsinfoco.com.br\/inicio\/espaco-de-luta-compartilhamento-e-acao-prefeitura-inaugura-sala-do-conselho-municipal-de-desenvolvimento-da-comunidade-negra-e-afrodescendente-de-alagoinhas\/#breadcrumblist","itemListElement":[{"@type":"ListItem","@id":"https:\/\/newsinfoco.com.br\/inicio#listItem","position":1,"name":"In\u00edcio","item":"https:\/\/newsinfoco.com.br\/inicio","nextItem":{"@type":"ListItem","@id":"https:\/\/newsinfoco.com.br\/inicio\/category\/destaque\/#listItem","name":"Destaque"}},{"@type":"ListItem","@id":"https:\/\/newsinfoco.com.br\/inicio\/category\/destaque\/#listItem","position":2,"name":"Destaque","item":"https:\/\/newsinfoco.com.br\/inicio\/category\/destaque\/","nextItem":{"@type":"ListItem","@id":"https:\/\/newsinfoco.com.br\/inicio\/espaco-de-luta-compartilhamento-e-acao-prefeitura-inaugura-sala-do-conselho-municipal-de-desenvolvimento-da-comunidade-negra-e-afrodescendente-de-alagoinhas\/#listItem","name":"Espa\u00e7o de luta, compartilhamento e a\u00e7\u00e3o: Prefeitura inaugura sala do Conselho Municipal de Desenvolvimento da Comunidade Negra e Afrodescendente de Alagoinhas"},"previousItem":{"@type":"ListItem","@id":"https:\/\/newsinfoco.com.br\/inicio#listItem","name":"In\u00edcio"}},{"@type":"ListItem","@id":"https:\/\/newsinfoco.com.br\/inicio\/espaco-de-luta-compartilhamento-e-acao-prefeitura-inaugura-sala-do-conselho-municipal-de-desenvolvimento-da-comunidade-negra-e-afrodescendente-de-alagoinhas\/#listItem","position":3,"name":"Espa\u00e7o de luta, compartilhamento e a\u00e7\u00e3o: Prefeitura inaugura sala do Conselho Municipal de Desenvolvimento da Comunidade Negra e Afrodescendente de Alagoinhas","previousItem":{"@type":"ListItem","@id":"https:\/\/newsinfoco.com.br\/inicio\/category\/destaque\/#listItem","name":"Destaque"}}]},{"@type":"Organization","@id":"https:\/\/newsinfoco.com.br\/inicio\/#organization","name":"News In Foco - Editado por Caio Pimenta","description":"O principal site de noticias de Alagoinhas e regi\u00e3o","url":"https:\/\/newsinfoco.com.br\/inicio\/"},{"@type":"Person","@id":"https:\/\/newsinfoco.com.br\/inicio\/author\/administrador\/#author","url":"https:\/\/newsinfoco.com.br\/inicio\/author\/administrador\/","name":"administrador","image":{"@type":"ImageObject","@id":"https:\/\/newsinfoco.com.br\/inicio\/espaco-de-luta-compartilhamento-e-acao-prefeitura-inaugura-sala-do-conselho-municipal-de-desenvolvimento-da-comunidade-negra-e-afrodescendente-de-alagoinhas\/#authorImage","url":"https:\/\/secure.gravatar.com\/avatar\/c17a617433de8c1dc9584bb79aab7563b46f5bb7e1728c9b17d9cc3ce6a08e49?s=96&d=mm&r=g","width":96,"height":96,"caption":"administrador"}},{"@type":"WebPage","@id":"https:\/\/newsinfoco.com.br\/inicio\/espaco-de-luta-compartilhamento-e-acao-prefeitura-inaugura-sala-do-conselho-municipal-de-desenvolvimento-da-comunidade-negra-e-afrodescendente-de-alagoinhas\/#webpage","url":"https:\/\/newsinfoco.com.br\/inicio\/espaco-de-luta-compartilhamento-e-acao-prefeitura-inaugura-sala-do-conselho-municipal-de-desenvolvimento-da-comunidade-negra-e-afrodescendente-de-alagoinhas\/","name":"Espa\u00e7o de luta, compartilhamento e a\u00e7\u00e3o: Prefeitura inaugura sala do Conselho Municipal de Desenvolvimento da Comunidade Negra e Afrodescendente de Alagoinhas - News In Foco - Editado por Caio Pimenta","description":"Com foco em ampliar os espa\u00e7os de discuss\u00e3o, em fortalecer as a\u00e7\u00f5es de enfrentamento ao racismo, em reafirmar a resist\u00eancia dos povos e comunidades tradicionais e em combater a desigualdade \u00e9tnica e racial, a Prefeitura uniu esfor\u00e7os a representantes do Conselho Municipal de Desenvolvimento da Comunidade Negra e Afrodescendente e inaugurou a sala que deve","inLanguage":"pt-BR","isPartOf":{"@id":"https:\/\/newsinfoco.com.br\/inicio\/#website"},"breadcrumb":{"@id":"https:\/\/newsinfoco.com.br\/inicio\/espaco-de-luta-compartilhamento-e-acao-prefeitura-inaugura-sala-do-conselho-municipal-de-desenvolvimento-da-comunidade-negra-e-afrodescendente-de-alagoinhas\/#breadcrumblist"},"author":{"@id":"https:\/\/newsinfoco.com.br\/inicio\/author\/administrador\/#author"},"creator":{"@id":"https:\/\/newsinfoco.com.br\/inicio\/author\/administrador\/#author"},"image":{"@type":"ImageObject","url":"https:\/\/newsinfoco.com.br\/inicio\/wp-content\/uploads\/2019\/11\/WhatsApp-Image-2019-11-08-at-11.42.58-1-1024x678.jpeg","@id":"https:\/\/newsinfoco.com.br\/inicio\/espaco-de-luta-compartilhamento-e-acao-prefeitura-inaugura-sala-do-conselho-municipal-de-desenvolvimento-da-comunidade-negra-e-afrodescendente-de-alagoinhas\/#mainImage","width":1024,"height":678},"primaryImageOfPage":{"@id":"https:\/\/newsinfoco.com.br\/inicio\/espaco-de-luta-compartilhamento-e-acao-prefeitura-inaugura-sala-do-conselho-municipal-de-desenvolvimento-da-comunidade-negra-e-afrodescendente-de-alagoinhas\/#mainImage"},"datePublished":"2019-11-08T23:45:40-03:00","dateModified":"2019-11-08T23:45:40-03:00"},{"@type":"WebSite","@id":"https:\/\/newsinfoco.com.br\/inicio\/#website","url":"https:\/\/newsinfoco.com.br\/inicio\/","name":"News In Foco - Editado por Caio Pimenta","description":"O principal site de noticias de Alagoinhas e regi\u00e3o","inLanguage":"pt-BR","publisher":{"@id":"https:\/\/newsinfoco.com.br\/inicio\/#organization"}}]},"og:locale":"pt_BR","og:site_name":"News In Foco - Editado por Caio Pimenta - O principal site de noticias de Alagoinhas e regi\u00e3o","og:type":"article","og:title":"Espa\u00e7o de luta, compartilhamento e a\u00e7\u00e3o: Prefeitura inaugura sala do Conselho Municipal de Desenvolvimento da Comunidade Negra e Afrodescendente de Alagoinhas - News In Foco - Editado por Caio Pimenta","og:description":"Com foco em ampliar os espa\u00e7os de discuss\u00e3o, em fortalecer as a\u00e7\u00f5es de enfrentamento ao racismo, em reafirmar a resist\u00eancia dos povos e comunidades tradicionais e em combater a desigualdade \u00e9tnica e racial, a Prefeitura uniu esfor\u00e7os a representantes do Conselho Municipal de Desenvolvimento da Comunidade Negra e Afrodescendente e inaugurou a sala que deve","og:url":"https:\/\/newsinfoco.com.br\/inicio\/espaco-de-luta-compartilhamento-e-acao-prefeitura-inaugura-sala-do-conselho-municipal-de-desenvolvimento-da-comunidade-negra-e-afrodescendente-de-alagoinhas\/","article:published_time":"2019-11-09T01:45:40+00:00","article:modified_time":"2019-11-09T01:45:40+00:00","twitter:card":"summary_large_image","twitter:title":"Espa\u00e7o de luta, compartilhamento e a\u00e7\u00e3o: Prefeitura inaugura sala do Conselho Municipal de Desenvolvimento da Comunidade Negra e Afrodescendente de Alagoinhas - News In Foco - Editado por Caio Pimenta","twitter:description":"Com foco em ampliar os espa\u00e7os de discuss\u00e3o, em fortalecer as a\u00e7\u00f5es de enfrentamento ao racismo, em reafirmar a resist\u00eancia dos povos e comunidades tradicionais e em combater a desigualdade \u00e9tnica e racial, a Prefeitura uniu esfor\u00e7os a representantes do Conselho Municipal de Desenvolvimento da Comunidade Negra e Afrodescendente e inaugurou a sala que deve"},"aioseo_meta_data":{"post_id":"18554","title":null,"description":null,"keywords":null,"keyphrases":null,"primary_term":null,"canonical_url":null,"og_title":null,"og_description":null,"og_object_type":"default","og_image_type":"default","og_image_url":null,"og_image_width":null,"og_image_height":null,"og_image_custom_url":null,"og_image_custom_fields":null,"og_video":null,"og_custom_url":null,"og_article_section":null,"og_article_tags":null,"twitter_use_og":false,"twitter_card":"default","twitter_image_type":"default","twitter_image_url":null,"twitter_image_custom_url":null,"twitter_image_custom_fields":null,"twitter_title":null,"twitter_description":null,"schema":{"blockGraphs":[],"customGraphs":[],"default":{"data":{"Article":[],"Course":[],"Dataset":[],"FAQPage":[],"Movie":[],"Person":[],"Product":[],"ProductReview":[],"Car":[],"Recipe":[],"Service":[],"SoftwareApplication":[],"WebPage":[]},"graphName":"","isEnabled":true},"graphs":[]},"schema_type":"default","schema_type_options":null,"pillar_content":false,"robots_default":true,"robots_noindex":false,"robots_noarchive":false,"robots_nosnippet":false,"robots_nofollow":false,"robots_noimageindex":false,"robots_noodp":false,"robots_notranslate":false,"robots_max_snippet":null,"robots_max_videopreview":null,"robots_max_imagepreview":"large","priority":null,"frequency":null,"local_seo":null,"breadcrumb_settings":null,"limit_modified_date":false,"ai":null,"created":"2023-06-12 15:12:11","updated":"2025-07-11 01:49:51","seo_analyzer_scan_date":null},"aioseo_breadcrumb":"<div class=\"aioseo-breadcrumbs\"><span class=\"aioseo-breadcrumb\">\n\t\t\t<a href=\"https:\/\/newsinfoco.com.br\/inicio\" title=\"In\u00edcio\">In\u00edcio<\/a>\n\t\t<\/span><span class=\"aioseo-breadcrumb-separator\">&raquo;<\/span><span class=\"aioseo-breadcrumb\">\n\t\t\t<a href=\"https:\/\/newsinfoco.com.br\/inicio\/category\/destaque\/\" title=\"Destaque\">Destaque<\/a>\n\t\t<\/span><span class=\"aioseo-breadcrumb-separator\">&raquo;<\/span><span class=\"aioseo-breadcrumb\">\n\t\t\tEspa\u00e7o de luta, compartilhamento e a\u00e7\u00e3o: Prefeitura inaugura sala do Conselho Municipal de Desenvolvimento da Comunidade Negra e Afrodescendente de Alagoinhas\n\t\t<\/span><\/div>","aioseo_breadcrumb_json":[{"label":"In\u00edcio","link":"https:\/\/newsinfoco.com.br\/inicio"},{"label":"Destaque","link":"https:\/\/newsinfoco.com.br\/inicio\/category\/destaque\/"},{"label":"Espa\u00e7o de luta, compartilhamento e a\u00e7\u00e3o: Prefeitura inaugura sala do Conselho Municipal de Desenvolvimento da Comunidade Negra e Afrodescendente de Alagoinhas","link":"https:\/\/newsinfoco.com.br\/inicio\/espaco-de-luta-compartilhamento-e-acao-prefeitura-inaugura-sala-do-conselho-municipal-de-desenvolvimento-da-comunidade-negra-e-afrodescendente-de-alagoinhas\/"}],"_links":{"self":[{"href":"https:\/\/newsinfoco.com.br\/inicio\/wp-json\/wp\/v2\/posts\/18554","targetHints":{"allow":["GET"]}}],"collection":[{"href":"https:\/\/newsinfoco.com.br\/inicio\/wp-json\/wp\/v2\/posts"}],"about":[{"href":"https:\/\/newsinfoco.com.br\/inicio\/wp-json\/wp\/v2\/types\/post"}],"author":[{"embeddable":true,"href":"https:\/\/newsinfoco.com.br\/inicio\/wp-json\/wp\/v2\/users\/1"}],"replies":[{"embeddable":true,"href":"https:\/\/newsinfoco.com.br\/inicio\/wp-json\/wp\/v2\/comments?post=18554"}],"version-history":[{"count":0,"href":"https:\/\/newsinfoco.com.br\/inicio\/wp-json\/wp\/v2\/posts\/18554\/revisions"}],"wp:featuredmedia":[{"embeddable":true,"href":"https:\/\/newsinfoco.com.br\/inicio\/wp-json\/wp\/v2\/media\/18555"}],"wp:attachment":[{"href":"https:\/\/newsinfoco.com.br\/inicio\/wp-json\/wp\/v2\/media?parent=18554"}],"wp:term":[{"taxonomy":"category","embeddable":true,"href":"https:\/\/newsinfoco.com.br\/inicio\/wp-json\/wp\/v2\/categories?post=18554"},{"taxonomy":"post_tag","embeddable":true,"href":"https:\/\/newsinfoco.com.br\/inicio\/wp-json\/wp\/v2\/tags?post=18554"}],"curies":[{"name":"wp","href":"https:\/\/api.w.org\/{rel}","templated":true}]}}