{"id":18563,"date":"2019-11-08T23:59:10","date_gmt":"2019-11-09T01:59:10","guid":{"rendered":"http:\/\/newsinfoco.com.br\/?p=18563"},"modified":"2019-11-08T23:59:10","modified_gmt":"2019-11-09T01:59:10","slug":"juiz-autoriza-soltura-de-lula-apos-decisao-do-supremo","status":"publish","type":"post","link":"https:\/\/newsinfoco.com.br\/inicio\/juiz-autoriza-soltura-de-lula-apos-decisao-do-supremo\/","title":{"rendered":"Juiz autoriza soltura de Lula ap\u00f3s decis\u00e3o do Supremo"},"content":{"rendered":"<p style=\"text-align: justify;\">O juiz federal Danilo Pereira Junior determinou na tarde desta sexta-feira (8) a soltura imediata do ex-presidente Luiz In\u00e1cio Lula da Silva ap\u00f3s 19 meses de pris\u00e3o. A decis\u00e3o ocorre ap\u00f3s o resultado do julgamento do STF (Supremo Tribunal Federal) nesta quinta (7) que barrou a perman\u00eancia na pris\u00e3o de condenados em segunda inst\u00e2ncia, como \u00e9 o caso do petista.<\/p>\n<p style=\"text-align: justify;\">At\u00e9 a publica\u00e7\u00e3o deste texto, Lula ainda n\u00e3o havia deixado o pr\u00e9dio da Superintend\u00eancia da PF em Curitiba, onde est\u00e1 encarcerado desde 7 de abril de 2018. Militantes e apoiadores do ex-presidente est\u00e3o durante todo o dia nos arredores da sede da Pol\u00edcia Federal aguardando a sa\u00edda da cadeia.<\/p>\n<p style=\"text-align: justify;\">A defesa do ex-presidente se reuniu com ele pela manh\u00e3 e logo a seguir protocolou pedido de soltura. Coube a Danilo Pereira a decis\u00e3o porque a ju\u00edza que administra o dia a dia da pena de Lula, Carolina Lebbos, est\u00e1 de f\u00e9rias. Por ocorrer devido a uma decis\u00e3o do Supremo, o juiz de primeira inst\u00e2ncia n\u00e3o tem compet\u00eancia para rejeitar o pedido. A soltura n\u00e3o significa o fim do processo do tr\u00edplex de Guaruj\u00e1 (SP), pelo qual Lula foi condenado por corrup\u00e7\u00e3o e lavagem em primeira inst\u00e2ncia, em julho de 2017.<\/p>\n<p style=\"text-align: justify;\">Lula vai aguardar em liberdade o julgamento de recursos ainda pendentes, no STJ (Superior Tribunal de Justi\u00e7a) e no pr\u00f3prio STF. O ex-presidente ainda tenta a anula\u00e7\u00e3o do processo argumentando que o ex-juiz Sergio Moro n\u00e3o tinha a imparcialidade necess\u00e1ria para julg\u00e1-lo. Em 19 meses preso, Lula s\u00f3 deixou o pr\u00e9dio da PF para comparecer a um depoimento, em 2018, e para ir ao vel\u00f3rio de um neto, em S\u00e3o Bernardo do Campo (SP), em mar\u00e7o passado.<\/p>\n<div class='share-to-whatsapp-wrapper'><div class='share-on-whsp'>Share on: <\/div><a data-text='Juiz autoriza soltura de Lula ap\u00f3s decis\u00e3o do Supremo' data-link='https:\/\/newsinfoco.com.br\/inicio\/juiz-autoriza-soltura-de-lula-apos-decisao-do-supremo\/' class='whatsapp-button whatsapp-share'>WhatsApp<\/a><div class='clear '><\/div><\/div>","protected":false},"excerpt":{"rendered":"<p>O juiz federal Danilo Pereira Junior determinou na tarde desta sexta-feira (8) a soltura imediata do ex-presidente Luiz In\u00e1cio Lula da Silva ap\u00f3s 19 meses de pris\u00e3o. A decis\u00e3o ocorre ap\u00f3s o resultado do julgamento do STF (Supremo Tribunal Federal) nesta quinta (7) que barrou a perman\u00eancia na pris\u00e3o de condenados em segunda inst\u00e2ncia, como [&hellip;]<\/p>\n","protected":false},"author":1,"featured_media":18564,"comment_status":"open","ping_status":"open","sticky":false,"template":"","format":"standard","meta":{"om_disable_all_campaigns":false,"rop_custom_images_group":[],"rop_custom_messages_group":[],"rop_publish_now":"initial","rop_publish_now_accounts":[],"rop_publish_now_history":[],"rop_publish_now_status":"pending","_exactmetrics_skip_tracking":false,"footnotes":""},"categories":[21,30],"tags":[],"class_list":["post-18563","post","type-post","status-publish","format-standard","has-post-thumbnail","hentry","category-brasil","category-destaque"],"aioseo_notices":[],"aioseo_head":"\n\t\t<!-- All in One SEO 4.9.10 - aioseo.com -->\n\t<meta name=\"description\" content=\"O juiz federal Danilo Pereira Junior determinou na tarde desta sexta-feira (8) a soltura imediata do ex-presidente Luiz In\u00e1cio Lula da Silva ap\u00f3s 19 meses de pris\u00e3o. A decis\u00e3o ocorre ap\u00f3s o resultado do julgamento do STF (Supremo Tribunal Federal) nesta quinta (7) que barrou a perman\u00eancia na pris\u00e3o de condenados em segunda inst\u00e2ncia, como\" \/>\n\t<meta name=\"robots\" content=\"max-image-preview:large\" \/>\n\t<meta name=\"author\" content=\"administrador\"\/>\n\t<link rel=\"canonical\" href=\"https:\/\/newsinfoco.com.br\/inicio\/juiz-autoriza-soltura-de-lula-apos-decisao-do-supremo\/\" \/>\n\t<meta name=\"generator\" content=\"All in One SEO (AIOSEO) 4.9.10\" \/>\n\t\t<meta property=\"og:locale\" content=\"pt_BR\" \/>\n\t\t<meta property=\"og:site_name\" content=\"News In Foco - Editado por Caio Pimenta - O principal site de noticias de Alagoinhas e regi\u00e3o\" \/>\n\t\t<meta property=\"og:type\" content=\"article\" \/>\n\t\t<meta property=\"og:title\" content=\"Juiz autoriza soltura de Lula ap\u00f3s decis\u00e3o do Supremo - News In Foco - Editado por Caio Pimenta\" \/>\n\t\t<meta property=\"og:description\" content=\"O juiz federal Danilo Pereira Junior determinou na tarde desta sexta-feira (8) a soltura imediata do ex-presidente Luiz In\u00e1cio Lula da Silva ap\u00f3s 19 meses de pris\u00e3o. A decis\u00e3o ocorre ap\u00f3s o resultado do julgamento do STF (Supremo Tribunal Federal) nesta quinta (7) que barrou a perman\u00eancia na pris\u00e3o de condenados em segunda inst\u00e2ncia, como\" \/>\n\t\t<meta property=\"og:url\" content=\"https:\/\/newsinfoco.com.br\/inicio\/juiz-autoriza-soltura-de-lula-apos-decisao-do-supremo\/\" \/>\n\t\t<meta property=\"article:published_time\" content=\"2019-11-09T01:59:10+00:00\" \/>\n\t\t<meta property=\"article:modified_time\" content=\"2019-11-09T01:59:10+00:00\" \/>\n\t\t<meta name=\"twitter:card\" content=\"summary_large_image\" \/>\n\t\t<meta name=\"twitter:title\" content=\"Juiz autoriza soltura de Lula ap\u00f3s decis\u00e3o do Supremo - News In Foco - Editado por Caio Pimenta\" \/>\n\t\t<meta name=\"twitter:description\" content=\"O juiz federal Danilo Pereira Junior determinou na tarde desta sexta-feira (8) a soltura imediata do ex-presidente Luiz In\u00e1cio Lula da Silva ap\u00f3s 19 meses de pris\u00e3o. A decis\u00e3o ocorre ap\u00f3s o resultado do julgamento do STF (Supremo Tribunal Federal) nesta quinta (7) que barrou a perman\u00eancia na pris\u00e3o de condenados em segunda inst\u00e2ncia, como\" \/>\n\t\t<script type=\"application\/ld+json\" class=\"aioseo-schema\">\n\t\t\t{\"@context\":\"https:\\\/\\\/schema.org\",\"@graph\":[{\"@type\":\"BlogPosting\",\"@id\":\"https:\\\/\\\/newsinfoco.com.br\\\/inicio\\\/juiz-autoriza-soltura-de-lula-apos-decisao-do-supremo\\\/#blogposting\",\"name\":\"Juiz autoriza soltura de Lula ap\\u00f3s decis\\u00e3o do Supremo - News In Foco - Editado por Caio Pimenta\",\"headline\":\"Juiz autoriza soltura de Lula ap\\u00f3s decis\\u00e3o do Supremo\",\"author\":{\"@id\":\"https:\\\/\\\/newsinfoco.com.br\\\/inicio\\\/author\\\/administrador\\\/#author\"},\"publisher\":{\"@id\":\"https:\\\/\\\/newsinfoco.com.br\\\/inicio\\\/#organization\"},\"image\":{\"@type\":\"ImageObject\",\"url\":\"https:\\\/\\\/newsinfoco.com.br\\\/inicio\\\/wp-content\\\/uploads\\\/2019\\\/11\\\/transferir-1.jpg\",\"width\":324,\"height\":155},\"datePublished\":\"2019-11-08T23:59:10-03:00\",\"dateModified\":\"2019-11-08T23:59:10-03:00\",\"inLanguage\":\"pt-BR\",\"mainEntityOfPage\":{\"@id\":\"https:\\\/\\\/newsinfoco.com.br\\\/inicio\\\/juiz-autoriza-soltura-de-lula-apos-decisao-do-supremo\\\/#webpage\"},\"isPartOf\":{\"@id\":\"https:\\\/\\\/newsinfoco.com.br\\\/inicio\\\/juiz-autoriza-soltura-de-lula-apos-decisao-do-supremo\\\/#webpage\"},\"articleSection\":\"Brasil, Destaque\"},{\"@type\":\"BreadcrumbList\",\"@id\":\"https:\\\/\\\/newsinfoco.com.br\\\/inicio\\\/juiz-autoriza-soltura-de-lula-apos-decisao-do-supremo\\\/#breadcrumblist\",\"itemListElement\":[{\"@type\":\"ListItem\",\"@id\":\"https:\\\/\\\/newsinfoco.com.br\\\/inicio#listItem\",\"position\":1,\"name\":\"In\\u00edcio\",\"item\":\"https:\\\/\\\/newsinfoco.com.br\\\/inicio\",\"nextItem\":{\"@type\":\"ListItem\",\"@id\":\"https:\\\/\\\/newsinfoco.com.br\\\/inicio\\\/category\\\/brasil\\\/#listItem\",\"name\":\"Brasil\"}},{\"@type\":\"ListItem\",\"@id\":\"https:\\\/\\\/newsinfoco.com.br\\\/inicio\\\/category\\\/brasil\\\/#listItem\",\"position\":2,\"name\":\"Brasil\",\"item\":\"https:\\\/\\\/newsinfoco.com.br\\\/inicio\\\/category\\\/brasil\\\/\",\"nextItem\":{\"@type\":\"ListItem\",\"@id\":\"https:\\\/\\\/newsinfoco.com.br\\\/inicio\\\/juiz-autoriza-soltura-de-lula-apos-decisao-do-supremo\\\/#listItem\",\"name\":\"Juiz autoriza soltura de Lula ap\\u00f3s decis\\u00e3o do Supremo\"},\"previousItem\":{\"@type\":\"ListItem\",\"@id\":\"https:\\\/\\\/newsinfoco.com.br\\\/inicio#listItem\",\"name\":\"In\\u00edcio\"}},{\"@type\":\"ListItem\",\"@id\":\"https:\\\/\\\/newsinfoco.com.br\\\/inicio\\\/juiz-autoriza-soltura-de-lula-apos-decisao-do-supremo\\\/#listItem\",\"position\":3,\"name\":\"Juiz autoriza soltura de Lula ap\\u00f3s decis\\u00e3o do Supremo\",\"previousItem\":{\"@type\":\"ListItem\",\"@id\":\"https:\\\/\\\/newsinfoco.com.br\\\/inicio\\\/category\\\/brasil\\\/#listItem\",\"name\":\"Brasil\"}}]},{\"@type\":\"Organization\",\"@id\":\"https:\\\/\\\/newsinfoco.com.br\\\/inicio\\\/#organization\",\"name\":\"News In Foco - Editado por Caio Pimenta\",\"description\":\"O principal site de noticias de Alagoinhas e regi\\u00e3o\",\"url\":\"https:\\\/\\\/newsinfoco.com.br\\\/inicio\\\/\"},{\"@type\":\"Person\",\"@id\":\"https:\\\/\\\/newsinfoco.com.br\\\/inicio\\\/author\\\/administrador\\\/#author\",\"url\":\"https:\\\/\\\/newsinfoco.com.br\\\/inicio\\\/author\\\/administrador\\\/\",\"name\":\"administrador\",\"image\":{\"@type\":\"ImageObject\",\"@id\":\"https:\\\/\\\/newsinfoco.com.br\\\/inicio\\\/juiz-autoriza-soltura-de-lula-apos-decisao-do-supremo\\\/#authorImage\",\"url\":\"https:\\\/\\\/secure.gravatar.com\\\/avatar\\\/c17a617433de8c1dc9584bb79aab7563b46f5bb7e1728c9b17d9cc3ce6a08e49?s=96&d=mm&r=g\",\"width\":96,\"height\":96,\"caption\":\"administrador\"}},{\"@type\":\"WebPage\",\"@id\":\"https:\\\/\\\/newsinfoco.com.br\\\/inicio\\\/juiz-autoriza-soltura-de-lula-apos-decisao-do-supremo\\\/#webpage\",\"url\":\"https:\\\/\\\/newsinfoco.com.br\\\/inicio\\\/juiz-autoriza-soltura-de-lula-apos-decisao-do-supremo\\\/\",\"name\":\"Juiz autoriza soltura de Lula ap\\u00f3s decis\\u00e3o do Supremo - News In Foco - Editado por Caio Pimenta\",\"description\":\"O juiz federal Danilo Pereira Junior determinou na tarde desta sexta-feira (8) a soltura imediata do ex-presidente Luiz In\\u00e1cio Lula da Silva ap\\u00f3s 19 meses de pris\\u00e3o. A decis\\u00e3o ocorre ap\\u00f3s o resultado do julgamento do STF (Supremo Tribunal Federal) nesta quinta (7) que barrou a perman\\u00eancia na pris\\u00e3o de condenados em segunda inst\\u00e2ncia, como\",\"inLanguage\":\"pt-BR\",\"isPartOf\":{\"@id\":\"https:\\\/\\\/newsinfoco.com.br\\\/inicio\\\/#website\"},\"breadcrumb\":{\"@id\":\"https:\\\/\\\/newsinfoco.com.br\\\/inicio\\\/juiz-autoriza-soltura-de-lula-apos-decisao-do-supremo\\\/#breadcrumblist\"},\"author\":{\"@id\":\"https:\\\/\\\/newsinfoco.com.br\\\/inicio\\\/author\\\/administrador\\\/#author\"},\"creator\":{\"@id\":\"https:\\\/\\\/newsinfoco.com.br\\\/inicio\\\/author\\\/administrador\\\/#author\"},\"image\":{\"@type\":\"ImageObject\",\"url\":\"https:\\\/\\\/newsinfoco.com.br\\\/inicio\\\/wp-content\\\/uploads\\\/2019\\\/11\\\/transferir-1.jpg\",\"@id\":\"https:\\\/\\\/newsinfoco.com.br\\\/inicio\\\/juiz-autoriza-soltura-de-lula-apos-decisao-do-supremo\\\/#mainImage\",\"width\":324,\"height\":155},\"primaryImageOfPage\":{\"@id\":\"https:\\\/\\\/newsinfoco.com.br\\\/inicio\\\/juiz-autoriza-soltura-de-lula-apos-decisao-do-supremo\\\/#mainImage\"},\"datePublished\":\"2019-11-08T23:59:10-03:00\",\"dateModified\":\"2019-11-08T23:59:10-03:00\"},{\"@type\":\"WebSite\",\"@id\":\"https:\\\/\\\/newsinfoco.com.br\\\/inicio\\\/#website\",\"url\":\"https:\\\/\\\/newsinfoco.com.br\\\/inicio\\\/\",\"name\":\"News In Foco - Editado por Caio Pimenta\",\"description\":\"O principal site de noticias de Alagoinhas e regi\\u00e3o\",\"inLanguage\":\"pt-BR\",\"publisher\":{\"@id\":\"https:\\\/\\\/newsinfoco.com.br\\\/inicio\\\/#organization\"}}]}\n\t\t<\/script>\n\t\t<!-- All in One SEO -->\n\n","aioseo_head_json":{"title":"Juiz autoriza soltura de Lula ap\u00f3s decis\u00e3o do Supremo - News In Foco - Editado por Caio Pimenta","description":"O juiz federal Danilo Pereira Junior determinou na tarde desta sexta-feira (8) a soltura imediata do ex-presidente Luiz In\u00e1cio Lula da Silva ap\u00f3s 19 meses de pris\u00e3o. A decis\u00e3o ocorre ap\u00f3s o resultado do julgamento do STF (Supremo Tribunal Federal) nesta quinta (7) que barrou a perman\u00eancia na pris\u00e3o de condenados em segunda inst\u00e2ncia, como","canonical_url":"https:\/\/newsinfoco.com.br\/inicio\/juiz-autoriza-soltura-de-lula-apos-decisao-do-supremo\/","robots":"max-image-preview:large","keywords":"","webmasterTools":{"miscellaneous":""},"schema":{"@context":"https:\/\/schema.org","@graph":[{"@type":"BlogPosting","@id":"https:\/\/newsinfoco.com.br\/inicio\/juiz-autoriza-soltura-de-lula-apos-decisao-do-supremo\/#blogposting","name":"Juiz autoriza soltura de Lula ap\u00f3s decis\u00e3o do Supremo - News In Foco - Editado por Caio Pimenta","headline":"Juiz autoriza soltura de Lula ap\u00f3s decis\u00e3o do Supremo","author":{"@id":"https:\/\/newsinfoco.com.br\/inicio\/author\/administrador\/#author"},"publisher":{"@id":"https:\/\/newsinfoco.com.br\/inicio\/#organization"},"image":{"@type":"ImageObject","url":"https:\/\/newsinfoco.com.br\/inicio\/wp-content\/uploads\/2019\/11\/transferir-1.jpg","width":324,"height":155},"datePublished":"2019-11-08T23:59:10-03:00","dateModified":"2019-11-08T23:59:10-03:00","inLanguage":"pt-BR","mainEntityOfPage":{"@id":"https:\/\/newsinfoco.com.br\/inicio\/juiz-autoriza-soltura-de-lula-apos-decisao-do-supremo\/#webpage"},"isPartOf":{"@id":"https:\/\/newsinfoco.com.br\/inicio\/juiz-autoriza-soltura-de-lula-apos-decisao-do-supremo\/#webpage"},"articleSection":"Brasil, Destaque"},{"@type":"BreadcrumbList","@id":"https:\/\/newsinfoco.com.br\/inicio\/juiz-autoriza-soltura-de-lula-apos-decisao-do-supremo\/#breadcrumblist","itemListElement":[{"@type":"ListItem","@id":"https:\/\/newsinfoco.com.br\/inicio#listItem","position":1,"name":"In\u00edcio","item":"https:\/\/newsinfoco.com.br\/inicio","nextItem":{"@type":"ListItem","@id":"https:\/\/newsinfoco.com.br\/inicio\/category\/brasil\/#listItem","name":"Brasil"}},{"@type":"ListItem","@id":"https:\/\/newsinfoco.com.br\/inicio\/category\/brasil\/#listItem","position":2,"name":"Brasil","item":"https:\/\/newsinfoco.com.br\/inicio\/category\/brasil\/","nextItem":{"@type":"ListItem","@id":"https:\/\/newsinfoco.com.br\/inicio\/juiz-autoriza-soltura-de-lula-apos-decisao-do-supremo\/#listItem","name":"Juiz autoriza soltura de Lula ap\u00f3s decis\u00e3o do Supremo"},"previousItem":{"@type":"ListItem","@id":"https:\/\/newsinfoco.com.br\/inicio#listItem","name":"In\u00edcio"}},{"@type":"ListItem","@id":"https:\/\/newsinfoco.com.br\/inicio\/juiz-autoriza-soltura-de-lula-apos-decisao-do-supremo\/#listItem","position":3,"name":"Juiz autoriza soltura de Lula ap\u00f3s decis\u00e3o do Supremo","previousItem":{"@type":"ListItem","@id":"https:\/\/newsinfoco.com.br\/inicio\/category\/brasil\/#listItem","name":"Brasil"}}]},{"@type":"Organization","@id":"https:\/\/newsinfoco.com.br\/inicio\/#organization","name":"News In Foco - Editado por Caio Pimenta","description":"O principal site de noticias de Alagoinhas e regi\u00e3o","url":"https:\/\/newsinfoco.com.br\/inicio\/"},{"@type":"Person","@id":"https:\/\/newsinfoco.com.br\/inicio\/author\/administrador\/#author","url":"https:\/\/newsinfoco.com.br\/inicio\/author\/administrador\/","name":"administrador","image":{"@type":"ImageObject","@id":"https:\/\/newsinfoco.com.br\/inicio\/juiz-autoriza-soltura-de-lula-apos-decisao-do-supremo\/#authorImage","url":"https:\/\/secure.gravatar.com\/avatar\/c17a617433de8c1dc9584bb79aab7563b46f5bb7e1728c9b17d9cc3ce6a08e49?s=96&d=mm&r=g","width":96,"height":96,"caption":"administrador"}},{"@type":"WebPage","@id":"https:\/\/newsinfoco.com.br\/inicio\/juiz-autoriza-soltura-de-lula-apos-decisao-do-supremo\/#webpage","url":"https:\/\/newsinfoco.com.br\/inicio\/juiz-autoriza-soltura-de-lula-apos-decisao-do-supremo\/","name":"Juiz autoriza soltura de Lula ap\u00f3s decis\u00e3o do Supremo - News In Foco - Editado por Caio Pimenta","description":"O juiz federal Danilo Pereira Junior determinou na tarde desta sexta-feira (8) a soltura imediata do ex-presidente Luiz In\u00e1cio Lula da Silva ap\u00f3s 19 meses de pris\u00e3o. A decis\u00e3o ocorre ap\u00f3s o resultado do julgamento do STF (Supremo Tribunal Federal) nesta quinta (7) que barrou a perman\u00eancia na pris\u00e3o de condenados em segunda inst\u00e2ncia, como","inLanguage":"pt-BR","isPartOf":{"@id":"https:\/\/newsinfoco.com.br\/inicio\/#website"},"breadcrumb":{"@id":"https:\/\/newsinfoco.com.br\/inicio\/juiz-autoriza-soltura-de-lula-apos-decisao-do-supremo\/#breadcrumblist"},"author":{"@id":"https:\/\/newsinfoco.com.br\/inicio\/author\/administrador\/#author"},"creator":{"@id":"https:\/\/newsinfoco.com.br\/inicio\/author\/administrador\/#author"},"image":{"@type":"ImageObject","url":"https:\/\/newsinfoco.com.br\/inicio\/wp-content\/uploads\/2019\/11\/transferir-1.jpg","@id":"https:\/\/newsinfoco.com.br\/inicio\/juiz-autoriza-soltura-de-lula-apos-decisao-do-supremo\/#mainImage","width":324,"height":155},"primaryImageOfPage":{"@id":"https:\/\/newsinfoco.com.br\/inicio\/juiz-autoriza-soltura-de-lula-apos-decisao-do-supremo\/#mainImage"},"datePublished":"2019-11-08T23:59:10-03:00","dateModified":"2019-11-08T23:59:10-03:00"},{"@type":"WebSite","@id":"https:\/\/newsinfoco.com.br\/inicio\/#website","url":"https:\/\/newsinfoco.com.br\/inicio\/","name":"News In Foco - Editado por Caio Pimenta","description":"O principal site de noticias de Alagoinhas e regi\u00e3o","inLanguage":"pt-BR","publisher":{"@id":"https:\/\/newsinfoco.com.br\/inicio\/#organization"}}]},"og:locale":"pt_BR","og:site_name":"News In Foco - Editado por Caio Pimenta - O principal site de noticias de Alagoinhas e regi\u00e3o","og:type":"article","og:title":"Juiz autoriza soltura de Lula ap\u00f3s decis\u00e3o do Supremo - News In Foco - Editado por Caio Pimenta","og:description":"O juiz federal Danilo Pereira Junior determinou na tarde desta sexta-feira (8) a soltura imediata do ex-presidente Luiz In\u00e1cio Lula da Silva ap\u00f3s 19 meses de pris\u00e3o. A decis\u00e3o ocorre ap\u00f3s o resultado do julgamento do STF (Supremo Tribunal Federal) nesta quinta (7) que barrou a perman\u00eancia na pris\u00e3o de condenados em segunda inst\u00e2ncia, como","og:url":"https:\/\/newsinfoco.com.br\/inicio\/juiz-autoriza-soltura-de-lula-apos-decisao-do-supremo\/","article:published_time":"2019-11-09T01:59:10+00:00","article:modified_time":"2019-11-09T01:59:10+00:00","twitter:card":"summary_large_image","twitter:title":"Juiz autoriza soltura de Lula ap\u00f3s decis\u00e3o do Supremo - News In Foco - Editado por Caio Pimenta","twitter:description":"O juiz federal Danilo Pereira Junior determinou na tarde desta sexta-feira (8) a soltura imediata do ex-presidente Luiz In\u00e1cio Lula da Silva ap\u00f3s 19 meses de pris\u00e3o. A decis\u00e3o ocorre ap\u00f3s o resultado do julgamento do STF (Supremo Tribunal Federal) nesta quinta (7) que barrou a perman\u00eancia na pris\u00e3o de condenados em segunda inst\u00e2ncia, como"},"aioseo_meta_data":{"post_id":"18563","title":null,"description":null,"keywords":null,"keyphrases":null,"primary_term":null,"canonical_url":null,"og_title":null,"og_description":null,"og_object_type":"default","og_image_type":"default","og_image_url":null,"og_image_width":null,"og_image_height":null,"og_image_custom_url":null,"og_image_custom_fields":null,"og_video":null,"og_custom_url":null,"og_article_section":null,"og_article_tags":null,"twitter_use_og":false,"twitter_card":"default","twitter_image_type":"default","twitter_image_url":null,"twitter_image_custom_url":null,"twitter_image_custom_fields":null,"twitter_title":null,"twitter_description":null,"schema":{"blockGraphs":[],"customGraphs":[],"default":{"data":{"Article":[],"Course":[],"Dataset":[],"FAQPage":[],"Movie":[],"Person":[],"Product":[],"ProductReview":[],"Car":[],"Recipe":[],"Service":[],"SoftwareApplication":[],"WebPage":[]},"graphName":"","isEnabled":true},"graphs":[]},"schema_type":"default","schema_type_options":null,"pillar_content":false,"robots_default":true,"robots_noindex":false,"robots_noarchive":false,"robots_nosnippet":false,"robots_nofollow":false,"robots_noimageindex":false,"robots_noodp":false,"robots_notranslate":false,"robots_max_snippet":null,"robots_max_videopreview":null,"robots_max_imagepreview":"large","priority":null,"frequency":null,"local_seo":null,"breadcrumb_settings":null,"limit_modified_date":false,"ai":null,"created":"2023-06-12 15:12:11","updated":"2025-07-11 01:49:51","seo_analyzer_scan_date":null},"aioseo_breadcrumb":"<div class=\"aioseo-breadcrumbs\"><span class=\"aioseo-breadcrumb\">\n\t\t\t<a href=\"https:\/\/newsinfoco.com.br\/inicio\" title=\"In\u00edcio\">In\u00edcio<\/a>\n\t\t<\/span><span class=\"aioseo-breadcrumb-separator\">&raquo;<\/span><span class=\"aioseo-breadcrumb\">\n\t\t\t<a href=\"https:\/\/newsinfoco.com.br\/inicio\/category\/brasil\/\" title=\"Brasil\">Brasil<\/a>\n\t\t<\/span><span class=\"aioseo-breadcrumb-separator\">&raquo;<\/span><span class=\"aioseo-breadcrumb\">\n\t\t\tJuiz autoriza soltura de Lula ap\u00f3s decis\u00e3o do Supremo\n\t\t<\/span><\/div>","aioseo_breadcrumb_json":[{"label":"In\u00edcio","link":"https:\/\/newsinfoco.com.br\/inicio"},{"label":"Brasil","link":"https:\/\/newsinfoco.com.br\/inicio\/category\/brasil\/"},{"label":"Juiz autoriza soltura de Lula ap\u00f3s decis\u00e3o do Supremo","link":"https:\/\/newsinfoco.com.br\/inicio\/juiz-autoriza-soltura-de-lula-apos-decisao-do-supremo\/"}],"_links":{"self":[{"href":"https:\/\/newsinfoco.com.br\/inicio\/wp-json\/wp\/v2\/posts\/18563","targetHints":{"allow":["GET"]}}],"collection":[{"href":"https:\/\/newsinfoco.com.br\/inicio\/wp-json\/wp\/v2\/posts"}],"about":[{"href":"https:\/\/newsinfoco.com.br\/inicio\/wp-json\/wp\/v2\/types\/post"}],"author":[{"embeddable":true,"href":"https:\/\/newsinfoco.com.br\/inicio\/wp-json\/wp\/v2\/users\/1"}],"replies":[{"embeddable":true,"href":"https:\/\/newsinfoco.com.br\/inicio\/wp-json\/wp\/v2\/comments?post=18563"}],"version-history":[{"count":0,"href":"https:\/\/newsinfoco.com.br\/inicio\/wp-json\/wp\/v2\/posts\/18563\/revisions"}],"wp:featuredmedia":[{"embeddable":true,"href":"https:\/\/newsinfoco.com.br\/inicio\/wp-json\/wp\/v2\/media\/18564"}],"wp:attachment":[{"href":"https:\/\/newsinfoco.com.br\/inicio\/wp-json\/wp\/v2\/media?parent=18563"}],"wp:term":[{"taxonomy":"category","embeddable":true,"href":"https:\/\/newsinfoco.com.br\/inicio\/wp-json\/wp\/v2\/categories?post=18563"},{"taxonomy":"post_tag","embeddable":true,"href":"https:\/\/newsinfoco.com.br\/inicio\/wp-json\/wp\/v2\/tags?post=18563"}],"curies":[{"name":"wp","href":"https:\/\/api.w.org\/{rel}","templated":true}]}}