{"id":18569,"date":"2019-11-09T00:03:54","date_gmt":"2019-11-09T02:03:54","guid":{"rendered":"http:\/\/newsinfoco.com.br\/?p=18569"},"modified":"2019-11-09T00:03:54","modified_gmt":"2019-11-09T02:03:54","slug":"bolsonaro-enaltece-moro-apos-decisao-do-stf-que-deve-soltar-ex-presidente-lula","status":"publish","type":"post","link":"https:\/\/newsinfoco.com.br\/inicio\/bolsonaro-enaltece-moro-apos-decisao-do-stf-que-deve-soltar-ex-presidente-lula\/","title":{"rendered":"Bolsonaro enaltece Moro, ap\u00f3s decis\u00e3o do STF que deve soltar ex-presidente Lula"},"content":{"rendered":"<p style=\"text-align: justify;\">Ainda sem comentar a decis\u00e3o do STF (Supremo Tribunal Federal) sobre pris\u00e3o em segunda inst\u00e2ncia que pode beneficiar o ex-presidente Luiz In\u00e1cio Lula da Silva, o presidente Jair Bolsonaro (PSL) atribuiu sua elei\u00e7\u00e3o \u00e0 atua\u00e7\u00e3o do ministro Sergio Moro (Justi\u00e7a) enquanto juiz.<\/p>\n<p style=\"text-align: justify;\">Em discurso na cerim\u00f4nia de formatura de curso para Pol\u00edcia Federal, Bolsonaro elogiou sua equipe de ministros, entre eles Moro, que estava no evento. O presidente lembrou do epis\u00f3dio de 2017 em que o ex-juiz ignorou o capit\u00e3o reformado em um aeroporto e disse que isso ocorreu porque Moro n\u00e3o poderia se aproximar de pol\u00edticos ou ter partido.<\/p>\n<p style=\"text-align: justify;\">\u201cEle estava cumprindo sua miss\u00e3o. Se essa miss\u00e3o dele n\u00e3o fosse bem cumprida, eu tamb\u00e9m n\u00e3o estaria aqui\u201d, disse. \u201cEnt\u00e3o parte do que acontece na pol\u00edtica no Brasil devemos a Sergio Moro. Se for comparar a uma corrente, talvez o elo mais forte dessa corrente\u201d.<\/p>\n<p style=\"text-align: justify;\">Bolsonaro ainda n\u00e3o comentou publicamente a decis\u00e3o do STF. Na noite de quinta-feira (7), o plen\u00e1rio do Supremo decidiu, com placar apertado de 6 votos a 5, que um condenado s\u00f3 pode ser preso ap\u00f3s o tr\u00e2nsito em julgado (o fim dos recursos), alterando a jurisprud\u00eancia, que desde 2016, tem permitido a pris\u00e3o logo ap\u00f3s a condena\u00e7\u00e3o em segunda inst\u00e2ncia.<\/p>\n<p style=\"text-align: justify;\">A decis\u00e3o, uma das mais esperadas dos \u00faltimos anos, tem potencial de beneficiar cerca de 5.000 presos, segundo o CNJ (Conselho Nacional de Justi\u00e7a), incluindo Lula, preso desde abril de 2018 pelo caso do tr\u00edplex de Guaruj\u00e1 (SP). O Brasil tem, no total, aproximadamente 800 mil presos.<\/p>\n<p style=\"text-align: justify;\">No in\u00edcio do julgamento, ele havia publicado em suas redes sociais uma mensagem dizendo ser favor\u00e1vel \u00e0 pris\u00e3o ap\u00f3s condena\u00e7\u00e3o de segunda inst\u00e2ncia. \u201cAos que questionam, sempre deixamos clara nossa posi\u00e7\u00e3o favor\u00e1vel em rela\u00e7\u00e3o \u00e0 pris\u00e3o em segunda inst\u00e2ncia. Proposta de Emenda \u00e0 Constitui\u00e7\u00e3o que encontra-se no Congresso Nacional sob a relatoria da deputada federal Caroline de Toni (PSL-SC)\u201d, escreveu.<\/p>\n<p style=\"text-align: justify;\">Mais tarde, a publica\u00e7\u00e3o na rede de Bolsonaro foi apagada. O filho do presidente Carlos Bolsonaro (PSC-RJ), vereador na cidade no Rio, pediu desculpas pela mensagem. \u201cEu escrevi o tweet sobre segunda inst\u00e2ncia sem autoriza\u00e7\u00e3o do presidente. Me desculpem todos!\u201d, escreveu o vereador na sua conta do Twitter. \u201cA inten\u00e7\u00e3o jamais foi atacar ningu\u00e9m! Apenas expor o que acontece na Casa Legislativa!\u201d, afirmou o vereador.<\/p>\n<div class='share-to-whatsapp-wrapper'><div class='share-on-whsp'>Share on: <\/div><a data-text='Bolsonaro enaltece Moro, ap\u00f3s decis\u00e3o do STF que deve soltar ex-presidente Lula' data-link='https:\/\/newsinfoco.com.br\/inicio\/bolsonaro-enaltece-moro-apos-decisao-do-stf-que-deve-soltar-ex-presidente-lula\/' class='whatsapp-button whatsapp-share'>WhatsApp<\/a><div class='clear '><\/div><\/div>","protected":false},"excerpt":{"rendered":"<p>Ainda sem comentar a decis\u00e3o do STF (Supremo Tribunal Federal) sobre pris\u00e3o em segunda inst\u00e2ncia que pode beneficiar o ex-presidente Luiz In\u00e1cio Lula da Silva, o presidente Jair Bolsonaro (PSL) atribuiu sua elei\u00e7\u00e3o \u00e0 atua\u00e7\u00e3o do ministro Sergio Moro (Justi\u00e7a) enquanto juiz. Em discurso na cerim\u00f4nia de formatura de curso para Pol\u00edcia Federal, Bolsonaro elogiou [&hellip;]<\/p>\n","protected":false},"author":1,"featured_media":1727,"comment_status":"open","ping_status":"open","sticky":false,"template":"","format":"standard","meta":{"om_disable_all_campaigns":false,"rop_custom_images_group":[],"rop_custom_messages_group":[],"rop_publish_now":"initial","rop_publish_now_accounts":[],"rop_publish_now_history":[],"rop_publish_now_status":"pending","_exactmetrics_skip_tracking":false,"footnotes":""},"categories":[21,30],"tags":[],"class_list":["post-18569","post","type-post","status-publish","format-standard","has-post-thumbnail","hentry","category-brasil","category-destaque"],"aioseo_notices":[],"aioseo_head":"\n\t\t<!-- All in One SEO 4.9.10 - aioseo.com -->\n\t<meta name=\"description\" content=\"Ainda sem comentar a decis\u00e3o do STF (Supremo Tribunal Federal) sobre pris\u00e3o em segunda inst\u00e2ncia que pode beneficiar o ex-presidente Luiz In\u00e1cio Lula da Silva, o presidente Jair Bolsonaro (PSL) atribuiu sua elei\u00e7\u00e3o \u00e0 atua\u00e7\u00e3o do ministro Sergio Moro (Justi\u00e7a) enquanto juiz. Em discurso na cerim\u00f4nia de formatura de curso para Pol\u00edcia Federal, Bolsonaro elogiou\" \/>\n\t<meta name=\"robots\" content=\"max-image-preview:large\" \/>\n\t<meta name=\"author\" content=\"administrador\"\/>\n\t<link rel=\"canonical\" href=\"https:\/\/newsinfoco.com.br\/inicio\/bolsonaro-enaltece-moro-apos-decisao-do-stf-que-deve-soltar-ex-presidente-lula\/\" \/>\n\t<meta name=\"generator\" content=\"All in One SEO (AIOSEO) 4.9.10\" \/>\n\t\t<meta property=\"og:locale\" content=\"pt_BR\" \/>\n\t\t<meta property=\"og:site_name\" content=\"News In Foco - Editado por Caio Pimenta - O principal site de noticias de Alagoinhas e regi\u00e3o\" \/>\n\t\t<meta property=\"og:type\" content=\"article\" \/>\n\t\t<meta property=\"og:title\" content=\"Bolsonaro enaltece Moro, ap\u00f3s decis\u00e3o do STF que deve soltar ex-presidente Lula - News In Foco - Editado por Caio Pimenta\" \/>\n\t\t<meta property=\"og:description\" content=\"Ainda sem comentar a decis\u00e3o do STF (Supremo Tribunal Federal) sobre pris\u00e3o em segunda inst\u00e2ncia que pode beneficiar o ex-presidente Luiz In\u00e1cio Lula da Silva, o presidente Jair Bolsonaro (PSL) atribuiu sua elei\u00e7\u00e3o \u00e0 atua\u00e7\u00e3o do ministro Sergio Moro (Justi\u00e7a) enquanto juiz. Em discurso na cerim\u00f4nia de formatura de curso para Pol\u00edcia Federal, Bolsonaro elogiou\" \/>\n\t\t<meta property=\"og:url\" content=\"https:\/\/newsinfoco.com.br\/inicio\/bolsonaro-enaltece-moro-apos-decisao-do-stf-que-deve-soltar-ex-presidente-lula\/\" \/>\n\t\t<meta property=\"article:published_time\" content=\"2019-11-09T02:03:54+00:00\" \/>\n\t\t<meta property=\"article:modified_time\" content=\"2019-11-09T02:03:54+00:00\" \/>\n\t\t<meta name=\"twitter:card\" content=\"summary_large_image\" \/>\n\t\t<meta name=\"twitter:title\" content=\"Bolsonaro enaltece Moro, ap\u00f3s decis\u00e3o do STF que deve soltar ex-presidente Lula - News In Foco - Editado por Caio Pimenta\" \/>\n\t\t<meta name=\"twitter:description\" content=\"Ainda sem comentar a decis\u00e3o do STF (Supremo Tribunal Federal) sobre pris\u00e3o em segunda inst\u00e2ncia que pode beneficiar o ex-presidente Luiz In\u00e1cio Lula da Silva, o presidente Jair Bolsonaro (PSL) atribuiu sua elei\u00e7\u00e3o \u00e0 atua\u00e7\u00e3o do ministro Sergio Moro (Justi\u00e7a) enquanto juiz. Em discurso na cerim\u00f4nia de formatura de curso para Pol\u00edcia Federal, Bolsonaro elogiou\" \/>\n\t\t<script type=\"application\/ld+json\" class=\"aioseo-schema\">\n\t\t\t{\"@context\":\"https:\\\/\\\/schema.org\",\"@graph\":[{\"@type\":\"BlogPosting\",\"@id\":\"https:\\\/\\\/newsinfoco.com.br\\\/inicio\\\/bolsonaro-enaltece-moro-apos-decisao-do-stf-que-deve-soltar-ex-presidente-lula\\\/#blogposting\",\"name\":\"Bolsonaro enaltece Moro, ap\\u00f3s decis\\u00e3o do STF que deve soltar ex-presidente Lula - News In Foco - Editado por Caio Pimenta\",\"headline\":\"Bolsonaro enaltece Moro, ap\\u00f3s decis\\u00e3o do STF que deve soltar ex-presidente Lula\",\"author\":{\"@id\":\"https:\\\/\\\/newsinfoco.com.br\\\/inicio\\\/author\\\/administrador\\\/#author\"},\"publisher\":{\"@id\":\"https:\\\/\\\/newsinfoco.com.br\\\/inicio\\\/#organization\"},\"image\":{\"@type\":\"ImageObject\",\"url\":\"https:\\\/\\\/newsinfoco.com.br\\\/inicio\\\/wp-content\\\/uploads\\\/2018\\\/03\\\/2017-07-18t161318z_1_lynxmped6h12s_rtroptp_3_politica-moro-lula-resposta.jpg\",\"width\":680,\"height\":453,\"caption\":\"Sergio Moro\"},\"datePublished\":\"2019-11-09T00:03:54-03:00\",\"dateModified\":\"2019-11-09T00:03:54-03:00\",\"inLanguage\":\"pt-BR\",\"mainEntityOfPage\":{\"@id\":\"https:\\\/\\\/newsinfoco.com.br\\\/inicio\\\/bolsonaro-enaltece-moro-apos-decisao-do-stf-que-deve-soltar-ex-presidente-lula\\\/#webpage\"},\"isPartOf\":{\"@id\":\"https:\\\/\\\/newsinfoco.com.br\\\/inicio\\\/bolsonaro-enaltece-moro-apos-decisao-do-stf-que-deve-soltar-ex-presidente-lula\\\/#webpage\"},\"articleSection\":\"Brasil, Destaque\"},{\"@type\":\"BreadcrumbList\",\"@id\":\"https:\\\/\\\/newsinfoco.com.br\\\/inicio\\\/bolsonaro-enaltece-moro-apos-decisao-do-stf-que-deve-soltar-ex-presidente-lula\\\/#breadcrumblist\",\"itemListElement\":[{\"@type\":\"ListItem\",\"@id\":\"https:\\\/\\\/newsinfoco.com.br\\\/inicio#listItem\",\"position\":1,\"name\":\"In\\u00edcio\",\"item\":\"https:\\\/\\\/newsinfoco.com.br\\\/inicio\",\"nextItem\":{\"@type\":\"ListItem\",\"@id\":\"https:\\\/\\\/newsinfoco.com.br\\\/inicio\\\/category\\\/brasil\\\/#listItem\",\"name\":\"Brasil\"}},{\"@type\":\"ListItem\",\"@id\":\"https:\\\/\\\/newsinfoco.com.br\\\/inicio\\\/category\\\/brasil\\\/#listItem\",\"position\":2,\"name\":\"Brasil\",\"item\":\"https:\\\/\\\/newsinfoco.com.br\\\/inicio\\\/category\\\/brasil\\\/\",\"nextItem\":{\"@type\":\"ListItem\",\"@id\":\"https:\\\/\\\/newsinfoco.com.br\\\/inicio\\\/bolsonaro-enaltece-moro-apos-decisao-do-stf-que-deve-soltar-ex-presidente-lula\\\/#listItem\",\"name\":\"Bolsonaro enaltece Moro, ap\\u00f3s decis\\u00e3o do STF que deve soltar ex-presidente Lula\"},\"previousItem\":{\"@type\":\"ListItem\",\"@id\":\"https:\\\/\\\/newsinfoco.com.br\\\/inicio#listItem\",\"name\":\"In\\u00edcio\"}},{\"@type\":\"ListItem\",\"@id\":\"https:\\\/\\\/newsinfoco.com.br\\\/inicio\\\/bolsonaro-enaltece-moro-apos-decisao-do-stf-que-deve-soltar-ex-presidente-lula\\\/#listItem\",\"position\":3,\"name\":\"Bolsonaro enaltece Moro, ap\\u00f3s decis\\u00e3o do STF que deve soltar ex-presidente Lula\",\"previousItem\":{\"@type\":\"ListItem\",\"@id\":\"https:\\\/\\\/newsinfoco.com.br\\\/inicio\\\/category\\\/brasil\\\/#listItem\",\"name\":\"Brasil\"}}]},{\"@type\":\"Organization\",\"@id\":\"https:\\\/\\\/newsinfoco.com.br\\\/inicio\\\/#organization\",\"name\":\"News In Foco - Editado por Caio Pimenta\",\"description\":\"O principal site de noticias de Alagoinhas e regi\\u00e3o\",\"url\":\"https:\\\/\\\/newsinfoco.com.br\\\/inicio\\\/\"},{\"@type\":\"Person\",\"@id\":\"https:\\\/\\\/newsinfoco.com.br\\\/inicio\\\/author\\\/administrador\\\/#author\",\"url\":\"https:\\\/\\\/newsinfoco.com.br\\\/inicio\\\/author\\\/administrador\\\/\",\"name\":\"administrador\",\"image\":{\"@type\":\"ImageObject\",\"@id\":\"https:\\\/\\\/newsinfoco.com.br\\\/inicio\\\/bolsonaro-enaltece-moro-apos-decisao-do-stf-que-deve-soltar-ex-presidente-lula\\\/#authorImage\",\"url\":\"https:\\\/\\\/secure.gravatar.com\\\/avatar\\\/c17a617433de8c1dc9584bb79aab7563b46f5bb7e1728c9b17d9cc3ce6a08e49?s=96&d=mm&r=g\",\"width\":96,\"height\":96,\"caption\":\"administrador\"}},{\"@type\":\"WebPage\",\"@id\":\"https:\\\/\\\/newsinfoco.com.br\\\/inicio\\\/bolsonaro-enaltece-moro-apos-decisao-do-stf-que-deve-soltar-ex-presidente-lula\\\/#webpage\",\"url\":\"https:\\\/\\\/newsinfoco.com.br\\\/inicio\\\/bolsonaro-enaltece-moro-apos-decisao-do-stf-que-deve-soltar-ex-presidente-lula\\\/\",\"name\":\"Bolsonaro enaltece Moro, ap\\u00f3s decis\\u00e3o do STF que deve soltar ex-presidente Lula - News In Foco - Editado por Caio Pimenta\",\"description\":\"Ainda sem comentar a decis\\u00e3o do STF (Supremo Tribunal Federal) sobre pris\\u00e3o em segunda inst\\u00e2ncia que pode beneficiar o ex-presidente Luiz In\\u00e1cio Lula da Silva, o presidente Jair Bolsonaro (PSL) atribuiu sua elei\\u00e7\\u00e3o \\u00e0 atua\\u00e7\\u00e3o do ministro Sergio Moro (Justi\\u00e7a) enquanto juiz. Em discurso na cerim\\u00f4nia de formatura de curso para Pol\\u00edcia Federal, Bolsonaro elogiou\",\"inLanguage\":\"pt-BR\",\"isPartOf\":{\"@id\":\"https:\\\/\\\/newsinfoco.com.br\\\/inicio\\\/#website\"},\"breadcrumb\":{\"@id\":\"https:\\\/\\\/newsinfoco.com.br\\\/inicio\\\/bolsonaro-enaltece-moro-apos-decisao-do-stf-que-deve-soltar-ex-presidente-lula\\\/#breadcrumblist\"},\"author\":{\"@id\":\"https:\\\/\\\/newsinfoco.com.br\\\/inicio\\\/author\\\/administrador\\\/#author\"},\"creator\":{\"@id\":\"https:\\\/\\\/newsinfoco.com.br\\\/inicio\\\/author\\\/administrador\\\/#author\"},\"image\":{\"@type\":\"ImageObject\",\"url\":\"https:\\\/\\\/newsinfoco.com.br\\\/inicio\\\/wp-content\\\/uploads\\\/2018\\\/03\\\/2017-07-18t161318z_1_lynxmped6h12s_rtroptp_3_politica-moro-lula-resposta.jpg\",\"@id\":\"https:\\\/\\\/newsinfoco.com.br\\\/inicio\\\/bolsonaro-enaltece-moro-apos-decisao-do-stf-que-deve-soltar-ex-presidente-lula\\\/#mainImage\",\"width\":680,\"height\":453,\"caption\":\"Sergio Moro\"},\"primaryImageOfPage\":{\"@id\":\"https:\\\/\\\/newsinfoco.com.br\\\/inicio\\\/bolsonaro-enaltece-moro-apos-decisao-do-stf-que-deve-soltar-ex-presidente-lula\\\/#mainImage\"},\"datePublished\":\"2019-11-09T00:03:54-03:00\",\"dateModified\":\"2019-11-09T00:03:54-03:00\"},{\"@type\":\"WebSite\",\"@id\":\"https:\\\/\\\/newsinfoco.com.br\\\/inicio\\\/#website\",\"url\":\"https:\\\/\\\/newsinfoco.com.br\\\/inicio\\\/\",\"name\":\"News In Foco - Editado por Caio Pimenta\",\"description\":\"O principal site de noticias de Alagoinhas e regi\\u00e3o\",\"inLanguage\":\"pt-BR\",\"publisher\":{\"@id\":\"https:\\\/\\\/newsinfoco.com.br\\\/inicio\\\/#organization\"}}]}\n\t\t<\/script>\n\t\t<!-- All in One SEO -->\n\n","aioseo_head_json":{"title":"Bolsonaro enaltece Moro, ap\u00f3s decis\u00e3o do STF que deve soltar ex-presidente Lula - News In Foco - Editado por Caio Pimenta","description":"Ainda sem comentar a decis\u00e3o do STF (Supremo Tribunal Federal) sobre pris\u00e3o em segunda inst\u00e2ncia que pode beneficiar o ex-presidente Luiz In\u00e1cio Lula da Silva, o presidente Jair Bolsonaro (PSL) atribuiu sua elei\u00e7\u00e3o \u00e0 atua\u00e7\u00e3o do ministro Sergio Moro (Justi\u00e7a) enquanto juiz. Em discurso na cerim\u00f4nia de formatura de curso para Pol\u00edcia Federal, Bolsonaro elogiou","canonical_url":"https:\/\/newsinfoco.com.br\/inicio\/bolsonaro-enaltece-moro-apos-decisao-do-stf-que-deve-soltar-ex-presidente-lula\/","robots":"max-image-preview:large","keywords":"","webmasterTools":{"miscellaneous":""},"schema":{"@context":"https:\/\/schema.org","@graph":[{"@type":"BlogPosting","@id":"https:\/\/newsinfoco.com.br\/inicio\/bolsonaro-enaltece-moro-apos-decisao-do-stf-que-deve-soltar-ex-presidente-lula\/#blogposting","name":"Bolsonaro enaltece Moro, ap\u00f3s decis\u00e3o do STF que deve soltar ex-presidente Lula - News In Foco - Editado por Caio Pimenta","headline":"Bolsonaro enaltece Moro, ap\u00f3s decis\u00e3o do STF que deve soltar ex-presidente Lula","author":{"@id":"https:\/\/newsinfoco.com.br\/inicio\/author\/administrador\/#author"},"publisher":{"@id":"https:\/\/newsinfoco.com.br\/inicio\/#organization"},"image":{"@type":"ImageObject","url":"https:\/\/newsinfoco.com.br\/inicio\/wp-content\/uploads\/2018\/03\/2017-07-18t161318z_1_lynxmped6h12s_rtroptp_3_politica-moro-lula-resposta.jpg","width":680,"height":453,"caption":"Sergio Moro"},"datePublished":"2019-11-09T00:03:54-03:00","dateModified":"2019-11-09T00:03:54-03:00","inLanguage":"pt-BR","mainEntityOfPage":{"@id":"https:\/\/newsinfoco.com.br\/inicio\/bolsonaro-enaltece-moro-apos-decisao-do-stf-que-deve-soltar-ex-presidente-lula\/#webpage"},"isPartOf":{"@id":"https:\/\/newsinfoco.com.br\/inicio\/bolsonaro-enaltece-moro-apos-decisao-do-stf-que-deve-soltar-ex-presidente-lula\/#webpage"},"articleSection":"Brasil, Destaque"},{"@type":"BreadcrumbList","@id":"https:\/\/newsinfoco.com.br\/inicio\/bolsonaro-enaltece-moro-apos-decisao-do-stf-que-deve-soltar-ex-presidente-lula\/#breadcrumblist","itemListElement":[{"@type":"ListItem","@id":"https:\/\/newsinfoco.com.br\/inicio#listItem","position":1,"name":"In\u00edcio","item":"https:\/\/newsinfoco.com.br\/inicio","nextItem":{"@type":"ListItem","@id":"https:\/\/newsinfoco.com.br\/inicio\/category\/brasil\/#listItem","name":"Brasil"}},{"@type":"ListItem","@id":"https:\/\/newsinfoco.com.br\/inicio\/category\/brasil\/#listItem","position":2,"name":"Brasil","item":"https:\/\/newsinfoco.com.br\/inicio\/category\/brasil\/","nextItem":{"@type":"ListItem","@id":"https:\/\/newsinfoco.com.br\/inicio\/bolsonaro-enaltece-moro-apos-decisao-do-stf-que-deve-soltar-ex-presidente-lula\/#listItem","name":"Bolsonaro enaltece Moro, ap\u00f3s decis\u00e3o do STF que deve soltar ex-presidente Lula"},"previousItem":{"@type":"ListItem","@id":"https:\/\/newsinfoco.com.br\/inicio#listItem","name":"In\u00edcio"}},{"@type":"ListItem","@id":"https:\/\/newsinfoco.com.br\/inicio\/bolsonaro-enaltece-moro-apos-decisao-do-stf-que-deve-soltar-ex-presidente-lula\/#listItem","position":3,"name":"Bolsonaro enaltece Moro, ap\u00f3s decis\u00e3o do STF que deve soltar ex-presidente Lula","previousItem":{"@type":"ListItem","@id":"https:\/\/newsinfoco.com.br\/inicio\/category\/brasil\/#listItem","name":"Brasil"}}]},{"@type":"Organization","@id":"https:\/\/newsinfoco.com.br\/inicio\/#organization","name":"News In Foco - Editado por Caio Pimenta","description":"O principal site de noticias de Alagoinhas e regi\u00e3o","url":"https:\/\/newsinfoco.com.br\/inicio\/"},{"@type":"Person","@id":"https:\/\/newsinfoco.com.br\/inicio\/author\/administrador\/#author","url":"https:\/\/newsinfoco.com.br\/inicio\/author\/administrador\/","name":"administrador","image":{"@type":"ImageObject","@id":"https:\/\/newsinfoco.com.br\/inicio\/bolsonaro-enaltece-moro-apos-decisao-do-stf-que-deve-soltar-ex-presidente-lula\/#authorImage","url":"https:\/\/secure.gravatar.com\/avatar\/c17a617433de8c1dc9584bb79aab7563b46f5bb7e1728c9b17d9cc3ce6a08e49?s=96&d=mm&r=g","width":96,"height":96,"caption":"administrador"}},{"@type":"WebPage","@id":"https:\/\/newsinfoco.com.br\/inicio\/bolsonaro-enaltece-moro-apos-decisao-do-stf-que-deve-soltar-ex-presidente-lula\/#webpage","url":"https:\/\/newsinfoco.com.br\/inicio\/bolsonaro-enaltece-moro-apos-decisao-do-stf-que-deve-soltar-ex-presidente-lula\/","name":"Bolsonaro enaltece Moro, ap\u00f3s decis\u00e3o do STF que deve soltar ex-presidente Lula - News In Foco - Editado por Caio Pimenta","description":"Ainda sem comentar a decis\u00e3o do STF (Supremo Tribunal Federal) sobre pris\u00e3o em segunda inst\u00e2ncia que pode beneficiar o ex-presidente Luiz In\u00e1cio Lula da Silva, o presidente Jair Bolsonaro (PSL) atribuiu sua elei\u00e7\u00e3o \u00e0 atua\u00e7\u00e3o do ministro Sergio Moro (Justi\u00e7a) enquanto juiz. Em discurso na cerim\u00f4nia de formatura de curso para Pol\u00edcia Federal, Bolsonaro elogiou","inLanguage":"pt-BR","isPartOf":{"@id":"https:\/\/newsinfoco.com.br\/inicio\/#website"},"breadcrumb":{"@id":"https:\/\/newsinfoco.com.br\/inicio\/bolsonaro-enaltece-moro-apos-decisao-do-stf-que-deve-soltar-ex-presidente-lula\/#breadcrumblist"},"author":{"@id":"https:\/\/newsinfoco.com.br\/inicio\/author\/administrador\/#author"},"creator":{"@id":"https:\/\/newsinfoco.com.br\/inicio\/author\/administrador\/#author"},"image":{"@type":"ImageObject","url":"https:\/\/newsinfoco.com.br\/inicio\/wp-content\/uploads\/2018\/03\/2017-07-18t161318z_1_lynxmped6h12s_rtroptp_3_politica-moro-lula-resposta.jpg","@id":"https:\/\/newsinfoco.com.br\/inicio\/bolsonaro-enaltece-moro-apos-decisao-do-stf-que-deve-soltar-ex-presidente-lula\/#mainImage","width":680,"height":453,"caption":"Sergio Moro"},"primaryImageOfPage":{"@id":"https:\/\/newsinfoco.com.br\/inicio\/bolsonaro-enaltece-moro-apos-decisao-do-stf-que-deve-soltar-ex-presidente-lula\/#mainImage"},"datePublished":"2019-11-09T00:03:54-03:00","dateModified":"2019-11-09T00:03:54-03:00"},{"@type":"WebSite","@id":"https:\/\/newsinfoco.com.br\/inicio\/#website","url":"https:\/\/newsinfoco.com.br\/inicio\/","name":"News In Foco - Editado por Caio Pimenta","description":"O principal site de noticias de Alagoinhas e regi\u00e3o","inLanguage":"pt-BR","publisher":{"@id":"https:\/\/newsinfoco.com.br\/inicio\/#organization"}}]},"og:locale":"pt_BR","og:site_name":"News In Foco - Editado por Caio Pimenta - O principal site de noticias de Alagoinhas e regi\u00e3o","og:type":"article","og:title":"Bolsonaro enaltece Moro, ap\u00f3s decis\u00e3o do STF que deve soltar ex-presidente Lula - News In Foco - Editado por Caio Pimenta","og:description":"Ainda sem comentar a decis\u00e3o do STF (Supremo Tribunal Federal) sobre pris\u00e3o em segunda inst\u00e2ncia que pode beneficiar o ex-presidente Luiz In\u00e1cio Lula da Silva, o presidente Jair Bolsonaro (PSL) atribuiu sua elei\u00e7\u00e3o \u00e0 atua\u00e7\u00e3o do ministro Sergio Moro (Justi\u00e7a) enquanto juiz. Em discurso na cerim\u00f4nia de formatura de curso para Pol\u00edcia Federal, Bolsonaro elogiou","og:url":"https:\/\/newsinfoco.com.br\/inicio\/bolsonaro-enaltece-moro-apos-decisao-do-stf-que-deve-soltar-ex-presidente-lula\/","article:published_time":"2019-11-09T02:03:54+00:00","article:modified_time":"2019-11-09T02:03:54+00:00","twitter:card":"summary_large_image","twitter:title":"Bolsonaro enaltece Moro, ap\u00f3s decis\u00e3o do STF que deve soltar ex-presidente Lula - News In Foco - Editado por Caio Pimenta","twitter:description":"Ainda sem comentar a decis\u00e3o do STF (Supremo Tribunal Federal) sobre pris\u00e3o em segunda inst\u00e2ncia que pode beneficiar o ex-presidente Luiz In\u00e1cio Lula da Silva, o presidente Jair Bolsonaro (PSL) atribuiu sua elei\u00e7\u00e3o \u00e0 atua\u00e7\u00e3o do ministro Sergio Moro (Justi\u00e7a) enquanto juiz. Em discurso na cerim\u00f4nia de formatura de curso para Pol\u00edcia Federal, Bolsonaro elogiou"},"aioseo_meta_data":{"post_id":"18569","title":null,"description":null,"keywords":null,"keyphrases":null,"primary_term":null,"canonical_url":null,"og_title":null,"og_description":null,"og_object_type":"default","og_image_type":"default","og_image_url":null,"og_image_width":null,"og_image_height":null,"og_image_custom_url":null,"og_image_custom_fields":null,"og_video":null,"og_custom_url":null,"og_article_section":null,"og_article_tags":null,"twitter_use_og":false,"twitter_card":"default","twitter_image_type":"default","twitter_image_url":null,"twitter_image_custom_url":null,"twitter_image_custom_fields":null,"twitter_title":null,"twitter_description":null,"schema":{"blockGraphs":[],"customGraphs":[],"default":{"data":{"Article":[],"Course":[],"Dataset":[],"FAQPage":[],"Movie":[],"Person":[],"Product":[],"ProductReview":[],"Car":[],"Recipe":[],"Service":[],"SoftwareApplication":[],"WebPage":[]},"graphName":"","isEnabled":true},"graphs":[]},"schema_type":"default","schema_type_options":null,"pillar_content":false,"robots_default":true,"robots_noindex":false,"robots_noarchive":false,"robots_nosnippet":false,"robots_nofollow":false,"robots_noimageindex":false,"robots_noodp":false,"robots_notranslate":false,"robots_max_snippet":null,"robots_max_videopreview":null,"robots_max_imagepreview":"large","priority":null,"frequency":null,"local_seo":null,"breadcrumb_settings":null,"limit_modified_date":false,"ai":null,"created":"2023-06-12 15:12:12","updated":"2025-07-11 01:49:51","seo_analyzer_scan_date":null},"aioseo_breadcrumb":"<div class=\"aioseo-breadcrumbs\"><span class=\"aioseo-breadcrumb\">\n\t\t\t<a href=\"https:\/\/newsinfoco.com.br\/inicio\" title=\"In\u00edcio\">In\u00edcio<\/a>\n\t\t<\/span><span class=\"aioseo-breadcrumb-separator\">&raquo;<\/span><span class=\"aioseo-breadcrumb\">\n\t\t\t<a href=\"https:\/\/newsinfoco.com.br\/inicio\/category\/brasil\/\" title=\"Brasil\">Brasil<\/a>\n\t\t<\/span><span class=\"aioseo-breadcrumb-separator\">&raquo;<\/span><span class=\"aioseo-breadcrumb\">\n\t\t\tBolsonaro enaltece Moro, ap\u00f3s decis\u00e3o do STF que deve soltar ex-presidente Lula\n\t\t<\/span><\/div>","aioseo_breadcrumb_json":[{"label":"In\u00edcio","link":"https:\/\/newsinfoco.com.br\/inicio"},{"label":"Brasil","link":"https:\/\/newsinfoco.com.br\/inicio\/category\/brasil\/"},{"label":"Bolsonaro enaltece Moro, ap\u00f3s decis\u00e3o do STF que deve soltar ex-presidente Lula","link":"https:\/\/newsinfoco.com.br\/inicio\/bolsonaro-enaltece-moro-apos-decisao-do-stf-que-deve-soltar-ex-presidente-lula\/"}],"_links":{"self":[{"href":"https:\/\/newsinfoco.com.br\/inicio\/wp-json\/wp\/v2\/posts\/18569","targetHints":{"allow":["GET"]}}],"collection":[{"href":"https:\/\/newsinfoco.com.br\/inicio\/wp-json\/wp\/v2\/posts"}],"about":[{"href":"https:\/\/newsinfoco.com.br\/inicio\/wp-json\/wp\/v2\/types\/post"}],"author":[{"embeddable":true,"href":"https:\/\/newsinfoco.com.br\/inicio\/wp-json\/wp\/v2\/users\/1"}],"replies":[{"embeddable":true,"href":"https:\/\/newsinfoco.com.br\/inicio\/wp-json\/wp\/v2\/comments?post=18569"}],"version-history":[{"count":0,"href":"https:\/\/newsinfoco.com.br\/inicio\/wp-json\/wp\/v2\/posts\/18569\/revisions"}],"wp:featuredmedia":[{"embeddable":true,"href":"https:\/\/newsinfoco.com.br\/inicio\/wp-json\/wp\/v2\/media\/1727"}],"wp:attachment":[{"href":"https:\/\/newsinfoco.com.br\/inicio\/wp-json\/wp\/v2\/media?parent=18569"}],"wp:term":[{"taxonomy":"category","embeddable":true,"href":"https:\/\/newsinfoco.com.br\/inicio\/wp-json\/wp\/v2\/categories?post=18569"},{"taxonomy":"post_tag","embeddable":true,"href":"https:\/\/newsinfoco.com.br\/inicio\/wp-json\/wp\/v2\/tags?post=18569"}],"curies":[{"name":"wp","href":"https:\/\/api.w.org\/{rel}","templated":true}]}}