{"id":18572,"date":"2019-11-09T20:45:33","date_gmt":"2019-11-09T22:45:33","guid":{"rendered":"http:\/\/newsinfoco.com.br\/?p=18572"},"modified":"2019-11-09T20:45:33","modified_gmt":"2019-11-09T22:45:33","slug":"novembro-azul-comeca-nesta-segunda-feira-11-mais-um-corujao-com-atendimentos-estendidos-voltados-a-saude-do-homem","status":"publish","type":"post","link":"https:\/\/newsinfoco.com.br\/inicio\/novembro-azul-comeca-nesta-segunda-feira-11-mais-um-corujao-com-atendimentos-estendidos-voltados-a-saude-do-homem\/","title":{"rendered":"Novembro Azul: Come\u00e7a nesta segunda-feira (11) mais um Coruj\u00e3o, com atendimentos estendidos voltados \u00e0 Sa\u00fade do Homem"},"content":{"rendered":"<p style=\"text-align: justify;\">Depois de registrar uma marca hist\u00f3rica em n\u00fameros de atendimentos durante todo o m\u00eas de outubro, a Prefeitura segue em ritmo acelerado com a Sa\u00fade, em Alagoinhas. A partir de segunda-feira (11), o Coruj\u00e3o volta a levar atendimentos em hor\u00e1rio estendido \u00e0s unidades da zona urbana e da zona rural do munic\u00edpio; desta vez, com exames, orienta\u00e7\u00f5es e procedimentos voltados ao cuidado integral \u00e0 Sa\u00fade do Homem.<\/p>\n<p style=\"text-align: justify;\">A programa\u00e7\u00e3o come\u00e7a na USF 21 de Setembro, onde ser\u00e3o realizados coletas de PSA, atendimento m\u00e9dico, odontol\u00f3gico, teste r\u00e1pido, aferi\u00e7\u00e3o de press\u00e3o e glicemia capilar, al\u00e9m de vacina\u00e7\u00e3o, das 18h \u00e0s 21h. De acordo com a Secretaria Municipal de Sa\u00fade, o intuito \u00e9 fortalecer o servi\u00e7o, ampliar o atendimento, chamar a aten\u00e7\u00e3o para a import\u00e2ncia do cuidado \u00e0 Sa\u00fade do Homem e facilitar o acesso da popula\u00e7\u00e3o aos profissionais da \u00e1rea.<\/p>\n<p style=\"text-align: justify;\">Quem trabalha em hor\u00e1rio comercial poder\u00e1 contar com o funcionamento das unidades em hor\u00e1rio estendido, no turno da noite, para realizar a consulta.<\/p>\n<p style=\"text-align: justify;\">\u201c\u00c9 o programa Acelera Sa\u00fade, que vem mais uma vez com uma s\u00e9rie de a\u00e7\u00f5es integradas. O objetivo principal \u00e9 fazer com que o atendimento de qualidade chegue ao nosso cidad\u00e3o, sensibilizando os moradores quanto \u00e0 import\u00e2ncia do diagn\u00f3stico, do tratamento e do cuidado integral \u00e0 sa\u00fade. \u00c9 mais uma grande a\u00e7\u00e3o que chega para fortalecer o atendimento \u00e0 popula\u00e7\u00e3o. Nossas equipes est\u00e3o mobilizadas e as atividades, que come\u00e7am agora, ser\u00e3o intensificadas. Estamos atendendo \u00e0 solicita\u00e7\u00e3o do prefeito Joaquim Neto, fazendo com que o atendimento chegue, com atividades de ponta a ponta, em todas as localidades\u201d, pontuou a secret\u00e1ria municipal de sa\u00fade, Rosania Rabelo. Ainda de acordo com a gestora da pasta, no m\u00eas de novembro, tamb\u00e9m est\u00e3o previstas a\u00e7\u00f5es nos bairros, atendimentos com especialistas, Hora H, caravanas da sa\u00fade, realiza\u00e7\u00e3o de exames e procedimentos gratuitos voltados especificamente aos homens de Alagoinhas.<\/p>\n<p style=\"text-align: justify;\">Confira a programa\u00e7\u00e3o do Coruj\u00e3o:<br \/>\n<strong>11\/11\/2019 (Segunda-feira):\u00a0<\/strong>USF 21 de Setembro<br \/>\n<strong>12\/11\/2019 (Ter\u00e7a-feira):<\/strong>\u00a0USF S\u00e3o Jos\u00e9 Oper\u00e1rio\/Renova\u00e7\u00e3o e USF Pra\u00e7a Kenndy\/Taiz\u00e9<br \/>\n<strong>13\/11\/2019 (Quarta-feira):<\/strong>\u00a0USF Nossa Senhora de F\u00e1tima<br \/>\n<strong>14\/11\/2019 (Quinta-Feira):<\/strong>\u00a0Unidade de Sa\u00fade Pau-Brasil<\/p>\n<p style=\"text-align: justify;\">\u00a0 \u00a0 \u00a0 \u00a0 \u00a0 \u00a0 \u00a0 \u00a0 \u00a0 \u00a0 \u00a0 \u00a0 \u00a0 \u00a0 \u00a0 \u00a0 \u00a0 \u00a0 \u00a0 \u00a0 \u00a0 \u00a0 \u00a0 \u00a0 \u00a0 \u00a0 \u00a0 \u00a0 \u00a0 \u00a0 \u00a0 \u00a0SECOM ALAGOINHAS<\/p>\n<div class='share-to-whatsapp-wrapper'><div class='share-on-whsp'>Share on: <\/div><a data-text='Novembro Azul: Come\u00e7a nesta segunda-feira (11) mais um Coruj\u00e3o, com atendimentos estendidos voltados \u00e0 Sa\u00fade do Homem' data-link='https:\/\/newsinfoco.com.br\/inicio\/novembro-azul-comeca-nesta-segunda-feira-11-mais-um-corujao-com-atendimentos-estendidos-voltados-a-saude-do-homem\/' class='whatsapp-button whatsapp-share'>WhatsApp<\/a><div class='clear '><\/div><\/div>","protected":false},"excerpt":{"rendered":"<p>Depois de registrar uma marca hist\u00f3rica em n\u00fameros de atendimentos durante todo o m\u00eas de outubro, a Prefeitura segue em ritmo acelerado com a Sa\u00fade, em Alagoinhas. A partir de segunda-feira (11), o Coruj\u00e3o volta a levar atendimentos em hor\u00e1rio estendido \u00e0s unidades da zona urbana e da zona rural do munic\u00edpio; desta vez, com [&hellip;]<\/p>\n","protected":false},"author":1,"featured_media":18573,"comment_status":"open","ping_status":"open","sticky":false,"template":"","format":"standard","meta":{"om_disable_all_campaigns":false,"rop_custom_images_group":[],"rop_custom_messages_group":[],"rop_publish_now":"initial","rop_publish_now_accounts":[],"rop_publish_now_history":[],"rop_publish_now_status":"pending","_exactmetrics_skip_tracking":false,"footnotes":""},"categories":[38,30],"tags":[],"class_list":["post-18572","post","type-post","status-publish","format-standard","has-post-thumbnail","hentry","category-alagoinhas-e-regiao","category-destaque"],"aioseo_notices":[],"aioseo_head":"\n\t\t<!-- All in One SEO 4.9.10 - aioseo.com -->\n\t<meta name=\"description\" content=\"Depois de registrar uma marca hist\u00f3rica em n\u00fameros de atendimentos durante todo o m\u00eas de outubro, a Prefeitura segue em ritmo acelerado com a Sa\u00fade, em Alagoinhas. A partir de segunda-feira (11), o Coruj\u00e3o volta a levar atendimentos em hor\u00e1rio estendido \u00e0s unidades da zona urbana e da zona rural do munic\u00edpio; desta vez, com\" \/>\n\t<meta name=\"robots\" content=\"max-image-preview:large\" \/>\n\t<meta name=\"author\" content=\"administrador\"\/>\n\t<link rel=\"canonical\" href=\"https:\/\/newsinfoco.com.br\/inicio\/novembro-azul-comeca-nesta-segunda-feira-11-mais-um-corujao-com-atendimentos-estendidos-voltados-a-saude-do-homem\/\" \/>\n\t<meta name=\"generator\" content=\"All in One SEO (AIOSEO) 4.9.10\" \/>\n\t\t<meta property=\"og:locale\" content=\"pt_BR\" \/>\n\t\t<meta property=\"og:site_name\" content=\"News In Foco - Editado por Caio Pimenta - O principal site de noticias de Alagoinhas e regi\u00e3o\" \/>\n\t\t<meta property=\"og:type\" content=\"article\" \/>\n\t\t<meta property=\"og:title\" content=\"Novembro Azul: Come\u00e7a nesta segunda-feira (11) mais um Coruj\u00e3o, com atendimentos estendidos voltados \u00e0 Sa\u00fade do Homem - News In Foco - Editado por Caio Pimenta\" \/>\n\t\t<meta property=\"og:description\" content=\"Depois de registrar uma marca hist\u00f3rica em n\u00fameros de atendimentos durante todo o m\u00eas de outubro, a Prefeitura segue em ritmo acelerado com a Sa\u00fade, em Alagoinhas. A partir de segunda-feira (11), o Coruj\u00e3o volta a levar atendimentos em hor\u00e1rio estendido \u00e0s unidades da zona urbana e da zona rural do munic\u00edpio; desta vez, com\" \/>\n\t\t<meta property=\"og:url\" content=\"https:\/\/newsinfoco.com.br\/inicio\/novembro-azul-comeca-nesta-segunda-feira-11-mais-um-corujao-com-atendimentos-estendidos-voltados-a-saude-do-homem\/\" \/>\n\t\t<meta property=\"article:published_time\" content=\"2019-11-09T22:45:33+00:00\" \/>\n\t\t<meta property=\"article:modified_time\" content=\"2019-11-09T22:45:33+00:00\" \/>\n\t\t<meta name=\"twitter:card\" content=\"summary_large_image\" \/>\n\t\t<meta name=\"twitter:title\" content=\"Novembro Azul: Come\u00e7a nesta segunda-feira (11) mais um Coruj\u00e3o, com atendimentos estendidos voltados \u00e0 Sa\u00fade do Homem - News In Foco - Editado por Caio Pimenta\" \/>\n\t\t<meta name=\"twitter:description\" content=\"Depois de registrar uma marca hist\u00f3rica em n\u00fameros de atendimentos durante todo o m\u00eas de outubro, a Prefeitura segue em ritmo acelerado com a Sa\u00fade, em Alagoinhas. A partir de segunda-feira (11), o Coruj\u00e3o volta a levar atendimentos em hor\u00e1rio estendido \u00e0s unidades da zona urbana e da zona rural do munic\u00edpio; desta vez, com\" \/>\n\t\t<script type=\"application\/ld+json\" class=\"aioseo-schema\">\n\t\t\t{\"@context\":\"https:\\\/\\\/schema.org\",\"@graph\":[{\"@type\":\"BlogPosting\",\"@id\":\"https:\\\/\\\/newsinfoco.com.br\\\/inicio\\\/novembro-azul-comeca-nesta-segunda-feira-11-mais-um-corujao-com-atendimentos-estendidos-voltados-a-saude-do-homem\\\/#blogposting\",\"name\":\"Novembro Azul: Come\\u00e7a nesta segunda-feira (11) mais um Coruj\\u00e3o, com atendimentos estendidos voltados \\u00e0 Sa\\u00fade do Homem - News In Foco - Editado por Caio Pimenta\",\"headline\":\"Novembro Azul: Come\\u00e7a nesta segunda-feira (11) mais um Coruj\\u00e3o, com atendimentos estendidos voltados \\u00e0 Sa\\u00fade do Homem\",\"author\":{\"@id\":\"https:\\\/\\\/newsinfoco.com.br\\\/inicio\\\/author\\\/administrador\\\/#author\"},\"publisher\":{\"@id\":\"https:\\\/\\\/newsinfoco.com.br\\\/inicio\\\/#organization\"},\"image\":{\"@type\":\"ImageObject\",\"url\":\"https:\\\/\\\/newsinfoco.com.br\\\/inicio\\\/wp-content\\\/uploads\\\/2019\\\/11\\\/WhatsApp-Image-2019-11-09-at-11.26.27-1024x1024.jpeg\",\"width\":1024,\"height\":1024},\"datePublished\":\"2019-11-09T20:45:33-03:00\",\"dateModified\":\"2019-11-09T20:45:33-03:00\",\"inLanguage\":\"pt-BR\",\"mainEntityOfPage\":{\"@id\":\"https:\\\/\\\/newsinfoco.com.br\\\/inicio\\\/novembro-azul-comeca-nesta-segunda-feira-11-mais-um-corujao-com-atendimentos-estendidos-voltados-a-saude-do-homem\\\/#webpage\"},\"isPartOf\":{\"@id\":\"https:\\\/\\\/newsinfoco.com.br\\\/inicio\\\/novembro-azul-comeca-nesta-segunda-feira-11-mais-um-corujao-com-atendimentos-estendidos-voltados-a-saude-do-homem\\\/#webpage\"},\"articleSection\":\"Alagoinhas e Regi\\u00e3o, Destaque\"},{\"@type\":\"BreadcrumbList\",\"@id\":\"https:\\\/\\\/newsinfoco.com.br\\\/inicio\\\/novembro-azul-comeca-nesta-segunda-feira-11-mais-um-corujao-com-atendimentos-estendidos-voltados-a-saude-do-homem\\\/#breadcrumblist\",\"itemListElement\":[{\"@type\":\"ListItem\",\"@id\":\"https:\\\/\\\/newsinfoco.com.br\\\/inicio#listItem\",\"position\":1,\"name\":\"In\\u00edcio\",\"item\":\"https:\\\/\\\/newsinfoco.com.br\\\/inicio\",\"nextItem\":{\"@type\":\"ListItem\",\"@id\":\"https:\\\/\\\/newsinfoco.com.br\\\/inicio\\\/category\\\/destaque\\\/#listItem\",\"name\":\"Destaque\"}},{\"@type\":\"ListItem\",\"@id\":\"https:\\\/\\\/newsinfoco.com.br\\\/inicio\\\/category\\\/destaque\\\/#listItem\",\"position\":2,\"name\":\"Destaque\",\"item\":\"https:\\\/\\\/newsinfoco.com.br\\\/inicio\\\/category\\\/destaque\\\/\",\"nextItem\":{\"@type\":\"ListItem\",\"@id\":\"https:\\\/\\\/newsinfoco.com.br\\\/inicio\\\/novembro-azul-comeca-nesta-segunda-feira-11-mais-um-corujao-com-atendimentos-estendidos-voltados-a-saude-do-homem\\\/#listItem\",\"name\":\"Novembro Azul: Come\\u00e7a nesta segunda-feira (11) mais um Coruj\\u00e3o, com atendimentos estendidos voltados \\u00e0 Sa\\u00fade do Homem\"},\"previousItem\":{\"@type\":\"ListItem\",\"@id\":\"https:\\\/\\\/newsinfoco.com.br\\\/inicio#listItem\",\"name\":\"In\\u00edcio\"}},{\"@type\":\"ListItem\",\"@id\":\"https:\\\/\\\/newsinfoco.com.br\\\/inicio\\\/novembro-azul-comeca-nesta-segunda-feira-11-mais-um-corujao-com-atendimentos-estendidos-voltados-a-saude-do-homem\\\/#listItem\",\"position\":3,\"name\":\"Novembro Azul: Come\\u00e7a nesta segunda-feira (11) mais um Coruj\\u00e3o, com atendimentos estendidos voltados \\u00e0 Sa\\u00fade do Homem\",\"previousItem\":{\"@type\":\"ListItem\",\"@id\":\"https:\\\/\\\/newsinfoco.com.br\\\/inicio\\\/category\\\/destaque\\\/#listItem\",\"name\":\"Destaque\"}}]},{\"@type\":\"Organization\",\"@id\":\"https:\\\/\\\/newsinfoco.com.br\\\/inicio\\\/#organization\",\"name\":\"News In Foco - Editado por Caio Pimenta\",\"description\":\"O principal site de noticias de Alagoinhas e regi\\u00e3o\",\"url\":\"https:\\\/\\\/newsinfoco.com.br\\\/inicio\\\/\"},{\"@type\":\"Person\",\"@id\":\"https:\\\/\\\/newsinfoco.com.br\\\/inicio\\\/author\\\/administrador\\\/#author\",\"url\":\"https:\\\/\\\/newsinfoco.com.br\\\/inicio\\\/author\\\/administrador\\\/\",\"name\":\"administrador\",\"image\":{\"@type\":\"ImageObject\",\"@id\":\"https:\\\/\\\/newsinfoco.com.br\\\/inicio\\\/novembro-azul-comeca-nesta-segunda-feira-11-mais-um-corujao-com-atendimentos-estendidos-voltados-a-saude-do-homem\\\/#authorImage\",\"url\":\"https:\\\/\\\/secure.gravatar.com\\\/avatar\\\/c17a617433de8c1dc9584bb79aab7563b46f5bb7e1728c9b17d9cc3ce6a08e49?s=96&d=mm&r=g\",\"width\":96,\"height\":96,\"caption\":\"administrador\"}},{\"@type\":\"WebPage\",\"@id\":\"https:\\\/\\\/newsinfoco.com.br\\\/inicio\\\/novembro-azul-comeca-nesta-segunda-feira-11-mais-um-corujao-com-atendimentos-estendidos-voltados-a-saude-do-homem\\\/#webpage\",\"url\":\"https:\\\/\\\/newsinfoco.com.br\\\/inicio\\\/novembro-azul-comeca-nesta-segunda-feira-11-mais-um-corujao-com-atendimentos-estendidos-voltados-a-saude-do-homem\\\/\",\"name\":\"Novembro Azul: Come\\u00e7a nesta segunda-feira (11) mais um Coruj\\u00e3o, com atendimentos estendidos voltados \\u00e0 Sa\\u00fade do Homem - News In Foco - Editado por Caio Pimenta\",\"description\":\"Depois de registrar uma marca hist\\u00f3rica em n\\u00fameros de atendimentos durante todo o m\\u00eas de outubro, a Prefeitura segue em ritmo acelerado com a Sa\\u00fade, em Alagoinhas. A partir de segunda-feira (11), o Coruj\\u00e3o volta a levar atendimentos em hor\\u00e1rio estendido \\u00e0s unidades da zona urbana e da zona rural do munic\\u00edpio; desta vez, com\",\"inLanguage\":\"pt-BR\",\"isPartOf\":{\"@id\":\"https:\\\/\\\/newsinfoco.com.br\\\/inicio\\\/#website\"},\"breadcrumb\":{\"@id\":\"https:\\\/\\\/newsinfoco.com.br\\\/inicio\\\/novembro-azul-comeca-nesta-segunda-feira-11-mais-um-corujao-com-atendimentos-estendidos-voltados-a-saude-do-homem\\\/#breadcrumblist\"},\"author\":{\"@id\":\"https:\\\/\\\/newsinfoco.com.br\\\/inicio\\\/author\\\/administrador\\\/#author\"},\"creator\":{\"@id\":\"https:\\\/\\\/newsinfoco.com.br\\\/inicio\\\/author\\\/administrador\\\/#author\"},\"image\":{\"@type\":\"ImageObject\",\"url\":\"https:\\\/\\\/newsinfoco.com.br\\\/inicio\\\/wp-content\\\/uploads\\\/2019\\\/11\\\/WhatsApp-Image-2019-11-09-at-11.26.27-1024x1024.jpeg\",\"@id\":\"https:\\\/\\\/newsinfoco.com.br\\\/inicio\\\/novembro-azul-comeca-nesta-segunda-feira-11-mais-um-corujao-com-atendimentos-estendidos-voltados-a-saude-do-homem\\\/#mainImage\",\"width\":1024,\"height\":1024},\"primaryImageOfPage\":{\"@id\":\"https:\\\/\\\/newsinfoco.com.br\\\/inicio\\\/novembro-azul-comeca-nesta-segunda-feira-11-mais-um-corujao-com-atendimentos-estendidos-voltados-a-saude-do-homem\\\/#mainImage\"},\"datePublished\":\"2019-11-09T20:45:33-03:00\",\"dateModified\":\"2019-11-09T20:45:33-03:00\"},{\"@type\":\"WebSite\",\"@id\":\"https:\\\/\\\/newsinfoco.com.br\\\/inicio\\\/#website\",\"url\":\"https:\\\/\\\/newsinfoco.com.br\\\/inicio\\\/\",\"name\":\"News In Foco - Editado por Caio Pimenta\",\"description\":\"O principal site de noticias de Alagoinhas e regi\\u00e3o\",\"inLanguage\":\"pt-BR\",\"publisher\":{\"@id\":\"https:\\\/\\\/newsinfoco.com.br\\\/inicio\\\/#organization\"}}]}\n\t\t<\/script>\n\t\t<!-- All in One SEO -->\n\n","aioseo_head_json":{"title":"Novembro Azul: Come\u00e7a nesta segunda-feira (11) mais um Coruj\u00e3o, com atendimentos estendidos voltados \u00e0 Sa\u00fade do Homem - News In Foco - Editado por Caio Pimenta","description":"Depois de registrar uma marca hist\u00f3rica em n\u00fameros de atendimentos durante todo o m\u00eas de outubro, a Prefeitura segue em ritmo acelerado com a Sa\u00fade, em Alagoinhas. A partir de segunda-feira (11), o Coruj\u00e3o volta a levar atendimentos em hor\u00e1rio estendido \u00e0s unidades da zona urbana e da zona rural do munic\u00edpio; desta vez, com","canonical_url":"https:\/\/newsinfoco.com.br\/inicio\/novembro-azul-comeca-nesta-segunda-feira-11-mais-um-corujao-com-atendimentos-estendidos-voltados-a-saude-do-homem\/","robots":"max-image-preview:large","keywords":"","webmasterTools":{"miscellaneous":""},"schema":{"@context":"https:\/\/schema.org","@graph":[{"@type":"BlogPosting","@id":"https:\/\/newsinfoco.com.br\/inicio\/novembro-azul-comeca-nesta-segunda-feira-11-mais-um-corujao-com-atendimentos-estendidos-voltados-a-saude-do-homem\/#blogposting","name":"Novembro Azul: Come\u00e7a nesta segunda-feira (11) mais um Coruj\u00e3o, com atendimentos estendidos voltados \u00e0 Sa\u00fade do Homem - News In Foco - Editado por Caio Pimenta","headline":"Novembro Azul: Come\u00e7a nesta segunda-feira (11) mais um Coruj\u00e3o, com atendimentos estendidos voltados \u00e0 Sa\u00fade do Homem","author":{"@id":"https:\/\/newsinfoco.com.br\/inicio\/author\/administrador\/#author"},"publisher":{"@id":"https:\/\/newsinfoco.com.br\/inicio\/#organization"},"image":{"@type":"ImageObject","url":"https:\/\/newsinfoco.com.br\/inicio\/wp-content\/uploads\/2019\/11\/WhatsApp-Image-2019-11-09-at-11.26.27-1024x1024.jpeg","width":1024,"height":1024},"datePublished":"2019-11-09T20:45:33-03:00","dateModified":"2019-11-09T20:45:33-03:00","inLanguage":"pt-BR","mainEntityOfPage":{"@id":"https:\/\/newsinfoco.com.br\/inicio\/novembro-azul-comeca-nesta-segunda-feira-11-mais-um-corujao-com-atendimentos-estendidos-voltados-a-saude-do-homem\/#webpage"},"isPartOf":{"@id":"https:\/\/newsinfoco.com.br\/inicio\/novembro-azul-comeca-nesta-segunda-feira-11-mais-um-corujao-com-atendimentos-estendidos-voltados-a-saude-do-homem\/#webpage"},"articleSection":"Alagoinhas e Regi\u00e3o, Destaque"},{"@type":"BreadcrumbList","@id":"https:\/\/newsinfoco.com.br\/inicio\/novembro-azul-comeca-nesta-segunda-feira-11-mais-um-corujao-com-atendimentos-estendidos-voltados-a-saude-do-homem\/#breadcrumblist","itemListElement":[{"@type":"ListItem","@id":"https:\/\/newsinfoco.com.br\/inicio#listItem","position":1,"name":"In\u00edcio","item":"https:\/\/newsinfoco.com.br\/inicio","nextItem":{"@type":"ListItem","@id":"https:\/\/newsinfoco.com.br\/inicio\/category\/destaque\/#listItem","name":"Destaque"}},{"@type":"ListItem","@id":"https:\/\/newsinfoco.com.br\/inicio\/category\/destaque\/#listItem","position":2,"name":"Destaque","item":"https:\/\/newsinfoco.com.br\/inicio\/category\/destaque\/","nextItem":{"@type":"ListItem","@id":"https:\/\/newsinfoco.com.br\/inicio\/novembro-azul-comeca-nesta-segunda-feira-11-mais-um-corujao-com-atendimentos-estendidos-voltados-a-saude-do-homem\/#listItem","name":"Novembro Azul: Come\u00e7a nesta segunda-feira (11) mais um Coruj\u00e3o, com atendimentos estendidos voltados \u00e0 Sa\u00fade do Homem"},"previousItem":{"@type":"ListItem","@id":"https:\/\/newsinfoco.com.br\/inicio#listItem","name":"In\u00edcio"}},{"@type":"ListItem","@id":"https:\/\/newsinfoco.com.br\/inicio\/novembro-azul-comeca-nesta-segunda-feira-11-mais-um-corujao-com-atendimentos-estendidos-voltados-a-saude-do-homem\/#listItem","position":3,"name":"Novembro Azul: Come\u00e7a nesta segunda-feira (11) mais um Coruj\u00e3o, com atendimentos estendidos voltados \u00e0 Sa\u00fade do Homem","previousItem":{"@type":"ListItem","@id":"https:\/\/newsinfoco.com.br\/inicio\/category\/destaque\/#listItem","name":"Destaque"}}]},{"@type":"Organization","@id":"https:\/\/newsinfoco.com.br\/inicio\/#organization","name":"News In Foco - Editado por Caio Pimenta","description":"O principal site de noticias de Alagoinhas e regi\u00e3o","url":"https:\/\/newsinfoco.com.br\/inicio\/"},{"@type":"Person","@id":"https:\/\/newsinfoco.com.br\/inicio\/author\/administrador\/#author","url":"https:\/\/newsinfoco.com.br\/inicio\/author\/administrador\/","name":"administrador","image":{"@type":"ImageObject","@id":"https:\/\/newsinfoco.com.br\/inicio\/novembro-azul-comeca-nesta-segunda-feira-11-mais-um-corujao-com-atendimentos-estendidos-voltados-a-saude-do-homem\/#authorImage","url":"https:\/\/secure.gravatar.com\/avatar\/c17a617433de8c1dc9584bb79aab7563b46f5bb7e1728c9b17d9cc3ce6a08e49?s=96&d=mm&r=g","width":96,"height":96,"caption":"administrador"}},{"@type":"WebPage","@id":"https:\/\/newsinfoco.com.br\/inicio\/novembro-azul-comeca-nesta-segunda-feira-11-mais-um-corujao-com-atendimentos-estendidos-voltados-a-saude-do-homem\/#webpage","url":"https:\/\/newsinfoco.com.br\/inicio\/novembro-azul-comeca-nesta-segunda-feira-11-mais-um-corujao-com-atendimentos-estendidos-voltados-a-saude-do-homem\/","name":"Novembro Azul: Come\u00e7a nesta segunda-feira (11) mais um Coruj\u00e3o, com atendimentos estendidos voltados \u00e0 Sa\u00fade do Homem - News In Foco - Editado por Caio Pimenta","description":"Depois de registrar uma marca hist\u00f3rica em n\u00fameros de atendimentos durante todo o m\u00eas de outubro, a Prefeitura segue em ritmo acelerado com a Sa\u00fade, em Alagoinhas. A partir de segunda-feira (11), o Coruj\u00e3o volta a levar atendimentos em hor\u00e1rio estendido \u00e0s unidades da zona urbana e da zona rural do munic\u00edpio; desta vez, com","inLanguage":"pt-BR","isPartOf":{"@id":"https:\/\/newsinfoco.com.br\/inicio\/#website"},"breadcrumb":{"@id":"https:\/\/newsinfoco.com.br\/inicio\/novembro-azul-comeca-nesta-segunda-feira-11-mais-um-corujao-com-atendimentos-estendidos-voltados-a-saude-do-homem\/#breadcrumblist"},"author":{"@id":"https:\/\/newsinfoco.com.br\/inicio\/author\/administrador\/#author"},"creator":{"@id":"https:\/\/newsinfoco.com.br\/inicio\/author\/administrador\/#author"},"image":{"@type":"ImageObject","url":"https:\/\/newsinfoco.com.br\/inicio\/wp-content\/uploads\/2019\/11\/WhatsApp-Image-2019-11-09-at-11.26.27-1024x1024.jpeg","@id":"https:\/\/newsinfoco.com.br\/inicio\/novembro-azul-comeca-nesta-segunda-feira-11-mais-um-corujao-com-atendimentos-estendidos-voltados-a-saude-do-homem\/#mainImage","width":1024,"height":1024},"primaryImageOfPage":{"@id":"https:\/\/newsinfoco.com.br\/inicio\/novembro-azul-comeca-nesta-segunda-feira-11-mais-um-corujao-com-atendimentos-estendidos-voltados-a-saude-do-homem\/#mainImage"},"datePublished":"2019-11-09T20:45:33-03:00","dateModified":"2019-11-09T20:45:33-03:00"},{"@type":"WebSite","@id":"https:\/\/newsinfoco.com.br\/inicio\/#website","url":"https:\/\/newsinfoco.com.br\/inicio\/","name":"News In Foco - Editado por Caio Pimenta","description":"O principal site de noticias de Alagoinhas e regi\u00e3o","inLanguage":"pt-BR","publisher":{"@id":"https:\/\/newsinfoco.com.br\/inicio\/#organization"}}]},"og:locale":"pt_BR","og:site_name":"News In Foco - Editado por Caio Pimenta - O principal site de noticias de Alagoinhas e regi\u00e3o","og:type":"article","og:title":"Novembro Azul: Come\u00e7a nesta segunda-feira (11) mais um Coruj\u00e3o, com atendimentos estendidos voltados \u00e0 Sa\u00fade do Homem - News In Foco - Editado por Caio Pimenta","og:description":"Depois de registrar uma marca hist\u00f3rica em n\u00fameros de atendimentos durante todo o m\u00eas de outubro, a Prefeitura segue em ritmo acelerado com a Sa\u00fade, em Alagoinhas. A partir de segunda-feira (11), o Coruj\u00e3o volta a levar atendimentos em hor\u00e1rio estendido \u00e0s unidades da zona urbana e da zona rural do munic\u00edpio; desta vez, com","og:url":"https:\/\/newsinfoco.com.br\/inicio\/novembro-azul-comeca-nesta-segunda-feira-11-mais-um-corujao-com-atendimentos-estendidos-voltados-a-saude-do-homem\/","article:published_time":"2019-11-09T22:45:33+00:00","article:modified_time":"2019-11-09T22:45:33+00:00","twitter:card":"summary_large_image","twitter:title":"Novembro Azul: Come\u00e7a nesta segunda-feira (11) mais um Coruj\u00e3o, com atendimentos estendidos voltados \u00e0 Sa\u00fade do Homem - News In Foco - Editado por Caio Pimenta","twitter:description":"Depois de registrar uma marca hist\u00f3rica em n\u00fameros de atendimentos durante todo o m\u00eas de outubro, a Prefeitura segue em ritmo acelerado com a Sa\u00fade, em Alagoinhas. A partir de segunda-feira (11), o Coruj\u00e3o volta a levar atendimentos em hor\u00e1rio estendido \u00e0s unidades da zona urbana e da zona rural do munic\u00edpio; desta vez, com"},"aioseo_meta_data":{"post_id":"18572","title":null,"description":null,"keywords":null,"keyphrases":null,"primary_term":null,"canonical_url":null,"og_title":null,"og_description":null,"og_object_type":"default","og_image_type":"default","og_image_url":null,"og_image_width":null,"og_image_height":null,"og_image_custom_url":null,"og_image_custom_fields":null,"og_video":null,"og_custom_url":null,"og_article_section":null,"og_article_tags":null,"twitter_use_og":false,"twitter_card":"default","twitter_image_type":"default","twitter_image_url":null,"twitter_image_custom_url":null,"twitter_image_custom_fields":null,"twitter_title":null,"twitter_description":null,"schema":{"blockGraphs":[],"customGraphs":[],"default":{"data":{"Article":[],"Course":[],"Dataset":[],"FAQPage":[],"Movie":[],"Person":[],"Product":[],"ProductReview":[],"Car":[],"Recipe":[],"Service":[],"SoftwareApplication":[],"WebPage":[]},"graphName":"","isEnabled":true},"graphs":[]},"schema_type":"default","schema_type_options":null,"pillar_content":false,"robots_default":true,"robots_noindex":false,"robots_noarchive":false,"robots_nosnippet":false,"robots_nofollow":false,"robots_noimageindex":false,"robots_noodp":false,"robots_notranslate":false,"robots_max_snippet":null,"robots_max_videopreview":null,"robots_max_imagepreview":"large","priority":null,"frequency":null,"local_seo":null,"breadcrumb_settings":null,"limit_modified_date":false,"ai":null,"created":"2023-06-12 15:12:12","updated":"2025-07-11 01:49:51","seo_analyzer_scan_date":null},"aioseo_breadcrumb":"<div class=\"aioseo-breadcrumbs\"><span class=\"aioseo-breadcrumb\">\n\t\t\t<a href=\"https:\/\/newsinfoco.com.br\/inicio\" title=\"In\u00edcio\">In\u00edcio<\/a>\n\t\t<\/span><span class=\"aioseo-breadcrumb-separator\">&raquo;<\/span><span class=\"aioseo-breadcrumb\">\n\t\t\t<a href=\"https:\/\/newsinfoco.com.br\/inicio\/category\/destaque\/\" title=\"Destaque\">Destaque<\/a>\n\t\t<\/span><span class=\"aioseo-breadcrumb-separator\">&raquo;<\/span><span class=\"aioseo-breadcrumb\">\n\t\t\tNovembro Azul: Come\u00e7a nesta segunda-feira (11) mais um Coruj\u00e3o, com atendimentos estendidos voltados \u00e0 Sa\u00fade do Homem\n\t\t<\/span><\/div>","aioseo_breadcrumb_json":[{"label":"In\u00edcio","link":"https:\/\/newsinfoco.com.br\/inicio"},{"label":"Destaque","link":"https:\/\/newsinfoco.com.br\/inicio\/category\/destaque\/"},{"label":"Novembro Azul: Come\u00e7a nesta segunda-feira (11) mais um Coruj\u00e3o, com atendimentos estendidos voltados \u00e0 Sa\u00fade do Homem","link":"https:\/\/newsinfoco.com.br\/inicio\/novembro-azul-comeca-nesta-segunda-feira-11-mais-um-corujao-com-atendimentos-estendidos-voltados-a-saude-do-homem\/"}],"_links":{"self":[{"href":"https:\/\/newsinfoco.com.br\/inicio\/wp-json\/wp\/v2\/posts\/18572","targetHints":{"allow":["GET"]}}],"collection":[{"href":"https:\/\/newsinfoco.com.br\/inicio\/wp-json\/wp\/v2\/posts"}],"about":[{"href":"https:\/\/newsinfoco.com.br\/inicio\/wp-json\/wp\/v2\/types\/post"}],"author":[{"embeddable":true,"href":"https:\/\/newsinfoco.com.br\/inicio\/wp-json\/wp\/v2\/users\/1"}],"replies":[{"embeddable":true,"href":"https:\/\/newsinfoco.com.br\/inicio\/wp-json\/wp\/v2\/comments?post=18572"}],"version-history":[{"count":0,"href":"https:\/\/newsinfoco.com.br\/inicio\/wp-json\/wp\/v2\/posts\/18572\/revisions"}],"wp:featuredmedia":[{"embeddable":true,"href":"https:\/\/newsinfoco.com.br\/inicio\/wp-json\/wp\/v2\/media\/18573"}],"wp:attachment":[{"href":"https:\/\/newsinfoco.com.br\/inicio\/wp-json\/wp\/v2\/media?parent=18572"}],"wp:term":[{"taxonomy":"category","embeddable":true,"href":"https:\/\/newsinfoco.com.br\/inicio\/wp-json\/wp\/v2\/categories?post=18572"},{"taxonomy":"post_tag","embeddable":true,"href":"https:\/\/newsinfoco.com.br\/inicio\/wp-json\/wp\/v2\/tags?post=18572"}],"curies":[{"name":"wp","href":"https:\/\/api.w.org\/{rel}","templated":true}]}}