{"id":18575,"date":"2019-11-09T20:54:40","date_gmt":"2019-11-09T22:54:40","guid":{"rendered":"http:\/\/newsinfoco.com.br\/?p=18575"},"modified":"2019-11-09T20:54:40","modified_gmt":"2019-11-09T22:54:40","slug":"militares-mostram-preocupacao-de-que-discurso-de-lula-incite-violencia","status":"publish","type":"post","link":"https:\/\/newsinfoco.com.br\/inicio\/militares-mostram-preocupacao-de-que-discurso-de-lula-incite-violencia\/","title":{"rendered":"Militares mostram preocupa\u00e7\u00e3o de que discurso de Lula incite viol\u00eancia"},"content":{"rendered":"<p style=\"text-align: justify;\">O presidente Jair Bolsonaro reuniu na manh\u00e3 deste s\u00e1bado, 9, o comando militar para avaliar o cen\u00e1rio ap\u00f3s o ex-presidente Luiz In\u00e1cio Lula da Silva ter deixado a pris\u00e3o. Entre os militares, a avalia\u00e7\u00e3o \u00e9 que n\u00e3o h\u00e1 sinais de movimentos at\u00edpicos, mas h\u00e1 a preocupa\u00e7\u00e3o de que o discurso de Lula possa incitar a viol\u00eancia, segundo apurou o Estado.<\/p>\n<p style=\"text-align: justify;\">A mesma opini\u00e3o foi emitida por um dos participantes da reuni\u00e3o, o ministro do Gabinete de Seguran\u00e7a Institucional (GSI), general Augusto Heleno, em sua conta no Twitter. \u201cLula, em seu discurso, mostra quem \u00e9 e o que deseja para o pa\u00eds. Incita a viol\u00eancia (cita povo do Chile como exemplo), agride v\u00e1rias institui\u00e7\u00f5es, ofende o Pres Rep (presidente da rep\u00fablica) e mostra seu total desconhecimento sobre carreira militar\u201d, tuitou.<\/p>\n<p style=\"text-align: justify;\">A repercuss\u00e3o do discurso de Lula em outros pa\u00edses tamb\u00e9m est\u00e1 sendo monitorada, em especial na Am\u00e9rica Latina, onde h\u00e1 manifesta\u00e7\u00f5es em pa\u00edses como Chile e Bol\u00edvia. Preocupa o acirramento de \u00e2nimos na Bol\u00edvia, onde h\u00e1 setores das for\u00e7as armadas retirando o apoio ao presidente Evo Morales e evitando conter protestos contr\u00e1rios ao governo.<\/p>\n<p style=\"text-align: justify;\">Al\u00e9m de Heleno, participaram da reuni\u00e3o deste s\u00e1bado o ministro da Defesa, Fernando Azevedo, o ministro da Secretaria de Governo, Luiz Eduardo Ramos, e os comandantes da Marinha, Ex\u00e9rcito e Aeron\u00e1utica. O encontro durou pouco mais de meia-hora.<\/p>\n<p style=\"text-align: justify;\">Como mostrou o Estado nesta sexta, 8, a ideia inicial no Planalto era que se evitasse comentar a decis\u00e3o do STF, para que isso n\u00e3o fosse interpretado como interfer\u00eancia de um poder em outro. Neste s\u00e1bado, por\u00e9m, depois de Lula citar Bolsonaro em seus discursos, o presidente subiu o tom e chegou a chamar o ex-presidente de \u201ccanalha\u201d em sua conta do Twitter.<\/p>\n<p style=\"text-align: justify;\">A liberdade de Lula deixar\u00e1 mais acirrada a polariza\u00e7\u00e3o entre esquerda e direita, diminuindo o espa\u00e7o para os candidatos considerados de centro ou moderados. No Planalto, auxiliares do presidente dizem que esse confronto alimentar\u00e1 o clima beligerante. H\u00e1 preocupa\u00e7\u00e3o com poss\u00edveis manifesta\u00e7\u00f5es e radicalismo que possam ocorrer em manifesta\u00e7\u00f5es, embora at\u00e9 agora n\u00e3o haja sinais claros de que isso acontecer\u00e1.<\/p>\n<div class='share-to-whatsapp-wrapper'><div class='share-on-whsp'>Share on: <\/div><a data-text='Militares mostram preocupa\u00e7\u00e3o de que discurso de Lula incite viol\u00eancia' data-link='https:\/\/newsinfoco.com.br\/inicio\/militares-mostram-preocupacao-de-que-discurso-de-lula-incite-violencia\/' class='whatsapp-button whatsapp-share'>WhatsApp<\/a><div class='clear '><\/div><\/div>","protected":false},"excerpt":{"rendered":"<p>O presidente Jair Bolsonaro reuniu na manh\u00e3 deste s\u00e1bado, 9, o comando militar para avaliar o cen\u00e1rio ap\u00f3s o ex-presidente Luiz In\u00e1cio Lula da Silva ter deixado a pris\u00e3o. Entre os militares, a avalia\u00e7\u00e3o \u00e9 que n\u00e3o h\u00e1 sinais de movimentos at\u00edpicos, mas h\u00e1 a preocupa\u00e7\u00e3o de que o discurso de Lula possa incitar a [&hellip;]<\/p>\n","protected":false},"author":1,"featured_media":18576,"comment_status":"open","ping_status":"open","sticky":false,"template":"","format":"standard","meta":{"om_disable_all_campaigns":false,"rop_custom_images_group":[],"rop_custom_messages_group":[],"rop_publish_now":"initial","rop_publish_now_accounts":[],"rop_publish_now_history":[],"rop_publish_now_status":"pending","_exactmetrics_skip_tracking":false,"footnotes":""},"categories":[21,30],"tags":[],"class_list":["post-18575","post","type-post","status-publish","format-standard","has-post-thumbnail","hentry","category-brasil","category-destaque"],"aioseo_notices":[],"aioseo_head":"\n\t\t<!-- All in One SEO 4.9.10 - aioseo.com -->\n\t<meta name=\"description\" content=\"O presidente Jair Bolsonaro reuniu na manh\u00e3 deste s\u00e1bado, 9, o comando militar para avaliar o cen\u00e1rio ap\u00f3s o ex-presidente Luiz In\u00e1cio Lula da Silva ter deixado a pris\u00e3o. Entre os militares, a avalia\u00e7\u00e3o \u00e9 que n\u00e3o h\u00e1 sinais de movimentos at\u00edpicos, mas h\u00e1 a preocupa\u00e7\u00e3o de que o discurso de Lula possa incitar a\" \/>\n\t<meta name=\"robots\" content=\"max-image-preview:large\" \/>\n\t<meta name=\"author\" content=\"administrador\"\/>\n\t<link rel=\"canonical\" href=\"https:\/\/newsinfoco.com.br\/inicio\/militares-mostram-preocupacao-de-que-discurso-de-lula-incite-violencia\/\" \/>\n\t<meta name=\"generator\" content=\"All in One SEO (AIOSEO) 4.9.10\" \/>\n\t\t<meta property=\"og:locale\" content=\"pt_BR\" \/>\n\t\t<meta property=\"og:site_name\" content=\"News In Foco - Editado por Caio Pimenta - O principal site de noticias de Alagoinhas e regi\u00e3o\" \/>\n\t\t<meta property=\"og:type\" content=\"article\" \/>\n\t\t<meta property=\"og:title\" content=\"Militares mostram preocupa\u00e7\u00e3o de que discurso de Lula incite viol\u00eancia - News In Foco - Editado por Caio Pimenta\" \/>\n\t\t<meta property=\"og:description\" content=\"O presidente Jair Bolsonaro reuniu na manh\u00e3 deste s\u00e1bado, 9, o comando militar para avaliar o cen\u00e1rio ap\u00f3s o ex-presidente Luiz In\u00e1cio Lula da Silva ter deixado a pris\u00e3o. Entre os militares, a avalia\u00e7\u00e3o \u00e9 que n\u00e3o h\u00e1 sinais de movimentos at\u00edpicos, mas h\u00e1 a preocupa\u00e7\u00e3o de que o discurso de Lula possa incitar a\" \/>\n\t\t<meta property=\"og:url\" content=\"https:\/\/newsinfoco.com.br\/inicio\/militares-mostram-preocupacao-de-que-discurso-de-lula-incite-violencia\/\" \/>\n\t\t<meta property=\"article:published_time\" content=\"2019-11-09T22:54:40+00:00\" \/>\n\t\t<meta property=\"article:modified_time\" content=\"2019-11-09T22:54:40+00:00\" \/>\n\t\t<meta name=\"twitter:card\" content=\"summary_large_image\" \/>\n\t\t<meta name=\"twitter:title\" content=\"Militares mostram preocupa\u00e7\u00e3o de que discurso de Lula incite viol\u00eancia - News In Foco - Editado por Caio Pimenta\" \/>\n\t\t<meta name=\"twitter:description\" content=\"O presidente Jair Bolsonaro reuniu na manh\u00e3 deste s\u00e1bado, 9, o comando militar para avaliar o cen\u00e1rio ap\u00f3s o ex-presidente Luiz In\u00e1cio Lula da Silva ter deixado a pris\u00e3o. Entre os militares, a avalia\u00e7\u00e3o \u00e9 que n\u00e3o h\u00e1 sinais de movimentos at\u00edpicos, mas h\u00e1 a preocupa\u00e7\u00e3o de que o discurso de Lula possa incitar a\" \/>\n\t\t<script type=\"application\/ld+json\" class=\"aioseo-schema\">\n\t\t\t{\"@context\":\"https:\\\/\\\/schema.org\",\"@graph\":[{\"@type\":\"BlogPosting\",\"@id\":\"https:\\\/\\\/newsinfoco.com.br\\\/inicio\\\/militares-mostram-preocupacao-de-que-discurso-de-lula-incite-violencia\\\/#blogposting\",\"name\":\"Militares mostram preocupa\\u00e7\\u00e3o de que discurso de Lula incite viol\\u00eancia - News In Foco - Editado por Caio Pimenta\",\"headline\":\"Militares mostram preocupa\\u00e7\\u00e3o de que discurso de Lula incite viol\\u00eancia\",\"author\":{\"@id\":\"https:\\\/\\\/newsinfoco.com.br\\\/inicio\\\/author\\\/administrador\\\/#author\"},\"publisher\":{\"@id\":\"https:\\\/\\\/newsinfoco.com.br\\\/inicio\\\/#organization\"},\"image\":{\"@type\":\"ImageObject\",\"url\":\"https:\\\/\\\/newsinfoco.com.br\\\/inicio\\\/wp-content\\\/uploads\\\/2019\\\/11\\\/brasil-augusto-heleno-20181027-014.jpg\",\"width\":1500,\"height\":1000,\"caption\":\"S\\u00c3O PAULO, SP - 27.09.2018: CANDIDATOS DEBATEM QUEST\\u00d5ES DE SEGURAN\\u00c7A - O general Augusto Heleno, coordenador do programa de seguran\\u00e7a p\\u00fablica da campanha do candidato Jair Bolsonaro (PSL) participou, na manh\\u00e3 desta quinta-feira (27), de debate sobre o combate aos mercados il\\u00edcitos e programas de defesa na sede da FIESP em S\\u00e3o Paulo. (Foto: Bruno Rocha \\\/Fotoarena\\\/Folhapress) ORG XMIT: 1612232\"},\"datePublished\":\"2019-11-09T20:54:40-03:00\",\"dateModified\":\"2019-11-09T20:54:40-03:00\",\"inLanguage\":\"pt-BR\",\"mainEntityOfPage\":{\"@id\":\"https:\\\/\\\/newsinfoco.com.br\\\/inicio\\\/militares-mostram-preocupacao-de-que-discurso-de-lula-incite-violencia\\\/#webpage\"},\"isPartOf\":{\"@id\":\"https:\\\/\\\/newsinfoco.com.br\\\/inicio\\\/militares-mostram-preocupacao-de-que-discurso-de-lula-incite-violencia\\\/#webpage\"},\"articleSection\":\"Brasil, Destaque\"},{\"@type\":\"BreadcrumbList\",\"@id\":\"https:\\\/\\\/newsinfoco.com.br\\\/inicio\\\/militares-mostram-preocupacao-de-que-discurso-de-lula-incite-violencia\\\/#breadcrumblist\",\"itemListElement\":[{\"@type\":\"ListItem\",\"@id\":\"https:\\\/\\\/newsinfoco.com.br\\\/inicio#listItem\",\"position\":1,\"name\":\"In\\u00edcio\",\"item\":\"https:\\\/\\\/newsinfoco.com.br\\\/inicio\",\"nextItem\":{\"@type\":\"ListItem\",\"@id\":\"https:\\\/\\\/newsinfoco.com.br\\\/inicio\\\/category\\\/brasil\\\/#listItem\",\"name\":\"Brasil\"}},{\"@type\":\"ListItem\",\"@id\":\"https:\\\/\\\/newsinfoco.com.br\\\/inicio\\\/category\\\/brasil\\\/#listItem\",\"position\":2,\"name\":\"Brasil\",\"item\":\"https:\\\/\\\/newsinfoco.com.br\\\/inicio\\\/category\\\/brasil\\\/\",\"nextItem\":{\"@type\":\"ListItem\",\"@id\":\"https:\\\/\\\/newsinfoco.com.br\\\/inicio\\\/militares-mostram-preocupacao-de-que-discurso-de-lula-incite-violencia\\\/#listItem\",\"name\":\"Militares mostram preocupa\\u00e7\\u00e3o de que discurso de Lula incite viol\\u00eancia\"},\"previousItem\":{\"@type\":\"ListItem\",\"@id\":\"https:\\\/\\\/newsinfoco.com.br\\\/inicio#listItem\",\"name\":\"In\\u00edcio\"}},{\"@type\":\"ListItem\",\"@id\":\"https:\\\/\\\/newsinfoco.com.br\\\/inicio\\\/militares-mostram-preocupacao-de-que-discurso-de-lula-incite-violencia\\\/#listItem\",\"position\":3,\"name\":\"Militares mostram preocupa\\u00e7\\u00e3o de que discurso de Lula incite viol\\u00eancia\",\"previousItem\":{\"@type\":\"ListItem\",\"@id\":\"https:\\\/\\\/newsinfoco.com.br\\\/inicio\\\/category\\\/brasil\\\/#listItem\",\"name\":\"Brasil\"}}]},{\"@type\":\"Organization\",\"@id\":\"https:\\\/\\\/newsinfoco.com.br\\\/inicio\\\/#organization\",\"name\":\"News In Foco - Editado por Caio Pimenta\",\"description\":\"O principal site de noticias de Alagoinhas e regi\\u00e3o\",\"url\":\"https:\\\/\\\/newsinfoco.com.br\\\/inicio\\\/\"},{\"@type\":\"Person\",\"@id\":\"https:\\\/\\\/newsinfoco.com.br\\\/inicio\\\/author\\\/administrador\\\/#author\",\"url\":\"https:\\\/\\\/newsinfoco.com.br\\\/inicio\\\/author\\\/administrador\\\/\",\"name\":\"administrador\",\"image\":{\"@type\":\"ImageObject\",\"@id\":\"https:\\\/\\\/newsinfoco.com.br\\\/inicio\\\/militares-mostram-preocupacao-de-que-discurso-de-lula-incite-violencia\\\/#authorImage\",\"url\":\"https:\\\/\\\/secure.gravatar.com\\\/avatar\\\/c17a617433de8c1dc9584bb79aab7563b46f5bb7e1728c9b17d9cc3ce6a08e49?s=96&d=mm&r=g\",\"width\":96,\"height\":96,\"caption\":\"administrador\"}},{\"@type\":\"WebPage\",\"@id\":\"https:\\\/\\\/newsinfoco.com.br\\\/inicio\\\/militares-mostram-preocupacao-de-que-discurso-de-lula-incite-violencia\\\/#webpage\",\"url\":\"https:\\\/\\\/newsinfoco.com.br\\\/inicio\\\/militares-mostram-preocupacao-de-que-discurso-de-lula-incite-violencia\\\/\",\"name\":\"Militares mostram preocupa\\u00e7\\u00e3o de que discurso de Lula incite viol\\u00eancia - News In Foco - Editado por Caio Pimenta\",\"description\":\"O presidente Jair Bolsonaro reuniu na manh\\u00e3 deste s\\u00e1bado, 9, o comando militar para avaliar o cen\\u00e1rio ap\\u00f3s o ex-presidente Luiz In\\u00e1cio Lula da Silva ter deixado a pris\\u00e3o. Entre os militares, a avalia\\u00e7\\u00e3o \\u00e9 que n\\u00e3o h\\u00e1 sinais de movimentos at\\u00edpicos, mas h\\u00e1 a preocupa\\u00e7\\u00e3o de que o discurso de Lula possa incitar a\",\"inLanguage\":\"pt-BR\",\"isPartOf\":{\"@id\":\"https:\\\/\\\/newsinfoco.com.br\\\/inicio\\\/#website\"},\"breadcrumb\":{\"@id\":\"https:\\\/\\\/newsinfoco.com.br\\\/inicio\\\/militares-mostram-preocupacao-de-que-discurso-de-lula-incite-violencia\\\/#breadcrumblist\"},\"author\":{\"@id\":\"https:\\\/\\\/newsinfoco.com.br\\\/inicio\\\/author\\\/administrador\\\/#author\"},\"creator\":{\"@id\":\"https:\\\/\\\/newsinfoco.com.br\\\/inicio\\\/author\\\/administrador\\\/#author\"},\"image\":{\"@type\":\"ImageObject\",\"url\":\"https:\\\/\\\/newsinfoco.com.br\\\/inicio\\\/wp-content\\\/uploads\\\/2019\\\/11\\\/brasil-augusto-heleno-20181027-014.jpg\",\"@id\":\"https:\\\/\\\/newsinfoco.com.br\\\/inicio\\\/militares-mostram-preocupacao-de-que-discurso-de-lula-incite-violencia\\\/#mainImage\",\"width\":1500,\"height\":1000,\"caption\":\"S\\u00c3O PAULO, SP - 27.09.2018: CANDIDATOS DEBATEM QUEST\\u00d5ES DE SEGURAN\\u00c7A - O general Augusto Heleno, coordenador do programa de seguran\\u00e7a p\\u00fablica da campanha do candidato Jair Bolsonaro (PSL) participou, na manh\\u00e3 desta quinta-feira (27), de debate sobre o combate aos mercados il\\u00edcitos e programas de defesa na sede da FIESP em S\\u00e3o Paulo. (Foto: Bruno Rocha \\\/Fotoarena\\\/Folhapress) ORG XMIT: 1612232\"},\"primaryImageOfPage\":{\"@id\":\"https:\\\/\\\/newsinfoco.com.br\\\/inicio\\\/militares-mostram-preocupacao-de-que-discurso-de-lula-incite-violencia\\\/#mainImage\"},\"datePublished\":\"2019-11-09T20:54:40-03:00\",\"dateModified\":\"2019-11-09T20:54:40-03:00\"},{\"@type\":\"WebSite\",\"@id\":\"https:\\\/\\\/newsinfoco.com.br\\\/inicio\\\/#website\",\"url\":\"https:\\\/\\\/newsinfoco.com.br\\\/inicio\\\/\",\"name\":\"News In Foco - Editado por Caio Pimenta\",\"description\":\"O principal site de noticias de Alagoinhas e regi\\u00e3o\",\"inLanguage\":\"pt-BR\",\"publisher\":{\"@id\":\"https:\\\/\\\/newsinfoco.com.br\\\/inicio\\\/#organization\"}}]}\n\t\t<\/script>\n\t\t<!-- All in One SEO -->\n\n","aioseo_head_json":{"title":"Militares mostram preocupa\u00e7\u00e3o de que discurso de Lula incite viol\u00eancia - News In Foco - Editado por Caio Pimenta","description":"O presidente Jair Bolsonaro reuniu na manh\u00e3 deste s\u00e1bado, 9, o comando militar para avaliar o cen\u00e1rio ap\u00f3s o ex-presidente Luiz In\u00e1cio Lula da Silva ter deixado a pris\u00e3o. Entre os militares, a avalia\u00e7\u00e3o \u00e9 que n\u00e3o h\u00e1 sinais de movimentos at\u00edpicos, mas h\u00e1 a preocupa\u00e7\u00e3o de que o discurso de Lula possa incitar a","canonical_url":"https:\/\/newsinfoco.com.br\/inicio\/militares-mostram-preocupacao-de-que-discurso-de-lula-incite-violencia\/","robots":"max-image-preview:large","keywords":"","webmasterTools":{"miscellaneous":""},"schema":{"@context":"https:\/\/schema.org","@graph":[{"@type":"BlogPosting","@id":"https:\/\/newsinfoco.com.br\/inicio\/militares-mostram-preocupacao-de-que-discurso-de-lula-incite-violencia\/#blogposting","name":"Militares mostram preocupa\u00e7\u00e3o de que discurso de Lula incite viol\u00eancia - News In Foco - Editado por Caio Pimenta","headline":"Militares mostram preocupa\u00e7\u00e3o de que discurso de Lula incite viol\u00eancia","author":{"@id":"https:\/\/newsinfoco.com.br\/inicio\/author\/administrador\/#author"},"publisher":{"@id":"https:\/\/newsinfoco.com.br\/inicio\/#organization"},"image":{"@type":"ImageObject","url":"https:\/\/newsinfoco.com.br\/inicio\/wp-content\/uploads\/2019\/11\/brasil-augusto-heleno-20181027-014.jpg","width":1500,"height":1000,"caption":"S\u00c3O PAULO, SP - 27.09.2018: CANDIDATOS DEBATEM QUEST\u00d5ES DE SEGURAN\u00c7A - O general Augusto Heleno, coordenador do programa de seguran\u00e7a p\u00fablica da campanha do candidato Jair Bolsonaro (PSL) participou, na manh\u00e3 desta quinta-feira (27), de debate sobre o combate aos mercados il\u00edcitos e programas de defesa na sede da FIESP em S\u00e3o Paulo. (Foto: Bruno Rocha \/Fotoarena\/Folhapress) ORG XMIT: 1612232"},"datePublished":"2019-11-09T20:54:40-03:00","dateModified":"2019-11-09T20:54:40-03:00","inLanguage":"pt-BR","mainEntityOfPage":{"@id":"https:\/\/newsinfoco.com.br\/inicio\/militares-mostram-preocupacao-de-que-discurso-de-lula-incite-violencia\/#webpage"},"isPartOf":{"@id":"https:\/\/newsinfoco.com.br\/inicio\/militares-mostram-preocupacao-de-que-discurso-de-lula-incite-violencia\/#webpage"},"articleSection":"Brasil, Destaque"},{"@type":"BreadcrumbList","@id":"https:\/\/newsinfoco.com.br\/inicio\/militares-mostram-preocupacao-de-que-discurso-de-lula-incite-violencia\/#breadcrumblist","itemListElement":[{"@type":"ListItem","@id":"https:\/\/newsinfoco.com.br\/inicio#listItem","position":1,"name":"In\u00edcio","item":"https:\/\/newsinfoco.com.br\/inicio","nextItem":{"@type":"ListItem","@id":"https:\/\/newsinfoco.com.br\/inicio\/category\/brasil\/#listItem","name":"Brasil"}},{"@type":"ListItem","@id":"https:\/\/newsinfoco.com.br\/inicio\/category\/brasil\/#listItem","position":2,"name":"Brasil","item":"https:\/\/newsinfoco.com.br\/inicio\/category\/brasil\/","nextItem":{"@type":"ListItem","@id":"https:\/\/newsinfoco.com.br\/inicio\/militares-mostram-preocupacao-de-que-discurso-de-lula-incite-violencia\/#listItem","name":"Militares mostram preocupa\u00e7\u00e3o de que discurso de Lula incite viol\u00eancia"},"previousItem":{"@type":"ListItem","@id":"https:\/\/newsinfoco.com.br\/inicio#listItem","name":"In\u00edcio"}},{"@type":"ListItem","@id":"https:\/\/newsinfoco.com.br\/inicio\/militares-mostram-preocupacao-de-que-discurso-de-lula-incite-violencia\/#listItem","position":3,"name":"Militares mostram preocupa\u00e7\u00e3o de que discurso de Lula incite viol\u00eancia","previousItem":{"@type":"ListItem","@id":"https:\/\/newsinfoco.com.br\/inicio\/category\/brasil\/#listItem","name":"Brasil"}}]},{"@type":"Organization","@id":"https:\/\/newsinfoco.com.br\/inicio\/#organization","name":"News In Foco - Editado por Caio Pimenta","description":"O principal site de noticias de Alagoinhas e regi\u00e3o","url":"https:\/\/newsinfoco.com.br\/inicio\/"},{"@type":"Person","@id":"https:\/\/newsinfoco.com.br\/inicio\/author\/administrador\/#author","url":"https:\/\/newsinfoco.com.br\/inicio\/author\/administrador\/","name":"administrador","image":{"@type":"ImageObject","@id":"https:\/\/newsinfoco.com.br\/inicio\/militares-mostram-preocupacao-de-que-discurso-de-lula-incite-violencia\/#authorImage","url":"https:\/\/secure.gravatar.com\/avatar\/c17a617433de8c1dc9584bb79aab7563b46f5bb7e1728c9b17d9cc3ce6a08e49?s=96&d=mm&r=g","width":96,"height":96,"caption":"administrador"}},{"@type":"WebPage","@id":"https:\/\/newsinfoco.com.br\/inicio\/militares-mostram-preocupacao-de-que-discurso-de-lula-incite-violencia\/#webpage","url":"https:\/\/newsinfoco.com.br\/inicio\/militares-mostram-preocupacao-de-que-discurso-de-lula-incite-violencia\/","name":"Militares mostram preocupa\u00e7\u00e3o de que discurso de Lula incite viol\u00eancia - News In Foco - Editado por Caio Pimenta","description":"O presidente Jair Bolsonaro reuniu na manh\u00e3 deste s\u00e1bado, 9, o comando militar para avaliar o cen\u00e1rio ap\u00f3s o ex-presidente Luiz In\u00e1cio Lula da Silva ter deixado a pris\u00e3o. Entre os militares, a avalia\u00e7\u00e3o \u00e9 que n\u00e3o h\u00e1 sinais de movimentos at\u00edpicos, mas h\u00e1 a preocupa\u00e7\u00e3o de que o discurso de Lula possa incitar a","inLanguage":"pt-BR","isPartOf":{"@id":"https:\/\/newsinfoco.com.br\/inicio\/#website"},"breadcrumb":{"@id":"https:\/\/newsinfoco.com.br\/inicio\/militares-mostram-preocupacao-de-que-discurso-de-lula-incite-violencia\/#breadcrumblist"},"author":{"@id":"https:\/\/newsinfoco.com.br\/inicio\/author\/administrador\/#author"},"creator":{"@id":"https:\/\/newsinfoco.com.br\/inicio\/author\/administrador\/#author"},"image":{"@type":"ImageObject","url":"https:\/\/newsinfoco.com.br\/inicio\/wp-content\/uploads\/2019\/11\/brasil-augusto-heleno-20181027-014.jpg","@id":"https:\/\/newsinfoco.com.br\/inicio\/militares-mostram-preocupacao-de-que-discurso-de-lula-incite-violencia\/#mainImage","width":1500,"height":1000,"caption":"S\u00c3O PAULO, SP - 27.09.2018: CANDIDATOS DEBATEM QUEST\u00d5ES DE SEGURAN\u00c7A - O general Augusto Heleno, coordenador do programa de seguran\u00e7a p\u00fablica da campanha do candidato Jair Bolsonaro (PSL) participou, na manh\u00e3 desta quinta-feira (27), de debate sobre o combate aos mercados il\u00edcitos e programas de defesa na sede da FIESP em S\u00e3o Paulo. (Foto: Bruno Rocha \/Fotoarena\/Folhapress) ORG XMIT: 1612232"},"primaryImageOfPage":{"@id":"https:\/\/newsinfoco.com.br\/inicio\/militares-mostram-preocupacao-de-que-discurso-de-lula-incite-violencia\/#mainImage"},"datePublished":"2019-11-09T20:54:40-03:00","dateModified":"2019-11-09T20:54:40-03:00"},{"@type":"WebSite","@id":"https:\/\/newsinfoco.com.br\/inicio\/#website","url":"https:\/\/newsinfoco.com.br\/inicio\/","name":"News In Foco - Editado por Caio Pimenta","description":"O principal site de noticias de Alagoinhas e regi\u00e3o","inLanguage":"pt-BR","publisher":{"@id":"https:\/\/newsinfoco.com.br\/inicio\/#organization"}}]},"og:locale":"pt_BR","og:site_name":"News In Foco - Editado por Caio Pimenta - O principal site de noticias de Alagoinhas e regi\u00e3o","og:type":"article","og:title":"Militares mostram preocupa\u00e7\u00e3o de que discurso de Lula incite viol\u00eancia - News In Foco - Editado por Caio Pimenta","og:description":"O presidente Jair Bolsonaro reuniu na manh\u00e3 deste s\u00e1bado, 9, o comando militar para avaliar o cen\u00e1rio ap\u00f3s o ex-presidente Luiz In\u00e1cio Lula da Silva ter deixado a pris\u00e3o. Entre os militares, a avalia\u00e7\u00e3o \u00e9 que n\u00e3o h\u00e1 sinais de movimentos at\u00edpicos, mas h\u00e1 a preocupa\u00e7\u00e3o de que o discurso de Lula possa incitar a","og:url":"https:\/\/newsinfoco.com.br\/inicio\/militares-mostram-preocupacao-de-que-discurso-de-lula-incite-violencia\/","article:published_time":"2019-11-09T22:54:40+00:00","article:modified_time":"2019-11-09T22:54:40+00:00","twitter:card":"summary_large_image","twitter:title":"Militares mostram preocupa\u00e7\u00e3o de que discurso de Lula incite viol\u00eancia - News In Foco - Editado por Caio Pimenta","twitter:description":"O presidente Jair Bolsonaro reuniu na manh\u00e3 deste s\u00e1bado, 9, o comando militar para avaliar o cen\u00e1rio ap\u00f3s o ex-presidente Luiz In\u00e1cio Lula da Silva ter deixado a pris\u00e3o. Entre os militares, a avalia\u00e7\u00e3o \u00e9 que n\u00e3o h\u00e1 sinais de movimentos at\u00edpicos, mas h\u00e1 a preocupa\u00e7\u00e3o de que o discurso de Lula possa incitar a"},"aioseo_meta_data":{"post_id":"18575","title":null,"description":null,"keywords":null,"keyphrases":null,"primary_term":null,"canonical_url":null,"og_title":null,"og_description":null,"og_object_type":"default","og_image_type":"default","og_image_url":null,"og_image_width":null,"og_image_height":null,"og_image_custom_url":null,"og_image_custom_fields":null,"og_video":null,"og_custom_url":null,"og_article_section":null,"og_article_tags":null,"twitter_use_og":false,"twitter_card":"default","twitter_image_type":"default","twitter_image_url":null,"twitter_image_custom_url":null,"twitter_image_custom_fields":null,"twitter_title":null,"twitter_description":null,"schema":{"blockGraphs":[],"customGraphs":[],"default":{"data":{"Article":[],"Course":[],"Dataset":[],"FAQPage":[],"Movie":[],"Person":[],"Product":[],"ProductReview":[],"Car":[],"Recipe":[],"Service":[],"SoftwareApplication":[],"WebPage":[]},"graphName":"","isEnabled":true},"graphs":[]},"schema_type":"default","schema_type_options":null,"pillar_content":false,"robots_default":true,"robots_noindex":false,"robots_noarchive":false,"robots_nosnippet":false,"robots_nofollow":false,"robots_noimageindex":false,"robots_noodp":false,"robots_notranslate":false,"robots_max_snippet":null,"robots_max_videopreview":null,"robots_max_imagepreview":"large","priority":null,"frequency":null,"local_seo":null,"breadcrumb_settings":null,"limit_modified_date":false,"ai":null,"created":"2023-06-12 15:12:12","updated":"2025-07-11 01:49:51","seo_analyzer_scan_date":null},"aioseo_breadcrumb":"<div class=\"aioseo-breadcrumbs\"><span class=\"aioseo-breadcrumb\">\n\t\t\t<a href=\"https:\/\/newsinfoco.com.br\/inicio\" title=\"In\u00edcio\">In\u00edcio<\/a>\n\t\t<\/span><span class=\"aioseo-breadcrumb-separator\">&raquo;<\/span><span class=\"aioseo-breadcrumb\">\n\t\t\t<a href=\"https:\/\/newsinfoco.com.br\/inicio\/category\/brasil\/\" title=\"Brasil\">Brasil<\/a>\n\t\t<\/span><span class=\"aioseo-breadcrumb-separator\">&raquo;<\/span><span class=\"aioseo-breadcrumb\">\n\t\t\tMilitares mostram preocupa\u00e7\u00e3o de que discurso de Lula incite viol\u00eancia\n\t\t<\/span><\/div>","aioseo_breadcrumb_json":[{"label":"In\u00edcio","link":"https:\/\/newsinfoco.com.br\/inicio"},{"label":"Brasil","link":"https:\/\/newsinfoco.com.br\/inicio\/category\/brasil\/"},{"label":"Militares mostram preocupa\u00e7\u00e3o de que discurso de Lula incite viol\u00eancia","link":"https:\/\/newsinfoco.com.br\/inicio\/militares-mostram-preocupacao-de-que-discurso-de-lula-incite-violencia\/"}],"_links":{"self":[{"href":"https:\/\/newsinfoco.com.br\/inicio\/wp-json\/wp\/v2\/posts\/18575","targetHints":{"allow":["GET"]}}],"collection":[{"href":"https:\/\/newsinfoco.com.br\/inicio\/wp-json\/wp\/v2\/posts"}],"about":[{"href":"https:\/\/newsinfoco.com.br\/inicio\/wp-json\/wp\/v2\/types\/post"}],"author":[{"embeddable":true,"href":"https:\/\/newsinfoco.com.br\/inicio\/wp-json\/wp\/v2\/users\/1"}],"replies":[{"embeddable":true,"href":"https:\/\/newsinfoco.com.br\/inicio\/wp-json\/wp\/v2\/comments?post=18575"}],"version-history":[{"count":0,"href":"https:\/\/newsinfoco.com.br\/inicio\/wp-json\/wp\/v2\/posts\/18575\/revisions"}],"wp:featuredmedia":[{"embeddable":true,"href":"https:\/\/newsinfoco.com.br\/inicio\/wp-json\/wp\/v2\/media\/18576"}],"wp:attachment":[{"href":"https:\/\/newsinfoco.com.br\/inicio\/wp-json\/wp\/v2\/media?parent=18575"}],"wp:term":[{"taxonomy":"category","embeddable":true,"href":"https:\/\/newsinfoco.com.br\/inicio\/wp-json\/wp\/v2\/categories?post=18575"},{"taxonomy":"post_tag","embeddable":true,"href":"https:\/\/newsinfoco.com.br\/inicio\/wp-json\/wp\/v2\/tags?post=18575"}],"curies":[{"name":"wp","href":"https:\/\/api.w.org\/{rel}","templated":true}]}}