{"id":18578,"date":"2019-11-09T20:57:34","date_gmt":"2019-11-09T22:57:34","guid":{"rendered":"http:\/\/newsinfoco.com.br\/?p=18578"},"modified":"2019-11-09T20:57:34","modified_gmt":"2019-11-09T22:57:34","slug":"isidorio-lanca-pre-candidatura-a-prefeito-e-e-enaltecido-por-bacelar-salvador-sera-uma-cidade-de-todos-bahia","status":"publish","type":"post","link":"https:\/\/newsinfoco.com.br\/inicio\/isidorio-lanca-pre-candidatura-a-prefeito-e-e-enaltecido-por-bacelar-salvador-sera-uma-cidade-de-todos-bahia\/","title":{"rendered":"Isid\u00f3rio lan\u00e7a pr\u00e9-candidatura a prefeito e \u00e9 enaltecido por Bacelar: \u201cSalvador ser\u00e1 uma cidade de todos\u201d BAHIA"},"content":{"rendered":"<p>Com presen\u00e7a de v\u00e1rios pol\u00edticos, incluindo o vice-governador Jo\u00e3o Le\u00e3o (PP), o deputado federal Pastor Sargento Isid\u00f3rio (Avante) oficializou na manh\u00e3 deste s\u00e1bado (09) sua pr\u00e9-candidatura \u00e0 prefeitura de Salvador, em evento nacional do partido. Em seu discurso, o deputado federal Bacelar (Podemos), tamb\u00e9m pr\u00e9-candidato e especulado para compor a chapa com Isid\u00f3rio, elogiou o colega e afirmou que Salvador precisa deixar de ser uma cidade excludente.<\/p>\n<p>\u201cSalvador vai se tornar uma cidade de todos. E n\u00e3o uma cidade dessa minoria que h\u00e1 s\u00e9culos s\u00f3 faz se aproveitar da cidade. \u00c0 frente, Isid\u00f3rio\u201d, bradou o parlamentar.<\/p>\n<p>Tamb\u00e9m presente, o vice-governador Jo\u00e3o Le\u00e3o (PP) afirmou que o governador Rui Costa (PT) n\u00e3o compareceu porque est\u00e1 com gripe. Sobre Isid\u00f3rio, o pepista disse que ele cuidar\u00e1 dos pobres. \u201cACM Neto cuidou dos ricos. Isid\u00f3rio vai cuidar dos pobres\u201d, discursou. O evento tamb\u00e9m contou com a presen\u00e7a da deputada federal Joice Hasselmann (PSL).<\/p>\n<p>&nbsp;<\/p>\n<div class='share-to-whatsapp-wrapper'><div class='share-on-whsp'>Share on: <\/div><a data-text='Isid\u00f3rio lan\u00e7a pr\u00e9-candidatura a prefeito e \u00e9 enaltecido por Bacelar: \u201cSalvador ser\u00e1 uma cidade de todos\u201d BAHIA' data-link='https:\/\/newsinfoco.com.br\/inicio\/isidorio-lanca-pre-candidatura-a-prefeito-e-e-enaltecido-por-bacelar-salvador-sera-uma-cidade-de-todos-bahia\/' class='whatsapp-button whatsapp-share'>WhatsApp<\/a><div class='clear '><\/div><\/div>","protected":false},"excerpt":{"rendered":"<p>Com presen\u00e7a de v\u00e1rios pol\u00edticos, incluindo o vice-governador Jo\u00e3o Le\u00e3o (PP), o deputado federal Pastor Sargento Isid\u00f3rio (Avante) oficializou na manh\u00e3 deste s\u00e1bado (09) sua pr\u00e9-candidatura \u00e0 prefeitura de Salvador, em evento nacional do partido. Em seu discurso, o deputado federal Bacelar (Podemos), tamb\u00e9m pr\u00e9-candidato e especulado para compor a chapa com Isid\u00f3rio, elogiou o [&hellip;]<\/p>\n","protected":false},"author":1,"featured_media":18579,"comment_status":"open","ping_status":"open","sticky":false,"template":"","format":"standard","meta":{"om_disable_all_campaigns":false,"rop_custom_images_group":[],"rop_custom_messages_group":[],"rop_publish_now":"initial","rop_publish_now_accounts":[],"rop_publish_now_history":[],"rop_publish_now_status":"pending","_exactmetrics_skip_tracking":false,"footnotes":""},"categories":[19,30],"tags":[],"class_list":["post-18578","post","type-post","status-publish","format-standard","has-post-thumbnail","hentry","category-bahia","category-destaque"],"aioseo_notices":[],"aioseo_head":"\n\t\t<!-- All in One SEO 4.9.10 - aioseo.com -->\n\t<meta name=\"description\" content=\"Com presen\u00e7a de v\u00e1rios pol\u00edticos, incluindo o vice-governador Jo\u00e3o Le\u00e3o (PP), o deputado federal Pastor Sargento Isid\u00f3rio (Avante) oficializou na manh\u00e3 deste s\u00e1bado (09) sua pr\u00e9-candidatura \u00e0 prefeitura de Salvador, em evento nacional do partido. Em seu discurso, o deputado federal Bacelar (Podemos), tamb\u00e9m pr\u00e9-candidato e especulado para compor a chapa com Isid\u00f3rio, elogiou o\" \/>\n\t<meta name=\"robots\" content=\"max-image-preview:large\" \/>\n\t<meta name=\"author\" content=\"administrador\"\/>\n\t<link rel=\"canonical\" href=\"https:\/\/newsinfoco.com.br\/inicio\/isidorio-lanca-pre-candidatura-a-prefeito-e-e-enaltecido-por-bacelar-salvador-sera-uma-cidade-de-todos-bahia\/\" \/>\n\t<meta name=\"generator\" content=\"All in One SEO (AIOSEO) 4.9.10\" \/>\n\t\t<meta property=\"og:locale\" content=\"pt_BR\" \/>\n\t\t<meta property=\"og:site_name\" content=\"News In Foco - Editado por Caio Pimenta - O principal site de noticias de Alagoinhas e regi\u00e3o\" \/>\n\t\t<meta property=\"og:type\" content=\"article\" \/>\n\t\t<meta property=\"og:title\" content=\"Isid\u00f3rio lan\u00e7a pr\u00e9-candidatura a prefeito e \u00e9 enaltecido por Bacelar: \u201cSalvador ser\u00e1 uma cidade de todos\u201d BAHIA - News In Foco - Editado por Caio Pimenta\" \/>\n\t\t<meta property=\"og:description\" content=\"Com presen\u00e7a de v\u00e1rios pol\u00edticos, incluindo o vice-governador Jo\u00e3o Le\u00e3o (PP), o deputado federal Pastor Sargento Isid\u00f3rio (Avante) oficializou na manh\u00e3 deste s\u00e1bado (09) sua pr\u00e9-candidatura \u00e0 prefeitura de Salvador, em evento nacional do partido. Em seu discurso, o deputado federal Bacelar (Podemos), tamb\u00e9m pr\u00e9-candidato e especulado para compor a chapa com Isid\u00f3rio, elogiou o\" \/>\n\t\t<meta property=\"og:url\" content=\"https:\/\/newsinfoco.com.br\/inicio\/isidorio-lanca-pre-candidatura-a-prefeito-e-e-enaltecido-por-bacelar-salvador-sera-uma-cidade-de-todos-bahia\/\" \/>\n\t\t<meta property=\"article:published_time\" content=\"2019-11-09T22:57:34+00:00\" \/>\n\t\t<meta property=\"article:modified_time\" content=\"2019-11-09T22:57:34+00:00\" \/>\n\t\t<meta name=\"twitter:card\" content=\"summary_large_image\" \/>\n\t\t<meta name=\"twitter:title\" content=\"Isid\u00f3rio lan\u00e7a pr\u00e9-candidatura a prefeito e \u00e9 enaltecido por Bacelar: \u201cSalvador ser\u00e1 uma cidade de todos\u201d BAHIA - News In Foco - Editado por Caio Pimenta\" \/>\n\t\t<meta name=\"twitter:description\" content=\"Com presen\u00e7a de v\u00e1rios pol\u00edticos, incluindo o vice-governador Jo\u00e3o Le\u00e3o (PP), o deputado federal Pastor Sargento Isid\u00f3rio (Avante) oficializou na manh\u00e3 deste s\u00e1bado (09) sua pr\u00e9-candidatura \u00e0 prefeitura de Salvador, em evento nacional do partido. Em seu discurso, o deputado federal Bacelar (Podemos), tamb\u00e9m pr\u00e9-candidato e especulado para compor a chapa com Isid\u00f3rio, elogiou o\" \/>\n\t\t<script type=\"application\/ld+json\" class=\"aioseo-schema\">\n\t\t\t{\"@context\":\"https:\\\/\\\/schema.org\",\"@graph\":[{\"@type\":\"BlogPosting\",\"@id\":\"https:\\\/\\\/newsinfoco.com.br\\\/inicio\\\/isidorio-lanca-pre-candidatura-a-prefeito-e-e-enaltecido-por-bacelar-salvador-sera-uma-cidade-de-todos-bahia\\\/#blogposting\",\"name\":\"Isid\\u00f3rio lan\\u00e7a pr\\u00e9-candidatura a prefeito e \\u00e9 enaltecido por Bacelar: \\u201cSalvador ser\\u00e1 uma cidade de todos\\u201d BAHIA - News In Foco - Editado por Caio Pimenta\",\"headline\":\"Isid\\u00f3rio lan\\u00e7a pr\\u00e9-candidatura a prefeito e \\u00e9 enaltecido por Bacelar: \\u201cSalvador ser\\u00e1 uma cidade de todos\\u201d BAHIA\",\"author\":{\"@id\":\"https:\\\/\\\/newsinfoco.com.br\\\/inicio\\\/author\\\/administrador\\\/#author\"},\"publisher\":{\"@id\":\"https:\\\/\\\/newsinfoco.com.br\\\/inicio\\\/#organization\"},\"image\":{\"@type\":\"ImageObject\",\"url\":\"https:\\\/\\\/newsinfoco.com.br\\\/inicio\\\/wp-content\\\/uploads\\\/2019\\\/11\\\/WhatsApp-Image-2019-09-30-at-20.03.16-427x320.jpeg\",\"width\":427,\"height\":320},\"datePublished\":\"2019-11-09T20:57:34-03:00\",\"dateModified\":\"2019-11-09T20:57:34-03:00\",\"inLanguage\":\"pt-BR\",\"mainEntityOfPage\":{\"@id\":\"https:\\\/\\\/newsinfoco.com.br\\\/inicio\\\/isidorio-lanca-pre-candidatura-a-prefeito-e-e-enaltecido-por-bacelar-salvador-sera-uma-cidade-de-todos-bahia\\\/#webpage\"},\"isPartOf\":{\"@id\":\"https:\\\/\\\/newsinfoco.com.br\\\/inicio\\\/isidorio-lanca-pre-candidatura-a-prefeito-e-e-enaltecido-por-bacelar-salvador-sera-uma-cidade-de-todos-bahia\\\/#webpage\"},\"articleSection\":\"Bahia, Destaque\"},{\"@type\":\"BreadcrumbList\",\"@id\":\"https:\\\/\\\/newsinfoco.com.br\\\/inicio\\\/isidorio-lanca-pre-candidatura-a-prefeito-e-e-enaltecido-por-bacelar-salvador-sera-uma-cidade-de-todos-bahia\\\/#breadcrumblist\",\"itemListElement\":[{\"@type\":\"ListItem\",\"@id\":\"https:\\\/\\\/newsinfoco.com.br\\\/inicio#listItem\",\"position\":1,\"name\":\"In\\u00edcio\",\"item\":\"https:\\\/\\\/newsinfoco.com.br\\\/inicio\",\"nextItem\":{\"@type\":\"ListItem\",\"@id\":\"https:\\\/\\\/newsinfoco.com.br\\\/inicio\\\/category\\\/bahia\\\/#listItem\",\"name\":\"Bahia\"}},{\"@type\":\"ListItem\",\"@id\":\"https:\\\/\\\/newsinfoco.com.br\\\/inicio\\\/category\\\/bahia\\\/#listItem\",\"position\":2,\"name\":\"Bahia\",\"item\":\"https:\\\/\\\/newsinfoco.com.br\\\/inicio\\\/category\\\/bahia\\\/\",\"nextItem\":{\"@type\":\"ListItem\",\"@id\":\"https:\\\/\\\/newsinfoco.com.br\\\/inicio\\\/isidorio-lanca-pre-candidatura-a-prefeito-e-e-enaltecido-por-bacelar-salvador-sera-uma-cidade-de-todos-bahia\\\/#listItem\",\"name\":\"Isid\\u00f3rio lan\\u00e7a pr\\u00e9-candidatura a prefeito e \\u00e9 enaltecido por Bacelar: \\u201cSalvador ser\\u00e1 uma cidade de todos\\u201d BAHIA\"},\"previousItem\":{\"@type\":\"ListItem\",\"@id\":\"https:\\\/\\\/newsinfoco.com.br\\\/inicio#listItem\",\"name\":\"In\\u00edcio\"}},{\"@type\":\"ListItem\",\"@id\":\"https:\\\/\\\/newsinfoco.com.br\\\/inicio\\\/isidorio-lanca-pre-candidatura-a-prefeito-e-e-enaltecido-por-bacelar-salvador-sera-uma-cidade-de-todos-bahia\\\/#listItem\",\"position\":3,\"name\":\"Isid\\u00f3rio lan\\u00e7a pr\\u00e9-candidatura a prefeito e \\u00e9 enaltecido por Bacelar: \\u201cSalvador ser\\u00e1 uma cidade de todos\\u201d BAHIA\",\"previousItem\":{\"@type\":\"ListItem\",\"@id\":\"https:\\\/\\\/newsinfoco.com.br\\\/inicio\\\/category\\\/bahia\\\/#listItem\",\"name\":\"Bahia\"}}]},{\"@type\":\"Organization\",\"@id\":\"https:\\\/\\\/newsinfoco.com.br\\\/inicio\\\/#organization\",\"name\":\"News In Foco - Editado por Caio Pimenta\",\"description\":\"O principal site de noticias de Alagoinhas e regi\\u00e3o\",\"url\":\"https:\\\/\\\/newsinfoco.com.br\\\/inicio\\\/\"},{\"@type\":\"Person\",\"@id\":\"https:\\\/\\\/newsinfoco.com.br\\\/inicio\\\/author\\\/administrador\\\/#author\",\"url\":\"https:\\\/\\\/newsinfoco.com.br\\\/inicio\\\/author\\\/administrador\\\/\",\"name\":\"administrador\",\"image\":{\"@type\":\"ImageObject\",\"@id\":\"https:\\\/\\\/newsinfoco.com.br\\\/inicio\\\/isidorio-lanca-pre-candidatura-a-prefeito-e-e-enaltecido-por-bacelar-salvador-sera-uma-cidade-de-todos-bahia\\\/#authorImage\",\"url\":\"https:\\\/\\\/secure.gravatar.com\\\/avatar\\\/c17a617433de8c1dc9584bb79aab7563b46f5bb7e1728c9b17d9cc3ce6a08e49?s=96&d=mm&r=g\",\"width\":96,\"height\":96,\"caption\":\"administrador\"}},{\"@type\":\"WebPage\",\"@id\":\"https:\\\/\\\/newsinfoco.com.br\\\/inicio\\\/isidorio-lanca-pre-candidatura-a-prefeito-e-e-enaltecido-por-bacelar-salvador-sera-uma-cidade-de-todos-bahia\\\/#webpage\",\"url\":\"https:\\\/\\\/newsinfoco.com.br\\\/inicio\\\/isidorio-lanca-pre-candidatura-a-prefeito-e-e-enaltecido-por-bacelar-salvador-sera-uma-cidade-de-todos-bahia\\\/\",\"name\":\"Isid\\u00f3rio lan\\u00e7a pr\\u00e9-candidatura a prefeito e \\u00e9 enaltecido por Bacelar: \\u201cSalvador ser\\u00e1 uma cidade de todos\\u201d BAHIA - News In Foco - Editado por Caio Pimenta\",\"description\":\"Com presen\\u00e7a de v\\u00e1rios pol\\u00edticos, incluindo o vice-governador Jo\\u00e3o Le\\u00e3o (PP), o deputado federal Pastor Sargento Isid\\u00f3rio (Avante) oficializou na manh\\u00e3 deste s\\u00e1bado (09) sua pr\\u00e9-candidatura \\u00e0 prefeitura de Salvador, em evento nacional do partido. Em seu discurso, o deputado federal Bacelar (Podemos), tamb\\u00e9m pr\\u00e9-candidato e especulado para compor a chapa com Isid\\u00f3rio, elogiou o\",\"inLanguage\":\"pt-BR\",\"isPartOf\":{\"@id\":\"https:\\\/\\\/newsinfoco.com.br\\\/inicio\\\/#website\"},\"breadcrumb\":{\"@id\":\"https:\\\/\\\/newsinfoco.com.br\\\/inicio\\\/isidorio-lanca-pre-candidatura-a-prefeito-e-e-enaltecido-por-bacelar-salvador-sera-uma-cidade-de-todos-bahia\\\/#breadcrumblist\"},\"author\":{\"@id\":\"https:\\\/\\\/newsinfoco.com.br\\\/inicio\\\/author\\\/administrador\\\/#author\"},\"creator\":{\"@id\":\"https:\\\/\\\/newsinfoco.com.br\\\/inicio\\\/author\\\/administrador\\\/#author\"},\"image\":{\"@type\":\"ImageObject\",\"url\":\"https:\\\/\\\/newsinfoco.com.br\\\/inicio\\\/wp-content\\\/uploads\\\/2019\\\/11\\\/WhatsApp-Image-2019-09-30-at-20.03.16-427x320.jpeg\",\"@id\":\"https:\\\/\\\/newsinfoco.com.br\\\/inicio\\\/isidorio-lanca-pre-candidatura-a-prefeito-e-e-enaltecido-por-bacelar-salvador-sera-uma-cidade-de-todos-bahia\\\/#mainImage\",\"width\":427,\"height\":320},\"primaryImageOfPage\":{\"@id\":\"https:\\\/\\\/newsinfoco.com.br\\\/inicio\\\/isidorio-lanca-pre-candidatura-a-prefeito-e-e-enaltecido-por-bacelar-salvador-sera-uma-cidade-de-todos-bahia\\\/#mainImage\"},\"datePublished\":\"2019-11-09T20:57:34-03:00\",\"dateModified\":\"2019-11-09T20:57:34-03:00\"},{\"@type\":\"WebSite\",\"@id\":\"https:\\\/\\\/newsinfoco.com.br\\\/inicio\\\/#website\",\"url\":\"https:\\\/\\\/newsinfoco.com.br\\\/inicio\\\/\",\"name\":\"News In Foco - Editado por Caio Pimenta\",\"description\":\"O principal site de noticias de Alagoinhas e regi\\u00e3o\",\"inLanguage\":\"pt-BR\",\"publisher\":{\"@id\":\"https:\\\/\\\/newsinfoco.com.br\\\/inicio\\\/#organization\"}}]}\n\t\t<\/script>\n\t\t<!-- All in One SEO -->\n\n","aioseo_head_json":{"title":"Isid\u00f3rio lan\u00e7a pr\u00e9-candidatura a prefeito e \u00e9 enaltecido por Bacelar: \u201cSalvador ser\u00e1 uma cidade de todos\u201d BAHIA - News In Foco - Editado por Caio Pimenta","description":"Com presen\u00e7a de v\u00e1rios pol\u00edticos, incluindo o vice-governador Jo\u00e3o Le\u00e3o (PP), o deputado federal Pastor Sargento Isid\u00f3rio (Avante) oficializou na manh\u00e3 deste s\u00e1bado (09) sua pr\u00e9-candidatura \u00e0 prefeitura de Salvador, em evento nacional do partido. Em seu discurso, o deputado federal Bacelar (Podemos), tamb\u00e9m pr\u00e9-candidato e especulado para compor a chapa com Isid\u00f3rio, elogiou o","canonical_url":"https:\/\/newsinfoco.com.br\/inicio\/isidorio-lanca-pre-candidatura-a-prefeito-e-e-enaltecido-por-bacelar-salvador-sera-uma-cidade-de-todos-bahia\/","robots":"max-image-preview:large","keywords":"","webmasterTools":{"miscellaneous":""},"schema":{"@context":"https:\/\/schema.org","@graph":[{"@type":"BlogPosting","@id":"https:\/\/newsinfoco.com.br\/inicio\/isidorio-lanca-pre-candidatura-a-prefeito-e-e-enaltecido-por-bacelar-salvador-sera-uma-cidade-de-todos-bahia\/#blogposting","name":"Isid\u00f3rio lan\u00e7a pr\u00e9-candidatura a prefeito e \u00e9 enaltecido por Bacelar: \u201cSalvador ser\u00e1 uma cidade de todos\u201d BAHIA - News In Foco - Editado por Caio Pimenta","headline":"Isid\u00f3rio lan\u00e7a pr\u00e9-candidatura a prefeito e \u00e9 enaltecido por Bacelar: \u201cSalvador ser\u00e1 uma cidade de todos\u201d BAHIA","author":{"@id":"https:\/\/newsinfoco.com.br\/inicio\/author\/administrador\/#author"},"publisher":{"@id":"https:\/\/newsinfoco.com.br\/inicio\/#organization"},"image":{"@type":"ImageObject","url":"https:\/\/newsinfoco.com.br\/inicio\/wp-content\/uploads\/2019\/11\/WhatsApp-Image-2019-09-30-at-20.03.16-427x320.jpeg","width":427,"height":320},"datePublished":"2019-11-09T20:57:34-03:00","dateModified":"2019-11-09T20:57:34-03:00","inLanguage":"pt-BR","mainEntityOfPage":{"@id":"https:\/\/newsinfoco.com.br\/inicio\/isidorio-lanca-pre-candidatura-a-prefeito-e-e-enaltecido-por-bacelar-salvador-sera-uma-cidade-de-todos-bahia\/#webpage"},"isPartOf":{"@id":"https:\/\/newsinfoco.com.br\/inicio\/isidorio-lanca-pre-candidatura-a-prefeito-e-e-enaltecido-por-bacelar-salvador-sera-uma-cidade-de-todos-bahia\/#webpage"},"articleSection":"Bahia, Destaque"},{"@type":"BreadcrumbList","@id":"https:\/\/newsinfoco.com.br\/inicio\/isidorio-lanca-pre-candidatura-a-prefeito-e-e-enaltecido-por-bacelar-salvador-sera-uma-cidade-de-todos-bahia\/#breadcrumblist","itemListElement":[{"@type":"ListItem","@id":"https:\/\/newsinfoco.com.br\/inicio#listItem","position":1,"name":"In\u00edcio","item":"https:\/\/newsinfoco.com.br\/inicio","nextItem":{"@type":"ListItem","@id":"https:\/\/newsinfoco.com.br\/inicio\/category\/bahia\/#listItem","name":"Bahia"}},{"@type":"ListItem","@id":"https:\/\/newsinfoco.com.br\/inicio\/category\/bahia\/#listItem","position":2,"name":"Bahia","item":"https:\/\/newsinfoco.com.br\/inicio\/category\/bahia\/","nextItem":{"@type":"ListItem","@id":"https:\/\/newsinfoco.com.br\/inicio\/isidorio-lanca-pre-candidatura-a-prefeito-e-e-enaltecido-por-bacelar-salvador-sera-uma-cidade-de-todos-bahia\/#listItem","name":"Isid\u00f3rio lan\u00e7a pr\u00e9-candidatura a prefeito e \u00e9 enaltecido por Bacelar: \u201cSalvador ser\u00e1 uma cidade de todos\u201d BAHIA"},"previousItem":{"@type":"ListItem","@id":"https:\/\/newsinfoco.com.br\/inicio#listItem","name":"In\u00edcio"}},{"@type":"ListItem","@id":"https:\/\/newsinfoco.com.br\/inicio\/isidorio-lanca-pre-candidatura-a-prefeito-e-e-enaltecido-por-bacelar-salvador-sera-uma-cidade-de-todos-bahia\/#listItem","position":3,"name":"Isid\u00f3rio lan\u00e7a pr\u00e9-candidatura a prefeito e \u00e9 enaltecido por Bacelar: \u201cSalvador ser\u00e1 uma cidade de todos\u201d BAHIA","previousItem":{"@type":"ListItem","@id":"https:\/\/newsinfoco.com.br\/inicio\/category\/bahia\/#listItem","name":"Bahia"}}]},{"@type":"Organization","@id":"https:\/\/newsinfoco.com.br\/inicio\/#organization","name":"News In Foco - Editado por Caio Pimenta","description":"O principal site de noticias de Alagoinhas e regi\u00e3o","url":"https:\/\/newsinfoco.com.br\/inicio\/"},{"@type":"Person","@id":"https:\/\/newsinfoco.com.br\/inicio\/author\/administrador\/#author","url":"https:\/\/newsinfoco.com.br\/inicio\/author\/administrador\/","name":"administrador","image":{"@type":"ImageObject","@id":"https:\/\/newsinfoco.com.br\/inicio\/isidorio-lanca-pre-candidatura-a-prefeito-e-e-enaltecido-por-bacelar-salvador-sera-uma-cidade-de-todos-bahia\/#authorImage","url":"https:\/\/secure.gravatar.com\/avatar\/c17a617433de8c1dc9584bb79aab7563b46f5bb7e1728c9b17d9cc3ce6a08e49?s=96&d=mm&r=g","width":96,"height":96,"caption":"administrador"}},{"@type":"WebPage","@id":"https:\/\/newsinfoco.com.br\/inicio\/isidorio-lanca-pre-candidatura-a-prefeito-e-e-enaltecido-por-bacelar-salvador-sera-uma-cidade-de-todos-bahia\/#webpage","url":"https:\/\/newsinfoco.com.br\/inicio\/isidorio-lanca-pre-candidatura-a-prefeito-e-e-enaltecido-por-bacelar-salvador-sera-uma-cidade-de-todos-bahia\/","name":"Isid\u00f3rio lan\u00e7a pr\u00e9-candidatura a prefeito e \u00e9 enaltecido por Bacelar: \u201cSalvador ser\u00e1 uma cidade de todos\u201d BAHIA - News In Foco - Editado por Caio Pimenta","description":"Com presen\u00e7a de v\u00e1rios pol\u00edticos, incluindo o vice-governador Jo\u00e3o Le\u00e3o (PP), o deputado federal Pastor Sargento Isid\u00f3rio (Avante) oficializou na manh\u00e3 deste s\u00e1bado (09) sua pr\u00e9-candidatura \u00e0 prefeitura de Salvador, em evento nacional do partido. Em seu discurso, o deputado federal Bacelar (Podemos), tamb\u00e9m pr\u00e9-candidato e especulado para compor a chapa com Isid\u00f3rio, elogiou o","inLanguage":"pt-BR","isPartOf":{"@id":"https:\/\/newsinfoco.com.br\/inicio\/#website"},"breadcrumb":{"@id":"https:\/\/newsinfoco.com.br\/inicio\/isidorio-lanca-pre-candidatura-a-prefeito-e-e-enaltecido-por-bacelar-salvador-sera-uma-cidade-de-todos-bahia\/#breadcrumblist"},"author":{"@id":"https:\/\/newsinfoco.com.br\/inicio\/author\/administrador\/#author"},"creator":{"@id":"https:\/\/newsinfoco.com.br\/inicio\/author\/administrador\/#author"},"image":{"@type":"ImageObject","url":"https:\/\/newsinfoco.com.br\/inicio\/wp-content\/uploads\/2019\/11\/WhatsApp-Image-2019-09-30-at-20.03.16-427x320.jpeg","@id":"https:\/\/newsinfoco.com.br\/inicio\/isidorio-lanca-pre-candidatura-a-prefeito-e-e-enaltecido-por-bacelar-salvador-sera-uma-cidade-de-todos-bahia\/#mainImage","width":427,"height":320},"primaryImageOfPage":{"@id":"https:\/\/newsinfoco.com.br\/inicio\/isidorio-lanca-pre-candidatura-a-prefeito-e-e-enaltecido-por-bacelar-salvador-sera-uma-cidade-de-todos-bahia\/#mainImage"},"datePublished":"2019-11-09T20:57:34-03:00","dateModified":"2019-11-09T20:57:34-03:00"},{"@type":"WebSite","@id":"https:\/\/newsinfoco.com.br\/inicio\/#website","url":"https:\/\/newsinfoco.com.br\/inicio\/","name":"News In Foco - Editado por Caio Pimenta","description":"O principal site de noticias de Alagoinhas e regi\u00e3o","inLanguage":"pt-BR","publisher":{"@id":"https:\/\/newsinfoco.com.br\/inicio\/#organization"}}]},"og:locale":"pt_BR","og:site_name":"News In Foco - Editado por Caio Pimenta - O principal site de noticias de Alagoinhas e regi\u00e3o","og:type":"article","og:title":"Isid\u00f3rio lan\u00e7a pr\u00e9-candidatura a prefeito e \u00e9 enaltecido por Bacelar: \u201cSalvador ser\u00e1 uma cidade de todos\u201d BAHIA - News In Foco - Editado por Caio Pimenta","og:description":"Com presen\u00e7a de v\u00e1rios pol\u00edticos, incluindo o vice-governador Jo\u00e3o Le\u00e3o (PP), o deputado federal Pastor Sargento Isid\u00f3rio (Avante) oficializou na manh\u00e3 deste s\u00e1bado (09) sua pr\u00e9-candidatura \u00e0 prefeitura de Salvador, em evento nacional do partido. Em seu discurso, o deputado federal Bacelar (Podemos), tamb\u00e9m pr\u00e9-candidato e especulado para compor a chapa com Isid\u00f3rio, elogiou o","og:url":"https:\/\/newsinfoco.com.br\/inicio\/isidorio-lanca-pre-candidatura-a-prefeito-e-e-enaltecido-por-bacelar-salvador-sera-uma-cidade-de-todos-bahia\/","article:published_time":"2019-11-09T22:57:34+00:00","article:modified_time":"2019-11-09T22:57:34+00:00","twitter:card":"summary_large_image","twitter:title":"Isid\u00f3rio lan\u00e7a pr\u00e9-candidatura a prefeito e \u00e9 enaltecido por Bacelar: \u201cSalvador ser\u00e1 uma cidade de todos\u201d BAHIA - News In Foco - Editado por Caio Pimenta","twitter:description":"Com presen\u00e7a de v\u00e1rios pol\u00edticos, incluindo o vice-governador Jo\u00e3o Le\u00e3o (PP), o deputado federal Pastor Sargento Isid\u00f3rio (Avante) oficializou na manh\u00e3 deste s\u00e1bado (09) sua pr\u00e9-candidatura \u00e0 prefeitura de Salvador, em evento nacional do partido. Em seu discurso, o deputado federal Bacelar (Podemos), tamb\u00e9m pr\u00e9-candidato e especulado para compor a chapa com Isid\u00f3rio, elogiou o"},"aioseo_meta_data":{"post_id":"18578","title":null,"description":null,"keywords":null,"keyphrases":null,"primary_term":null,"canonical_url":null,"og_title":null,"og_description":null,"og_object_type":"default","og_image_type":"default","og_image_url":null,"og_image_width":null,"og_image_height":null,"og_image_custom_url":null,"og_image_custom_fields":null,"og_video":null,"og_custom_url":null,"og_article_section":null,"og_article_tags":null,"twitter_use_og":false,"twitter_card":"default","twitter_image_type":"default","twitter_image_url":null,"twitter_image_custom_url":null,"twitter_image_custom_fields":null,"twitter_title":null,"twitter_description":null,"schema":{"blockGraphs":[],"customGraphs":[],"default":{"data":{"Article":[],"Course":[],"Dataset":[],"FAQPage":[],"Movie":[],"Person":[],"Product":[],"ProductReview":[],"Car":[],"Recipe":[],"Service":[],"SoftwareApplication":[],"WebPage":[]},"graphName":"","isEnabled":true},"graphs":[]},"schema_type":"default","schema_type_options":null,"pillar_content":false,"robots_default":true,"robots_noindex":false,"robots_noarchive":false,"robots_nosnippet":false,"robots_nofollow":false,"robots_noimageindex":false,"robots_noodp":false,"robots_notranslate":false,"robots_max_snippet":null,"robots_max_videopreview":null,"robots_max_imagepreview":"large","priority":null,"frequency":null,"local_seo":null,"breadcrumb_settings":null,"limit_modified_date":false,"ai":null,"created":"2023-06-12 15:12:12","updated":"2025-07-11 01:49:51","seo_analyzer_scan_date":null},"aioseo_breadcrumb":"<div class=\"aioseo-breadcrumbs\"><span class=\"aioseo-breadcrumb\">\n\t\t\t<a href=\"https:\/\/newsinfoco.com.br\/inicio\" title=\"In\u00edcio\">In\u00edcio<\/a>\n\t\t<\/span><span class=\"aioseo-breadcrumb-separator\">&raquo;<\/span><span class=\"aioseo-breadcrumb\">\n\t\t\t<a href=\"https:\/\/newsinfoco.com.br\/inicio\/category\/bahia\/\" title=\"Bahia\">Bahia<\/a>\n\t\t<\/span><span class=\"aioseo-breadcrumb-separator\">&raquo;<\/span><span class=\"aioseo-breadcrumb\">\n\t\t\tIsid\u00f3rio lan\u00e7a pr\u00e9-candidatura a prefeito e \u00e9 enaltecido por Bacelar: \u201cSalvador ser\u00e1 uma cidade de todos\u201d BAHIA\n\t\t<\/span><\/div>","aioseo_breadcrumb_json":[{"label":"In\u00edcio","link":"https:\/\/newsinfoco.com.br\/inicio"},{"label":"Bahia","link":"https:\/\/newsinfoco.com.br\/inicio\/category\/bahia\/"},{"label":"Isid\u00f3rio lan\u00e7a pr\u00e9-candidatura a prefeito e \u00e9 enaltecido por Bacelar: \u201cSalvador ser\u00e1 uma cidade de todos\u201d BAHIA","link":"https:\/\/newsinfoco.com.br\/inicio\/isidorio-lanca-pre-candidatura-a-prefeito-e-e-enaltecido-por-bacelar-salvador-sera-uma-cidade-de-todos-bahia\/"}],"_links":{"self":[{"href":"https:\/\/newsinfoco.com.br\/inicio\/wp-json\/wp\/v2\/posts\/18578","targetHints":{"allow":["GET"]}}],"collection":[{"href":"https:\/\/newsinfoco.com.br\/inicio\/wp-json\/wp\/v2\/posts"}],"about":[{"href":"https:\/\/newsinfoco.com.br\/inicio\/wp-json\/wp\/v2\/types\/post"}],"author":[{"embeddable":true,"href":"https:\/\/newsinfoco.com.br\/inicio\/wp-json\/wp\/v2\/users\/1"}],"replies":[{"embeddable":true,"href":"https:\/\/newsinfoco.com.br\/inicio\/wp-json\/wp\/v2\/comments?post=18578"}],"version-history":[{"count":0,"href":"https:\/\/newsinfoco.com.br\/inicio\/wp-json\/wp\/v2\/posts\/18578\/revisions"}],"wp:featuredmedia":[{"embeddable":true,"href":"https:\/\/newsinfoco.com.br\/inicio\/wp-json\/wp\/v2\/media\/18579"}],"wp:attachment":[{"href":"https:\/\/newsinfoco.com.br\/inicio\/wp-json\/wp\/v2\/media?parent=18578"}],"wp:term":[{"taxonomy":"category","embeddable":true,"href":"https:\/\/newsinfoco.com.br\/inicio\/wp-json\/wp\/v2\/categories?post=18578"},{"taxonomy":"post_tag","embeddable":true,"href":"https:\/\/newsinfoco.com.br\/inicio\/wp-json\/wp\/v2\/tags?post=18578"}],"curies":[{"name":"wp","href":"https:\/\/api.w.org\/{rel}","templated":true}]}}