{"id":18592,"date":"2019-11-09T21:14:16","date_gmt":"2019-11-09T23:14:16","guid":{"rendered":"http:\/\/newsinfoco.com.br\/?p=18592"},"modified":"2019-11-09T21:14:16","modified_gmt":"2019-11-09T23:14:16","slug":"lula-la-em-cima-esta-o-helicoptero-da-rede-globo-para-falar-merda-outra-vez","status":"publish","type":"post","link":"https:\/\/newsinfoco.com.br\/inicio\/lula-la-em-cima-esta-o-helicoptero-da-rede-globo-para-falar-merda-outra-vez\/","title":{"rendered":"Lula: \u2018L\u00e1 em cima est\u00e1 o helic\u00f3ptero da Rede Globo para falar merda outra vez\u2019"},"content":{"rendered":"<p style=\"text-align: justify;\">O ex-presidente Lula (PT) voltou a criticar a Rede Globo logo no come\u00e7o do seu discurso neste s\u00e1bado (9), em um carro de som em frente ao Sindicato dos Metal\u00fargicos do ABC, em S\u00e3o Bernardo do Campo (SP).<\/p>\n<p style=\"text-align: justify;\">\u201cL\u00e1 em cima est\u00e1 o helic\u00f3ptero da Rede Globo de Televis\u00e3o para falar merda outra vez sobre o Lula e sobre n\u00f3s\u201d, disse.<\/p>\n<p style=\"text-align: justify;\">O petista falou ainda sobre o per\u00edodo em que esteve preso na Superintend\u00eancia da Pol\u00edcia Federal, em Curitiba.<\/p>\n<p style=\"text-align: justify;\">\u201cS\u00e3o 580 dias numa solit\u00e1ria, em que eu tinha dois advogados que me visitavam, o dr. Rocha e o dr. Caetano. Na quinta, eu tinha meus filhos, a companheira Janja, com quem eu vou casar assim que tiver condi\u00e7\u00f5es. Eu tinha visita religiosa toda segunda, depois eles cortaram. Queriam que eu recebesse um padre que visitava todos os presos, e eu me recusei. E somente esses dias voltou a visita religiosa\u201d, relatou.<\/p>\n<p style=\"text-align: justify;\">Ao relembrar o dia em que foi preso, o ex-presidente afirmou que tinha um \u201cpapel a cumprir\u201d.<\/p>\n<p style=\"text-align: justify;\">\u201cMuitos de voc\u00eas n\u00e3o queriam que eu fosse preso. Eu precisei persuadir voc\u00eas do papel que eu tinha que cumprir. Quero repetir algo que falei aquele dia: quando um ser humano tem clareza do que quer na vida, do que ele representa e de que os seus algozes est\u00e3o mentindo, eu tomei a decis\u00e3o de ir l\u00e1 para a Pol\u00edcia Federal. Poderia ter ido a uma embaixada, a outro pa\u00eds, mas eu precisava provar que o Moro n\u00e3o era um juiz, era um canalha que estava me julgando. Que o Dallagnol montou uma quadrilha com a for\u00e7a-tarefa da Lava Jato, inclusive para roubar dinheiro da Petrobras e das empreiteiras. Se eu sa\u00edsse do Brasil, seria tratado como fugitivo\u201d, discursou.<\/p>\n<p style=\"text-align: justify;\">Apesar das cr\u00edticas ao ex-juiz e ao procurador, Lula disse que se preparou \u201cpara n\u00e3o ter \u00f3dio nem sede de vingan\u00e7a\u201d.<\/p>\n<p style=\"text-align: justify;\">\u201cEu li muita gente falando: \u2018Ser\u00e1 que o Lula vai ser mais radicalizado de l\u00e1? Ser\u00e1 que o Lula vai querer vingan\u00e7a?\u2019 Eu n\u00e3o quero nada. Quero construir esse pa\u00eds com alegria. O meu sonho n\u00e3o \u00e9 resolver os meus problemas. Hoje eu sou um cara sem emprego, minha vida est\u00e1 toda bloqueada. Eu s\u00f3 tenho mais coragem de lutar do que eu tinha quando sa\u00ed daqui\u201d, acrescentou.<\/p>\n<div class='share-to-whatsapp-wrapper'><div class='share-on-whsp'>Share on: <\/div><a data-text='Lula: \u2018L\u00e1 em cima est\u00e1 o helic\u00f3ptero da Rede Globo para falar merda outra vez\u2019' data-link='https:\/\/newsinfoco.com.br\/inicio\/lula-la-em-cima-esta-o-helicoptero-da-rede-globo-para-falar-merda-outra-vez\/' class='whatsapp-button whatsapp-share'>WhatsApp<\/a><div class='clear '><\/div><\/div>","protected":false},"excerpt":{"rendered":"<p>O ex-presidente Lula (PT) voltou a criticar a Rede Globo logo no come\u00e7o do seu discurso neste s\u00e1bado (9), em um carro de som em frente ao Sindicato dos Metal\u00fargicos do ABC, em S\u00e3o Bernardo do Campo (SP). \u201cL\u00e1 em cima est\u00e1 o helic\u00f3ptero da Rede Globo de Televis\u00e3o para falar merda outra vez sobre [&hellip;]<\/p>\n","protected":false},"author":1,"featured_media":9907,"comment_status":"open","ping_status":"open","sticky":false,"template":"","format":"standard","meta":{"om_disable_all_campaigns":false,"rop_custom_images_group":[],"rop_custom_messages_group":[],"rop_publish_now":"initial","rop_publish_now_accounts":[],"rop_publish_now_history":[],"rop_publish_now_status":"pending","_exactmetrics_skip_tracking":false,"footnotes":""},"categories":[21,30],"tags":[],"class_list":["post-18592","post","type-post","status-publish","format-standard","has-post-thumbnail","hentry","category-brasil","category-destaque"],"aioseo_notices":[],"aioseo_head":"\n\t\t<!-- All in One SEO 4.9.10 - aioseo.com -->\n\t<meta name=\"description\" content=\"O ex-presidente Lula (PT) voltou a criticar a Rede Globo logo no come\u00e7o do seu discurso neste s\u00e1bado (9), em um carro de som em frente ao Sindicato dos Metal\u00fargicos do ABC, em S\u00e3o Bernardo do Campo (SP). \u201cL\u00e1 em cima est\u00e1 o helic\u00f3ptero da Rede Globo de Televis\u00e3o para falar merda outra vez sobre\" \/>\n\t<meta name=\"robots\" content=\"max-image-preview:large\" \/>\n\t<meta name=\"author\" content=\"administrador\"\/>\n\t<link rel=\"canonical\" href=\"https:\/\/newsinfoco.com.br\/inicio\/lula-la-em-cima-esta-o-helicoptero-da-rede-globo-para-falar-merda-outra-vez\/\" \/>\n\t<meta name=\"generator\" content=\"All in One SEO (AIOSEO) 4.9.10\" \/>\n\t\t<meta property=\"og:locale\" content=\"pt_BR\" \/>\n\t\t<meta property=\"og:site_name\" content=\"News In Foco - Editado por Caio Pimenta - O principal site de noticias de Alagoinhas e regi\u00e3o\" \/>\n\t\t<meta property=\"og:type\" content=\"article\" \/>\n\t\t<meta property=\"og:title\" content=\"Lula: \u2018L\u00e1 em cima est\u00e1 o helic\u00f3ptero da Rede Globo para falar merda outra vez\u2019 - News In Foco - Editado por Caio Pimenta\" \/>\n\t\t<meta property=\"og:description\" content=\"O ex-presidente Lula (PT) voltou a criticar a Rede Globo logo no come\u00e7o do seu discurso neste s\u00e1bado (9), em um carro de som em frente ao Sindicato dos Metal\u00fargicos do ABC, em S\u00e3o Bernardo do Campo (SP). \u201cL\u00e1 em cima est\u00e1 o helic\u00f3ptero da Rede Globo de Televis\u00e3o para falar merda outra vez sobre\" \/>\n\t\t<meta property=\"og:url\" content=\"https:\/\/newsinfoco.com.br\/inicio\/lula-la-em-cima-esta-o-helicoptero-da-rede-globo-para-falar-merda-outra-vez\/\" \/>\n\t\t<meta property=\"article:published_time\" content=\"2019-11-09T23:14:16+00:00\" \/>\n\t\t<meta property=\"article:modified_time\" content=\"2019-11-09T23:14:16+00:00\" \/>\n\t\t<meta name=\"twitter:card\" content=\"summary_large_image\" \/>\n\t\t<meta name=\"twitter:title\" content=\"Lula: \u2018L\u00e1 em cima est\u00e1 o helic\u00f3ptero da Rede Globo para falar merda outra vez\u2019 - News In Foco - Editado por Caio Pimenta\" \/>\n\t\t<meta name=\"twitter:description\" content=\"O ex-presidente Lula (PT) voltou a criticar a Rede Globo logo no come\u00e7o do seu discurso neste s\u00e1bado (9), em um carro de som em frente ao Sindicato dos Metal\u00fargicos do ABC, em S\u00e3o Bernardo do Campo (SP). \u201cL\u00e1 em cima est\u00e1 o helic\u00f3ptero da Rede Globo de Televis\u00e3o para falar merda outra vez sobre\" \/>\n\t\t<script type=\"application\/ld+json\" class=\"aioseo-schema\">\n\t\t\t{\"@context\":\"https:\\\/\\\/schema.org\",\"@graph\":[{\"@type\":\"BlogPosting\",\"@id\":\"https:\\\/\\\/newsinfoco.com.br\\\/inicio\\\/lula-la-em-cima-esta-o-helicoptero-da-rede-globo-para-falar-merda-outra-vez\\\/#blogposting\",\"name\":\"Lula: \\u2018L\\u00e1 em cima est\\u00e1 o helic\\u00f3ptero da Rede Globo para falar merda outra vez\\u2019 - News In Foco - Editado por Caio Pimenta\",\"headline\":\"Lula: \\u2018L\\u00e1 em cima est\\u00e1 o helic\\u00f3ptero da Rede Globo para falar merda outra vez\\u2019\",\"author\":{\"@id\":\"https:\\\/\\\/newsinfoco.com.br\\\/inicio\\\/author\\\/administrador\\\/#author\"},\"publisher\":{\"@id\":\"https:\\\/\\\/newsinfoco.com.br\\\/inicio\\\/#organization\"},\"image\":{\"@type\":\"ImageObject\",\"url\":\"https:\\\/\\\/newsinfoco.com.br\\\/inicio\\\/wp-content\\\/uploads\\\/2018\\\/09\\\/lula-2.jpg\",\"width\":590,\"height\":320},\"datePublished\":\"2019-11-09T21:14:16-03:00\",\"dateModified\":\"2019-11-09T21:14:16-03:00\",\"inLanguage\":\"pt-BR\",\"mainEntityOfPage\":{\"@id\":\"https:\\\/\\\/newsinfoco.com.br\\\/inicio\\\/lula-la-em-cima-esta-o-helicoptero-da-rede-globo-para-falar-merda-outra-vez\\\/#webpage\"},\"isPartOf\":{\"@id\":\"https:\\\/\\\/newsinfoco.com.br\\\/inicio\\\/lula-la-em-cima-esta-o-helicoptero-da-rede-globo-para-falar-merda-outra-vez\\\/#webpage\"},\"articleSection\":\"Brasil, Destaque\"},{\"@type\":\"BreadcrumbList\",\"@id\":\"https:\\\/\\\/newsinfoco.com.br\\\/inicio\\\/lula-la-em-cima-esta-o-helicoptero-da-rede-globo-para-falar-merda-outra-vez\\\/#breadcrumblist\",\"itemListElement\":[{\"@type\":\"ListItem\",\"@id\":\"https:\\\/\\\/newsinfoco.com.br\\\/inicio#listItem\",\"position\":1,\"name\":\"In\\u00edcio\",\"item\":\"https:\\\/\\\/newsinfoco.com.br\\\/inicio\",\"nextItem\":{\"@type\":\"ListItem\",\"@id\":\"https:\\\/\\\/newsinfoco.com.br\\\/inicio\\\/category\\\/brasil\\\/#listItem\",\"name\":\"Brasil\"}},{\"@type\":\"ListItem\",\"@id\":\"https:\\\/\\\/newsinfoco.com.br\\\/inicio\\\/category\\\/brasil\\\/#listItem\",\"position\":2,\"name\":\"Brasil\",\"item\":\"https:\\\/\\\/newsinfoco.com.br\\\/inicio\\\/category\\\/brasil\\\/\",\"nextItem\":{\"@type\":\"ListItem\",\"@id\":\"https:\\\/\\\/newsinfoco.com.br\\\/inicio\\\/lula-la-em-cima-esta-o-helicoptero-da-rede-globo-para-falar-merda-outra-vez\\\/#listItem\",\"name\":\"Lula: \\u2018L\\u00e1 em cima est\\u00e1 o helic\\u00f3ptero da Rede Globo para falar merda outra vez\\u2019\"},\"previousItem\":{\"@type\":\"ListItem\",\"@id\":\"https:\\\/\\\/newsinfoco.com.br\\\/inicio#listItem\",\"name\":\"In\\u00edcio\"}},{\"@type\":\"ListItem\",\"@id\":\"https:\\\/\\\/newsinfoco.com.br\\\/inicio\\\/lula-la-em-cima-esta-o-helicoptero-da-rede-globo-para-falar-merda-outra-vez\\\/#listItem\",\"position\":3,\"name\":\"Lula: \\u2018L\\u00e1 em cima est\\u00e1 o helic\\u00f3ptero da Rede Globo para falar merda outra vez\\u2019\",\"previousItem\":{\"@type\":\"ListItem\",\"@id\":\"https:\\\/\\\/newsinfoco.com.br\\\/inicio\\\/category\\\/brasil\\\/#listItem\",\"name\":\"Brasil\"}}]},{\"@type\":\"Organization\",\"@id\":\"https:\\\/\\\/newsinfoco.com.br\\\/inicio\\\/#organization\",\"name\":\"News In Foco - Editado por Caio Pimenta\",\"description\":\"O principal site de noticias de Alagoinhas e regi\\u00e3o\",\"url\":\"https:\\\/\\\/newsinfoco.com.br\\\/inicio\\\/\"},{\"@type\":\"Person\",\"@id\":\"https:\\\/\\\/newsinfoco.com.br\\\/inicio\\\/author\\\/administrador\\\/#author\",\"url\":\"https:\\\/\\\/newsinfoco.com.br\\\/inicio\\\/author\\\/administrador\\\/\",\"name\":\"administrador\",\"image\":{\"@type\":\"ImageObject\",\"@id\":\"https:\\\/\\\/newsinfoco.com.br\\\/inicio\\\/lula-la-em-cima-esta-o-helicoptero-da-rede-globo-para-falar-merda-outra-vez\\\/#authorImage\",\"url\":\"https:\\\/\\\/secure.gravatar.com\\\/avatar\\\/c17a617433de8c1dc9584bb79aab7563b46f5bb7e1728c9b17d9cc3ce6a08e49?s=96&d=mm&r=g\",\"width\":96,\"height\":96,\"caption\":\"administrador\"}},{\"@type\":\"WebPage\",\"@id\":\"https:\\\/\\\/newsinfoco.com.br\\\/inicio\\\/lula-la-em-cima-esta-o-helicoptero-da-rede-globo-para-falar-merda-outra-vez\\\/#webpage\",\"url\":\"https:\\\/\\\/newsinfoco.com.br\\\/inicio\\\/lula-la-em-cima-esta-o-helicoptero-da-rede-globo-para-falar-merda-outra-vez\\\/\",\"name\":\"Lula: \\u2018L\\u00e1 em cima est\\u00e1 o helic\\u00f3ptero da Rede Globo para falar merda outra vez\\u2019 - News In Foco - Editado por Caio Pimenta\",\"description\":\"O ex-presidente Lula (PT) voltou a criticar a Rede Globo logo no come\\u00e7o do seu discurso neste s\\u00e1bado (9), em um carro de som em frente ao Sindicato dos Metal\\u00fargicos do ABC, em S\\u00e3o Bernardo do Campo (SP). \\u201cL\\u00e1 em cima est\\u00e1 o helic\\u00f3ptero da Rede Globo de Televis\\u00e3o para falar merda outra vez sobre\",\"inLanguage\":\"pt-BR\",\"isPartOf\":{\"@id\":\"https:\\\/\\\/newsinfoco.com.br\\\/inicio\\\/#website\"},\"breadcrumb\":{\"@id\":\"https:\\\/\\\/newsinfoco.com.br\\\/inicio\\\/lula-la-em-cima-esta-o-helicoptero-da-rede-globo-para-falar-merda-outra-vez\\\/#breadcrumblist\"},\"author\":{\"@id\":\"https:\\\/\\\/newsinfoco.com.br\\\/inicio\\\/author\\\/administrador\\\/#author\"},\"creator\":{\"@id\":\"https:\\\/\\\/newsinfoco.com.br\\\/inicio\\\/author\\\/administrador\\\/#author\"},\"image\":{\"@type\":\"ImageObject\",\"url\":\"https:\\\/\\\/newsinfoco.com.br\\\/inicio\\\/wp-content\\\/uploads\\\/2018\\\/09\\\/lula-2.jpg\",\"@id\":\"https:\\\/\\\/newsinfoco.com.br\\\/inicio\\\/lula-la-em-cima-esta-o-helicoptero-da-rede-globo-para-falar-merda-outra-vez\\\/#mainImage\",\"width\":590,\"height\":320},\"primaryImageOfPage\":{\"@id\":\"https:\\\/\\\/newsinfoco.com.br\\\/inicio\\\/lula-la-em-cima-esta-o-helicoptero-da-rede-globo-para-falar-merda-outra-vez\\\/#mainImage\"},\"datePublished\":\"2019-11-09T21:14:16-03:00\",\"dateModified\":\"2019-11-09T21:14:16-03:00\"},{\"@type\":\"WebSite\",\"@id\":\"https:\\\/\\\/newsinfoco.com.br\\\/inicio\\\/#website\",\"url\":\"https:\\\/\\\/newsinfoco.com.br\\\/inicio\\\/\",\"name\":\"News In Foco - Editado por Caio Pimenta\",\"description\":\"O principal site de noticias de Alagoinhas e regi\\u00e3o\",\"inLanguage\":\"pt-BR\",\"publisher\":{\"@id\":\"https:\\\/\\\/newsinfoco.com.br\\\/inicio\\\/#organization\"}}]}\n\t\t<\/script>\n\t\t<!-- All in One SEO -->\n\n","aioseo_head_json":{"title":"Lula: \u2018L\u00e1 em cima est\u00e1 o helic\u00f3ptero da Rede Globo para falar merda outra vez\u2019 - News In Foco - Editado por Caio Pimenta","description":"O ex-presidente Lula (PT) voltou a criticar a Rede Globo logo no come\u00e7o do seu discurso neste s\u00e1bado (9), em um carro de som em frente ao Sindicato dos Metal\u00fargicos do ABC, em S\u00e3o Bernardo do Campo (SP). \u201cL\u00e1 em cima est\u00e1 o helic\u00f3ptero da Rede Globo de Televis\u00e3o para falar merda outra vez sobre","canonical_url":"https:\/\/newsinfoco.com.br\/inicio\/lula-la-em-cima-esta-o-helicoptero-da-rede-globo-para-falar-merda-outra-vez\/","robots":"max-image-preview:large","keywords":"","webmasterTools":{"miscellaneous":""},"schema":{"@context":"https:\/\/schema.org","@graph":[{"@type":"BlogPosting","@id":"https:\/\/newsinfoco.com.br\/inicio\/lula-la-em-cima-esta-o-helicoptero-da-rede-globo-para-falar-merda-outra-vez\/#blogposting","name":"Lula: \u2018L\u00e1 em cima est\u00e1 o helic\u00f3ptero da Rede Globo para falar merda outra vez\u2019 - News In Foco - Editado por Caio Pimenta","headline":"Lula: \u2018L\u00e1 em cima est\u00e1 o helic\u00f3ptero da Rede Globo para falar merda outra vez\u2019","author":{"@id":"https:\/\/newsinfoco.com.br\/inicio\/author\/administrador\/#author"},"publisher":{"@id":"https:\/\/newsinfoco.com.br\/inicio\/#organization"},"image":{"@type":"ImageObject","url":"https:\/\/newsinfoco.com.br\/inicio\/wp-content\/uploads\/2018\/09\/lula-2.jpg","width":590,"height":320},"datePublished":"2019-11-09T21:14:16-03:00","dateModified":"2019-11-09T21:14:16-03:00","inLanguage":"pt-BR","mainEntityOfPage":{"@id":"https:\/\/newsinfoco.com.br\/inicio\/lula-la-em-cima-esta-o-helicoptero-da-rede-globo-para-falar-merda-outra-vez\/#webpage"},"isPartOf":{"@id":"https:\/\/newsinfoco.com.br\/inicio\/lula-la-em-cima-esta-o-helicoptero-da-rede-globo-para-falar-merda-outra-vez\/#webpage"},"articleSection":"Brasil, Destaque"},{"@type":"BreadcrumbList","@id":"https:\/\/newsinfoco.com.br\/inicio\/lula-la-em-cima-esta-o-helicoptero-da-rede-globo-para-falar-merda-outra-vez\/#breadcrumblist","itemListElement":[{"@type":"ListItem","@id":"https:\/\/newsinfoco.com.br\/inicio#listItem","position":1,"name":"In\u00edcio","item":"https:\/\/newsinfoco.com.br\/inicio","nextItem":{"@type":"ListItem","@id":"https:\/\/newsinfoco.com.br\/inicio\/category\/brasil\/#listItem","name":"Brasil"}},{"@type":"ListItem","@id":"https:\/\/newsinfoco.com.br\/inicio\/category\/brasil\/#listItem","position":2,"name":"Brasil","item":"https:\/\/newsinfoco.com.br\/inicio\/category\/brasil\/","nextItem":{"@type":"ListItem","@id":"https:\/\/newsinfoco.com.br\/inicio\/lula-la-em-cima-esta-o-helicoptero-da-rede-globo-para-falar-merda-outra-vez\/#listItem","name":"Lula: \u2018L\u00e1 em cima est\u00e1 o helic\u00f3ptero da Rede Globo para falar merda outra vez\u2019"},"previousItem":{"@type":"ListItem","@id":"https:\/\/newsinfoco.com.br\/inicio#listItem","name":"In\u00edcio"}},{"@type":"ListItem","@id":"https:\/\/newsinfoco.com.br\/inicio\/lula-la-em-cima-esta-o-helicoptero-da-rede-globo-para-falar-merda-outra-vez\/#listItem","position":3,"name":"Lula: \u2018L\u00e1 em cima est\u00e1 o helic\u00f3ptero da Rede Globo para falar merda outra vez\u2019","previousItem":{"@type":"ListItem","@id":"https:\/\/newsinfoco.com.br\/inicio\/category\/brasil\/#listItem","name":"Brasil"}}]},{"@type":"Organization","@id":"https:\/\/newsinfoco.com.br\/inicio\/#organization","name":"News In Foco - Editado por Caio Pimenta","description":"O principal site de noticias de Alagoinhas e regi\u00e3o","url":"https:\/\/newsinfoco.com.br\/inicio\/"},{"@type":"Person","@id":"https:\/\/newsinfoco.com.br\/inicio\/author\/administrador\/#author","url":"https:\/\/newsinfoco.com.br\/inicio\/author\/administrador\/","name":"administrador","image":{"@type":"ImageObject","@id":"https:\/\/newsinfoco.com.br\/inicio\/lula-la-em-cima-esta-o-helicoptero-da-rede-globo-para-falar-merda-outra-vez\/#authorImage","url":"https:\/\/secure.gravatar.com\/avatar\/c17a617433de8c1dc9584bb79aab7563b46f5bb7e1728c9b17d9cc3ce6a08e49?s=96&d=mm&r=g","width":96,"height":96,"caption":"administrador"}},{"@type":"WebPage","@id":"https:\/\/newsinfoco.com.br\/inicio\/lula-la-em-cima-esta-o-helicoptero-da-rede-globo-para-falar-merda-outra-vez\/#webpage","url":"https:\/\/newsinfoco.com.br\/inicio\/lula-la-em-cima-esta-o-helicoptero-da-rede-globo-para-falar-merda-outra-vez\/","name":"Lula: \u2018L\u00e1 em cima est\u00e1 o helic\u00f3ptero da Rede Globo para falar merda outra vez\u2019 - News In Foco - Editado por Caio Pimenta","description":"O ex-presidente Lula (PT) voltou a criticar a Rede Globo logo no come\u00e7o do seu discurso neste s\u00e1bado (9), em um carro de som em frente ao Sindicato dos Metal\u00fargicos do ABC, em S\u00e3o Bernardo do Campo (SP). \u201cL\u00e1 em cima est\u00e1 o helic\u00f3ptero da Rede Globo de Televis\u00e3o para falar merda outra vez sobre","inLanguage":"pt-BR","isPartOf":{"@id":"https:\/\/newsinfoco.com.br\/inicio\/#website"},"breadcrumb":{"@id":"https:\/\/newsinfoco.com.br\/inicio\/lula-la-em-cima-esta-o-helicoptero-da-rede-globo-para-falar-merda-outra-vez\/#breadcrumblist"},"author":{"@id":"https:\/\/newsinfoco.com.br\/inicio\/author\/administrador\/#author"},"creator":{"@id":"https:\/\/newsinfoco.com.br\/inicio\/author\/administrador\/#author"},"image":{"@type":"ImageObject","url":"https:\/\/newsinfoco.com.br\/inicio\/wp-content\/uploads\/2018\/09\/lula-2.jpg","@id":"https:\/\/newsinfoco.com.br\/inicio\/lula-la-em-cima-esta-o-helicoptero-da-rede-globo-para-falar-merda-outra-vez\/#mainImage","width":590,"height":320},"primaryImageOfPage":{"@id":"https:\/\/newsinfoco.com.br\/inicio\/lula-la-em-cima-esta-o-helicoptero-da-rede-globo-para-falar-merda-outra-vez\/#mainImage"},"datePublished":"2019-11-09T21:14:16-03:00","dateModified":"2019-11-09T21:14:16-03:00"},{"@type":"WebSite","@id":"https:\/\/newsinfoco.com.br\/inicio\/#website","url":"https:\/\/newsinfoco.com.br\/inicio\/","name":"News In Foco - Editado por Caio Pimenta","description":"O principal site de noticias de Alagoinhas e regi\u00e3o","inLanguage":"pt-BR","publisher":{"@id":"https:\/\/newsinfoco.com.br\/inicio\/#organization"}}]},"og:locale":"pt_BR","og:site_name":"News In Foco - Editado por Caio Pimenta - O principal site de noticias de Alagoinhas e regi\u00e3o","og:type":"article","og:title":"Lula: \u2018L\u00e1 em cima est\u00e1 o helic\u00f3ptero da Rede Globo para falar merda outra vez\u2019 - News In Foco - Editado por Caio Pimenta","og:description":"O ex-presidente Lula (PT) voltou a criticar a Rede Globo logo no come\u00e7o do seu discurso neste s\u00e1bado (9), em um carro de som em frente ao Sindicato dos Metal\u00fargicos do ABC, em S\u00e3o Bernardo do Campo (SP). \u201cL\u00e1 em cima est\u00e1 o helic\u00f3ptero da Rede Globo de Televis\u00e3o para falar merda outra vez sobre","og:url":"https:\/\/newsinfoco.com.br\/inicio\/lula-la-em-cima-esta-o-helicoptero-da-rede-globo-para-falar-merda-outra-vez\/","article:published_time":"2019-11-09T23:14:16+00:00","article:modified_time":"2019-11-09T23:14:16+00:00","twitter:card":"summary_large_image","twitter:title":"Lula: \u2018L\u00e1 em cima est\u00e1 o helic\u00f3ptero da Rede Globo para falar merda outra vez\u2019 - News In Foco - Editado por Caio Pimenta","twitter:description":"O ex-presidente Lula (PT) voltou a criticar a Rede Globo logo no come\u00e7o do seu discurso neste s\u00e1bado (9), em um carro de som em frente ao Sindicato dos Metal\u00fargicos do ABC, em S\u00e3o Bernardo do Campo (SP). \u201cL\u00e1 em cima est\u00e1 o helic\u00f3ptero da Rede Globo de Televis\u00e3o para falar merda outra vez sobre"},"aioseo_meta_data":{"post_id":"18592","title":null,"description":null,"keywords":null,"keyphrases":null,"primary_term":null,"canonical_url":null,"og_title":null,"og_description":null,"og_object_type":"default","og_image_type":"default","og_image_url":null,"og_image_width":null,"og_image_height":null,"og_image_custom_url":null,"og_image_custom_fields":null,"og_video":null,"og_custom_url":null,"og_article_section":null,"og_article_tags":null,"twitter_use_og":false,"twitter_card":"default","twitter_image_type":"default","twitter_image_url":null,"twitter_image_custom_url":null,"twitter_image_custom_fields":null,"twitter_title":null,"twitter_description":null,"schema":{"blockGraphs":[],"customGraphs":[],"default":{"data":{"Article":[],"Course":[],"Dataset":[],"FAQPage":[],"Movie":[],"Person":[],"Product":[],"ProductReview":[],"Car":[],"Recipe":[],"Service":[],"SoftwareApplication":[],"WebPage":[]},"graphName":"","isEnabled":true},"graphs":[]},"schema_type":"default","schema_type_options":null,"pillar_content":false,"robots_default":true,"robots_noindex":false,"robots_noarchive":false,"robots_nosnippet":false,"robots_nofollow":false,"robots_noimageindex":false,"robots_noodp":false,"robots_notranslate":false,"robots_max_snippet":null,"robots_max_videopreview":null,"robots_max_imagepreview":"large","priority":null,"frequency":null,"local_seo":null,"breadcrumb_settings":null,"limit_modified_date":false,"ai":null,"created":"2023-06-12 15:13:01","updated":"2025-07-11 01:50:49","seo_analyzer_scan_date":null},"aioseo_breadcrumb":"<div class=\"aioseo-breadcrumbs\"><span class=\"aioseo-breadcrumb\">\n\t\t\t<a href=\"https:\/\/newsinfoco.com.br\/inicio\" title=\"In\u00edcio\">In\u00edcio<\/a>\n\t\t<\/span><span class=\"aioseo-breadcrumb-separator\">&raquo;<\/span><span class=\"aioseo-breadcrumb\">\n\t\t\t<a href=\"https:\/\/newsinfoco.com.br\/inicio\/category\/brasil\/\" title=\"Brasil\">Brasil<\/a>\n\t\t<\/span><span class=\"aioseo-breadcrumb-separator\">&raquo;<\/span><span class=\"aioseo-breadcrumb\">\n\t\t\tLula: \u2018L\u00e1 em cima est\u00e1 o helic\u00f3ptero da Rede Globo para falar merda outra vez\u2019\n\t\t<\/span><\/div>","aioseo_breadcrumb_json":[{"label":"In\u00edcio","link":"https:\/\/newsinfoco.com.br\/inicio"},{"label":"Brasil","link":"https:\/\/newsinfoco.com.br\/inicio\/category\/brasil\/"},{"label":"Lula: \u2018L\u00e1 em cima est\u00e1 o helic\u00f3ptero da Rede Globo para falar merda outra vez\u2019","link":"https:\/\/newsinfoco.com.br\/inicio\/lula-la-em-cima-esta-o-helicoptero-da-rede-globo-para-falar-merda-outra-vez\/"}],"_links":{"self":[{"href":"https:\/\/newsinfoco.com.br\/inicio\/wp-json\/wp\/v2\/posts\/18592","targetHints":{"allow":["GET"]}}],"collection":[{"href":"https:\/\/newsinfoco.com.br\/inicio\/wp-json\/wp\/v2\/posts"}],"about":[{"href":"https:\/\/newsinfoco.com.br\/inicio\/wp-json\/wp\/v2\/types\/post"}],"author":[{"embeddable":true,"href":"https:\/\/newsinfoco.com.br\/inicio\/wp-json\/wp\/v2\/users\/1"}],"replies":[{"embeddable":true,"href":"https:\/\/newsinfoco.com.br\/inicio\/wp-json\/wp\/v2\/comments?post=18592"}],"version-history":[{"count":0,"href":"https:\/\/newsinfoco.com.br\/inicio\/wp-json\/wp\/v2\/posts\/18592\/revisions"}],"wp:featuredmedia":[{"embeddable":true,"href":"https:\/\/newsinfoco.com.br\/inicio\/wp-json\/wp\/v2\/media\/9907"}],"wp:attachment":[{"href":"https:\/\/newsinfoco.com.br\/inicio\/wp-json\/wp\/v2\/media?parent=18592"}],"wp:term":[{"taxonomy":"category","embeddable":true,"href":"https:\/\/newsinfoco.com.br\/inicio\/wp-json\/wp\/v2\/categories?post=18592"},{"taxonomy":"post_tag","embeddable":true,"href":"https:\/\/newsinfoco.com.br\/inicio\/wp-json\/wp\/v2\/tags?post=18592"}],"curies":[{"name":"wp","href":"https:\/\/api.w.org\/{rel}","templated":true}]}}