{"id":18610,"date":"2019-11-11T21:22:41","date_gmt":"2019-11-11T23:22:41","guid":{"rendered":"http:\/\/newsinfoco.com.br\/?p=18610"},"modified":"2019-11-11T21:22:41","modified_gmt":"2019-11-11T23:22:41","slug":"novembro-azul-confira-a-programacao-do-corujao-da-saude","status":"publish","type":"post","link":"https:\/\/newsinfoco.com.br\/inicio\/novembro-azul-confira-a-programacao-do-corujao-da-saude\/","title":{"rendered":"Novembro Azul: Confira a programa\u00e7\u00e3o do Coruj\u00e3o da Sa\u00fade"},"content":{"rendered":"<p style=\"text-align: justify;\">O programa municipal que leva atendimentos \u00e0s unidades de sa\u00fade em hor\u00e1rio diferenciado, no turno da noite, para facilitar o acesso da popula\u00e7\u00e3o aos servi\u00e7os, volta em ritmo acelerado esta semana. A partir desta segunda-feira (11), a Secretaria Municipal de Sa\u00fade abre as portas de unidades que funcionar\u00e3o das 18h \u00e0s 21h especificamente voltadas ao cuidado integral \u00e0 Sa\u00fade do Homem.<\/p>\n<p style=\"text-align: justify;\">Ser\u00e3o oferecidos atendimento m\u00e9dico, odontol\u00f3gico, teste r\u00e1pido, aferi\u00e7\u00e3o de press\u00e3o e glicemia capilar, al\u00e9m de coletas de PSA e vacina\u00e7\u00e3o. De acordo com a Secretaria Municipal de Sa\u00fade, as a\u00e7\u00f5es intensificadas fazem parte da programa\u00e7\u00e3o do Novembro Azul, que sensibiliza a popula\u00e7\u00e3o quanto \u00e0 import\u00e2ncia da preven\u00e7\u00e3o, do diagn\u00f3stico precoce de doen\u00e7as e da aten\u00e7\u00e3o \u00e0 Sa\u00fade do Homem.<\/p>\n<p style=\"text-align: justify;\">\u201cO cuidado n\u00e3o deve ser circunstancial; pelo contr\u00e1rio. O intuito \u00e9 fortalecer o servi\u00e7o, ampliar o atendimento e facilitar o acesso da popula\u00e7\u00e3o aos profissionais da \u00e1rea, e isso n\u00e3o apenas nos per\u00edodos de campanha. Nosso objetivo \u00e9 fazer com que o servi\u00e7o de qualidade chegue ao nosso cidad\u00e3o. Por isso, estamos com atendimentos de ponta a ponta. E vem mais pela frente com o Acelera Sa\u00fade\u201d, afirmou a secret\u00e1ria da pasta, Rosania Rabelo.<\/p>\n<p style=\"text-align: justify;\">Tamb\u00e9m est\u00e3o previstos ainda para o m\u00eas de novembro Hora H, caravanas da sa\u00fade, realiza\u00e7\u00e3o de exames e procedimentos gratuitos voltados aos homens de Alagoinhas.<\/p>\n<p>&nbsp;<\/p>\n<div class='share-to-whatsapp-wrapper'><div class='share-on-whsp'>Share on: <\/div><a data-text='Novembro Azul: Confira a programa\u00e7\u00e3o do Coruj\u00e3o da Sa\u00fade' data-link='https:\/\/newsinfoco.com.br\/inicio\/novembro-azul-confira-a-programacao-do-corujao-da-saude\/' class='whatsapp-button whatsapp-share'>WhatsApp<\/a><div class='clear '><\/div><\/div>","protected":false},"excerpt":{"rendered":"<p>O programa municipal que leva atendimentos \u00e0s unidades de sa\u00fade em hor\u00e1rio diferenciado, no turno da noite, para facilitar o acesso da popula\u00e7\u00e3o aos servi\u00e7os, volta em ritmo acelerado esta semana. A partir desta segunda-feira (11), a Secretaria Municipal de Sa\u00fade abre as portas de unidades que funcionar\u00e3o das 18h \u00e0s 21h especificamente voltadas ao [&hellip;]<\/p>\n","protected":false},"author":1,"featured_media":18612,"comment_status":"open","ping_status":"open","sticky":false,"template":"","format":"standard","meta":{"om_disable_all_campaigns":false,"rop_custom_images_group":[],"rop_custom_messages_group":[],"rop_publish_now":"initial","rop_publish_now_accounts":[],"rop_publish_now_history":[],"rop_publish_now_status":"pending","_exactmetrics_skip_tracking":false,"footnotes":""},"categories":[38,30],"tags":[],"class_list":["post-18610","post","type-post","status-publish","format-standard","has-post-thumbnail","hentry","category-alagoinhas-e-regiao","category-destaque"],"aioseo_notices":[],"aioseo_head":"\n\t\t<!-- All in One SEO 4.9.10 - aioseo.com -->\n\t<meta name=\"description\" content=\"O programa municipal que leva atendimentos \u00e0s unidades de sa\u00fade em hor\u00e1rio diferenciado, no turno da noite, para facilitar o acesso da popula\u00e7\u00e3o aos servi\u00e7os, volta em ritmo acelerado esta semana. A partir desta segunda-feira (11), a Secretaria Municipal de Sa\u00fade abre as portas de unidades que funcionar\u00e3o das 18h \u00e0s 21h especificamente voltadas ao\" \/>\n\t<meta name=\"robots\" content=\"max-image-preview:large\" \/>\n\t<meta name=\"author\" content=\"administrador\"\/>\n\t<link rel=\"canonical\" href=\"https:\/\/newsinfoco.com.br\/inicio\/novembro-azul-confira-a-programacao-do-corujao-da-saude\/\" \/>\n\t<meta name=\"generator\" content=\"All in One SEO (AIOSEO) 4.9.10\" \/>\n\t\t<meta property=\"og:locale\" content=\"pt_BR\" \/>\n\t\t<meta property=\"og:site_name\" content=\"News In Foco - Editado por Caio Pimenta - O principal site de noticias de Alagoinhas e regi\u00e3o\" \/>\n\t\t<meta property=\"og:type\" content=\"article\" \/>\n\t\t<meta property=\"og:title\" content=\"Novembro Azul: Confira a programa\u00e7\u00e3o do Coruj\u00e3o da Sa\u00fade - News In Foco - Editado por Caio Pimenta\" \/>\n\t\t<meta property=\"og:description\" content=\"O programa municipal que leva atendimentos \u00e0s unidades de sa\u00fade em hor\u00e1rio diferenciado, no turno da noite, para facilitar o acesso da popula\u00e7\u00e3o aos servi\u00e7os, volta em ritmo acelerado esta semana. A partir desta segunda-feira (11), a Secretaria Municipal de Sa\u00fade abre as portas de unidades que funcionar\u00e3o das 18h \u00e0s 21h especificamente voltadas ao\" \/>\n\t\t<meta property=\"og:url\" content=\"https:\/\/newsinfoco.com.br\/inicio\/novembro-azul-confira-a-programacao-do-corujao-da-saude\/\" \/>\n\t\t<meta property=\"article:published_time\" content=\"2019-11-11T23:22:41+00:00\" \/>\n\t\t<meta property=\"article:modified_time\" content=\"2019-11-11T23:22:41+00:00\" \/>\n\t\t<meta name=\"twitter:card\" content=\"summary_large_image\" \/>\n\t\t<meta name=\"twitter:title\" content=\"Novembro Azul: Confira a programa\u00e7\u00e3o do Coruj\u00e3o da Sa\u00fade - News In Foco - Editado por Caio Pimenta\" \/>\n\t\t<meta name=\"twitter:description\" content=\"O programa municipal que leva atendimentos \u00e0s unidades de sa\u00fade em hor\u00e1rio diferenciado, no turno da noite, para facilitar o acesso da popula\u00e7\u00e3o aos servi\u00e7os, volta em ritmo acelerado esta semana. A partir desta segunda-feira (11), a Secretaria Municipal de Sa\u00fade abre as portas de unidades que funcionar\u00e3o das 18h \u00e0s 21h especificamente voltadas ao\" \/>\n\t\t<script type=\"application\/ld+json\" class=\"aioseo-schema\">\n\t\t\t{\"@context\":\"https:\\\/\\\/schema.org\",\"@graph\":[{\"@type\":\"BlogPosting\",\"@id\":\"https:\\\/\\\/newsinfoco.com.br\\\/inicio\\\/novembro-azul-confira-a-programacao-do-corujao-da-saude\\\/#blogposting\",\"name\":\"Novembro Azul: Confira a programa\\u00e7\\u00e3o do Coruj\\u00e3o da Sa\\u00fade - News In Foco - Editado por Caio Pimenta\",\"headline\":\"Novembro Azul: Confira a programa\\u00e7\\u00e3o do Coruj\\u00e3o da Sa\\u00fade\",\"author\":{\"@id\":\"https:\\\/\\\/newsinfoco.com.br\\\/inicio\\\/author\\\/administrador\\\/#author\"},\"publisher\":{\"@id\":\"https:\\\/\\\/newsinfoco.com.br\\\/inicio\\\/#organization\"},\"image\":{\"@type\":\"ImageObject\",\"url\":\"https:\\\/\\\/newsinfoco.com.br\\\/inicio\\\/wp-content\\\/uploads\\\/2019\\\/11\\\/CORUJ\\u00c3O-NOVEMBROAZUL-1024x1024.jpeg\",\"width\":1024,\"height\":1024},\"datePublished\":\"2019-11-11T21:22:41-03:00\",\"dateModified\":\"2019-11-11T21:22:41-03:00\",\"inLanguage\":\"pt-BR\",\"mainEntityOfPage\":{\"@id\":\"https:\\\/\\\/newsinfoco.com.br\\\/inicio\\\/novembro-azul-confira-a-programacao-do-corujao-da-saude\\\/#webpage\"},\"isPartOf\":{\"@id\":\"https:\\\/\\\/newsinfoco.com.br\\\/inicio\\\/novembro-azul-confira-a-programacao-do-corujao-da-saude\\\/#webpage\"},\"articleSection\":\"Alagoinhas e Regi\\u00e3o, Destaque\"},{\"@type\":\"BreadcrumbList\",\"@id\":\"https:\\\/\\\/newsinfoco.com.br\\\/inicio\\\/novembro-azul-confira-a-programacao-do-corujao-da-saude\\\/#breadcrumblist\",\"itemListElement\":[{\"@type\":\"ListItem\",\"@id\":\"https:\\\/\\\/newsinfoco.com.br\\\/inicio#listItem\",\"position\":1,\"name\":\"In\\u00edcio\",\"item\":\"https:\\\/\\\/newsinfoco.com.br\\\/inicio\",\"nextItem\":{\"@type\":\"ListItem\",\"@id\":\"https:\\\/\\\/newsinfoco.com.br\\\/inicio\\\/category\\\/destaque\\\/#listItem\",\"name\":\"Destaque\"}},{\"@type\":\"ListItem\",\"@id\":\"https:\\\/\\\/newsinfoco.com.br\\\/inicio\\\/category\\\/destaque\\\/#listItem\",\"position\":2,\"name\":\"Destaque\",\"item\":\"https:\\\/\\\/newsinfoco.com.br\\\/inicio\\\/category\\\/destaque\\\/\",\"nextItem\":{\"@type\":\"ListItem\",\"@id\":\"https:\\\/\\\/newsinfoco.com.br\\\/inicio\\\/novembro-azul-confira-a-programacao-do-corujao-da-saude\\\/#listItem\",\"name\":\"Novembro Azul: Confira a programa\\u00e7\\u00e3o do Coruj\\u00e3o da Sa\\u00fade\"},\"previousItem\":{\"@type\":\"ListItem\",\"@id\":\"https:\\\/\\\/newsinfoco.com.br\\\/inicio#listItem\",\"name\":\"In\\u00edcio\"}},{\"@type\":\"ListItem\",\"@id\":\"https:\\\/\\\/newsinfoco.com.br\\\/inicio\\\/novembro-azul-confira-a-programacao-do-corujao-da-saude\\\/#listItem\",\"position\":3,\"name\":\"Novembro Azul: Confira a programa\\u00e7\\u00e3o do Coruj\\u00e3o da Sa\\u00fade\",\"previousItem\":{\"@type\":\"ListItem\",\"@id\":\"https:\\\/\\\/newsinfoco.com.br\\\/inicio\\\/category\\\/destaque\\\/#listItem\",\"name\":\"Destaque\"}}]},{\"@type\":\"Organization\",\"@id\":\"https:\\\/\\\/newsinfoco.com.br\\\/inicio\\\/#organization\",\"name\":\"News In Foco - Editado por Caio Pimenta\",\"description\":\"O principal site de noticias de Alagoinhas e regi\\u00e3o\",\"url\":\"https:\\\/\\\/newsinfoco.com.br\\\/inicio\\\/\"},{\"@type\":\"Person\",\"@id\":\"https:\\\/\\\/newsinfoco.com.br\\\/inicio\\\/author\\\/administrador\\\/#author\",\"url\":\"https:\\\/\\\/newsinfoco.com.br\\\/inicio\\\/author\\\/administrador\\\/\",\"name\":\"administrador\",\"image\":{\"@type\":\"ImageObject\",\"@id\":\"https:\\\/\\\/newsinfoco.com.br\\\/inicio\\\/novembro-azul-confira-a-programacao-do-corujao-da-saude\\\/#authorImage\",\"url\":\"https:\\\/\\\/secure.gravatar.com\\\/avatar\\\/c17a617433de8c1dc9584bb79aab7563b46f5bb7e1728c9b17d9cc3ce6a08e49?s=96&d=mm&r=g\",\"width\":96,\"height\":96,\"caption\":\"administrador\"}},{\"@type\":\"WebPage\",\"@id\":\"https:\\\/\\\/newsinfoco.com.br\\\/inicio\\\/novembro-azul-confira-a-programacao-do-corujao-da-saude\\\/#webpage\",\"url\":\"https:\\\/\\\/newsinfoco.com.br\\\/inicio\\\/novembro-azul-confira-a-programacao-do-corujao-da-saude\\\/\",\"name\":\"Novembro Azul: Confira a programa\\u00e7\\u00e3o do Coruj\\u00e3o da Sa\\u00fade - News In Foco - Editado por Caio Pimenta\",\"description\":\"O programa municipal que leva atendimentos \\u00e0s unidades de sa\\u00fade em hor\\u00e1rio diferenciado, no turno da noite, para facilitar o acesso da popula\\u00e7\\u00e3o aos servi\\u00e7os, volta em ritmo acelerado esta semana. A partir desta segunda-feira (11), a Secretaria Municipal de Sa\\u00fade abre as portas de unidades que funcionar\\u00e3o das 18h \\u00e0s 21h especificamente voltadas ao\",\"inLanguage\":\"pt-BR\",\"isPartOf\":{\"@id\":\"https:\\\/\\\/newsinfoco.com.br\\\/inicio\\\/#website\"},\"breadcrumb\":{\"@id\":\"https:\\\/\\\/newsinfoco.com.br\\\/inicio\\\/novembro-azul-confira-a-programacao-do-corujao-da-saude\\\/#breadcrumblist\"},\"author\":{\"@id\":\"https:\\\/\\\/newsinfoco.com.br\\\/inicio\\\/author\\\/administrador\\\/#author\"},\"creator\":{\"@id\":\"https:\\\/\\\/newsinfoco.com.br\\\/inicio\\\/author\\\/administrador\\\/#author\"},\"image\":{\"@type\":\"ImageObject\",\"url\":\"https:\\\/\\\/newsinfoco.com.br\\\/inicio\\\/wp-content\\\/uploads\\\/2019\\\/11\\\/CORUJ\\u00c3O-NOVEMBROAZUL-1024x1024.jpeg\",\"@id\":\"https:\\\/\\\/newsinfoco.com.br\\\/inicio\\\/novembro-azul-confira-a-programacao-do-corujao-da-saude\\\/#mainImage\",\"width\":1024,\"height\":1024},\"primaryImageOfPage\":{\"@id\":\"https:\\\/\\\/newsinfoco.com.br\\\/inicio\\\/novembro-azul-confira-a-programacao-do-corujao-da-saude\\\/#mainImage\"},\"datePublished\":\"2019-11-11T21:22:41-03:00\",\"dateModified\":\"2019-11-11T21:22:41-03:00\"},{\"@type\":\"WebSite\",\"@id\":\"https:\\\/\\\/newsinfoco.com.br\\\/inicio\\\/#website\",\"url\":\"https:\\\/\\\/newsinfoco.com.br\\\/inicio\\\/\",\"name\":\"News In Foco - Editado por Caio Pimenta\",\"description\":\"O principal site de noticias de Alagoinhas e regi\\u00e3o\",\"inLanguage\":\"pt-BR\",\"publisher\":{\"@id\":\"https:\\\/\\\/newsinfoco.com.br\\\/inicio\\\/#organization\"}}]}\n\t\t<\/script>\n\t\t<!-- All in One SEO -->\n\n","aioseo_head_json":{"title":"Novembro Azul: Confira a programa\u00e7\u00e3o do Coruj\u00e3o da Sa\u00fade - News In Foco - Editado por Caio Pimenta","description":"O programa municipal que leva atendimentos \u00e0s unidades de sa\u00fade em hor\u00e1rio diferenciado, no turno da noite, para facilitar o acesso da popula\u00e7\u00e3o aos servi\u00e7os, volta em ritmo acelerado esta semana. A partir desta segunda-feira (11), a Secretaria Municipal de Sa\u00fade abre as portas de unidades que funcionar\u00e3o das 18h \u00e0s 21h especificamente voltadas ao","canonical_url":"https:\/\/newsinfoco.com.br\/inicio\/novembro-azul-confira-a-programacao-do-corujao-da-saude\/","robots":"max-image-preview:large","keywords":"","webmasterTools":{"miscellaneous":""},"schema":{"@context":"https:\/\/schema.org","@graph":[{"@type":"BlogPosting","@id":"https:\/\/newsinfoco.com.br\/inicio\/novembro-azul-confira-a-programacao-do-corujao-da-saude\/#blogposting","name":"Novembro Azul: Confira a programa\u00e7\u00e3o do Coruj\u00e3o da Sa\u00fade - News In Foco - Editado por Caio Pimenta","headline":"Novembro Azul: Confira a programa\u00e7\u00e3o do Coruj\u00e3o da Sa\u00fade","author":{"@id":"https:\/\/newsinfoco.com.br\/inicio\/author\/administrador\/#author"},"publisher":{"@id":"https:\/\/newsinfoco.com.br\/inicio\/#organization"},"image":{"@type":"ImageObject","url":"https:\/\/newsinfoco.com.br\/inicio\/wp-content\/uploads\/2019\/11\/CORUJ\u00c3O-NOVEMBROAZUL-1024x1024.jpeg","width":1024,"height":1024},"datePublished":"2019-11-11T21:22:41-03:00","dateModified":"2019-11-11T21:22:41-03:00","inLanguage":"pt-BR","mainEntityOfPage":{"@id":"https:\/\/newsinfoco.com.br\/inicio\/novembro-azul-confira-a-programacao-do-corujao-da-saude\/#webpage"},"isPartOf":{"@id":"https:\/\/newsinfoco.com.br\/inicio\/novembro-azul-confira-a-programacao-do-corujao-da-saude\/#webpage"},"articleSection":"Alagoinhas e Regi\u00e3o, Destaque"},{"@type":"BreadcrumbList","@id":"https:\/\/newsinfoco.com.br\/inicio\/novembro-azul-confira-a-programacao-do-corujao-da-saude\/#breadcrumblist","itemListElement":[{"@type":"ListItem","@id":"https:\/\/newsinfoco.com.br\/inicio#listItem","position":1,"name":"In\u00edcio","item":"https:\/\/newsinfoco.com.br\/inicio","nextItem":{"@type":"ListItem","@id":"https:\/\/newsinfoco.com.br\/inicio\/category\/destaque\/#listItem","name":"Destaque"}},{"@type":"ListItem","@id":"https:\/\/newsinfoco.com.br\/inicio\/category\/destaque\/#listItem","position":2,"name":"Destaque","item":"https:\/\/newsinfoco.com.br\/inicio\/category\/destaque\/","nextItem":{"@type":"ListItem","@id":"https:\/\/newsinfoco.com.br\/inicio\/novembro-azul-confira-a-programacao-do-corujao-da-saude\/#listItem","name":"Novembro Azul: Confira a programa\u00e7\u00e3o do Coruj\u00e3o da Sa\u00fade"},"previousItem":{"@type":"ListItem","@id":"https:\/\/newsinfoco.com.br\/inicio#listItem","name":"In\u00edcio"}},{"@type":"ListItem","@id":"https:\/\/newsinfoco.com.br\/inicio\/novembro-azul-confira-a-programacao-do-corujao-da-saude\/#listItem","position":3,"name":"Novembro Azul: Confira a programa\u00e7\u00e3o do Coruj\u00e3o da Sa\u00fade","previousItem":{"@type":"ListItem","@id":"https:\/\/newsinfoco.com.br\/inicio\/category\/destaque\/#listItem","name":"Destaque"}}]},{"@type":"Organization","@id":"https:\/\/newsinfoco.com.br\/inicio\/#organization","name":"News In Foco - Editado por Caio Pimenta","description":"O principal site de noticias de Alagoinhas e regi\u00e3o","url":"https:\/\/newsinfoco.com.br\/inicio\/"},{"@type":"Person","@id":"https:\/\/newsinfoco.com.br\/inicio\/author\/administrador\/#author","url":"https:\/\/newsinfoco.com.br\/inicio\/author\/administrador\/","name":"administrador","image":{"@type":"ImageObject","@id":"https:\/\/newsinfoco.com.br\/inicio\/novembro-azul-confira-a-programacao-do-corujao-da-saude\/#authorImage","url":"https:\/\/secure.gravatar.com\/avatar\/c17a617433de8c1dc9584bb79aab7563b46f5bb7e1728c9b17d9cc3ce6a08e49?s=96&d=mm&r=g","width":96,"height":96,"caption":"administrador"}},{"@type":"WebPage","@id":"https:\/\/newsinfoco.com.br\/inicio\/novembro-azul-confira-a-programacao-do-corujao-da-saude\/#webpage","url":"https:\/\/newsinfoco.com.br\/inicio\/novembro-azul-confira-a-programacao-do-corujao-da-saude\/","name":"Novembro Azul: Confira a programa\u00e7\u00e3o do Coruj\u00e3o da Sa\u00fade - News In Foco - Editado por Caio Pimenta","description":"O programa municipal que leva atendimentos \u00e0s unidades de sa\u00fade em hor\u00e1rio diferenciado, no turno da noite, para facilitar o acesso da popula\u00e7\u00e3o aos servi\u00e7os, volta em ritmo acelerado esta semana. A partir desta segunda-feira (11), a Secretaria Municipal de Sa\u00fade abre as portas de unidades que funcionar\u00e3o das 18h \u00e0s 21h especificamente voltadas ao","inLanguage":"pt-BR","isPartOf":{"@id":"https:\/\/newsinfoco.com.br\/inicio\/#website"},"breadcrumb":{"@id":"https:\/\/newsinfoco.com.br\/inicio\/novembro-azul-confira-a-programacao-do-corujao-da-saude\/#breadcrumblist"},"author":{"@id":"https:\/\/newsinfoco.com.br\/inicio\/author\/administrador\/#author"},"creator":{"@id":"https:\/\/newsinfoco.com.br\/inicio\/author\/administrador\/#author"},"image":{"@type":"ImageObject","url":"https:\/\/newsinfoco.com.br\/inicio\/wp-content\/uploads\/2019\/11\/CORUJ\u00c3O-NOVEMBROAZUL-1024x1024.jpeg","@id":"https:\/\/newsinfoco.com.br\/inicio\/novembro-azul-confira-a-programacao-do-corujao-da-saude\/#mainImage","width":1024,"height":1024},"primaryImageOfPage":{"@id":"https:\/\/newsinfoco.com.br\/inicio\/novembro-azul-confira-a-programacao-do-corujao-da-saude\/#mainImage"},"datePublished":"2019-11-11T21:22:41-03:00","dateModified":"2019-11-11T21:22:41-03:00"},{"@type":"WebSite","@id":"https:\/\/newsinfoco.com.br\/inicio\/#website","url":"https:\/\/newsinfoco.com.br\/inicio\/","name":"News In Foco - Editado por Caio Pimenta","description":"O principal site de noticias de Alagoinhas e regi\u00e3o","inLanguage":"pt-BR","publisher":{"@id":"https:\/\/newsinfoco.com.br\/inicio\/#organization"}}]},"og:locale":"pt_BR","og:site_name":"News In Foco - Editado por Caio Pimenta - O principal site de noticias de Alagoinhas e regi\u00e3o","og:type":"article","og:title":"Novembro Azul: Confira a programa\u00e7\u00e3o do Coruj\u00e3o da Sa\u00fade - News In Foco - Editado por Caio Pimenta","og:description":"O programa municipal que leva atendimentos \u00e0s unidades de sa\u00fade em hor\u00e1rio diferenciado, no turno da noite, para facilitar o acesso da popula\u00e7\u00e3o aos servi\u00e7os, volta em ritmo acelerado esta semana. A partir desta segunda-feira (11), a Secretaria Municipal de Sa\u00fade abre as portas de unidades que funcionar\u00e3o das 18h \u00e0s 21h especificamente voltadas ao","og:url":"https:\/\/newsinfoco.com.br\/inicio\/novembro-azul-confira-a-programacao-do-corujao-da-saude\/","article:published_time":"2019-11-11T23:22:41+00:00","article:modified_time":"2019-11-11T23:22:41+00:00","twitter:card":"summary_large_image","twitter:title":"Novembro Azul: Confira a programa\u00e7\u00e3o do Coruj\u00e3o da Sa\u00fade - News In Foco - Editado por Caio Pimenta","twitter:description":"O programa municipal que leva atendimentos \u00e0s unidades de sa\u00fade em hor\u00e1rio diferenciado, no turno da noite, para facilitar o acesso da popula\u00e7\u00e3o aos servi\u00e7os, volta em ritmo acelerado esta semana. A partir desta segunda-feira (11), a Secretaria Municipal de Sa\u00fade abre as portas de unidades que funcionar\u00e3o das 18h \u00e0s 21h especificamente voltadas ao"},"aioseo_meta_data":{"post_id":"18610","title":null,"description":null,"keywords":null,"keyphrases":null,"primary_term":null,"canonical_url":null,"og_title":null,"og_description":null,"og_object_type":"default","og_image_type":"default","og_image_url":null,"og_image_width":null,"og_image_height":null,"og_image_custom_url":null,"og_image_custom_fields":null,"og_video":null,"og_custom_url":null,"og_article_section":null,"og_article_tags":null,"twitter_use_og":false,"twitter_card":"default","twitter_image_type":"default","twitter_image_url":null,"twitter_image_custom_url":null,"twitter_image_custom_fields":null,"twitter_title":null,"twitter_description":null,"schema":{"blockGraphs":[],"customGraphs":[],"default":{"data":{"Article":[],"Course":[],"Dataset":[],"FAQPage":[],"Movie":[],"Person":[],"Product":[],"ProductReview":[],"Car":[],"Recipe":[],"Service":[],"SoftwareApplication":[],"WebPage":[]},"graphName":"","isEnabled":true},"graphs":[]},"schema_type":"default","schema_type_options":null,"pillar_content":false,"robots_default":true,"robots_noindex":false,"robots_noarchive":false,"robots_nosnippet":false,"robots_nofollow":false,"robots_noimageindex":false,"robots_noodp":false,"robots_notranslate":false,"robots_max_snippet":null,"robots_max_videopreview":null,"robots_max_imagepreview":"large","priority":null,"frequency":null,"local_seo":null,"breadcrumb_settings":null,"limit_modified_date":false,"ai":null,"created":"2023-06-12 15:13:40","updated":"2025-07-11 01:51:51","seo_analyzer_scan_date":null},"aioseo_breadcrumb":"<div class=\"aioseo-breadcrumbs\"><span class=\"aioseo-breadcrumb\">\n\t\t\t<a href=\"https:\/\/newsinfoco.com.br\/inicio\" title=\"In\u00edcio\">In\u00edcio<\/a>\n\t\t<\/span><span class=\"aioseo-breadcrumb-separator\">&raquo;<\/span><span class=\"aioseo-breadcrumb\">\n\t\t\t<a href=\"https:\/\/newsinfoco.com.br\/inicio\/category\/destaque\/\" title=\"Destaque\">Destaque<\/a>\n\t\t<\/span><span class=\"aioseo-breadcrumb-separator\">&raquo;<\/span><span class=\"aioseo-breadcrumb\">\n\t\t\tNovembro Azul: Confira a programa\u00e7\u00e3o do Coruj\u00e3o da Sa\u00fade\n\t\t<\/span><\/div>","aioseo_breadcrumb_json":[{"label":"In\u00edcio","link":"https:\/\/newsinfoco.com.br\/inicio"},{"label":"Destaque","link":"https:\/\/newsinfoco.com.br\/inicio\/category\/destaque\/"},{"label":"Novembro Azul: Confira a programa\u00e7\u00e3o do Coruj\u00e3o da Sa\u00fade","link":"https:\/\/newsinfoco.com.br\/inicio\/novembro-azul-confira-a-programacao-do-corujao-da-saude\/"}],"_links":{"self":[{"href":"https:\/\/newsinfoco.com.br\/inicio\/wp-json\/wp\/v2\/posts\/18610","targetHints":{"allow":["GET"]}}],"collection":[{"href":"https:\/\/newsinfoco.com.br\/inicio\/wp-json\/wp\/v2\/posts"}],"about":[{"href":"https:\/\/newsinfoco.com.br\/inicio\/wp-json\/wp\/v2\/types\/post"}],"author":[{"embeddable":true,"href":"https:\/\/newsinfoco.com.br\/inicio\/wp-json\/wp\/v2\/users\/1"}],"replies":[{"embeddable":true,"href":"https:\/\/newsinfoco.com.br\/inicio\/wp-json\/wp\/v2\/comments?post=18610"}],"version-history":[{"count":0,"href":"https:\/\/newsinfoco.com.br\/inicio\/wp-json\/wp\/v2\/posts\/18610\/revisions"}],"wp:featuredmedia":[{"embeddable":true,"href":"https:\/\/newsinfoco.com.br\/inicio\/wp-json\/wp\/v2\/media\/18612"}],"wp:attachment":[{"href":"https:\/\/newsinfoco.com.br\/inicio\/wp-json\/wp\/v2\/media?parent=18610"}],"wp:term":[{"taxonomy":"category","embeddable":true,"href":"https:\/\/newsinfoco.com.br\/inicio\/wp-json\/wp\/v2\/categories?post=18610"},{"taxonomy":"post_tag","embeddable":true,"href":"https:\/\/newsinfoco.com.br\/inicio\/wp-json\/wp\/v2\/tags?post=18610"}],"curies":[{"name":"wp","href":"https:\/\/api.w.org\/{rel}","templated":true}]}}