{"id":18620,"date":"2019-11-11T21:35:54","date_gmt":"2019-11-11T23:35:54","guid":{"rendered":"http:\/\/newsinfoco.com.br\/?p=18620"},"modified":"2019-11-11T21:35:54","modified_gmt":"2019-11-11T23:35:54","slug":"major-olimpio-pede-prisao-preventiva-de-lula-por-declaracoes-a-militantes","status":"publish","type":"post","link":"https:\/\/newsinfoco.com.br\/inicio\/major-olimpio-pede-prisao-preventiva-de-lula-por-declaracoes-a-militantes\/","title":{"rendered":"Major Olimpio pede pris\u00e3o preventiva de Lula por declara\u00e7\u00f5es a militantes"},"content":{"rendered":"<p style=\"text-align: justify;\">O l\u00edder do PSL no Senado, Major Olimpio (SP), entrou com uma representa\u00e7\u00e3o na Procuradoria-Geral da Rep\u00fablica (PGR) pedindo a pris\u00e3o preventiva do ex-presidente Luiz In\u00e1cio Lula da Silva com base na Lei de Seguran\u00e7a Nacional. O argumento do senador \u00e9 que o petista, livre da pris\u00e3o desde a \u00faltima sexta-feira, 8, incitou a viol\u00eancia contra a ordem p\u00fablica ao pedir para a milit\u00e2ncia \u201catacar\u201d como manifestantes no Chile.<\/p>\n<p style=\"text-align: justify;\">No s\u00e1bado, 9, em S\u00e3o Bernardo do Campo, Lula chamou militantes para uma rea\u00e7\u00e3o ao governo do presidente Jair Bolsonaro, declarando ser necess\u00e1rio \u201catacar\u201d e n\u00e3o apenas se defender. \u201c\u00c9 uma quest\u00e3o de honra a gente recuperar esse Pa\u00eds. A gente tem que seguir o exemplo do povo do Chile, do povo da Bol\u00edvia. A gente tem que resistir. N\u00e3o \u00e9 resistir. Na verdade, \u00e9 lutar, \u00e9 atacar e n\u00e3o apenas se defender. A gente est\u00e1 muito tranquilo\u201d, declarou Lula.<\/p>\n<p style=\"text-align: justify;\">Na representa\u00e7\u00e3o, Olimpio pede ao procurador-geral da Rep\u00fablica, Augusto Aras, para requerer a pris\u00e3o preventiva de Lula por incitar a subvers\u00e3o da ordem p\u00fablica e instaurar procedimentos para responsabiliza\u00e7\u00e3o por crimes previstos na Lei de Seguran\u00e7a Nacional e na legisla\u00e7\u00e3o que tipifica os crimes contra o Estado e a ordem pol\u00edtica e social.<\/p>\n<p style=\"text-align: justify;\">\u201cUma incita\u00e7\u00e3o desta natureza ultrapassa qualquer razoabilidade de liberdade de express\u00e3o e demonstra um projeto de poder que quer se utilizar da viol\u00eancia e da quebra da ordem p\u00fablica para a prote\u00e7\u00e3o de criminosos\u201d, diz Olimpio no documento encaminhado \u00e0 PGR.<\/p>\n<div class='share-to-whatsapp-wrapper'><div class='share-on-whsp'>Share on: <\/div><a data-text='Major Olimpio pede pris\u00e3o preventiva de Lula por declara\u00e7\u00f5es a militantes' data-link='https:\/\/newsinfoco.com.br\/inicio\/major-olimpio-pede-prisao-preventiva-de-lula-por-declaracoes-a-militantes\/' class='whatsapp-button whatsapp-share'>WhatsApp<\/a><div class='clear '><\/div><\/div>","protected":false},"excerpt":{"rendered":"<p>O l\u00edder do PSL no Senado, Major Olimpio (SP), entrou com uma representa\u00e7\u00e3o na Procuradoria-Geral da Rep\u00fablica (PGR) pedindo a pris\u00e3o preventiva do ex-presidente Luiz In\u00e1cio Lula da Silva com base na Lei de Seguran\u00e7a Nacional. O argumento do senador \u00e9 que o petista, livre da pris\u00e3o desde a \u00faltima sexta-feira, 8, incitou a viol\u00eancia [&hellip;]<\/p>\n","protected":false},"author":1,"featured_media":18621,"comment_status":"open","ping_status":"open","sticky":false,"template":"","format":"standard","meta":{"om_disable_all_campaigns":false,"rop_custom_images_group":[],"rop_custom_messages_group":[],"rop_publish_now":"initial","rop_publish_now_accounts":[],"rop_publish_now_history":[],"rop_publish_now_status":"pending","_exactmetrics_skip_tracking":false,"footnotes":""},"categories":[21,30],"tags":[],"class_list":["post-18620","post","type-post","status-publish","format-standard","has-post-thumbnail","hentry","category-brasil","category-destaque"],"aioseo_notices":[],"aioseo_head":"\n\t\t<!-- All in One SEO 4.9.10 - aioseo.com -->\n\t<meta name=\"description\" content=\"O l\u00edder do PSL no Senado, Major Olimpio (SP), entrou com uma representa\u00e7\u00e3o na Procuradoria-Geral da Rep\u00fablica (PGR) pedindo a pris\u00e3o preventiva do ex-presidente Luiz In\u00e1cio Lula da Silva com base na Lei de Seguran\u00e7a Nacional. O argumento do senador \u00e9 que o petista, livre da pris\u00e3o desde a \u00faltima sexta-feira, 8, incitou a viol\u00eancia\" \/>\n\t<meta name=\"robots\" content=\"max-image-preview:large\" \/>\n\t<meta name=\"author\" content=\"administrador\"\/>\n\t<link rel=\"canonical\" href=\"https:\/\/newsinfoco.com.br\/inicio\/major-olimpio-pede-prisao-preventiva-de-lula-por-declaracoes-a-militantes\/\" \/>\n\t<meta name=\"generator\" content=\"All in One SEO (AIOSEO) 4.9.10\" \/>\n\t\t<meta property=\"og:locale\" content=\"pt_BR\" \/>\n\t\t<meta property=\"og:site_name\" content=\"News In Foco - Editado por Caio Pimenta - O principal site de noticias de Alagoinhas e regi\u00e3o\" \/>\n\t\t<meta property=\"og:type\" content=\"article\" \/>\n\t\t<meta property=\"og:title\" content=\"Major Olimpio pede pris\u00e3o preventiva de Lula por declara\u00e7\u00f5es a militantes - News In Foco - Editado por Caio Pimenta\" \/>\n\t\t<meta property=\"og:description\" content=\"O l\u00edder do PSL no Senado, Major Olimpio (SP), entrou com uma representa\u00e7\u00e3o na Procuradoria-Geral da Rep\u00fablica (PGR) pedindo a pris\u00e3o preventiva do ex-presidente Luiz In\u00e1cio Lula da Silva com base na Lei de Seguran\u00e7a Nacional. O argumento do senador \u00e9 que o petista, livre da pris\u00e3o desde a \u00faltima sexta-feira, 8, incitou a viol\u00eancia\" \/>\n\t\t<meta property=\"og:url\" content=\"https:\/\/newsinfoco.com.br\/inicio\/major-olimpio-pede-prisao-preventiva-de-lula-por-declaracoes-a-militantes\/\" \/>\n\t\t<meta property=\"article:published_time\" content=\"2019-11-11T23:35:54+00:00\" \/>\n\t\t<meta property=\"article:modified_time\" content=\"2019-11-11T23:35:54+00:00\" \/>\n\t\t<meta name=\"twitter:card\" content=\"summary_large_image\" \/>\n\t\t<meta name=\"twitter:title\" content=\"Major Olimpio pede pris\u00e3o preventiva de Lula por declara\u00e7\u00f5es a militantes - News In Foco - Editado por Caio Pimenta\" \/>\n\t\t<meta name=\"twitter:description\" content=\"O l\u00edder do PSL no Senado, Major Olimpio (SP), entrou com uma representa\u00e7\u00e3o na Procuradoria-Geral da Rep\u00fablica (PGR) pedindo a pris\u00e3o preventiva do ex-presidente Luiz In\u00e1cio Lula da Silva com base na Lei de Seguran\u00e7a Nacional. O argumento do senador \u00e9 que o petista, livre da pris\u00e3o desde a \u00faltima sexta-feira, 8, incitou a viol\u00eancia\" \/>\n\t\t<script type=\"application\/ld+json\" class=\"aioseo-schema\">\n\t\t\t{\"@context\":\"https:\\\/\\\/schema.org\",\"@graph\":[{\"@type\":\"BlogPosting\",\"@id\":\"https:\\\/\\\/newsinfoco.com.br\\\/inicio\\\/major-olimpio-pede-prisao-preventiva-de-lula-por-declaracoes-a-militantes\\\/#blogposting\",\"name\":\"Major Olimpio pede pris\\u00e3o preventiva de Lula por declara\\u00e7\\u00f5es a militantes - News In Foco - Editado por Caio Pimenta\",\"headline\":\"Major Olimpio pede pris\\u00e3o preventiva de Lula por declara\\u00e7\\u00f5es a militantes\",\"author\":{\"@id\":\"https:\\\/\\\/newsinfoco.com.br\\\/inicio\\\/author\\\/administrador\\\/#author\"},\"publisher\":{\"@id\":\"https:\\\/\\\/newsinfoco.com.br\\\/inicio\\\/#organization\"},\"image\":{\"@type\":\"ImageObject\",\"url\":\"https:\\\/\\\/newsinfoco.com.br\\\/inicio\\\/wp-content\\\/uploads\\\/2019\\\/11\\\/transferir-1-1.jpg\",\"width\":201,\"height\":251},\"datePublished\":\"2019-11-11T21:35:54-03:00\",\"dateModified\":\"2019-11-11T21:35:54-03:00\",\"inLanguage\":\"pt-BR\",\"mainEntityOfPage\":{\"@id\":\"https:\\\/\\\/newsinfoco.com.br\\\/inicio\\\/major-olimpio-pede-prisao-preventiva-de-lula-por-declaracoes-a-militantes\\\/#webpage\"},\"isPartOf\":{\"@id\":\"https:\\\/\\\/newsinfoco.com.br\\\/inicio\\\/major-olimpio-pede-prisao-preventiva-de-lula-por-declaracoes-a-militantes\\\/#webpage\"},\"articleSection\":\"Brasil, Destaque\"},{\"@type\":\"BreadcrumbList\",\"@id\":\"https:\\\/\\\/newsinfoco.com.br\\\/inicio\\\/major-olimpio-pede-prisao-preventiva-de-lula-por-declaracoes-a-militantes\\\/#breadcrumblist\",\"itemListElement\":[{\"@type\":\"ListItem\",\"@id\":\"https:\\\/\\\/newsinfoco.com.br\\\/inicio#listItem\",\"position\":1,\"name\":\"In\\u00edcio\",\"item\":\"https:\\\/\\\/newsinfoco.com.br\\\/inicio\",\"nextItem\":{\"@type\":\"ListItem\",\"@id\":\"https:\\\/\\\/newsinfoco.com.br\\\/inicio\\\/category\\\/brasil\\\/#listItem\",\"name\":\"Brasil\"}},{\"@type\":\"ListItem\",\"@id\":\"https:\\\/\\\/newsinfoco.com.br\\\/inicio\\\/category\\\/brasil\\\/#listItem\",\"position\":2,\"name\":\"Brasil\",\"item\":\"https:\\\/\\\/newsinfoco.com.br\\\/inicio\\\/category\\\/brasil\\\/\",\"nextItem\":{\"@type\":\"ListItem\",\"@id\":\"https:\\\/\\\/newsinfoco.com.br\\\/inicio\\\/major-olimpio-pede-prisao-preventiva-de-lula-por-declaracoes-a-militantes\\\/#listItem\",\"name\":\"Major Olimpio pede pris\\u00e3o preventiva de Lula por declara\\u00e7\\u00f5es a militantes\"},\"previousItem\":{\"@type\":\"ListItem\",\"@id\":\"https:\\\/\\\/newsinfoco.com.br\\\/inicio#listItem\",\"name\":\"In\\u00edcio\"}},{\"@type\":\"ListItem\",\"@id\":\"https:\\\/\\\/newsinfoco.com.br\\\/inicio\\\/major-olimpio-pede-prisao-preventiva-de-lula-por-declaracoes-a-militantes\\\/#listItem\",\"position\":3,\"name\":\"Major Olimpio pede pris\\u00e3o preventiva de Lula por declara\\u00e7\\u00f5es a militantes\",\"previousItem\":{\"@type\":\"ListItem\",\"@id\":\"https:\\\/\\\/newsinfoco.com.br\\\/inicio\\\/category\\\/brasil\\\/#listItem\",\"name\":\"Brasil\"}}]},{\"@type\":\"Organization\",\"@id\":\"https:\\\/\\\/newsinfoco.com.br\\\/inicio\\\/#organization\",\"name\":\"News In Foco - Editado por Caio Pimenta\",\"description\":\"O principal site de noticias de Alagoinhas e regi\\u00e3o\",\"url\":\"https:\\\/\\\/newsinfoco.com.br\\\/inicio\\\/\"},{\"@type\":\"Person\",\"@id\":\"https:\\\/\\\/newsinfoco.com.br\\\/inicio\\\/author\\\/administrador\\\/#author\",\"url\":\"https:\\\/\\\/newsinfoco.com.br\\\/inicio\\\/author\\\/administrador\\\/\",\"name\":\"administrador\",\"image\":{\"@type\":\"ImageObject\",\"@id\":\"https:\\\/\\\/newsinfoco.com.br\\\/inicio\\\/major-olimpio-pede-prisao-preventiva-de-lula-por-declaracoes-a-militantes\\\/#authorImage\",\"url\":\"https:\\\/\\\/secure.gravatar.com\\\/avatar\\\/c17a617433de8c1dc9584bb79aab7563b46f5bb7e1728c9b17d9cc3ce6a08e49?s=96&d=mm&r=g\",\"width\":96,\"height\":96,\"caption\":\"administrador\"}},{\"@type\":\"WebPage\",\"@id\":\"https:\\\/\\\/newsinfoco.com.br\\\/inicio\\\/major-olimpio-pede-prisao-preventiva-de-lula-por-declaracoes-a-militantes\\\/#webpage\",\"url\":\"https:\\\/\\\/newsinfoco.com.br\\\/inicio\\\/major-olimpio-pede-prisao-preventiva-de-lula-por-declaracoes-a-militantes\\\/\",\"name\":\"Major Olimpio pede pris\\u00e3o preventiva de Lula por declara\\u00e7\\u00f5es a militantes - News In Foco - Editado por Caio Pimenta\",\"description\":\"O l\\u00edder do PSL no Senado, Major Olimpio (SP), entrou com uma representa\\u00e7\\u00e3o na Procuradoria-Geral da Rep\\u00fablica (PGR) pedindo a pris\\u00e3o preventiva do ex-presidente Luiz In\\u00e1cio Lula da Silva com base na Lei de Seguran\\u00e7a Nacional. O argumento do senador \\u00e9 que o petista, livre da pris\\u00e3o desde a \\u00faltima sexta-feira, 8, incitou a viol\\u00eancia\",\"inLanguage\":\"pt-BR\",\"isPartOf\":{\"@id\":\"https:\\\/\\\/newsinfoco.com.br\\\/inicio\\\/#website\"},\"breadcrumb\":{\"@id\":\"https:\\\/\\\/newsinfoco.com.br\\\/inicio\\\/major-olimpio-pede-prisao-preventiva-de-lula-por-declaracoes-a-militantes\\\/#breadcrumblist\"},\"author\":{\"@id\":\"https:\\\/\\\/newsinfoco.com.br\\\/inicio\\\/author\\\/administrador\\\/#author\"},\"creator\":{\"@id\":\"https:\\\/\\\/newsinfoco.com.br\\\/inicio\\\/author\\\/administrador\\\/#author\"},\"image\":{\"@type\":\"ImageObject\",\"url\":\"https:\\\/\\\/newsinfoco.com.br\\\/inicio\\\/wp-content\\\/uploads\\\/2019\\\/11\\\/transferir-1-1.jpg\",\"@id\":\"https:\\\/\\\/newsinfoco.com.br\\\/inicio\\\/major-olimpio-pede-prisao-preventiva-de-lula-por-declaracoes-a-militantes\\\/#mainImage\",\"width\":201,\"height\":251},\"primaryImageOfPage\":{\"@id\":\"https:\\\/\\\/newsinfoco.com.br\\\/inicio\\\/major-olimpio-pede-prisao-preventiva-de-lula-por-declaracoes-a-militantes\\\/#mainImage\"},\"datePublished\":\"2019-11-11T21:35:54-03:00\",\"dateModified\":\"2019-11-11T21:35:54-03:00\"},{\"@type\":\"WebSite\",\"@id\":\"https:\\\/\\\/newsinfoco.com.br\\\/inicio\\\/#website\",\"url\":\"https:\\\/\\\/newsinfoco.com.br\\\/inicio\\\/\",\"name\":\"News In Foco - Editado por Caio Pimenta\",\"description\":\"O principal site de noticias de Alagoinhas e regi\\u00e3o\",\"inLanguage\":\"pt-BR\",\"publisher\":{\"@id\":\"https:\\\/\\\/newsinfoco.com.br\\\/inicio\\\/#organization\"}}]}\n\t\t<\/script>\n\t\t<!-- All in One SEO -->\n\n","aioseo_head_json":{"title":"Major Olimpio pede pris\u00e3o preventiva de Lula por declara\u00e7\u00f5es a militantes - News In Foco - Editado por Caio Pimenta","description":"O l\u00edder do PSL no Senado, Major Olimpio (SP), entrou com uma representa\u00e7\u00e3o na Procuradoria-Geral da Rep\u00fablica (PGR) pedindo a pris\u00e3o preventiva do ex-presidente Luiz In\u00e1cio Lula da Silva com base na Lei de Seguran\u00e7a Nacional. O argumento do senador \u00e9 que o petista, livre da pris\u00e3o desde a \u00faltima sexta-feira, 8, incitou a viol\u00eancia","canonical_url":"https:\/\/newsinfoco.com.br\/inicio\/major-olimpio-pede-prisao-preventiva-de-lula-por-declaracoes-a-militantes\/","robots":"max-image-preview:large","keywords":"","webmasterTools":{"miscellaneous":""},"schema":{"@context":"https:\/\/schema.org","@graph":[{"@type":"BlogPosting","@id":"https:\/\/newsinfoco.com.br\/inicio\/major-olimpio-pede-prisao-preventiva-de-lula-por-declaracoes-a-militantes\/#blogposting","name":"Major Olimpio pede pris\u00e3o preventiva de Lula por declara\u00e7\u00f5es a militantes - News In Foco - Editado por Caio Pimenta","headline":"Major Olimpio pede pris\u00e3o preventiva de Lula por declara\u00e7\u00f5es a militantes","author":{"@id":"https:\/\/newsinfoco.com.br\/inicio\/author\/administrador\/#author"},"publisher":{"@id":"https:\/\/newsinfoco.com.br\/inicio\/#organization"},"image":{"@type":"ImageObject","url":"https:\/\/newsinfoco.com.br\/inicio\/wp-content\/uploads\/2019\/11\/transferir-1-1.jpg","width":201,"height":251},"datePublished":"2019-11-11T21:35:54-03:00","dateModified":"2019-11-11T21:35:54-03:00","inLanguage":"pt-BR","mainEntityOfPage":{"@id":"https:\/\/newsinfoco.com.br\/inicio\/major-olimpio-pede-prisao-preventiva-de-lula-por-declaracoes-a-militantes\/#webpage"},"isPartOf":{"@id":"https:\/\/newsinfoco.com.br\/inicio\/major-olimpio-pede-prisao-preventiva-de-lula-por-declaracoes-a-militantes\/#webpage"},"articleSection":"Brasil, Destaque"},{"@type":"BreadcrumbList","@id":"https:\/\/newsinfoco.com.br\/inicio\/major-olimpio-pede-prisao-preventiva-de-lula-por-declaracoes-a-militantes\/#breadcrumblist","itemListElement":[{"@type":"ListItem","@id":"https:\/\/newsinfoco.com.br\/inicio#listItem","position":1,"name":"In\u00edcio","item":"https:\/\/newsinfoco.com.br\/inicio","nextItem":{"@type":"ListItem","@id":"https:\/\/newsinfoco.com.br\/inicio\/category\/brasil\/#listItem","name":"Brasil"}},{"@type":"ListItem","@id":"https:\/\/newsinfoco.com.br\/inicio\/category\/brasil\/#listItem","position":2,"name":"Brasil","item":"https:\/\/newsinfoco.com.br\/inicio\/category\/brasil\/","nextItem":{"@type":"ListItem","@id":"https:\/\/newsinfoco.com.br\/inicio\/major-olimpio-pede-prisao-preventiva-de-lula-por-declaracoes-a-militantes\/#listItem","name":"Major Olimpio pede pris\u00e3o preventiva de Lula por declara\u00e7\u00f5es a militantes"},"previousItem":{"@type":"ListItem","@id":"https:\/\/newsinfoco.com.br\/inicio#listItem","name":"In\u00edcio"}},{"@type":"ListItem","@id":"https:\/\/newsinfoco.com.br\/inicio\/major-olimpio-pede-prisao-preventiva-de-lula-por-declaracoes-a-militantes\/#listItem","position":3,"name":"Major Olimpio pede pris\u00e3o preventiva de Lula por declara\u00e7\u00f5es a militantes","previousItem":{"@type":"ListItem","@id":"https:\/\/newsinfoco.com.br\/inicio\/category\/brasil\/#listItem","name":"Brasil"}}]},{"@type":"Organization","@id":"https:\/\/newsinfoco.com.br\/inicio\/#organization","name":"News In Foco - Editado por Caio Pimenta","description":"O principal site de noticias de Alagoinhas e regi\u00e3o","url":"https:\/\/newsinfoco.com.br\/inicio\/"},{"@type":"Person","@id":"https:\/\/newsinfoco.com.br\/inicio\/author\/administrador\/#author","url":"https:\/\/newsinfoco.com.br\/inicio\/author\/administrador\/","name":"administrador","image":{"@type":"ImageObject","@id":"https:\/\/newsinfoco.com.br\/inicio\/major-olimpio-pede-prisao-preventiva-de-lula-por-declaracoes-a-militantes\/#authorImage","url":"https:\/\/secure.gravatar.com\/avatar\/c17a617433de8c1dc9584bb79aab7563b46f5bb7e1728c9b17d9cc3ce6a08e49?s=96&d=mm&r=g","width":96,"height":96,"caption":"administrador"}},{"@type":"WebPage","@id":"https:\/\/newsinfoco.com.br\/inicio\/major-olimpio-pede-prisao-preventiva-de-lula-por-declaracoes-a-militantes\/#webpage","url":"https:\/\/newsinfoco.com.br\/inicio\/major-olimpio-pede-prisao-preventiva-de-lula-por-declaracoes-a-militantes\/","name":"Major Olimpio pede pris\u00e3o preventiva de Lula por declara\u00e7\u00f5es a militantes - News In Foco - Editado por Caio Pimenta","description":"O l\u00edder do PSL no Senado, Major Olimpio (SP), entrou com uma representa\u00e7\u00e3o na Procuradoria-Geral da Rep\u00fablica (PGR) pedindo a pris\u00e3o preventiva do ex-presidente Luiz In\u00e1cio Lula da Silva com base na Lei de Seguran\u00e7a Nacional. O argumento do senador \u00e9 que o petista, livre da pris\u00e3o desde a \u00faltima sexta-feira, 8, incitou a viol\u00eancia","inLanguage":"pt-BR","isPartOf":{"@id":"https:\/\/newsinfoco.com.br\/inicio\/#website"},"breadcrumb":{"@id":"https:\/\/newsinfoco.com.br\/inicio\/major-olimpio-pede-prisao-preventiva-de-lula-por-declaracoes-a-militantes\/#breadcrumblist"},"author":{"@id":"https:\/\/newsinfoco.com.br\/inicio\/author\/administrador\/#author"},"creator":{"@id":"https:\/\/newsinfoco.com.br\/inicio\/author\/administrador\/#author"},"image":{"@type":"ImageObject","url":"https:\/\/newsinfoco.com.br\/inicio\/wp-content\/uploads\/2019\/11\/transferir-1-1.jpg","@id":"https:\/\/newsinfoco.com.br\/inicio\/major-olimpio-pede-prisao-preventiva-de-lula-por-declaracoes-a-militantes\/#mainImage","width":201,"height":251},"primaryImageOfPage":{"@id":"https:\/\/newsinfoco.com.br\/inicio\/major-olimpio-pede-prisao-preventiva-de-lula-por-declaracoes-a-militantes\/#mainImage"},"datePublished":"2019-11-11T21:35:54-03:00","dateModified":"2019-11-11T21:35:54-03:00"},{"@type":"WebSite","@id":"https:\/\/newsinfoco.com.br\/inicio\/#website","url":"https:\/\/newsinfoco.com.br\/inicio\/","name":"News In Foco - Editado por Caio Pimenta","description":"O principal site de noticias de Alagoinhas e regi\u00e3o","inLanguage":"pt-BR","publisher":{"@id":"https:\/\/newsinfoco.com.br\/inicio\/#organization"}}]},"og:locale":"pt_BR","og:site_name":"News In Foco - Editado por Caio Pimenta - O principal site de noticias de Alagoinhas e regi\u00e3o","og:type":"article","og:title":"Major Olimpio pede pris\u00e3o preventiva de Lula por declara\u00e7\u00f5es a militantes - News In Foco - Editado por Caio Pimenta","og:description":"O l\u00edder do PSL no Senado, Major Olimpio (SP), entrou com uma representa\u00e7\u00e3o na Procuradoria-Geral da Rep\u00fablica (PGR) pedindo a pris\u00e3o preventiva do ex-presidente Luiz In\u00e1cio Lula da Silva com base na Lei de Seguran\u00e7a Nacional. O argumento do senador \u00e9 que o petista, livre da pris\u00e3o desde a \u00faltima sexta-feira, 8, incitou a viol\u00eancia","og:url":"https:\/\/newsinfoco.com.br\/inicio\/major-olimpio-pede-prisao-preventiva-de-lula-por-declaracoes-a-militantes\/","article:published_time":"2019-11-11T23:35:54+00:00","article:modified_time":"2019-11-11T23:35:54+00:00","twitter:card":"summary_large_image","twitter:title":"Major Olimpio pede pris\u00e3o preventiva de Lula por declara\u00e7\u00f5es a militantes - News In Foco - Editado por Caio Pimenta","twitter:description":"O l\u00edder do PSL no Senado, Major Olimpio (SP), entrou com uma representa\u00e7\u00e3o na Procuradoria-Geral da Rep\u00fablica (PGR) pedindo a pris\u00e3o preventiva do ex-presidente Luiz In\u00e1cio Lula da Silva com base na Lei de Seguran\u00e7a Nacional. O argumento do senador \u00e9 que o petista, livre da pris\u00e3o desde a \u00faltima sexta-feira, 8, incitou a viol\u00eancia"},"aioseo_meta_data":{"post_id":"18620","title":null,"description":null,"keywords":null,"keyphrases":null,"primary_term":null,"canonical_url":null,"og_title":null,"og_description":null,"og_object_type":"default","og_image_type":"default","og_image_url":null,"og_image_width":null,"og_image_height":null,"og_image_custom_url":null,"og_image_custom_fields":null,"og_video":null,"og_custom_url":null,"og_article_section":null,"og_article_tags":null,"twitter_use_og":false,"twitter_card":"default","twitter_image_type":"default","twitter_image_url":null,"twitter_image_custom_url":null,"twitter_image_custom_fields":null,"twitter_title":null,"twitter_description":null,"schema":{"blockGraphs":[],"customGraphs":[],"default":{"data":{"Article":[],"Course":[],"Dataset":[],"FAQPage":[],"Movie":[],"Person":[],"Product":[],"ProductReview":[],"Car":[],"Recipe":[],"Service":[],"SoftwareApplication":[],"WebPage":[]},"graphName":"","isEnabled":true},"graphs":[]},"schema_type":"default","schema_type_options":null,"pillar_content":false,"robots_default":true,"robots_noindex":false,"robots_noarchive":false,"robots_nosnippet":false,"robots_nofollow":false,"robots_noimageindex":false,"robots_noodp":false,"robots_notranslate":false,"robots_max_snippet":null,"robots_max_videopreview":null,"robots_max_imagepreview":"large","priority":null,"frequency":null,"local_seo":null,"breadcrumb_settings":null,"limit_modified_date":false,"ai":null,"created":"2023-06-12 15:13:40","updated":"2025-07-11 01:51:51","seo_analyzer_scan_date":null},"aioseo_breadcrumb":"<div class=\"aioseo-breadcrumbs\"><span class=\"aioseo-breadcrumb\">\n\t\t\t<a href=\"https:\/\/newsinfoco.com.br\/inicio\" title=\"In\u00edcio\">In\u00edcio<\/a>\n\t\t<\/span><span class=\"aioseo-breadcrumb-separator\">&raquo;<\/span><span class=\"aioseo-breadcrumb\">\n\t\t\t<a href=\"https:\/\/newsinfoco.com.br\/inicio\/category\/brasil\/\" title=\"Brasil\">Brasil<\/a>\n\t\t<\/span><span class=\"aioseo-breadcrumb-separator\">&raquo;<\/span><span class=\"aioseo-breadcrumb\">\n\t\t\tMajor Olimpio pede pris\u00e3o preventiva de Lula por declara\u00e7\u00f5es a militantes\n\t\t<\/span><\/div>","aioseo_breadcrumb_json":[{"label":"In\u00edcio","link":"https:\/\/newsinfoco.com.br\/inicio"},{"label":"Brasil","link":"https:\/\/newsinfoco.com.br\/inicio\/category\/brasil\/"},{"label":"Major Olimpio pede pris\u00e3o preventiva de Lula por declara\u00e7\u00f5es a militantes","link":"https:\/\/newsinfoco.com.br\/inicio\/major-olimpio-pede-prisao-preventiva-de-lula-por-declaracoes-a-militantes\/"}],"_links":{"self":[{"href":"https:\/\/newsinfoco.com.br\/inicio\/wp-json\/wp\/v2\/posts\/18620","targetHints":{"allow":["GET"]}}],"collection":[{"href":"https:\/\/newsinfoco.com.br\/inicio\/wp-json\/wp\/v2\/posts"}],"about":[{"href":"https:\/\/newsinfoco.com.br\/inicio\/wp-json\/wp\/v2\/types\/post"}],"author":[{"embeddable":true,"href":"https:\/\/newsinfoco.com.br\/inicio\/wp-json\/wp\/v2\/users\/1"}],"replies":[{"embeddable":true,"href":"https:\/\/newsinfoco.com.br\/inicio\/wp-json\/wp\/v2\/comments?post=18620"}],"version-history":[{"count":0,"href":"https:\/\/newsinfoco.com.br\/inicio\/wp-json\/wp\/v2\/posts\/18620\/revisions"}],"wp:featuredmedia":[{"embeddable":true,"href":"https:\/\/newsinfoco.com.br\/inicio\/wp-json\/wp\/v2\/media\/18621"}],"wp:attachment":[{"href":"https:\/\/newsinfoco.com.br\/inicio\/wp-json\/wp\/v2\/media?parent=18620"}],"wp:term":[{"taxonomy":"category","embeddable":true,"href":"https:\/\/newsinfoco.com.br\/inicio\/wp-json\/wp\/v2\/categories?post=18620"},{"taxonomy":"post_tag","embeddable":true,"href":"https:\/\/newsinfoco.com.br\/inicio\/wp-json\/wp\/v2\/tags?post=18620"}],"curies":[{"name":"wp","href":"https:\/\/api.w.org\/{rel}","templated":true}]}}