{"id":18638,"date":"2019-11-11T22:03:53","date_gmt":"2019-11-12T00:03:53","guid":{"rendered":"http:\/\/newsinfoco.com.br\/?p=18638"},"modified":"2019-11-11T22:03:53","modified_gmt":"2019-11-12T00:03:53","slug":"enem-aluno-prejudicado-por-questao-logistica-pode-pedir-reaplicacao-do-exame","status":"publish","type":"post","link":"https:\/\/newsinfoco.com.br\/inicio\/enem-aluno-prejudicado-por-questao-logistica-pode-pedir-reaplicacao-do-exame\/","title":{"rendered":"Enem: Aluno prejudicado por quest\u00e3o log\u00edstica pode pedir reaplica\u00e7\u00e3o do exame"},"content":{"rendered":"<div class=\"box-body\" data-io-article-url=\"https:\/\/www.bahianoticias.com.br\/noticia\/241327-enem-aluno-prejudicado-por-questao-logistica-pode-pedir-reaplicacao-do-exame.html\">\n<div class=\"text-descricao\">\n<p>O inscritos no Exame Nacional do Ensino M\u00e9dio (Enem) que se sentiram prejudicados por quest\u00f5es log\u00edsticas na hora da prova podem entrar com recurso e solicitar a reaplica\u00e7\u00e3o do exame a partir desta segunda-feira (11). Para isso, o participante deve fazer um pedido atrav\u00e9s da P\u00e1gina do Participante at\u00e9 o dia 18 de novembro.<\/p>\n<p>Mesmo com o pedido, n\u00e3o h\u00e1 garantia de que o estudante realmente ter\u00e1 direito a refazer o exame, de acordo com o Instituto Nacional de Estudos e Pesquisas Educacionais (Inep). Os casos ser\u00e3o analisados, individualmente, pela Comiss\u00e3o de Demandas da autarquia.<\/p><div class=\"newsi-conteudo_19\" id=\"newsi-1783943634\"><a href=\"https:\/\/www.instagram.com\/prefeituraalagoinhas?igsh=YzgzdDJ1bWR3aWI4\" aria-label=\"SAVE_20251006_221555\"><img loading=\"lazy\" decoding=\"async\" src=\"https:\/\/newsinfoco.com.br\/inicio\/wp-content\/uploads\/2025\/10\/SAVE_20251006_221555-rotated.jpg\" alt=\"\"  srcset=\"https:\/\/newsinfoco.com.br\/inicio\/wp-content\/uploads\/2025\/10\/SAVE_20251006_221555-rotated.jpg 1140w, https:\/\/newsinfoco.com.br\/inicio\/wp-content\/uploads\/2025\/10\/SAVE_20251006_221555-300x52.jpg 300w, https:\/\/newsinfoco.com.br\/inicio\/wp-content\/uploads\/2025\/10\/SAVE_20251006_221555-1024x177.jpg 1024w, https:\/\/newsinfoco.com.br\/inicio\/wp-content\/uploads\/2025\/10\/SAVE_20251006_221555-768x133.jpg 768w, https:\/\/newsinfoco.com.br\/inicio\/wp-content\/uploads\/2025\/10\/SAVE_20251006_221555-600x104.jpg 600w, https:\/\/newsinfoco.com.br\/inicio\/wp-content\/uploads\/2025\/10\/SAVE_20251006_221555-696x120.jpg 696w, https:\/\/newsinfoco.com.br\/inicio\/wp-content\/uploads\/2025\/10\/SAVE_20251006_221555-1068x185.jpg 1068w\" sizes=\"(max-width: 1140px) 100vw, 1140px\" width=\"1140\" height=\"197\"   \/><\/a><\/div>\n<p>O edital do Enem classifica como problemas log\u00edsticos fatores como desastres naturais que prejudiquem a aplica\u00e7\u00e3o devido ao comprometimento da infraestrutura do local, falta de energia el\u00e9trica que comprometa a visibilidade da prova pela aus\u00eancia de luz natural e erro de execu\u00e7\u00e3o de procedimento de aplica\u00e7\u00e3o pelo aplicador que leve ao comprovado preju\u00edzo do participante.<\/p>\n<p>Os estudantes que sentiram alguma indisposi\u00e7\u00e3o ou problema de sa\u00fade e tiveram que sair da sala onde estava sendo aplicada a prova n\u00e3o ter\u00e3o direito \u00e0 reaplica\u00e7\u00e3o, segundo as regras do exame.<\/p>\n<p>O resultado dos pedidos ser\u00e1 publicado tamb\u00e9m na P\u00e1gina do Participante, no dia 27. Aqueles que tiverem o pedido aprovado poder\u00e3o refazer a prova nos dias 10 e 11 de dezembro.<\/p>\n<\/div>\n<\/div>\n<div class=\"box-footer\">\n<div class=\"bar-share clearfix\"><\/div>\n<\/div>\n<div class='share-to-whatsapp-wrapper'><div class='share-on-whsp'>Share on: <\/div><a data-text='Enem: Aluno prejudicado por quest\u00e3o log\u00edstica pode pedir reaplica\u00e7\u00e3o do exame' data-link='https:\/\/newsinfoco.com.br\/inicio\/enem-aluno-prejudicado-por-questao-logistica-pode-pedir-reaplicacao-do-exame\/' class='whatsapp-button whatsapp-share'>WhatsApp<\/a><div class='clear '><\/div><\/div>","protected":false},"excerpt":{"rendered":"<p>O inscritos no Exame Nacional do Ensino M\u00e9dio (Enem) que se sentiram prejudicados por quest\u00f5es log\u00edsticas na hora da prova podem entrar com recurso e solicitar a reaplica\u00e7\u00e3o do exame a partir desta segunda-feira (11). Para isso, o participante deve fazer um pedido atrav\u00e9s da P\u00e1gina do Participante at\u00e9 o dia 18 de novembro. Mesmo [&hellip;]<\/p>\n","protected":false},"author":1,"featured_media":18639,"comment_status":"open","ping_status":"open","sticky":false,"template":"","format":"standard","meta":{"om_disable_all_campaigns":false,"_exactmetrics_skip_tracking":false,"_exactmetrics_sitenote_active":false,"_exactmetrics_sitenote_note":"","_exactmetrics_sitenote_category":0,"footnotes":""},"categories":[21,30],"tags":[],"class_list":["post-18638","post","type-post","status-publish","format-standard","has-post-thumbnail","hentry","category-brasil","category-destaque"],"aioseo_notices":[],"_links":{"self":[{"href":"https:\/\/newsinfoco.com.br\/inicio\/wp-json\/wp\/v2\/posts\/18638","targetHints":{"allow":["GET"]}}],"collection":[{"href":"https:\/\/newsinfoco.com.br\/inicio\/wp-json\/wp\/v2\/posts"}],"about":[{"href":"https:\/\/newsinfoco.com.br\/inicio\/wp-json\/wp\/v2\/types\/post"}],"author":[{"embeddable":true,"href":"https:\/\/newsinfoco.com.br\/inicio\/wp-json\/wp\/v2\/users\/1"}],"replies":[{"embeddable":true,"href":"https:\/\/newsinfoco.com.br\/inicio\/wp-json\/wp\/v2\/comments?post=18638"}],"version-history":[{"count":0,"href":"https:\/\/newsinfoco.com.br\/inicio\/wp-json\/wp\/v2\/posts\/18638\/revisions"}],"wp:featuredmedia":[{"embeddable":true,"href":"https:\/\/newsinfoco.com.br\/inicio\/wp-json\/wp\/v2\/media\/18639"}],"wp:attachment":[{"href":"https:\/\/newsinfoco.com.br\/inicio\/wp-json\/wp\/v2\/media?parent=18638"}],"wp:term":[{"taxonomy":"category","embeddable":true,"href":"https:\/\/newsinfoco.com.br\/inicio\/wp-json\/wp\/v2\/categories?post=18638"},{"taxonomy":"post_tag","embeddable":true,"href":"https:\/\/newsinfoco.com.br\/inicio\/wp-json\/wp\/v2\/tags?post=18638"}],"curies":[{"name":"wp","href":"https:\/\/api.w.org\/{rel}","templated":true}]}}