{"id":18777,"date":"2019-11-19T21:49:22","date_gmt":"2019-11-19T23:49:22","guid":{"rendered":"http:\/\/newsinfoco.com.br\/?p=18777"},"modified":"2019-11-19T21:49:22","modified_gmt":"2019-11-19T23:49:22","slug":"novembro-negro-escolas-municipais-promovem-acao-institucional-mosaico-vivo-revelando-os-saberes-da-comunidade","status":"publish","type":"post","link":"https:\/\/newsinfoco.com.br\/inicio\/novembro-negro-escolas-municipais-promovem-acao-institucional-mosaico-vivo-revelando-os-saberes-da-comunidade\/","title":{"rendered":"Novembro Negro: escolas municipais promovem a\u00e7\u00e3o institucional \u201cMosaico Vivo: revelando os saberes da comunidade\u201d"},"content":{"rendered":"<p style=\"text-align: justify;\">No distrito de Boa Uni\u00e3o, a Escola Municipal Miguel Santos Fontes se uniu \u00e0s escolas Carlos Gomes, Dom Avelar Brand\u00e3o Vilela, Maria Quit\u00e9ria, \u00e0 comunidade e a grupos culturais para uma a\u00e7\u00e3o institucional, na manh\u00e3 desta ter\u00e7a-feira (19). Na a\u00e7\u00e3o, intitulada \u201cMosaico Vivo: revelando os saberes da comunidade\u201d, os alunos chamaram a aten\u00e7\u00e3o para a afirma\u00e7\u00e3o da identidade negra, com apresenta\u00e7\u00f5es sobre ancestralidade, cultura, resist\u00eancia dos povos e comunidades tradicionais e diversidade.<\/p>\n<p style=\"text-align: justify;\">Em forma de mosaico, os saberes ancestrais da comunidade foram se configurando, ora representados por exposi\u00e7\u00f5es, ora por apresenta\u00e7\u00f5es, dan\u00e7as, explana\u00e7\u00f5es e oficinas.<\/p>\n<p style=\"text-align: justify;\">\u201cA a\u00e7\u00e3o se insere na proposta pedag\u00f3gica da Secretaria Municipal de Educa\u00e7\u00e3o que, este ano, est\u00e1 relacionada \u00e0 tem\u00e1tica \u2018Cirandando pelo curr\u00edculo: saberes e pr\u00e1ticas humanizadoras\u2019. A inten\u00e7\u00e3o \u00e9 que, a partir de manifesta\u00e7\u00f5es da cultura, da culin\u00e1ria, da produ\u00e7\u00e3o art\u00edstica local e das hist\u00f3rias da comunidade, os alunos possam discutir identidade, representatividade, literatura, ampliando e fortalecendo o debate e os atores sociais locais\u201d, pontuou a diretora pedag\u00f3gica da Secretaria Municipal de Educa\u00e7\u00e3o, Suyane Cristina.<\/p>\n<p style=\"text-align: justify;\">As refer\u00eancias vieram de diversas \u00e1reas e, no Mercado Municipal do distrito de Boa Uni\u00e3o, os alunos organizaram estandes sobre ch\u00e1s e ervas tradicionais, exposi\u00e7\u00f5es e apresenta\u00e7\u00f5es culturais envolvendo arte, m\u00fasica, dan\u00e7a, poesia e artesanato.<\/p>\n<p style=\"text-align: justify;\">A Secretaria Municipal de Educa\u00e7\u00e3o ressaltou que a a\u00e7\u00e3o institucional promove n\u00e3o apenas a socializa\u00e7\u00e3o, o compartilhamento de experi\u00eancias e o aprendizado, mas tamb\u00e9m a viv\u00eancia, na pr\u00e1tica, de saberes ancestrais, favorecendo espa\u00e7os de di\u00e1logo e constru\u00e7\u00e3o coletiva. Ainda de acordo com a SEDUC, a atividade, que finaliza o projeto pedag\u00f3gico deste ano, n\u00e3o \u00e9 isolada; novas propostas devem ser geradas a partir dos encaminhamentos e reflex\u00f5es apresentados.<\/p>\n<p>\u00a0 \u00a0 \u00a0 \u00a0 \u00a0 \u00a0 \u00a0 \u00a0 \u00a0 \u00a0 \u00a0 \u00a0 \u00a0 \u00a0 \u00a0 \u00a0 \u00a0 \u00a0 \u00a0 \u00a0 \u00a0 \u00a0 \u00a0 \u00a0 \u00a0 \u00a0 \u00a0 \u00a0 \u00a0 \u00a0 SECOM ALAGOINHAS<\/p>\n<div class='share-to-whatsapp-wrapper'><div class='share-on-whsp'>Share on: <\/div><a data-text='Novembro Negro: escolas municipais promovem a\u00e7\u00e3o institucional \u201cMosaico Vivo: revelando os saberes da comunidade\u201d' data-link='https:\/\/newsinfoco.com.br\/inicio\/novembro-negro-escolas-municipais-promovem-acao-institucional-mosaico-vivo-revelando-os-saberes-da-comunidade\/' class='whatsapp-button whatsapp-share'>WhatsApp<\/a><div class='clear '><\/div><\/div>","protected":false},"excerpt":{"rendered":"<p>No distrito de Boa Uni\u00e3o, a Escola Municipal Miguel Santos Fontes se uniu \u00e0s escolas Carlos Gomes, Dom Avelar Brand\u00e3o Vilela, Maria Quit\u00e9ria, \u00e0 comunidade e a grupos culturais para uma a\u00e7\u00e3o institucional, na manh\u00e3 desta ter\u00e7a-feira (19). Na a\u00e7\u00e3o, intitulada \u201cMosaico Vivo: revelando os saberes da comunidade\u201d, os alunos chamaram a aten\u00e7\u00e3o para a [&hellip;]<\/p>\n","protected":false},"author":1,"featured_media":18778,"comment_status":"open","ping_status":"open","sticky":false,"template":"","format":"standard","meta":{"om_disable_all_campaigns":false,"rop_custom_images_group":[],"rop_custom_messages_group":[],"rop_publish_now":"initial","rop_publish_now_accounts":[],"rop_publish_now_history":[],"rop_publish_now_status":"pending","_exactmetrics_skip_tracking":false,"footnotes":""},"categories":[38,30],"tags":[],"class_list":["post-18777","post","type-post","status-publish","format-standard","has-post-thumbnail","hentry","category-alagoinhas-e-regiao","category-destaque"],"aioseo_notices":[],"aioseo_head":"\n\t\t<!-- All in One SEO 4.9.10 - aioseo.com -->\n\t<meta name=\"description\" content=\"No distrito de Boa Uni\u00e3o, a Escola Municipal Miguel Santos Fontes se uniu \u00e0s escolas Carlos Gomes, Dom Avelar Brand\u00e3o Vilela, Maria Quit\u00e9ria, \u00e0 comunidade e a grupos culturais para uma a\u00e7\u00e3o institucional, na manh\u00e3 desta ter\u00e7a-feira (19). Na a\u00e7\u00e3o, intitulada \u201cMosaico Vivo: revelando os saberes da comunidade\u201d, os alunos chamaram a aten\u00e7\u00e3o para a\" \/>\n\t<meta name=\"robots\" content=\"max-image-preview:large\" \/>\n\t<meta name=\"author\" content=\"administrador\"\/>\n\t<link rel=\"canonical\" href=\"https:\/\/newsinfoco.com.br\/inicio\/novembro-negro-escolas-municipais-promovem-acao-institucional-mosaico-vivo-revelando-os-saberes-da-comunidade\/\" \/>\n\t<meta name=\"generator\" content=\"All in One SEO (AIOSEO) 4.9.10\" \/>\n\t\t<meta property=\"og:locale\" content=\"pt_BR\" \/>\n\t\t<meta property=\"og:site_name\" content=\"News In Foco - Editado por Caio Pimenta - O principal site de noticias de Alagoinhas e regi\u00e3o\" \/>\n\t\t<meta property=\"og:type\" content=\"article\" \/>\n\t\t<meta property=\"og:title\" content=\"Novembro Negro: escolas municipais promovem a\u00e7\u00e3o institucional \u201cMosaico Vivo: revelando os saberes da comunidade\u201d - News In Foco - Editado por Caio Pimenta\" \/>\n\t\t<meta property=\"og:description\" content=\"No distrito de Boa Uni\u00e3o, a Escola Municipal Miguel Santos Fontes se uniu \u00e0s escolas Carlos Gomes, Dom Avelar Brand\u00e3o Vilela, Maria Quit\u00e9ria, \u00e0 comunidade e a grupos culturais para uma a\u00e7\u00e3o institucional, na manh\u00e3 desta ter\u00e7a-feira (19). Na a\u00e7\u00e3o, intitulada \u201cMosaico Vivo: revelando os saberes da comunidade\u201d, os alunos chamaram a aten\u00e7\u00e3o para a\" \/>\n\t\t<meta property=\"og:url\" content=\"https:\/\/newsinfoco.com.br\/inicio\/novembro-negro-escolas-municipais-promovem-acao-institucional-mosaico-vivo-revelando-os-saberes-da-comunidade\/\" \/>\n\t\t<meta property=\"article:published_time\" content=\"2019-11-19T23:49:22+00:00\" \/>\n\t\t<meta property=\"article:modified_time\" content=\"2019-11-19T23:49:22+00:00\" \/>\n\t\t<meta name=\"twitter:card\" content=\"summary_large_image\" \/>\n\t\t<meta name=\"twitter:title\" content=\"Novembro Negro: escolas municipais promovem a\u00e7\u00e3o institucional \u201cMosaico Vivo: revelando os saberes da comunidade\u201d - News In Foco - Editado por Caio Pimenta\" \/>\n\t\t<meta name=\"twitter:description\" content=\"No distrito de Boa Uni\u00e3o, a Escola Municipal Miguel Santos Fontes se uniu \u00e0s escolas Carlos Gomes, Dom Avelar Brand\u00e3o Vilela, Maria Quit\u00e9ria, \u00e0 comunidade e a grupos culturais para uma a\u00e7\u00e3o institucional, na manh\u00e3 desta ter\u00e7a-feira (19). Na a\u00e7\u00e3o, intitulada \u201cMosaico Vivo: revelando os saberes da comunidade\u201d, os alunos chamaram a aten\u00e7\u00e3o para a\" \/>\n\t\t<script type=\"application\/ld+json\" class=\"aioseo-schema\">\n\t\t\t{\"@context\":\"https:\\\/\\\/schema.org\",\"@graph\":[{\"@type\":\"BlogPosting\",\"@id\":\"https:\\\/\\\/newsinfoco.com.br\\\/inicio\\\/novembro-negro-escolas-municipais-promovem-acao-institucional-mosaico-vivo-revelando-os-saberes-da-comunidade\\\/#blogposting\",\"name\":\"Novembro Negro: escolas municipais promovem a\\u00e7\\u00e3o institucional \\u201cMosaico Vivo: revelando os saberes da comunidade\\u201d - News In Foco - Editado por Caio Pimenta\",\"headline\":\"Novembro Negro: escolas municipais promovem a\\u00e7\\u00e3o institucional \\u201cMosaico Vivo: revelando os saberes da comunidade\\u201d\",\"author\":{\"@id\":\"https:\\\/\\\/newsinfoco.com.br\\\/inicio\\\/author\\\/administrador\\\/#author\"},\"publisher\":{\"@id\":\"https:\\\/\\\/newsinfoco.com.br\\\/inicio\\\/#organization\"},\"image\":{\"@type\":\"ImageObject\",\"url\":\"https:\\\/\\\/newsinfoco.com.br\\\/inicio\\\/wp-content\\\/uploads\\\/2019\\\/11\\\/WhatsApp-Image-2019-11-19-at-10.52.24-1024x678.jpeg\",\"width\":1024,\"height\":678},\"datePublished\":\"2019-11-19T21:49:22-03:00\",\"dateModified\":\"2019-11-19T21:49:22-03:00\",\"inLanguage\":\"pt-BR\",\"mainEntityOfPage\":{\"@id\":\"https:\\\/\\\/newsinfoco.com.br\\\/inicio\\\/novembro-negro-escolas-municipais-promovem-acao-institucional-mosaico-vivo-revelando-os-saberes-da-comunidade\\\/#webpage\"},\"isPartOf\":{\"@id\":\"https:\\\/\\\/newsinfoco.com.br\\\/inicio\\\/novembro-negro-escolas-municipais-promovem-acao-institucional-mosaico-vivo-revelando-os-saberes-da-comunidade\\\/#webpage\"},\"articleSection\":\"Alagoinhas e Regi\\u00e3o, Destaque\"},{\"@type\":\"BreadcrumbList\",\"@id\":\"https:\\\/\\\/newsinfoco.com.br\\\/inicio\\\/novembro-negro-escolas-municipais-promovem-acao-institucional-mosaico-vivo-revelando-os-saberes-da-comunidade\\\/#breadcrumblist\",\"itemListElement\":[{\"@type\":\"ListItem\",\"@id\":\"https:\\\/\\\/newsinfoco.com.br\\\/inicio#listItem\",\"position\":1,\"name\":\"In\\u00edcio\",\"item\":\"https:\\\/\\\/newsinfoco.com.br\\\/inicio\",\"nextItem\":{\"@type\":\"ListItem\",\"@id\":\"https:\\\/\\\/newsinfoco.com.br\\\/inicio\\\/category\\\/destaque\\\/#listItem\",\"name\":\"Destaque\"}},{\"@type\":\"ListItem\",\"@id\":\"https:\\\/\\\/newsinfoco.com.br\\\/inicio\\\/category\\\/destaque\\\/#listItem\",\"position\":2,\"name\":\"Destaque\",\"item\":\"https:\\\/\\\/newsinfoco.com.br\\\/inicio\\\/category\\\/destaque\\\/\",\"nextItem\":{\"@type\":\"ListItem\",\"@id\":\"https:\\\/\\\/newsinfoco.com.br\\\/inicio\\\/novembro-negro-escolas-municipais-promovem-acao-institucional-mosaico-vivo-revelando-os-saberes-da-comunidade\\\/#listItem\",\"name\":\"Novembro Negro: escolas municipais promovem a\\u00e7\\u00e3o institucional \\u201cMosaico Vivo: revelando os saberes da comunidade\\u201d\"},\"previousItem\":{\"@type\":\"ListItem\",\"@id\":\"https:\\\/\\\/newsinfoco.com.br\\\/inicio#listItem\",\"name\":\"In\\u00edcio\"}},{\"@type\":\"ListItem\",\"@id\":\"https:\\\/\\\/newsinfoco.com.br\\\/inicio\\\/novembro-negro-escolas-municipais-promovem-acao-institucional-mosaico-vivo-revelando-os-saberes-da-comunidade\\\/#listItem\",\"position\":3,\"name\":\"Novembro Negro: escolas municipais promovem a\\u00e7\\u00e3o institucional \\u201cMosaico Vivo: revelando os saberes da comunidade\\u201d\",\"previousItem\":{\"@type\":\"ListItem\",\"@id\":\"https:\\\/\\\/newsinfoco.com.br\\\/inicio\\\/category\\\/destaque\\\/#listItem\",\"name\":\"Destaque\"}}]},{\"@type\":\"Organization\",\"@id\":\"https:\\\/\\\/newsinfoco.com.br\\\/inicio\\\/#organization\",\"name\":\"News In Foco - Editado por Caio Pimenta\",\"description\":\"O principal site de noticias de Alagoinhas e regi\\u00e3o\",\"url\":\"https:\\\/\\\/newsinfoco.com.br\\\/inicio\\\/\"},{\"@type\":\"Person\",\"@id\":\"https:\\\/\\\/newsinfoco.com.br\\\/inicio\\\/author\\\/administrador\\\/#author\",\"url\":\"https:\\\/\\\/newsinfoco.com.br\\\/inicio\\\/author\\\/administrador\\\/\",\"name\":\"administrador\",\"image\":{\"@type\":\"ImageObject\",\"@id\":\"https:\\\/\\\/newsinfoco.com.br\\\/inicio\\\/novembro-negro-escolas-municipais-promovem-acao-institucional-mosaico-vivo-revelando-os-saberes-da-comunidade\\\/#authorImage\",\"url\":\"https:\\\/\\\/secure.gravatar.com\\\/avatar\\\/c17a617433de8c1dc9584bb79aab7563b46f5bb7e1728c9b17d9cc3ce6a08e49?s=96&d=mm&r=g\",\"width\":96,\"height\":96,\"caption\":\"administrador\"}},{\"@type\":\"WebPage\",\"@id\":\"https:\\\/\\\/newsinfoco.com.br\\\/inicio\\\/novembro-negro-escolas-municipais-promovem-acao-institucional-mosaico-vivo-revelando-os-saberes-da-comunidade\\\/#webpage\",\"url\":\"https:\\\/\\\/newsinfoco.com.br\\\/inicio\\\/novembro-negro-escolas-municipais-promovem-acao-institucional-mosaico-vivo-revelando-os-saberes-da-comunidade\\\/\",\"name\":\"Novembro Negro: escolas municipais promovem a\\u00e7\\u00e3o institucional \\u201cMosaico Vivo: revelando os saberes da comunidade\\u201d - News In Foco - Editado por Caio Pimenta\",\"description\":\"No distrito de Boa Uni\\u00e3o, a Escola Municipal Miguel Santos Fontes se uniu \\u00e0s escolas Carlos Gomes, Dom Avelar Brand\\u00e3o Vilela, Maria Quit\\u00e9ria, \\u00e0 comunidade e a grupos culturais para uma a\\u00e7\\u00e3o institucional, na manh\\u00e3 desta ter\\u00e7a-feira (19). Na a\\u00e7\\u00e3o, intitulada \\u201cMosaico Vivo: revelando os saberes da comunidade\\u201d, os alunos chamaram a aten\\u00e7\\u00e3o para a\",\"inLanguage\":\"pt-BR\",\"isPartOf\":{\"@id\":\"https:\\\/\\\/newsinfoco.com.br\\\/inicio\\\/#website\"},\"breadcrumb\":{\"@id\":\"https:\\\/\\\/newsinfoco.com.br\\\/inicio\\\/novembro-negro-escolas-municipais-promovem-acao-institucional-mosaico-vivo-revelando-os-saberes-da-comunidade\\\/#breadcrumblist\"},\"author\":{\"@id\":\"https:\\\/\\\/newsinfoco.com.br\\\/inicio\\\/author\\\/administrador\\\/#author\"},\"creator\":{\"@id\":\"https:\\\/\\\/newsinfoco.com.br\\\/inicio\\\/author\\\/administrador\\\/#author\"},\"image\":{\"@type\":\"ImageObject\",\"url\":\"https:\\\/\\\/newsinfoco.com.br\\\/inicio\\\/wp-content\\\/uploads\\\/2019\\\/11\\\/WhatsApp-Image-2019-11-19-at-10.52.24-1024x678.jpeg\",\"@id\":\"https:\\\/\\\/newsinfoco.com.br\\\/inicio\\\/novembro-negro-escolas-municipais-promovem-acao-institucional-mosaico-vivo-revelando-os-saberes-da-comunidade\\\/#mainImage\",\"width\":1024,\"height\":678},\"primaryImageOfPage\":{\"@id\":\"https:\\\/\\\/newsinfoco.com.br\\\/inicio\\\/novembro-negro-escolas-municipais-promovem-acao-institucional-mosaico-vivo-revelando-os-saberes-da-comunidade\\\/#mainImage\"},\"datePublished\":\"2019-11-19T21:49:22-03:00\",\"dateModified\":\"2019-11-19T21:49:22-03:00\"},{\"@type\":\"WebSite\",\"@id\":\"https:\\\/\\\/newsinfoco.com.br\\\/inicio\\\/#website\",\"url\":\"https:\\\/\\\/newsinfoco.com.br\\\/inicio\\\/\",\"name\":\"News In Foco - Editado por Caio Pimenta\",\"description\":\"O principal site de noticias de Alagoinhas e regi\\u00e3o\",\"inLanguage\":\"pt-BR\",\"publisher\":{\"@id\":\"https:\\\/\\\/newsinfoco.com.br\\\/inicio\\\/#organization\"}}]}\n\t\t<\/script>\n\t\t<!-- All in One SEO -->\n\n","aioseo_head_json":{"title":"Novembro Negro: escolas municipais promovem a\u00e7\u00e3o institucional \u201cMosaico Vivo: revelando os saberes da comunidade\u201d - News In Foco - Editado por Caio Pimenta","description":"No distrito de Boa Uni\u00e3o, a Escola Municipal Miguel Santos Fontes se uniu \u00e0s escolas Carlos Gomes, Dom Avelar Brand\u00e3o Vilela, Maria Quit\u00e9ria, \u00e0 comunidade e a grupos culturais para uma a\u00e7\u00e3o institucional, na manh\u00e3 desta ter\u00e7a-feira (19). Na a\u00e7\u00e3o, intitulada \u201cMosaico Vivo: revelando os saberes da comunidade\u201d, os alunos chamaram a aten\u00e7\u00e3o para a","canonical_url":"https:\/\/newsinfoco.com.br\/inicio\/novembro-negro-escolas-municipais-promovem-acao-institucional-mosaico-vivo-revelando-os-saberes-da-comunidade\/","robots":"max-image-preview:large","keywords":"","webmasterTools":{"miscellaneous":""},"schema":{"@context":"https:\/\/schema.org","@graph":[{"@type":"BlogPosting","@id":"https:\/\/newsinfoco.com.br\/inicio\/novembro-negro-escolas-municipais-promovem-acao-institucional-mosaico-vivo-revelando-os-saberes-da-comunidade\/#blogposting","name":"Novembro Negro: escolas municipais promovem a\u00e7\u00e3o institucional \u201cMosaico Vivo: revelando os saberes da comunidade\u201d - News In Foco - Editado por Caio Pimenta","headline":"Novembro Negro: escolas municipais promovem a\u00e7\u00e3o institucional \u201cMosaico Vivo: revelando os saberes da comunidade\u201d","author":{"@id":"https:\/\/newsinfoco.com.br\/inicio\/author\/administrador\/#author"},"publisher":{"@id":"https:\/\/newsinfoco.com.br\/inicio\/#organization"},"image":{"@type":"ImageObject","url":"https:\/\/newsinfoco.com.br\/inicio\/wp-content\/uploads\/2019\/11\/WhatsApp-Image-2019-11-19-at-10.52.24-1024x678.jpeg","width":1024,"height":678},"datePublished":"2019-11-19T21:49:22-03:00","dateModified":"2019-11-19T21:49:22-03:00","inLanguage":"pt-BR","mainEntityOfPage":{"@id":"https:\/\/newsinfoco.com.br\/inicio\/novembro-negro-escolas-municipais-promovem-acao-institucional-mosaico-vivo-revelando-os-saberes-da-comunidade\/#webpage"},"isPartOf":{"@id":"https:\/\/newsinfoco.com.br\/inicio\/novembro-negro-escolas-municipais-promovem-acao-institucional-mosaico-vivo-revelando-os-saberes-da-comunidade\/#webpage"},"articleSection":"Alagoinhas e Regi\u00e3o, Destaque"},{"@type":"BreadcrumbList","@id":"https:\/\/newsinfoco.com.br\/inicio\/novembro-negro-escolas-municipais-promovem-acao-institucional-mosaico-vivo-revelando-os-saberes-da-comunidade\/#breadcrumblist","itemListElement":[{"@type":"ListItem","@id":"https:\/\/newsinfoco.com.br\/inicio#listItem","position":1,"name":"In\u00edcio","item":"https:\/\/newsinfoco.com.br\/inicio","nextItem":{"@type":"ListItem","@id":"https:\/\/newsinfoco.com.br\/inicio\/category\/destaque\/#listItem","name":"Destaque"}},{"@type":"ListItem","@id":"https:\/\/newsinfoco.com.br\/inicio\/category\/destaque\/#listItem","position":2,"name":"Destaque","item":"https:\/\/newsinfoco.com.br\/inicio\/category\/destaque\/","nextItem":{"@type":"ListItem","@id":"https:\/\/newsinfoco.com.br\/inicio\/novembro-negro-escolas-municipais-promovem-acao-institucional-mosaico-vivo-revelando-os-saberes-da-comunidade\/#listItem","name":"Novembro Negro: escolas municipais promovem a\u00e7\u00e3o institucional \u201cMosaico Vivo: revelando os saberes da comunidade\u201d"},"previousItem":{"@type":"ListItem","@id":"https:\/\/newsinfoco.com.br\/inicio#listItem","name":"In\u00edcio"}},{"@type":"ListItem","@id":"https:\/\/newsinfoco.com.br\/inicio\/novembro-negro-escolas-municipais-promovem-acao-institucional-mosaico-vivo-revelando-os-saberes-da-comunidade\/#listItem","position":3,"name":"Novembro Negro: escolas municipais promovem a\u00e7\u00e3o institucional \u201cMosaico Vivo: revelando os saberes da comunidade\u201d","previousItem":{"@type":"ListItem","@id":"https:\/\/newsinfoco.com.br\/inicio\/category\/destaque\/#listItem","name":"Destaque"}}]},{"@type":"Organization","@id":"https:\/\/newsinfoco.com.br\/inicio\/#organization","name":"News In Foco - Editado por Caio Pimenta","description":"O principal site de noticias de Alagoinhas e regi\u00e3o","url":"https:\/\/newsinfoco.com.br\/inicio\/"},{"@type":"Person","@id":"https:\/\/newsinfoco.com.br\/inicio\/author\/administrador\/#author","url":"https:\/\/newsinfoco.com.br\/inicio\/author\/administrador\/","name":"administrador","image":{"@type":"ImageObject","@id":"https:\/\/newsinfoco.com.br\/inicio\/novembro-negro-escolas-municipais-promovem-acao-institucional-mosaico-vivo-revelando-os-saberes-da-comunidade\/#authorImage","url":"https:\/\/secure.gravatar.com\/avatar\/c17a617433de8c1dc9584bb79aab7563b46f5bb7e1728c9b17d9cc3ce6a08e49?s=96&d=mm&r=g","width":96,"height":96,"caption":"administrador"}},{"@type":"WebPage","@id":"https:\/\/newsinfoco.com.br\/inicio\/novembro-negro-escolas-municipais-promovem-acao-institucional-mosaico-vivo-revelando-os-saberes-da-comunidade\/#webpage","url":"https:\/\/newsinfoco.com.br\/inicio\/novembro-negro-escolas-municipais-promovem-acao-institucional-mosaico-vivo-revelando-os-saberes-da-comunidade\/","name":"Novembro Negro: escolas municipais promovem a\u00e7\u00e3o institucional \u201cMosaico Vivo: revelando os saberes da comunidade\u201d - News In Foco - Editado por Caio Pimenta","description":"No distrito de Boa Uni\u00e3o, a Escola Municipal Miguel Santos Fontes se uniu \u00e0s escolas Carlos Gomes, Dom Avelar Brand\u00e3o Vilela, Maria Quit\u00e9ria, \u00e0 comunidade e a grupos culturais para uma a\u00e7\u00e3o institucional, na manh\u00e3 desta ter\u00e7a-feira (19). Na a\u00e7\u00e3o, intitulada \u201cMosaico Vivo: revelando os saberes da comunidade\u201d, os alunos chamaram a aten\u00e7\u00e3o para a","inLanguage":"pt-BR","isPartOf":{"@id":"https:\/\/newsinfoco.com.br\/inicio\/#website"},"breadcrumb":{"@id":"https:\/\/newsinfoco.com.br\/inicio\/novembro-negro-escolas-municipais-promovem-acao-institucional-mosaico-vivo-revelando-os-saberes-da-comunidade\/#breadcrumblist"},"author":{"@id":"https:\/\/newsinfoco.com.br\/inicio\/author\/administrador\/#author"},"creator":{"@id":"https:\/\/newsinfoco.com.br\/inicio\/author\/administrador\/#author"},"image":{"@type":"ImageObject","url":"https:\/\/newsinfoco.com.br\/inicio\/wp-content\/uploads\/2019\/11\/WhatsApp-Image-2019-11-19-at-10.52.24-1024x678.jpeg","@id":"https:\/\/newsinfoco.com.br\/inicio\/novembro-negro-escolas-municipais-promovem-acao-institucional-mosaico-vivo-revelando-os-saberes-da-comunidade\/#mainImage","width":1024,"height":678},"primaryImageOfPage":{"@id":"https:\/\/newsinfoco.com.br\/inicio\/novembro-negro-escolas-municipais-promovem-acao-institucional-mosaico-vivo-revelando-os-saberes-da-comunidade\/#mainImage"},"datePublished":"2019-11-19T21:49:22-03:00","dateModified":"2019-11-19T21:49:22-03:00"},{"@type":"WebSite","@id":"https:\/\/newsinfoco.com.br\/inicio\/#website","url":"https:\/\/newsinfoco.com.br\/inicio\/","name":"News In Foco - Editado por Caio Pimenta","description":"O principal site de noticias de Alagoinhas e regi\u00e3o","inLanguage":"pt-BR","publisher":{"@id":"https:\/\/newsinfoco.com.br\/inicio\/#organization"}}]},"og:locale":"pt_BR","og:site_name":"News In Foco - Editado por Caio Pimenta - O principal site de noticias de Alagoinhas e regi\u00e3o","og:type":"article","og:title":"Novembro Negro: escolas municipais promovem a\u00e7\u00e3o institucional \u201cMosaico Vivo: revelando os saberes da comunidade\u201d - News In Foco - Editado por Caio Pimenta","og:description":"No distrito de Boa Uni\u00e3o, a Escola Municipal Miguel Santos Fontes se uniu \u00e0s escolas Carlos Gomes, Dom Avelar Brand\u00e3o Vilela, Maria Quit\u00e9ria, \u00e0 comunidade e a grupos culturais para uma a\u00e7\u00e3o institucional, na manh\u00e3 desta ter\u00e7a-feira (19). Na a\u00e7\u00e3o, intitulada \u201cMosaico Vivo: revelando os saberes da comunidade\u201d, os alunos chamaram a aten\u00e7\u00e3o para a","og:url":"https:\/\/newsinfoco.com.br\/inicio\/novembro-negro-escolas-municipais-promovem-acao-institucional-mosaico-vivo-revelando-os-saberes-da-comunidade\/","article:published_time":"2019-11-19T23:49:22+00:00","article:modified_time":"2019-11-19T23:49:22+00:00","twitter:card":"summary_large_image","twitter:title":"Novembro Negro: escolas municipais promovem a\u00e7\u00e3o institucional \u201cMosaico Vivo: revelando os saberes da comunidade\u201d - News In Foco - Editado por Caio Pimenta","twitter:description":"No distrito de Boa Uni\u00e3o, a Escola Municipal Miguel Santos Fontes se uniu \u00e0s escolas Carlos Gomes, Dom Avelar Brand\u00e3o Vilela, Maria Quit\u00e9ria, \u00e0 comunidade e a grupos culturais para uma a\u00e7\u00e3o institucional, na manh\u00e3 desta ter\u00e7a-feira (19). Na a\u00e7\u00e3o, intitulada \u201cMosaico Vivo: revelando os saberes da comunidade\u201d, os alunos chamaram a aten\u00e7\u00e3o para a"},"aioseo_meta_data":{"post_id":"18777","title":null,"description":null,"keywords":null,"keyphrases":null,"primary_term":null,"canonical_url":null,"og_title":null,"og_description":null,"og_object_type":"default","og_image_type":"default","og_image_url":null,"og_image_width":null,"og_image_height":null,"og_image_custom_url":null,"og_image_custom_fields":null,"og_video":null,"og_custom_url":null,"og_article_section":null,"og_article_tags":null,"twitter_use_og":false,"twitter_card":"default","twitter_image_type":"default","twitter_image_url":null,"twitter_image_custom_url":null,"twitter_image_custom_fields":null,"twitter_title":null,"twitter_description":null,"schema":{"blockGraphs":[],"customGraphs":[],"default":{"data":{"Article":[],"Course":[],"Dataset":[],"FAQPage":[],"Movie":[],"Person":[],"Product":[],"ProductReview":[],"Car":[],"Recipe":[],"Service":[],"SoftwareApplication":[],"WebPage":[]},"graphName":"","isEnabled":true},"graphs":[]},"schema_type":"default","schema_type_options":null,"pillar_content":false,"robots_default":true,"robots_noindex":false,"robots_noarchive":false,"robots_nosnippet":false,"robots_nofollow":false,"robots_noimageindex":false,"robots_noodp":false,"robots_notranslate":false,"robots_max_snippet":null,"robots_max_videopreview":null,"robots_max_imagepreview":"large","priority":null,"frequency":null,"local_seo":null,"breadcrumb_settings":null,"limit_modified_date":false,"ai":null,"created":"2023-06-12 15:18:45","updated":"2025-07-11 01:56:43","seo_analyzer_scan_date":null},"aioseo_breadcrumb":"<div class=\"aioseo-breadcrumbs\"><span class=\"aioseo-breadcrumb\">\n\t\t\t<a href=\"https:\/\/newsinfoco.com.br\/inicio\" title=\"In\u00edcio\">In\u00edcio<\/a>\n\t\t<\/span><span class=\"aioseo-breadcrumb-separator\">&raquo;<\/span><span class=\"aioseo-breadcrumb\">\n\t\t\t<a href=\"https:\/\/newsinfoco.com.br\/inicio\/category\/destaque\/\" title=\"Destaque\">Destaque<\/a>\n\t\t<\/span><span class=\"aioseo-breadcrumb-separator\">&raquo;<\/span><span class=\"aioseo-breadcrumb\">\n\t\t\tNovembro Negro: escolas municipais promovem a\u00e7\u00e3o institucional \u201cMosaico Vivo: revelando os saberes da comunidade\u201d\n\t\t<\/span><\/div>","aioseo_breadcrumb_json":[{"label":"In\u00edcio","link":"https:\/\/newsinfoco.com.br\/inicio"},{"label":"Destaque","link":"https:\/\/newsinfoco.com.br\/inicio\/category\/destaque\/"},{"label":"Novembro Negro: escolas municipais promovem a\u00e7\u00e3o institucional \u201cMosaico Vivo: revelando os saberes da comunidade\u201d","link":"https:\/\/newsinfoco.com.br\/inicio\/novembro-negro-escolas-municipais-promovem-acao-institucional-mosaico-vivo-revelando-os-saberes-da-comunidade\/"}],"_links":{"self":[{"href":"https:\/\/newsinfoco.com.br\/inicio\/wp-json\/wp\/v2\/posts\/18777","targetHints":{"allow":["GET"]}}],"collection":[{"href":"https:\/\/newsinfoco.com.br\/inicio\/wp-json\/wp\/v2\/posts"}],"about":[{"href":"https:\/\/newsinfoco.com.br\/inicio\/wp-json\/wp\/v2\/types\/post"}],"author":[{"embeddable":true,"href":"https:\/\/newsinfoco.com.br\/inicio\/wp-json\/wp\/v2\/users\/1"}],"replies":[{"embeddable":true,"href":"https:\/\/newsinfoco.com.br\/inicio\/wp-json\/wp\/v2\/comments?post=18777"}],"version-history":[{"count":0,"href":"https:\/\/newsinfoco.com.br\/inicio\/wp-json\/wp\/v2\/posts\/18777\/revisions"}],"wp:featuredmedia":[{"embeddable":true,"href":"https:\/\/newsinfoco.com.br\/inicio\/wp-json\/wp\/v2\/media\/18778"}],"wp:attachment":[{"href":"https:\/\/newsinfoco.com.br\/inicio\/wp-json\/wp\/v2\/media?parent=18777"}],"wp:term":[{"taxonomy":"category","embeddable":true,"href":"https:\/\/newsinfoco.com.br\/inicio\/wp-json\/wp\/v2\/categories?post=18777"},{"taxonomy":"post_tag","embeddable":true,"href":"https:\/\/newsinfoco.com.br\/inicio\/wp-json\/wp\/v2\/tags?post=18777"}],"curies":[{"name":"wp","href":"https:\/\/api.w.org\/{rel}","templated":true}]}}