{"id":18780,"date":"2019-11-19T21:51:12","date_gmt":"2019-11-19T23:51:12","guid":{"rendered":"http:\/\/newsinfoco.com.br\/?p=18780"},"modified":"2019-11-19T21:51:12","modified_gmt":"2019-11-19T23:51:12","slug":"dia-da-consciencia-negra-tem-programacao-especial-em-alagoinhas","status":"publish","type":"post","link":"https:\/\/newsinfoco.com.br\/inicio\/dia-da-consciencia-negra-tem-programacao-especial-em-alagoinhas\/","title":{"rendered":"Dia da Consci\u00eancia Negra tem programa\u00e7\u00e3o especial em Alagoinhas"},"content":{"rendered":"<p style=\"text-align: justify;\">Dando seguimento \u00e0 s\u00e9rie de a\u00e7\u00f5es do Novembro Negro, o Dia Nacional da Consci\u00eancia Negra, feriado municipal, comemorado nesta quarta-feira, 20 de novembro, ser\u00e1 marcado com uma programa\u00e7\u00e3o especial promovida pela Prefeitura.<\/p>\n<p style=\"text-align: justify;\">Realizadas via Secretaria de Assist\u00eancia Social (SEMAS) e em parceria com a Secretaria de Cultura Esporte e Turismo (SECET) e Comiss\u00e3o de Terreiros do Estado e da Bahia e Conselho Municipal do Desenvolvimento da Comunidade Negra e Afrodescendente, as atividades acontecem a partir das 9h, no Col\u00e9gio Estadual Lu\u00eds Eduardo Magalh\u00e3es, e incluem mesas tem\u00e1ticas sobre equidade em Sa\u00fade,\u00a0 racismo estrutural e apresenta\u00e7\u00f5es culturais.<\/p>\n<p style=\"text-align: justify;\">\u00a0 \u00a0 \u00a0 \u00a0 \u00a0 \u00a0 \u00a0 \u00a0 \u00a0 \u00a0 \u00a0 \u00a0 \u00a0 \u00a0 \u00a0 \u00a0 \u00a0 \u00a0 \u00a0 \u00a0 \u00a0 \u00a0 \u00a0 \u00a0 \u00a0 \u00a0 \u00a0 \u00a0 \u00a0 \u00a0 \u00a0 \u00a0 \u00a0SECOM ALAGOINHAS<\/p>\n<div class='share-to-whatsapp-wrapper'><div class='share-on-whsp'>Share on: <\/div><a data-text='Dia da Consci\u00eancia Negra tem programa\u00e7\u00e3o especial em Alagoinhas' data-link='https:\/\/newsinfoco.com.br\/inicio\/dia-da-consciencia-negra-tem-programacao-especial-em-alagoinhas\/' class='whatsapp-button whatsapp-share'>WhatsApp<\/a><div class='clear '><\/div><\/div>","protected":false},"excerpt":{"rendered":"<p>Dando seguimento \u00e0 s\u00e9rie de a\u00e7\u00f5es do Novembro Negro, o Dia Nacional da Consci\u00eancia Negra, feriado municipal, comemorado nesta quarta-feira, 20 de novembro, ser\u00e1 marcado com uma programa\u00e7\u00e3o especial promovida pela Prefeitura. Realizadas via Secretaria de Assist\u00eancia Social (SEMAS) e em parceria com a Secretaria de Cultura Esporte e Turismo (SECET) e Comiss\u00e3o de Terreiros [&hellip;]<\/p>\n","protected":false},"author":1,"featured_media":18448,"comment_status":"open","ping_status":"open","sticky":false,"template":"","format":"standard","meta":{"om_disable_all_campaigns":false,"rop_custom_images_group":[],"rop_custom_messages_group":[],"rop_publish_now":"initial","rop_publish_now_accounts":[],"rop_publish_now_history":[],"rop_publish_now_status":"pending","_exactmetrics_skip_tracking":false,"footnotes":""},"categories":[38,30],"tags":[],"class_list":["post-18780","post","type-post","status-publish","format-standard","has-post-thumbnail","hentry","category-alagoinhas-e-regiao","category-destaque"],"aioseo_notices":[],"aioseo_head":"\n\t\t<!-- All in One SEO 4.9.10 - aioseo.com -->\n\t<meta name=\"description\" content=\"Dando seguimento \u00e0 s\u00e9rie de a\u00e7\u00f5es do Novembro Negro, o Dia Nacional da Consci\u00eancia Negra, feriado municipal, comemorado nesta quarta-feira, 20 de novembro, ser\u00e1 marcado com uma programa\u00e7\u00e3o especial promovida pela Prefeitura. Realizadas via Secretaria de Assist\u00eancia Social (SEMAS) e em parceria com a Secretaria de Cultura Esporte e Turismo (SECET) e Comiss\u00e3o de Terreiros\" \/>\n\t<meta name=\"robots\" content=\"max-image-preview:large\" \/>\n\t<meta name=\"author\" content=\"administrador\"\/>\n\t<link rel=\"canonical\" href=\"https:\/\/newsinfoco.com.br\/inicio\/dia-da-consciencia-negra-tem-programacao-especial-em-alagoinhas\/\" \/>\n\t<meta name=\"generator\" content=\"All in One SEO (AIOSEO) 4.9.10\" \/>\n\t\t<meta property=\"og:locale\" content=\"pt_BR\" \/>\n\t\t<meta property=\"og:site_name\" content=\"News In Foco - Editado por Caio Pimenta - O principal site de noticias de Alagoinhas e regi\u00e3o\" \/>\n\t\t<meta property=\"og:type\" content=\"article\" \/>\n\t\t<meta property=\"og:title\" content=\"Dia da Consci\u00eancia Negra tem programa\u00e7\u00e3o especial em Alagoinhas - News In Foco - Editado por Caio Pimenta\" \/>\n\t\t<meta property=\"og:description\" content=\"Dando seguimento \u00e0 s\u00e9rie de a\u00e7\u00f5es do Novembro Negro, o Dia Nacional da Consci\u00eancia Negra, feriado municipal, comemorado nesta quarta-feira, 20 de novembro, ser\u00e1 marcado com uma programa\u00e7\u00e3o especial promovida pela Prefeitura. Realizadas via Secretaria de Assist\u00eancia Social (SEMAS) e em parceria com a Secretaria de Cultura Esporte e Turismo (SECET) e Comiss\u00e3o de Terreiros\" \/>\n\t\t<meta property=\"og:url\" content=\"https:\/\/newsinfoco.com.br\/inicio\/dia-da-consciencia-negra-tem-programacao-especial-em-alagoinhas\/\" \/>\n\t\t<meta property=\"article:published_time\" content=\"2019-11-19T23:51:12+00:00\" \/>\n\t\t<meta property=\"article:modified_time\" content=\"2019-11-19T23:51:12+00:00\" \/>\n\t\t<meta name=\"twitter:card\" content=\"summary_large_image\" \/>\n\t\t<meta name=\"twitter:title\" content=\"Dia da Consci\u00eancia Negra tem programa\u00e7\u00e3o especial em Alagoinhas - News In Foco - Editado por Caio Pimenta\" \/>\n\t\t<meta name=\"twitter:description\" content=\"Dando seguimento \u00e0 s\u00e9rie de a\u00e7\u00f5es do Novembro Negro, o Dia Nacional da Consci\u00eancia Negra, feriado municipal, comemorado nesta quarta-feira, 20 de novembro, ser\u00e1 marcado com uma programa\u00e7\u00e3o especial promovida pela Prefeitura. Realizadas via Secretaria de Assist\u00eancia Social (SEMAS) e em parceria com a Secretaria de Cultura Esporte e Turismo (SECET) e Comiss\u00e3o de Terreiros\" \/>\n\t\t<script type=\"application\/ld+json\" class=\"aioseo-schema\">\n\t\t\t{\"@context\":\"https:\\\/\\\/schema.org\",\"@graph\":[{\"@type\":\"BlogPosting\",\"@id\":\"https:\\\/\\\/newsinfoco.com.br\\\/inicio\\\/dia-da-consciencia-negra-tem-programacao-especial-em-alagoinhas\\\/#blogposting\",\"name\":\"Dia da Consci\\u00eancia Negra tem programa\\u00e7\\u00e3o especial em Alagoinhas - News In Foco - Editado por Caio Pimenta\",\"headline\":\"Dia da Consci\\u00eancia Negra tem programa\\u00e7\\u00e3o especial em Alagoinhas\",\"author\":{\"@id\":\"https:\\\/\\\/newsinfoco.com.br\\\/inicio\\\/author\\\/administrador\\\/#author\"},\"publisher\":{\"@id\":\"https:\\\/\\\/newsinfoco.com.br\\\/inicio\\\/#organization\"},\"image\":{\"@type\":\"ImageObject\",\"url\":\"https:\\\/\\\/newsinfoco.com.br\\\/inicio\\\/wp-content\\\/uploads\\\/2019\\\/11\\\/WhatsApp-Image-2019-11-05-at-15.57.32-550x368.jpeg\",\"width\":550,\"height\":368},\"datePublished\":\"2019-11-19T21:51:12-03:00\",\"dateModified\":\"2019-11-19T21:51:12-03:00\",\"inLanguage\":\"pt-BR\",\"mainEntityOfPage\":{\"@id\":\"https:\\\/\\\/newsinfoco.com.br\\\/inicio\\\/dia-da-consciencia-negra-tem-programacao-especial-em-alagoinhas\\\/#webpage\"},\"isPartOf\":{\"@id\":\"https:\\\/\\\/newsinfoco.com.br\\\/inicio\\\/dia-da-consciencia-negra-tem-programacao-especial-em-alagoinhas\\\/#webpage\"},\"articleSection\":\"Alagoinhas e Regi\\u00e3o, Destaque\"},{\"@type\":\"BreadcrumbList\",\"@id\":\"https:\\\/\\\/newsinfoco.com.br\\\/inicio\\\/dia-da-consciencia-negra-tem-programacao-especial-em-alagoinhas\\\/#breadcrumblist\",\"itemListElement\":[{\"@type\":\"ListItem\",\"@id\":\"https:\\\/\\\/newsinfoco.com.br\\\/inicio#listItem\",\"position\":1,\"name\":\"In\\u00edcio\",\"item\":\"https:\\\/\\\/newsinfoco.com.br\\\/inicio\",\"nextItem\":{\"@type\":\"ListItem\",\"@id\":\"https:\\\/\\\/newsinfoco.com.br\\\/inicio\\\/category\\\/destaque\\\/#listItem\",\"name\":\"Destaque\"}},{\"@type\":\"ListItem\",\"@id\":\"https:\\\/\\\/newsinfoco.com.br\\\/inicio\\\/category\\\/destaque\\\/#listItem\",\"position\":2,\"name\":\"Destaque\",\"item\":\"https:\\\/\\\/newsinfoco.com.br\\\/inicio\\\/category\\\/destaque\\\/\",\"nextItem\":{\"@type\":\"ListItem\",\"@id\":\"https:\\\/\\\/newsinfoco.com.br\\\/inicio\\\/dia-da-consciencia-negra-tem-programacao-especial-em-alagoinhas\\\/#listItem\",\"name\":\"Dia da Consci\\u00eancia Negra tem programa\\u00e7\\u00e3o especial em Alagoinhas\"},\"previousItem\":{\"@type\":\"ListItem\",\"@id\":\"https:\\\/\\\/newsinfoco.com.br\\\/inicio#listItem\",\"name\":\"In\\u00edcio\"}},{\"@type\":\"ListItem\",\"@id\":\"https:\\\/\\\/newsinfoco.com.br\\\/inicio\\\/dia-da-consciencia-negra-tem-programacao-especial-em-alagoinhas\\\/#listItem\",\"position\":3,\"name\":\"Dia da Consci\\u00eancia Negra tem programa\\u00e7\\u00e3o especial em Alagoinhas\",\"previousItem\":{\"@type\":\"ListItem\",\"@id\":\"https:\\\/\\\/newsinfoco.com.br\\\/inicio\\\/category\\\/destaque\\\/#listItem\",\"name\":\"Destaque\"}}]},{\"@type\":\"Organization\",\"@id\":\"https:\\\/\\\/newsinfoco.com.br\\\/inicio\\\/#organization\",\"name\":\"News In Foco - Editado por Caio Pimenta\",\"description\":\"O principal site de noticias de Alagoinhas e regi\\u00e3o\",\"url\":\"https:\\\/\\\/newsinfoco.com.br\\\/inicio\\\/\"},{\"@type\":\"Person\",\"@id\":\"https:\\\/\\\/newsinfoco.com.br\\\/inicio\\\/author\\\/administrador\\\/#author\",\"url\":\"https:\\\/\\\/newsinfoco.com.br\\\/inicio\\\/author\\\/administrador\\\/\",\"name\":\"administrador\",\"image\":{\"@type\":\"ImageObject\",\"@id\":\"https:\\\/\\\/newsinfoco.com.br\\\/inicio\\\/dia-da-consciencia-negra-tem-programacao-especial-em-alagoinhas\\\/#authorImage\",\"url\":\"https:\\\/\\\/secure.gravatar.com\\\/avatar\\\/c17a617433de8c1dc9584bb79aab7563b46f5bb7e1728c9b17d9cc3ce6a08e49?s=96&d=mm&r=g\",\"width\":96,\"height\":96,\"caption\":\"administrador\"}},{\"@type\":\"WebPage\",\"@id\":\"https:\\\/\\\/newsinfoco.com.br\\\/inicio\\\/dia-da-consciencia-negra-tem-programacao-especial-em-alagoinhas\\\/#webpage\",\"url\":\"https:\\\/\\\/newsinfoco.com.br\\\/inicio\\\/dia-da-consciencia-negra-tem-programacao-especial-em-alagoinhas\\\/\",\"name\":\"Dia da Consci\\u00eancia Negra tem programa\\u00e7\\u00e3o especial em Alagoinhas - News In Foco - Editado por Caio Pimenta\",\"description\":\"Dando seguimento \\u00e0 s\\u00e9rie de a\\u00e7\\u00f5es do Novembro Negro, o Dia Nacional da Consci\\u00eancia Negra, feriado municipal, comemorado nesta quarta-feira, 20 de novembro, ser\\u00e1 marcado com uma programa\\u00e7\\u00e3o especial promovida pela Prefeitura. Realizadas via Secretaria de Assist\\u00eancia Social (SEMAS) e em parceria com a Secretaria de Cultura Esporte e Turismo (SECET) e Comiss\\u00e3o de Terreiros\",\"inLanguage\":\"pt-BR\",\"isPartOf\":{\"@id\":\"https:\\\/\\\/newsinfoco.com.br\\\/inicio\\\/#website\"},\"breadcrumb\":{\"@id\":\"https:\\\/\\\/newsinfoco.com.br\\\/inicio\\\/dia-da-consciencia-negra-tem-programacao-especial-em-alagoinhas\\\/#breadcrumblist\"},\"author\":{\"@id\":\"https:\\\/\\\/newsinfoco.com.br\\\/inicio\\\/author\\\/administrador\\\/#author\"},\"creator\":{\"@id\":\"https:\\\/\\\/newsinfoco.com.br\\\/inicio\\\/author\\\/administrador\\\/#author\"},\"image\":{\"@type\":\"ImageObject\",\"url\":\"https:\\\/\\\/newsinfoco.com.br\\\/inicio\\\/wp-content\\\/uploads\\\/2019\\\/11\\\/WhatsApp-Image-2019-11-05-at-15.57.32-550x368.jpeg\",\"@id\":\"https:\\\/\\\/newsinfoco.com.br\\\/inicio\\\/dia-da-consciencia-negra-tem-programacao-especial-em-alagoinhas\\\/#mainImage\",\"width\":550,\"height\":368},\"primaryImageOfPage\":{\"@id\":\"https:\\\/\\\/newsinfoco.com.br\\\/inicio\\\/dia-da-consciencia-negra-tem-programacao-especial-em-alagoinhas\\\/#mainImage\"},\"datePublished\":\"2019-11-19T21:51:12-03:00\",\"dateModified\":\"2019-11-19T21:51:12-03:00\"},{\"@type\":\"WebSite\",\"@id\":\"https:\\\/\\\/newsinfoco.com.br\\\/inicio\\\/#website\",\"url\":\"https:\\\/\\\/newsinfoco.com.br\\\/inicio\\\/\",\"name\":\"News In Foco - Editado por Caio Pimenta\",\"description\":\"O principal site de noticias de Alagoinhas e regi\\u00e3o\",\"inLanguage\":\"pt-BR\",\"publisher\":{\"@id\":\"https:\\\/\\\/newsinfoco.com.br\\\/inicio\\\/#organization\"}}]}\n\t\t<\/script>\n\t\t<!-- All in One SEO -->\n\n","aioseo_head_json":{"title":"Dia da Consci\u00eancia Negra tem programa\u00e7\u00e3o especial em Alagoinhas - News In Foco - Editado por Caio Pimenta","description":"Dando seguimento \u00e0 s\u00e9rie de a\u00e7\u00f5es do Novembro Negro, o Dia Nacional da Consci\u00eancia Negra, feriado municipal, comemorado nesta quarta-feira, 20 de novembro, ser\u00e1 marcado com uma programa\u00e7\u00e3o especial promovida pela Prefeitura. Realizadas via Secretaria de Assist\u00eancia Social (SEMAS) e em parceria com a Secretaria de Cultura Esporte e Turismo (SECET) e Comiss\u00e3o de Terreiros","canonical_url":"https:\/\/newsinfoco.com.br\/inicio\/dia-da-consciencia-negra-tem-programacao-especial-em-alagoinhas\/","robots":"max-image-preview:large","keywords":"","webmasterTools":{"miscellaneous":""},"schema":{"@context":"https:\/\/schema.org","@graph":[{"@type":"BlogPosting","@id":"https:\/\/newsinfoco.com.br\/inicio\/dia-da-consciencia-negra-tem-programacao-especial-em-alagoinhas\/#blogposting","name":"Dia da Consci\u00eancia Negra tem programa\u00e7\u00e3o especial em Alagoinhas - News In Foco - Editado por Caio Pimenta","headline":"Dia da Consci\u00eancia Negra tem programa\u00e7\u00e3o especial em Alagoinhas","author":{"@id":"https:\/\/newsinfoco.com.br\/inicio\/author\/administrador\/#author"},"publisher":{"@id":"https:\/\/newsinfoco.com.br\/inicio\/#organization"},"image":{"@type":"ImageObject","url":"https:\/\/newsinfoco.com.br\/inicio\/wp-content\/uploads\/2019\/11\/WhatsApp-Image-2019-11-05-at-15.57.32-550x368.jpeg","width":550,"height":368},"datePublished":"2019-11-19T21:51:12-03:00","dateModified":"2019-11-19T21:51:12-03:00","inLanguage":"pt-BR","mainEntityOfPage":{"@id":"https:\/\/newsinfoco.com.br\/inicio\/dia-da-consciencia-negra-tem-programacao-especial-em-alagoinhas\/#webpage"},"isPartOf":{"@id":"https:\/\/newsinfoco.com.br\/inicio\/dia-da-consciencia-negra-tem-programacao-especial-em-alagoinhas\/#webpage"},"articleSection":"Alagoinhas e Regi\u00e3o, Destaque"},{"@type":"BreadcrumbList","@id":"https:\/\/newsinfoco.com.br\/inicio\/dia-da-consciencia-negra-tem-programacao-especial-em-alagoinhas\/#breadcrumblist","itemListElement":[{"@type":"ListItem","@id":"https:\/\/newsinfoco.com.br\/inicio#listItem","position":1,"name":"In\u00edcio","item":"https:\/\/newsinfoco.com.br\/inicio","nextItem":{"@type":"ListItem","@id":"https:\/\/newsinfoco.com.br\/inicio\/category\/destaque\/#listItem","name":"Destaque"}},{"@type":"ListItem","@id":"https:\/\/newsinfoco.com.br\/inicio\/category\/destaque\/#listItem","position":2,"name":"Destaque","item":"https:\/\/newsinfoco.com.br\/inicio\/category\/destaque\/","nextItem":{"@type":"ListItem","@id":"https:\/\/newsinfoco.com.br\/inicio\/dia-da-consciencia-negra-tem-programacao-especial-em-alagoinhas\/#listItem","name":"Dia da Consci\u00eancia Negra tem programa\u00e7\u00e3o especial em Alagoinhas"},"previousItem":{"@type":"ListItem","@id":"https:\/\/newsinfoco.com.br\/inicio#listItem","name":"In\u00edcio"}},{"@type":"ListItem","@id":"https:\/\/newsinfoco.com.br\/inicio\/dia-da-consciencia-negra-tem-programacao-especial-em-alagoinhas\/#listItem","position":3,"name":"Dia da Consci\u00eancia Negra tem programa\u00e7\u00e3o especial em Alagoinhas","previousItem":{"@type":"ListItem","@id":"https:\/\/newsinfoco.com.br\/inicio\/category\/destaque\/#listItem","name":"Destaque"}}]},{"@type":"Organization","@id":"https:\/\/newsinfoco.com.br\/inicio\/#organization","name":"News In Foco - Editado por Caio Pimenta","description":"O principal site de noticias de Alagoinhas e regi\u00e3o","url":"https:\/\/newsinfoco.com.br\/inicio\/"},{"@type":"Person","@id":"https:\/\/newsinfoco.com.br\/inicio\/author\/administrador\/#author","url":"https:\/\/newsinfoco.com.br\/inicio\/author\/administrador\/","name":"administrador","image":{"@type":"ImageObject","@id":"https:\/\/newsinfoco.com.br\/inicio\/dia-da-consciencia-negra-tem-programacao-especial-em-alagoinhas\/#authorImage","url":"https:\/\/secure.gravatar.com\/avatar\/c17a617433de8c1dc9584bb79aab7563b46f5bb7e1728c9b17d9cc3ce6a08e49?s=96&d=mm&r=g","width":96,"height":96,"caption":"administrador"}},{"@type":"WebPage","@id":"https:\/\/newsinfoco.com.br\/inicio\/dia-da-consciencia-negra-tem-programacao-especial-em-alagoinhas\/#webpage","url":"https:\/\/newsinfoco.com.br\/inicio\/dia-da-consciencia-negra-tem-programacao-especial-em-alagoinhas\/","name":"Dia da Consci\u00eancia Negra tem programa\u00e7\u00e3o especial em Alagoinhas - News In Foco - Editado por Caio Pimenta","description":"Dando seguimento \u00e0 s\u00e9rie de a\u00e7\u00f5es do Novembro Negro, o Dia Nacional da Consci\u00eancia Negra, feriado municipal, comemorado nesta quarta-feira, 20 de novembro, ser\u00e1 marcado com uma programa\u00e7\u00e3o especial promovida pela Prefeitura. Realizadas via Secretaria de Assist\u00eancia Social (SEMAS) e em parceria com a Secretaria de Cultura Esporte e Turismo (SECET) e Comiss\u00e3o de Terreiros","inLanguage":"pt-BR","isPartOf":{"@id":"https:\/\/newsinfoco.com.br\/inicio\/#website"},"breadcrumb":{"@id":"https:\/\/newsinfoco.com.br\/inicio\/dia-da-consciencia-negra-tem-programacao-especial-em-alagoinhas\/#breadcrumblist"},"author":{"@id":"https:\/\/newsinfoco.com.br\/inicio\/author\/administrador\/#author"},"creator":{"@id":"https:\/\/newsinfoco.com.br\/inicio\/author\/administrador\/#author"},"image":{"@type":"ImageObject","url":"https:\/\/newsinfoco.com.br\/inicio\/wp-content\/uploads\/2019\/11\/WhatsApp-Image-2019-11-05-at-15.57.32-550x368.jpeg","@id":"https:\/\/newsinfoco.com.br\/inicio\/dia-da-consciencia-negra-tem-programacao-especial-em-alagoinhas\/#mainImage","width":550,"height":368},"primaryImageOfPage":{"@id":"https:\/\/newsinfoco.com.br\/inicio\/dia-da-consciencia-negra-tem-programacao-especial-em-alagoinhas\/#mainImage"},"datePublished":"2019-11-19T21:51:12-03:00","dateModified":"2019-11-19T21:51:12-03:00"},{"@type":"WebSite","@id":"https:\/\/newsinfoco.com.br\/inicio\/#website","url":"https:\/\/newsinfoco.com.br\/inicio\/","name":"News In Foco - Editado por Caio Pimenta","description":"O principal site de noticias de Alagoinhas e regi\u00e3o","inLanguage":"pt-BR","publisher":{"@id":"https:\/\/newsinfoco.com.br\/inicio\/#organization"}}]},"og:locale":"pt_BR","og:site_name":"News In Foco - Editado por Caio Pimenta - O principal site de noticias de Alagoinhas e regi\u00e3o","og:type":"article","og:title":"Dia da Consci\u00eancia Negra tem programa\u00e7\u00e3o especial em Alagoinhas - News In Foco - Editado por Caio Pimenta","og:description":"Dando seguimento \u00e0 s\u00e9rie de a\u00e7\u00f5es do Novembro Negro, o Dia Nacional da Consci\u00eancia Negra, feriado municipal, comemorado nesta quarta-feira, 20 de novembro, ser\u00e1 marcado com uma programa\u00e7\u00e3o especial promovida pela Prefeitura. Realizadas via Secretaria de Assist\u00eancia Social (SEMAS) e em parceria com a Secretaria de Cultura Esporte e Turismo (SECET) e Comiss\u00e3o de Terreiros","og:url":"https:\/\/newsinfoco.com.br\/inicio\/dia-da-consciencia-negra-tem-programacao-especial-em-alagoinhas\/","article:published_time":"2019-11-19T23:51:12+00:00","article:modified_time":"2019-11-19T23:51:12+00:00","twitter:card":"summary_large_image","twitter:title":"Dia da Consci\u00eancia Negra tem programa\u00e7\u00e3o especial em Alagoinhas - News In Foco - Editado por Caio Pimenta","twitter:description":"Dando seguimento \u00e0 s\u00e9rie de a\u00e7\u00f5es do Novembro Negro, o Dia Nacional da Consci\u00eancia Negra, feriado municipal, comemorado nesta quarta-feira, 20 de novembro, ser\u00e1 marcado com uma programa\u00e7\u00e3o especial promovida pela Prefeitura. Realizadas via Secretaria de Assist\u00eancia Social (SEMAS) e em parceria com a Secretaria de Cultura Esporte e Turismo (SECET) e Comiss\u00e3o de Terreiros"},"aioseo_meta_data":{"post_id":"18780","title":null,"description":null,"keywords":null,"keyphrases":null,"primary_term":null,"canonical_url":null,"og_title":null,"og_description":null,"og_object_type":"default","og_image_type":"default","og_image_url":null,"og_image_width":null,"og_image_height":null,"og_image_custom_url":null,"og_image_custom_fields":null,"og_video":null,"og_custom_url":null,"og_article_section":null,"og_article_tags":null,"twitter_use_og":false,"twitter_card":"default","twitter_image_type":"default","twitter_image_url":null,"twitter_image_custom_url":null,"twitter_image_custom_fields":null,"twitter_title":null,"twitter_description":null,"schema":{"blockGraphs":[],"customGraphs":[],"default":{"data":{"Article":[],"Course":[],"Dataset":[],"FAQPage":[],"Movie":[],"Person":[],"Product":[],"ProductReview":[],"Car":[],"Recipe":[],"Service":[],"SoftwareApplication":[],"WebPage":[]},"graphName":"","isEnabled":true},"graphs":[]},"schema_type":"default","schema_type_options":null,"pillar_content":false,"robots_default":true,"robots_noindex":false,"robots_noarchive":false,"robots_nosnippet":false,"robots_nofollow":false,"robots_noimageindex":false,"robots_noodp":false,"robots_notranslate":false,"robots_max_snippet":null,"robots_max_videopreview":null,"robots_max_imagepreview":"large","priority":null,"frequency":null,"local_seo":null,"breadcrumb_settings":null,"limit_modified_date":false,"ai":null,"created":"2023-06-12 15:18:45","updated":"2025-07-11 01:56:43","seo_analyzer_scan_date":null},"aioseo_breadcrumb":"<div class=\"aioseo-breadcrumbs\"><span class=\"aioseo-breadcrumb\">\n\t\t\t<a href=\"https:\/\/newsinfoco.com.br\/inicio\" title=\"In\u00edcio\">In\u00edcio<\/a>\n\t\t<\/span><span class=\"aioseo-breadcrumb-separator\">&raquo;<\/span><span class=\"aioseo-breadcrumb\">\n\t\t\t<a href=\"https:\/\/newsinfoco.com.br\/inicio\/category\/destaque\/\" title=\"Destaque\">Destaque<\/a>\n\t\t<\/span><span class=\"aioseo-breadcrumb-separator\">&raquo;<\/span><span class=\"aioseo-breadcrumb\">\n\t\t\tDia da Consci\u00eancia Negra tem programa\u00e7\u00e3o especial em Alagoinhas\n\t\t<\/span><\/div>","aioseo_breadcrumb_json":[{"label":"In\u00edcio","link":"https:\/\/newsinfoco.com.br\/inicio"},{"label":"Destaque","link":"https:\/\/newsinfoco.com.br\/inicio\/category\/destaque\/"},{"label":"Dia da Consci\u00eancia Negra tem programa\u00e7\u00e3o especial em Alagoinhas","link":"https:\/\/newsinfoco.com.br\/inicio\/dia-da-consciencia-negra-tem-programacao-especial-em-alagoinhas\/"}],"_links":{"self":[{"href":"https:\/\/newsinfoco.com.br\/inicio\/wp-json\/wp\/v2\/posts\/18780","targetHints":{"allow":["GET"]}}],"collection":[{"href":"https:\/\/newsinfoco.com.br\/inicio\/wp-json\/wp\/v2\/posts"}],"about":[{"href":"https:\/\/newsinfoco.com.br\/inicio\/wp-json\/wp\/v2\/types\/post"}],"author":[{"embeddable":true,"href":"https:\/\/newsinfoco.com.br\/inicio\/wp-json\/wp\/v2\/users\/1"}],"replies":[{"embeddable":true,"href":"https:\/\/newsinfoco.com.br\/inicio\/wp-json\/wp\/v2\/comments?post=18780"}],"version-history":[{"count":0,"href":"https:\/\/newsinfoco.com.br\/inicio\/wp-json\/wp\/v2\/posts\/18780\/revisions"}],"wp:featuredmedia":[{"embeddable":true,"href":"https:\/\/newsinfoco.com.br\/inicio\/wp-json\/wp\/v2\/media\/18448"}],"wp:attachment":[{"href":"https:\/\/newsinfoco.com.br\/inicio\/wp-json\/wp\/v2\/media?parent=18780"}],"wp:term":[{"taxonomy":"category","embeddable":true,"href":"https:\/\/newsinfoco.com.br\/inicio\/wp-json\/wp\/v2\/categories?post=18780"},{"taxonomy":"post_tag","embeddable":true,"href":"https:\/\/newsinfoco.com.br\/inicio\/wp-json\/wp\/v2\/tags?post=18780"}],"curies":[{"name":"wp","href":"https:\/\/api.w.org\/{rel}","templated":true}]}}