{"id":19070,"date":"2019-12-01T22:03:41","date_gmt":"2019-12-02T00:03:41","guid":{"rendered":"http:\/\/newsinfoco.com.br\/?p=19070"},"modified":"2019-12-02T09:51:40","modified_gmt":"2019-12-02T11:51:40","slug":"fabricio-faro-entre-a-nova-politica-e-a-politica-tradicional-por-caio-pimenta","status":"publish","type":"post","link":"https:\/\/newsinfoco.com.br\/inicio\/fabricio-faro-entre-a-nova-politica-e-a-politica-tradicional-por-caio-pimenta\/","title":{"rendered":"Fabricio Faro entre a nova politica e a politica tradicional &#8211; Por Caio Pimenta"},"content":{"rendered":"<p style=\"text-align: justify;\">N\u00e3o basta ser novo para representar um projeto intitulado de &#8216;nova politica&#8217;. \u00c9 preciso ter coer\u00eancia entre o discurso e a pr\u00e1tica, aliada a uma converg\u00eancia do que a popula\u00e7\u00e3o espera atrav\u00e9s do surgimento de uma nova ordem politica. E o que seria essa nova politica? Em linhas gerais, o combate as pr\u00e1ticas populistas, a toler\u00e2ncia zero com a corrup\u00e7\u00e3o, o distanciamento das figuras da politica tradicional que sempre estiveram intimas do poder e que de um modo ou de outro se favoreceram das benesses que ela oferece. Essa \u00e9 a li\u00e7\u00e3o que se pode tirar das manifesta\u00e7\u00f5es que culminaram no impeachment de Dilma e no apoio irrestrito \u00e0 opera\u00e7\u00e3o Lava Jato.<\/p>\n<p style=\"text-align: justify;\">Em Alagoinhas, diante do evidente desgaste das figuras simbolo da politica tradicional, surgem v\u00e1rios nomes dispostos a se cobrir com o manto da &#8216;nova politica&#8217; e assim ter um campo amplo para encantar os eleitores e pavimentar sua chegada ao pa\u00e7o municipal. Um deles \u00e9 Fabricio Faro.<\/p>\n<p style=\"text-align: justify;\">Figura s\u00e9ria, Fabricio \u00e9 jovem, tem postura firme, tem ideias que envolvem o eleitor, prega o gasto respons\u00e1vel dos recursos p\u00fablicos com uma efici\u00eancia na presta\u00e7\u00e3o dos servi\u00e7os a serem alcan\u00e7ados. Por\u00e9m tem dificuldades em descolar sua imagem das figuras tradicionais da politica local, identificados pela popula\u00e7\u00e3o como representantes da velha politica.<\/p>\n<p style=\"text-align: justify;\">Para inicio de conversa, Fabricio tem como padrinho politico, o deputado federal Paulo Azi, do DEM, j\u00e1 rodado, que apesar das vultuosas somas de emendas enviadas ao munic\u00edpio, teve uma vota\u00e7\u00e3o p\u00edfia na cidade nas \u00faltimas elei\u00e7\u00f5es. Ao romper politicamente com o deputado, disse o prefeito Joaquim Neto &#8216;Me livrei de um cont\u00eainer&#8217;. Comparado pelo tamb\u00e9m colunista deste site News Infoco, Hugo Azi, ao &#8216;Sinhozinho Malta&#8217;, Paulo Azi, embora possa dar uma estrutura partid\u00e1ria e permita uma maior facilidade no acesso de recursos federais diante de sua influencia em Brasilia, dificulta as possibilidades de Fabricio de sustentar uma ruptura com a chamada &#8216;velha politica&#8217;.<\/p>\n<p style=\"text-align: justify;\">Pior que isso \u00e9 a falta de disposi\u00e7\u00e3o demonstrada at\u00e9 aqui por Fabricio em recha\u00e7ar qualquer tipo de vincula\u00e7\u00e3o entre sua poss\u00edvel candidatura e um apoio do ex-prefeito Paulo Cezar. Paulo Cezar \u00e9 acusado pelo MPF de participar de um esquema fraudulento envolvendo contratos no transporte escolar durante seu governo. Estes mesmos contratos, j\u00e1 haviam sido alvo de denuncias da oposi\u00e7\u00e3o \u00e0 \u00e9poca, antes do MPF oferecer a denuncia contra o ex-prefeito.<\/p>\n<p style=\"text-align: justify;\">Ao entrar na SEDUC e identificar potenciais irregularidades, o pr\u00f3prio Fabricio rompe estes contratos, depois comprovadamente fraudulentos, mas mesmo assim, de forma surpreendente, acha que seria interessante um apoio de Paulo Cezar.<\/p>\n<p style=\"text-align: justify;\">As incoer\u00eancias entre o discursos inovador de austeridade e efici\u00eancia e a estreita rela\u00e7\u00e3o com figuras da velha politica em meio a acusa\u00e7\u00f5es de envolvimento com il\u00edcitos e, em outro caso, com uma sens\u00edvel falta de empatia com eleitor, s\u00e3o mais do que fortes ingredientes para fazer naufragar qualquer tentativa de se chegar ao poder com a bandeira de implementa\u00e7\u00e3o de uma &#8216;nova politica&#8217;.<\/p>\n<p style=\"text-align: justify;\"><strong>Caio Pimenta \u00e9 Bacharel em Direito, radialista, comentarista do Programa Primeira M\u00e3o da r\u00e1dio Ouro Negro FM 100,5 FM e r\u00e1dio 2 de Julho. Ele tamb\u00e9m \u00e9 editor-chefe do site News Infoco<\/strong><\/p>\n<div class='share-to-whatsapp-wrapper'><div class='share-on-whsp'>Share on: <\/div><a data-text='Fabricio Faro entre a nova politica e a politica tradicional - Por Caio Pimenta' data-link='https:\/\/newsinfoco.com.br\/inicio\/fabricio-faro-entre-a-nova-politica-e-a-politica-tradicional-por-caio-pimenta\/' class='whatsapp-button whatsapp-share'>WhatsApp<\/a><div class='clear '><\/div><\/div>","protected":false},"excerpt":{"rendered":"<p>N\u00e3o basta ser novo para representar um projeto intitulado de &#8216;nova politica&#8217;. \u00c9 preciso ter coer\u00eancia entre o discurso e a pr\u00e1tica, aliada a uma converg\u00eancia do que a popula\u00e7\u00e3o espera atrav\u00e9s do surgimento de uma nova ordem politica. E o que seria essa nova politica? Em linhas gerais, o combate as pr\u00e1ticas populistas, a [&hellip;]<\/p>\n","protected":false},"author":1,"featured_media":18094,"comment_status":"open","ping_status":"open","sticky":false,"template":"","format":"standard","meta":{"om_disable_all_campaigns":false,"rop_custom_images_group":[],"rop_custom_messages_group":[],"rop_publish_now":"initial","rop_publish_now_accounts":[],"rop_publish_now_history":[],"rop_publish_now_status":"pending","_exactmetrics_skip_tracking":false,"footnotes":""},"categories":[26],"tags":[],"class_list":["post-19070","post","type-post","status-publish","format-standard","has-post-thumbnail","hentry","category-caio-pimenta"],"aioseo_notices":[],"aioseo_head":"\n\t\t<!-- All in One SEO 4.9.10 - aioseo.com -->\n\t<meta name=\"description\" content=\"N\u00e3o basta ser novo para representar um projeto intitulado de &#039;nova politica&#039;. \u00c9 preciso ter coer\u00eancia entre o discurso e a pr\u00e1tica, aliada a uma converg\u00eancia do que a popula\u00e7\u00e3o espera atrav\u00e9s do surgimento de uma nova ordem politica. E o que seria essa nova politica? Em linhas gerais, o combate as pr\u00e1ticas populistas, a\" \/>\n\t<meta name=\"robots\" content=\"max-image-preview:large\" \/>\n\t<meta name=\"author\" content=\"administrador\"\/>\n\t<link rel=\"canonical\" href=\"https:\/\/newsinfoco.com.br\/inicio\/fabricio-faro-entre-a-nova-politica-e-a-politica-tradicional-por-caio-pimenta\/\" \/>\n\t<meta name=\"generator\" content=\"All in One SEO (AIOSEO) 4.9.10\" \/>\n\t\t<meta property=\"og:locale\" content=\"pt_BR\" \/>\n\t\t<meta property=\"og:site_name\" content=\"News In Foco - Editado por Caio Pimenta - O principal site de noticias de Alagoinhas e regi\u00e3o\" \/>\n\t\t<meta property=\"og:type\" content=\"article\" \/>\n\t\t<meta property=\"og:title\" content=\"Fabricio Faro entre a nova politica e a politica tradicional \u2013 Por Caio Pimenta - News In Foco - Editado por Caio Pimenta\" \/>\n\t\t<meta property=\"og:description\" content=\"N\u00e3o basta ser novo para representar um projeto intitulado de &#039;nova politica&#039;. \u00c9 preciso ter coer\u00eancia entre o discurso e a pr\u00e1tica, aliada a uma converg\u00eancia do que a popula\u00e7\u00e3o espera atrav\u00e9s do surgimento de uma nova ordem politica. E o que seria essa nova politica? Em linhas gerais, o combate as pr\u00e1ticas populistas, a\" \/>\n\t\t<meta property=\"og:url\" content=\"https:\/\/newsinfoco.com.br\/inicio\/fabricio-faro-entre-a-nova-politica-e-a-politica-tradicional-por-caio-pimenta\/\" \/>\n\t\t<meta property=\"article:published_time\" content=\"2019-12-02T00:03:41+00:00\" \/>\n\t\t<meta property=\"article:modified_time\" content=\"2019-12-02T11:51:40+00:00\" \/>\n\t\t<meta name=\"twitter:card\" content=\"summary_large_image\" \/>\n\t\t<meta name=\"twitter:title\" content=\"Fabricio Faro entre a nova politica e a politica tradicional \u2013 Por Caio Pimenta - News In Foco - Editado por Caio Pimenta\" \/>\n\t\t<meta name=\"twitter:description\" content=\"N\u00e3o basta ser novo para representar um projeto intitulado de &#039;nova politica&#039;. \u00c9 preciso ter coer\u00eancia entre o discurso e a pr\u00e1tica, aliada a uma converg\u00eancia do que a popula\u00e7\u00e3o espera atrav\u00e9s do surgimento de uma nova ordem politica. E o que seria essa nova politica? Em linhas gerais, o combate as pr\u00e1ticas populistas, a\" \/>\n\t\t<script type=\"application\/ld+json\" class=\"aioseo-schema\">\n\t\t\t{\"@context\":\"https:\\\/\\\/schema.org\",\"@graph\":[{\"@type\":\"BlogPosting\",\"@id\":\"https:\\\/\\\/newsinfoco.com.br\\\/inicio\\\/fabricio-faro-entre-a-nova-politica-e-a-politica-tradicional-por-caio-pimenta\\\/#blogposting\",\"name\":\"Fabricio Faro entre a nova politica e a politica tradicional \\u2013 Por Caio Pimenta - News In Foco - Editado por Caio Pimenta\",\"headline\":\"Fabricio Faro entre a nova politica e a politica tradicional &#8211; Por Caio Pimenta\",\"author\":{\"@id\":\"https:\\\/\\\/newsinfoco.com.br\\\/inicio\\\/author\\\/administrador\\\/#author\"},\"publisher\":{\"@id\":\"https:\\\/\\\/newsinfoco.com.br\\\/inicio\\\/#organization\"},\"image\":{\"@type\":\"ImageObject\",\"url\":\"https:\\\/\\\/newsinfoco.com.br\\\/inicio\\\/wp-content\\\/uploads\\\/2019\\\/10\\\/caio-pimenta.jpg\",\"width\":800,\"height\":600,\"caption\":\"Caio Pimenta\"},\"datePublished\":\"2019-12-01T22:03:41-03:00\",\"dateModified\":\"2019-12-02T09:51:40-03:00\",\"inLanguage\":\"pt-BR\",\"mainEntityOfPage\":{\"@id\":\"https:\\\/\\\/newsinfoco.com.br\\\/inicio\\\/fabricio-faro-entre-a-nova-politica-e-a-politica-tradicional-por-caio-pimenta\\\/#webpage\"},\"isPartOf\":{\"@id\":\"https:\\\/\\\/newsinfoco.com.br\\\/inicio\\\/fabricio-faro-entre-a-nova-politica-e-a-politica-tradicional-por-caio-pimenta\\\/#webpage\"},\"articleSection\":\"Caio Pimenta\"},{\"@type\":\"BreadcrumbList\",\"@id\":\"https:\\\/\\\/newsinfoco.com.br\\\/inicio\\\/fabricio-faro-entre-a-nova-politica-e-a-politica-tradicional-por-caio-pimenta\\\/#breadcrumblist\",\"itemListElement\":[{\"@type\":\"ListItem\",\"@id\":\"https:\\\/\\\/newsinfoco.com.br\\\/inicio#listItem\",\"position\":1,\"name\":\"In\\u00edcio\",\"item\":\"https:\\\/\\\/newsinfoco.com.br\\\/inicio\",\"nextItem\":{\"@type\":\"ListItem\",\"@id\":\"https:\\\/\\\/newsinfoco.com.br\\\/inicio\\\/category\\\/caio-pimenta\\\/#listItem\",\"name\":\"Caio Pimenta\"}},{\"@type\":\"ListItem\",\"@id\":\"https:\\\/\\\/newsinfoco.com.br\\\/inicio\\\/category\\\/caio-pimenta\\\/#listItem\",\"position\":2,\"name\":\"Caio Pimenta\",\"item\":\"https:\\\/\\\/newsinfoco.com.br\\\/inicio\\\/category\\\/caio-pimenta\\\/\",\"nextItem\":{\"@type\":\"ListItem\",\"@id\":\"https:\\\/\\\/newsinfoco.com.br\\\/inicio\\\/fabricio-faro-entre-a-nova-politica-e-a-politica-tradicional-por-caio-pimenta\\\/#listItem\",\"name\":\"Fabricio Faro entre a nova politica e a politica tradicional &#8211; Por Caio Pimenta\"},\"previousItem\":{\"@type\":\"ListItem\",\"@id\":\"https:\\\/\\\/newsinfoco.com.br\\\/inicio#listItem\",\"name\":\"In\\u00edcio\"}},{\"@type\":\"ListItem\",\"@id\":\"https:\\\/\\\/newsinfoco.com.br\\\/inicio\\\/fabricio-faro-entre-a-nova-politica-e-a-politica-tradicional-por-caio-pimenta\\\/#listItem\",\"position\":3,\"name\":\"Fabricio Faro entre a nova politica e a politica tradicional &#8211; Por Caio Pimenta\",\"previousItem\":{\"@type\":\"ListItem\",\"@id\":\"https:\\\/\\\/newsinfoco.com.br\\\/inicio\\\/category\\\/caio-pimenta\\\/#listItem\",\"name\":\"Caio Pimenta\"}}]},{\"@type\":\"Organization\",\"@id\":\"https:\\\/\\\/newsinfoco.com.br\\\/inicio\\\/#organization\",\"name\":\"News In Foco - Editado por Caio Pimenta\",\"description\":\"O principal site de noticias de Alagoinhas e regi\\u00e3o\",\"url\":\"https:\\\/\\\/newsinfoco.com.br\\\/inicio\\\/\"},{\"@type\":\"Person\",\"@id\":\"https:\\\/\\\/newsinfoco.com.br\\\/inicio\\\/author\\\/administrador\\\/#author\",\"url\":\"https:\\\/\\\/newsinfoco.com.br\\\/inicio\\\/author\\\/administrador\\\/\",\"name\":\"administrador\",\"image\":{\"@type\":\"ImageObject\",\"@id\":\"https:\\\/\\\/newsinfoco.com.br\\\/inicio\\\/fabricio-faro-entre-a-nova-politica-e-a-politica-tradicional-por-caio-pimenta\\\/#authorImage\",\"url\":\"https:\\\/\\\/secure.gravatar.com\\\/avatar\\\/c17a617433de8c1dc9584bb79aab7563b46f5bb7e1728c9b17d9cc3ce6a08e49?s=96&d=mm&r=g\",\"width\":96,\"height\":96,\"caption\":\"administrador\"}},{\"@type\":\"WebPage\",\"@id\":\"https:\\\/\\\/newsinfoco.com.br\\\/inicio\\\/fabricio-faro-entre-a-nova-politica-e-a-politica-tradicional-por-caio-pimenta\\\/#webpage\",\"url\":\"https:\\\/\\\/newsinfoco.com.br\\\/inicio\\\/fabricio-faro-entre-a-nova-politica-e-a-politica-tradicional-por-caio-pimenta\\\/\",\"name\":\"Fabricio Faro entre a nova politica e a politica tradicional \\u2013 Por Caio Pimenta - News In Foco - Editado por Caio Pimenta\",\"description\":\"N\\u00e3o basta ser novo para representar um projeto intitulado de 'nova politica'. \\u00c9 preciso ter coer\\u00eancia entre o discurso e a pr\\u00e1tica, aliada a uma converg\\u00eancia do que a popula\\u00e7\\u00e3o espera atrav\\u00e9s do surgimento de uma nova ordem politica. E o que seria essa nova politica? Em linhas gerais, o combate as pr\\u00e1ticas populistas, a\",\"inLanguage\":\"pt-BR\",\"isPartOf\":{\"@id\":\"https:\\\/\\\/newsinfoco.com.br\\\/inicio\\\/#website\"},\"breadcrumb\":{\"@id\":\"https:\\\/\\\/newsinfoco.com.br\\\/inicio\\\/fabricio-faro-entre-a-nova-politica-e-a-politica-tradicional-por-caio-pimenta\\\/#breadcrumblist\"},\"author\":{\"@id\":\"https:\\\/\\\/newsinfoco.com.br\\\/inicio\\\/author\\\/administrador\\\/#author\"},\"creator\":{\"@id\":\"https:\\\/\\\/newsinfoco.com.br\\\/inicio\\\/author\\\/administrador\\\/#author\"},\"image\":{\"@type\":\"ImageObject\",\"url\":\"https:\\\/\\\/newsinfoco.com.br\\\/inicio\\\/wp-content\\\/uploads\\\/2019\\\/10\\\/caio-pimenta.jpg\",\"@id\":\"https:\\\/\\\/newsinfoco.com.br\\\/inicio\\\/fabricio-faro-entre-a-nova-politica-e-a-politica-tradicional-por-caio-pimenta\\\/#mainImage\",\"width\":800,\"height\":600,\"caption\":\"Caio Pimenta\"},\"primaryImageOfPage\":{\"@id\":\"https:\\\/\\\/newsinfoco.com.br\\\/inicio\\\/fabricio-faro-entre-a-nova-politica-e-a-politica-tradicional-por-caio-pimenta\\\/#mainImage\"},\"datePublished\":\"2019-12-01T22:03:41-03:00\",\"dateModified\":\"2019-12-02T09:51:40-03:00\"},{\"@type\":\"WebSite\",\"@id\":\"https:\\\/\\\/newsinfoco.com.br\\\/inicio\\\/#website\",\"url\":\"https:\\\/\\\/newsinfoco.com.br\\\/inicio\\\/\",\"name\":\"News In Foco - Editado por Caio Pimenta\",\"description\":\"O principal site de noticias de Alagoinhas e regi\\u00e3o\",\"inLanguage\":\"pt-BR\",\"publisher\":{\"@id\":\"https:\\\/\\\/newsinfoco.com.br\\\/inicio\\\/#organization\"}}]}\n\t\t<\/script>\n\t\t<!-- All in One SEO -->\n\n","aioseo_head_json":{"title":"Fabricio Faro entre a nova politica e a politica tradicional \u2013 Por Caio Pimenta - News In Foco - Editado por Caio Pimenta","description":"N\u00e3o basta ser novo para representar um projeto intitulado de 'nova politica'. \u00c9 preciso ter coer\u00eancia entre o discurso e a pr\u00e1tica, aliada a uma converg\u00eancia do que a popula\u00e7\u00e3o espera atrav\u00e9s do surgimento de uma nova ordem politica. E o que seria essa nova politica? Em linhas gerais, o combate as pr\u00e1ticas populistas, a","canonical_url":"https:\/\/newsinfoco.com.br\/inicio\/fabricio-faro-entre-a-nova-politica-e-a-politica-tradicional-por-caio-pimenta\/","robots":"max-image-preview:large","keywords":"","webmasterTools":{"miscellaneous":""},"schema":{"@context":"https:\/\/schema.org","@graph":[{"@type":"BlogPosting","@id":"https:\/\/newsinfoco.com.br\/inicio\/fabricio-faro-entre-a-nova-politica-e-a-politica-tradicional-por-caio-pimenta\/#blogposting","name":"Fabricio Faro entre a nova politica e a politica tradicional \u2013 Por Caio Pimenta - News In Foco - Editado por Caio Pimenta","headline":"Fabricio Faro entre a nova politica e a politica tradicional &#8211; Por Caio Pimenta","author":{"@id":"https:\/\/newsinfoco.com.br\/inicio\/author\/administrador\/#author"},"publisher":{"@id":"https:\/\/newsinfoco.com.br\/inicio\/#organization"},"image":{"@type":"ImageObject","url":"https:\/\/newsinfoco.com.br\/inicio\/wp-content\/uploads\/2019\/10\/caio-pimenta.jpg","width":800,"height":600,"caption":"Caio Pimenta"},"datePublished":"2019-12-01T22:03:41-03:00","dateModified":"2019-12-02T09:51:40-03:00","inLanguage":"pt-BR","mainEntityOfPage":{"@id":"https:\/\/newsinfoco.com.br\/inicio\/fabricio-faro-entre-a-nova-politica-e-a-politica-tradicional-por-caio-pimenta\/#webpage"},"isPartOf":{"@id":"https:\/\/newsinfoco.com.br\/inicio\/fabricio-faro-entre-a-nova-politica-e-a-politica-tradicional-por-caio-pimenta\/#webpage"},"articleSection":"Caio Pimenta"},{"@type":"BreadcrumbList","@id":"https:\/\/newsinfoco.com.br\/inicio\/fabricio-faro-entre-a-nova-politica-e-a-politica-tradicional-por-caio-pimenta\/#breadcrumblist","itemListElement":[{"@type":"ListItem","@id":"https:\/\/newsinfoco.com.br\/inicio#listItem","position":1,"name":"In\u00edcio","item":"https:\/\/newsinfoco.com.br\/inicio","nextItem":{"@type":"ListItem","@id":"https:\/\/newsinfoco.com.br\/inicio\/category\/caio-pimenta\/#listItem","name":"Caio Pimenta"}},{"@type":"ListItem","@id":"https:\/\/newsinfoco.com.br\/inicio\/category\/caio-pimenta\/#listItem","position":2,"name":"Caio Pimenta","item":"https:\/\/newsinfoco.com.br\/inicio\/category\/caio-pimenta\/","nextItem":{"@type":"ListItem","@id":"https:\/\/newsinfoco.com.br\/inicio\/fabricio-faro-entre-a-nova-politica-e-a-politica-tradicional-por-caio-pimenta\/#listItem","name":"Fabricio Faro entre a nova politica e a politica tradicional &#8211; Por Caio Pimenta"},"previousItem":{"@type":"ListItem","@id":"https:\/\/newsinfoco.com.br\/inicio#listItem","name":"In\u00edcio"}},{"@type":"ListItem","@id":"https:\/\/newsinfoco.com.br\/inicio\/fabricio-faro-entre-a-nova-politica-e-a-politica-tradicional-por-caio-pimenta\/#listItem","position":3,"name":"Fabricio Faro entre a nova politica e a politica tradicional &#8211; Por Caio Pimenta","previousItem":{"@type":"ListItem","@id":"https:\/\/newsinfoco.com.br\/inicio\/category\/caio-pimenta\/#listItem","name":"Caio Pimenta"}}]},{"@type":"Organization","@id":"https:\/\/newsinfoco.com.br\/inicio\/#organization","name":"News In Foco - Editado por Caio Pimenta","description":"O principal site de noticias de Alagoinhas e regi\u00e3o","url":"https:\/\/newsinfoco.com.br\/inicio\/"},{"@type":"Person","@id":"https:\/\/newsinfoco.com.br\/inicio\/author\/administrador\/#author","url":"https:\/\/newsinfoco.com.br\/inicio\/author\/administrador\/","name":"administrador","image":{"@type":"ImageObject","@id":"https:\/\/newsinfoco.com.br\/inicio\/fabricio-faro-entre-a-nova-politica-e-a-politica-tradicional-por-caio-pimenta\/#authorImage","url":"https:\/\/secure.gravatar.com\/avatar\/c17a617433de8c1dc9584bb79aab7563b46f5bb7e1728c9b17d9cc3ce6a08e49?s=96&d=mm&r=g","width":96,"height":96,"caption":"administrador"}},{"@type":"WebPage","@id":"https:\/\/newsinfoco.com.br\/inicio\/fabricio-faro-entre-a-nova-politica-e-a-politica-tradicional-por-caio-pimenta\/#webpage","url":"https:\/\/newsinfoco.com.br\/inicio\/fabricio-faro-entre-a-nova-politica-e-a-politica-tradicional-por-caio-pimenta\/","name":"Fabricio Faro entre a nova politica e a politica tradicional \u2013 Por Caio Pimenta - News In Foco - Editado por Caio Pimenta","description":"N\u00e3o basta ser novo para representar um projeto intitulado de 'nova politica'. \u00c9 preciso ter coer\u00eancia entre o discurso e a pr\u00e1tica, aliada a uma converg\u00eancia do que a popula\u00e7\u00e3o espera atrav\u00e9s do surgimento de uma nova ordem politica. E o que seria essa nova politica? Em linhas gerais, o combate as pr\u00e1ticas populistas, a","inLanguage":"pt-BR","isPartOf":{"@id":"https:\/\/newsinfoco.com.br\/inicio\/#website"},"breadcrumb":{"@id":"https:\/\/newsinfoco.com.br\/inicio\/fabricio-faro-entre-a-nova-politica-e-a-politica-tradicional-por-caio-pimenta\/#breadcrumblist"},"author":{"@id":"https:\/\/newsinfoco.com.br\/inicio\/author\/administrador\/#author"},"creator":{"@id":"https:\/\/newsinfoco.com.br\/inicio\/author\/administrador\/#author"},"image":{"@type":"ImageObject","url":"https:\/\/newsinfoco.com.br\/inicio\/wp-content\/uploads\/2019\/10\/caio-pimenta.jpg","@id":"https:\/\/newsinfoco.com.br\/inicio\/fabricio-faro-entre-a-nova-politica-e-a-politica-tradicional-por-caio-pimenta\/#mainImage","width":800,"height":600,"caption":"Caio Pimenta"},"primaryImageOfPage":{"@id":"https:\/\/newsinfoco.com.br\/inicio\/fabricio-faro-entre-a-nova-politica-e-a-politica-tradicional-por-caio-pimenta\/#mainImage"},"datePublished":"2019-12-01T22:03:41-03:00","dateModified":"2019-12-02T09:51:40-03:00"},{"@type":"WebSite","@id":"https:\/\/newsinfoco.com.br\/inicio\/#website","url":"https:\/\/newsinfoco.com.br\/inicio\/","name":"News In Foco - Editado por Caio Pimenta","description":"O principal site de noticias de Alagoinhas e regi\u00e3o","inLanguage":"pt-BR","publisher":{"@id":"https:\/\/newsinfoco.com.br\/inicio\/#organization"}}]},"og:locale":"pt_BR","og:site_name":"News In Foco - Editado por Caio Pimenta - O principal site de noticias de Alagoinhas e regi\u00e3o","og:type":"article","og:title":"Fabricio Faro entre a nova politica e a politica tradicional \u2013 Por Caio Pimenta - News In Foco - Editado por Caio Pimenta","og:description":"N\u00e3o basta ser novo para representar um projeto intitulado de 'nova politica'. \u00c9 preciso ter coer\u00eancia entre o discurso e a pr\u00e1tica, aliada a uma converg\u00eancia do que a popula\u00e7\u00e3o espera atrav\u00e9s do surgimento de uma nova ordem politica. E o que seria essa nova politica? Em linhas gerais, o combate as pr\u00e1ticas populistas, a","og:url":"https:\/\/newsinfoco.com.br\/inicio\/fabricio-faro-entre-a-nova-politica-e-a-politica-tradicional-por-caio-pimenta\/","article:published_time":"2019-12-02T00:03:41+00:00","article:modified_time":"2019-12-02T11:51:40+00:00","twitter:card":"summary_large_image","twitter:title":"Fabricio Faro entre a nova politica e a politica tradicional \u2013 Por Caio Pimenta - News In Foco - Editado por Caio Pimenta","twitter:description":"N\u00e3o basta ser novo para representar um projeto intitulado de 'nova politica'. \u00c9 preciso ter coer\u00eancia entre o discurso e a pr\u00e1tica, aliada a uma converg\u00eancia do que a popula\u00e7\u00e3o espera atrav\u00e9s do surgimento de uma nova ordem politica. E o que seria essa nova politica? Em linhas gerais, o combate as pr\u00e1ticas populistas, a"},"aioseo_meta_data":{"post_id":"19070","title":null,"description":null,"keywords":null,"keyphrases":null,"primary_term":null,"canonical_url":null,"og_title":null,"og_description":null,"og_object_type":"default","og_image_type":"default","og_image_url":null,"og_image_width":null,"og_image_height":null,"og_image_custom_url":null,"og_image_custom_fields":null,"og_video":null,"og_custom_url":null,"og_article_section":null,"og_article_tags":null,"twitter_use_og":false,"twitter_card":"default","twitter_image_type":"default","twitter_image_url":null,"twitter_image_custom_url":null,"twitter_image_custom_fields":null,"twitter_title":null,"twitter_description":null,"schema":{"blockGraphs":[],"customGraphs":[],"default":{"data":{"Article":[],"Course":[],"Dataset":[],"FAQPage":[],"Movie":[],"Person":[],"Product":[],"ProductReview":[],"Car":[],"Recipe":[],"Service":[],"SoftwareApplication":[],"WebPage":[]},"graphName":"","isEnabled":true},"graphs":[]},"schema_type":"default","schema_type_options":null,"pillar_content":false,"robots_default":true,"robots_noindex":false,"robots_noarchive":false,"robots_nosnippet":false,"robots_nofollow":false,"robots_noimageindex":false,"robots_noodp":false,"robots_notranslate":false,"robots_max_snippet":null,"robots_max_videopreview":null,"robots_max_imagepreview":"large","priority":null,"frequency":null,"local_seo":null,"breadcrumb_settings":null,"limit_modified_date":false,"ai":null,"created":"2023-06-12 15:28:42","updated":"2025-07-11 02:06:55","seo_analyzer_scan_date":null},"aioseo_breadcrumb":"<div class=\"aioseo-breadcrumbs\"><span class=\"aioseo-breadcrumb\">\n\t\t\t<a href=\"https:\/\/newsinfoco.com.br\/inicio\" title=\"In\u00edcio\">In\u00edcio<\/a>\n\t\t<\/span><span class=\"aioseo-breadcrumb-separator\">&raquo;<\/span><span class=\"aioseo-breadcrumb\">\n\t\t\t<a href=\"https:\/\/newsinfoco.com.br\/inicio\/category\/caio-pimenta\/\" title=\"Caio Pimenta\">Caio Pimenta<\/a>\n\t\t<\/span><span class=\"aioseo-breadcrumb-separator\">&raquo;<\/span><span class=\"aioseo-breadcrumb\">\n\t\t\tFabricio Faro entre a nova politica e a politica tradicional \u2013 Por Caio Pimenta\n\t\t<\/span><\/div>","aioseo_breadcrumb_json":[{"label":"In\u00edcio","link":"https:\/\/newsinfoco.com.br\/inicio"},{"label":"Caio Pimenta","link":"https:\/\/newsinfoco.com.br\/inicio\/category\/caio-pimenta\/"},{"label":"Fabricio Faro entre a nova politica e a politica tradicional &#8211; Por Caio Pimenta","link":"https:\/\/newsinfoco.com.br\/inicio\/fabricio-faro-entre-a-nova-politica-e-a-politica-tradicional-por-caio-pimenta\/"}],"_links":{"self":[{"href":"https:\/\/newsinfoco.com.br\/inicio\/wp-json\/wp\/v2\/posts\/19070","targetHints":{"allow":["GET"]}}],"collection":[{"href":"https:\/\/newsinfoco.com.br\/inicio\/wp-json\/wp\/v2\/posts"}],"about":[{"href":"https:\/\/newsinfoco.com.br\/inicio\/wp-json\/wp\/v2\/types\/post"}],"author":[{"embeddable":true,"href":"https:\/\/newsinfoco.com.br\/inicio\/wp-json\/wp\/v2\/users\/1"}],"replies":[{"embeddable":true,"href":"https:\/\/newsinfoco.com.br\/inicio\/wp-json\/wp\/v2\/comments?post=19070"}],"version-history":[{"count":0,"href":"https:\/\/newsinfoco.com.br\/inicio\/wp-json\/wp\/v2\/posts\/19070\/revisions"}],"wp:featuredmedia":[{"embeddable":true,"href":"https:\/\/newsinfoco.com.br\/inicio\/wp-json\/wp\/v2\/media\/18094"}],"wp:attachment":[{"href":"https:\/\/newsinfoco.com.br\/inicio\/wp-json\/wp\/v2\/media?parent=19070"}],"wp:term":[{"taxonomy":"category","embeddable":true,"href":"https:\/\/newsinfoco.com.br\/inicio\/wp-json\/wp\/v2\/categories?post=19070"},{"taxonomy":"post_tag","embeddable":true,"href":"https:\/\/newsinfoco.com.br\/inicio\/wp-json\/wp\/v2\/tags?post=19070"}],"curies":[{"name":"wp","href":"https:\/\/api.w.org\/{rel}","templated":true}]}}