{"id":19259,"date":"2019-12-09T20:23:22","date_gmt":"2019-12-09T22:23:22","guid":{"rendered":"http:\/\/newsinfoco.com.br\/?p=19259"},"modified":"2019-12-09T20:23:22","modified_gmt":"2019-12-09T22:23:22","slug":"alagoinhas-sedia-i-seminario-de-capacitacao-sobre-lupus","status":"publish","type":"post","link":"https:\/\/newsinfoco.com.br\/inicio\/alagoinhas-sedia-i-seminario-de-capacitacao-sobre-lupus\/","title":{"rendered":"Alagoinhas sedia I Semin\u00e1rio de Capacita\u00e7\u00e3o sobre L\u00fapus"},"content":{"rendered":"<p style=\"text-align: justify;\">Com apoio da Prefeitura, por meio da Secretaria Municipal de Sa\u00fade, a Associa\u00e7\u00e3o L\u00fapicos Organizados da Bahia (LOBA) promoveu, no \u00faltimo s\u00e1bado (7), em Alagoinhas, o I Semin\u00e1rio de Capacita\u00e7\u00e3o sobre L\u00fapus.<\/p>\n<p style=\"text-align: justify;\">O evento, aberto ao p\u00fablico, contou com abordagens sobre a doen\u00e7a inflamat\u00f3ria autoimune que pode afetar m\u00faltiplos \u00f3rg\u00e3os, como pele, c\u00e9rebro, rins e articula\u00e7\u00f5es. O foco, segundo representantes da Associa\u00e7\u00e3o, foi discutir, compartilhar e promover di\u00e1logos n\u00e3o apenas sobre a doen\u00e7a em si, mas sobre o acolhimento aos pacientes portadores de l\u00fapus, suscitando reflex\u00f5es tamb\u00e9m sobre o impacto da doen\u00e7a no dia a dia e nas rela\u00e7\u00f5es familiares ap\u00f3s o diagn\u00f3stico.<\/p>\n<p style=\"text-align: justify;\">\u201cMuitas pessoas n\u00e3o sabem e acham que o L\u00fapus \u00e9 apenas uma doen\u00e7a reum\u00e1tica. Ela \u00e9 uma doen\u00e7a reum\u00e1tica, sim, mas \u00e9 uma doen\u00e7a autoimune que mata, que aleija, e que n\u00e3o tem idade; pode dar em crian\u00e7a, idosos ou adultos. Nosso objetivo \u00e9 fazer com que as pessoas conhe\u00e7am, entendam a doen\u00e7a, mas entendam tamb\u00e9m o paciente. Na LOBA, a gente forma uma rede de aceita\u00e7\u00e3o, de cuidado, de afeto. Estou orgulhosa porque outros munic\u00edpios criaram grupos e, infelizmente, n\u00e3o seguiram em frente, porque n\u00e3o tiveram apoio da Prefeitura nem o interesse dos pacientes\u201d, ressaltou Jacira de Souza Concei\u00e7\u00e3o, presidente da LOBA, que, em Alagoinhas, contou com o apoio do poder p\u00fablico municipal para o evento.<\/p>\n<p style=\"text-align: justify;\">A diretora da Aten\u00e7\u00e3o B\u00e1sica, Eliana Ferreira, que representou a Secretaria Municipal de Sa\u00fade, na mesa de debates, discorreu sobre a doen\u00e7a silenciosa de dif\u00edcil diagn\u00f3stico, parabenizou a associa\u00e7\u00e3o pela for\u00e7a e pelo trabalho realizados e anunciou um avan\u00e7o importante para pacientes com L\u00fapus.<\/p>\n<p style=\"text-align: justify;\">\u201cEsse \u00e9 o in\u00edcio de um projeto que come\u00e7a hoje com voc\u00eas. N\u00f3s vamos implantar em Alagoinhas um Centro de Refer\u00eancia ao paciente portador de L\u00fapus. J\u00e1 temos o Centro de Refer\u00eancia ao paciente diab\u00e9tico, o Centro de Refer\u00eancia em Anemia Falciforme e, j\u00e1 no pr\u00f3ximo ano, Alagoinhas deve contar tamb\u00e9m com o Centro de Refer\u00eancia ao Portador de L\u00fapus. O prefeito Joaquim Neto e a secret\u00e1ria de sa\u00fade, Rosania Rabelo, entendem que esse centro \u00e9 fundamental e vai trazer avan\u00e7os significativos para o atendimento aos pacientes do munic\u00edpio\u201d, revelou Eliana Ferreira.<\/p>\n<p style=\"text-align: justify;\">Al\u00e9m de debates, o Semin\u00e1rio contou tamb\u00e9m com palestras, rodas de conversa e depoimentos de pacientes. Membros da LOBA falaram sobre o enfrentamento di\u00e1rio \u00e0 doen\u00e7a, pontuaram os desafios, sintomas, apontaram para a necessidade de combate ao preconceito e para falta de informa\u00e7\u00e3o que, muitas vezes, dificulta o tratamento adequado de pacientes.<\/p>\n<p>\u00a0 \u00a0 \u00a0 \u00a0 \u00a0 \u00a0 \u00a0 \u00a0 \u00a0 \u00a0 \u00a0 \u00a0 \u00a0 \u00a0 \u00a0 \u00a0 \u00a0 \u00a0 \u00a0 \u00a0 \u00a0 \u00a0 \u00a0 \u00a0 \u00a0 \u00a0 \u00a0SECOM ALAGOINHAS<\/p>\n<div class='share-to-whatsapp-wrapper'><div class='share-on-whsp'>Share on: <\/div><a data-text='Alagoinhas sedia I Semin\u00e1rio de Capacita\u00e7\u00e3o sobre L\u00fapus' data-link='https:\/\/newsinfoco.com.br\/inicio\/alagoinhas-sedia-i-seminario-de-capacitacao-sobre-lupus\/' class='whatsapp-button whatsapp-share'>WhatsApp<\/a><div class='clear '><\/div><\/div>","protected":false},"excerpt":{"rendered":"<p>Com apoio da Prefeitura, por meio da Secretaria Municipal de Sa\u00fade, a Associa\u00e7\u00e3o L\u00fapicos Organizados da Bahia (LOBA) promoveu, no \u00faltimo s\u00e1bado (7), em Alagoinhas, o I Semin\u00e1rio de Capacita\u00e7\u00e3o sobre L\u00fapus. O evento, aberto ao p\u00fablico, contou com abordagens sobre a doen\u00e7a inflamat\u00f3ria autoimune que pode afetar m\u00faltiplos \u00f3rg\u00e3os, como pele, c\u00e9rebro, rins e [&hellip;]<\/p>\n","protected":false},"author":1,"featured_media":19260,"comment_status":"open","ping_status":"open","sticky":false,"template":"","format":"standard","meta":{"om_disable_all_campaigns":false,"rop_custom_images_group":[],"rop_custom_messages_group":[],"rop_publish_now":"initial","rop_publish_now_accounts":[],"rop_publish_now_history":[],"rop_publish_now_status":"pending","_exactmetrics_skip_tracking":false,"footnotes":""},"categories":[38,30],"tags":[],"class_list":["post-19259","post","type-post","status-publish","format-standard","has-post-thumbnail","hentry","category-alagoinhas-e-regiao","category-destaque"],"aioseo_notices":[],"aioseo_head":"\n\t\t<!-- All in One SEO 4.9.10 - aioseo.com -->\n\t<meta name=\"description\" content=\"Com apoio da Prefeitura, por meio da Secretaria Municipal de Sa\u00fade, a Associa\u00e7\u00e3o L\u00fapicos Organizados da Bahia (LOBA) promoveu, no \u00faltimo s\u00e1bado (7), em Alagoinhas, o I Semin\u00e1rio de Capacita\u00e7\u00e3o sobre L\u00fapus. O evento, aberto ao p\u00fablico, contou com abordagens sobre a doen\u00e7a inflamat\u00f3ria autoimune que pode afetar m\u00faltiplos \u00f3rg\u00e3os, como pele, c\u00e9rebro, rins e\" \/>\n\t<meta name=\"robots\" content=\"max-image-preview:large\" \/>\n\t<meta name=\"author\" content=\"administrador\"\/>\n\t<link rel=\"canonical\" href=\"https:\/\/newsinfoco.com.br\/inicio\/alagoinhas-sedia-i-seminario-de-capacitacao-sobre-lupus\/\" \/>\n\t<meta name=\"generator\" content=\"All in One SEO (AIOSEO) 4.9.10\" \/>\n\t\t<meta property=\"og:locale\" content=\"pt_BR\" \/>\n\t\t<meta property=\"og:site_name\" content=\"News In Foco - Editado por Caio Pimenta - O principal site de noticias de Alagoinhas e regi\u00e3o\" \/>\n\t\t<meta property=\"og:type\" content=\"article\" \/>\n\t\t<meta property=\"og:title\" content=\"Alagoinhas sedia I Semin\u00e1rio de Capacita\u00e7\u00e3o sobre L\u00fapus - News In Foco - Editado por Caio Pimenta\" \/>\n\t\t<meta property=\"og:description\" content=\"Com apoio da Prefeitura, por meio da Secretaria Municipal de Sa\u00fade, a Associa\u00e7\u00e3o L\u00fapicos Organizados da Bahia (LOBA) promoveu, no \u00faltimo s\u00e1bado (7), em Alagoinhas, o I Semin\u00e1rio de Capacita\u00e7\u00e3o sobre L\u00fapus. O evento, aberto ao p\u00fablico, contou com abordagens sobre a doen\u00e7a inflamat\u00f3ria autoimune que pode afetar m\u00faltiplos \u00f3rg\u00e3os, como pele, c\u00e9rebro, rins e\" \/>\n\t\t<meta property=\"og:url\" content=\"https:\/\/newsinfoco.com.br\/inicio\/alagoinhas-sedia-i-seminario-de-capacitacao-sobre-lupus\/\" \/>\n\t\t<meta property=\"article:published_time\" content=\"2019-12-09T22:23:22+00:00\" \/>\n\t\t<meta property=\"article:modified_time\" content=\"2019-12-09T22:23:22+00:00\" \/>\n\t\t<meta name=\"twitter:card\" content=\"summary_large_image\" \/>\n\t\t<meta name=\"twitter:title\" content=\"Alagoinhas sedia I Semin\u00e1rio de Capacita\u00e7\u00e3o sobre L\u00fapus - News In Foco - Editado por Caio Pimenta\" \/>\n\t\t<meta name=\"twitter:description\" content=\"Com apoio da Prefeitura, por meio da Secretaria Municipal de Sa\u00fade, a Associa\u00e7\u00e3o L\u00fapicos Organizados da Bahia (LOBA) promoveu, no \u00faltimo s\u00e1bado (7), em Alagoinhas, o I Semin\u00e1rio de Capacita\u00e7\u00e3o sobre L\u00fapus. O evento, aberto ao p\u00fablico, contou com abordagens sobre a doen\u00e7a inflamat\u00f3ria autoimune que pode afetar m\u00faltiplos \u00f3rg\u00e3os, como pele, c\u00e9rebro, rins e\" \/>\n\t\t<script type=\"application\/ld+json\" class=\"aioseo-schema\">\n\t\t\t{\"@context\":\"https:\\\/\\\/schema.org\",\"@graph\":[{\"@type\":\"BlogPosting\",\"@id\":\"https:\\\/\\\/newsinfoco.com.br\\\/inicio\\\/alagoinhas-sedia-i-seminario-de-capacitacao-sobre-lupus\\\/#blogposting\",\"name\":\"Alagoinhas sedia I Semin\\u00e1rio de Capacita\\u00e7\\u00e3o sobre L\\u00fapus - News In Foco - Editado por Caio Pimenta\",\"headline\":\"Alagoinhas sedia I Semin\\u00e1rio de Capacita\\u00e7\\u00e3o sobre L\\u00fapus\",\"author\":{\"@id\":\"https:\\\/\\\/newsinfoco.com.br\\\/inicio\\\/author\\\/administrador\\\/#author\"},\"publisher\":{\"@id\":\"https:\\\/\\\/newsinfoco.com.br\\\/inicio\\\/#organization\"},\"image\":{\"@type\":\"ImageObject\",\"url\":\"https:\\\/\\\/newsinfoco.com.br\\\/inicio\\\/wp-content\\\/uploads\\\/2019\\\/12\\\/WhatsApp-Image-2019-12-07-at-16.33.39-1024x678.jpeg\",\"width\":1024,\"height\":678},\"datePublished\":\"2019-12-09T20:23:22-03:00\",\"dateModified\":\"2019-12-09T20:23:22-03:00\",\"inLanguage\":\"pt-BR\",\"mainEntityOfPage\":{\"@id\":\"https:\\\/\\\/newsinfoco.com.br\\\/inicio\\\/alagoinhas-sedia-i-seminario-de-capacitacao-sobre-lupus\\\/#webpage\"},\"isPartOf\":{\"@id\":\"https:\\\/\\\/newsinfoco.com.br\\\/inicio\\\/alagoinhas-sedia-i-seminario-de-capacitacao-sobre-lupus\\\/#webpage\"},\"articleSection\":\"Alagoinhas e Regi\\u00e3o, Destaque\"},{\"@type\":\"BreadcrumbList\",\"@id\":\"https:\\\/\\\/newsinfoco.com.br\\\/inicio\\\/alagoinhas-sedia-i-seminario-de-capacitacao-sobre-lupus\\\/#breadcrumblist\",\"itemListElement\":[{\"@type\":\"ListItem\",\"@id\":\"https:\\\/\\\/newsinfoco.com.br\\\/inicio#listItem\",\"position\":1,\"name\":\"In\\u00edcio\",\"item\":\"https:\\\/\\\/newsinfoco.com.br\\\/inicio\",\"nextItem\":{\"@type\":\"ListItem\",\"@id\":\"https:\\\/\\\/newsinfoco.com.br\\\/inicio\\\/category\\\/destaque\\\/#listItem\",\"name\":\"Destaque\"}},{\"@type\":\"ListItem\",\"@id\":\"https:\\\/\\\/newsinfoco.com.br\\\/inicio\\\/category\\\/destaque\\\/#listItem\",\"position\":2,\"name\":\"Destaque\",\"item\":\"https:\\\/\\\/newsinfoco.com.br\\\/inicio\\\/category\\\/destaque\\\/\",\"nextItem\":{\"@type\":\"ListItem\",\"@id\":\"https:\\\/\\\/newsinfoco.com.br\\\/inicio\\\/alagoinhas-sedia-i-seminario-de-capacitacao-sobre-lupus\\\/#listItem\",\"name\":\"Alagoinhas sedia I Semin\\u00e1rio de Capacita\\u00e7\\u00e3o sobre L\\u00fapus\"},\"previousItem\":{\"@type\":\"ListItem\",\"@id\":\"https:\\\/\\\/newsinfoco.com.br\\\/inicio#listItem\",\"name\":\"In\\u00edcio\"}},{\"@type\":\"ListItem\",\"@id\":\"https:\\\/\\\/newsinfoco.com.br\\\/inicio\\\/alagoinhas-sedia-i-seminario-de-capacitacao-sobre-lupus\\\/#listItem\",\"position\":3,\"name\":\"Alagoinhas sedia I Semin\\u00e1rio de Capacita\\u00e7\\u00e3o sobre L\\u00fapus\",\"previousItem\":{\"@type\":\"ListItem\",\"@id\":\"https:\\\/\\\/newsinfoco.com.br\\\/inicio\\\/category\\\/destaque\\\/#listItem\",\"name\":\"Destaque\"}}]},{\"@type\":\"Organization\",\"@id\":\"https:\\\/\\\/newsinfoco.com.br\\\/inicio\\\/#organization\",\"name\":\"News In Foco - Editado por Caio Pimenta\",\"description\":\"O principal site de noticias de Alagoinhas e regi\\u00e3o\",\"url\":\"https:\\\/\\\/newsinfoco.com.br\\\/inicio\\\/\"},{\"@type\":\"Person\",\"@id\":\"https:\\\/\\\/newsinfoco.com.br\\\/inicio\\\/author\\\/administrador\\\/#author\",\"url\":\"https:\\\/\\\/newsinfoco.com.br\\\/inicio\\\/author\\\/administrador\\\/\",\"name\":\"administrador\",\"image\":{\"@type\":\"ImageObject\",\"@id\":\"https:\\\/\\\/newsinfoco.com.br\\\/inicio\\\/alagoinhas-sedia-i-seminario-de-capacitacao-sobre-lupus\\\/#authorImage\",\"url\":\"https:\\\/\\\/secure.gravatar.com\\\/avatar\\\/c17a617433de8c1dc9584bb79aab7563b46f5bb7e1728c9b17d9cc3ce6a08e49?s=96&d=mm&r=g\",\"width\":96,\"height\":96,\"caption\":\"administrador\"}},{\"@type\":\"WebPage\",\"@id\":\"https:\\\/\\\/newsinfoco.com.br\\\/inicio\\\/alagoinhas-sedia-i-seminario-de-capacitacao-sobre-lupus\\\/#webpage\",\"url\":\"https:\\\/\\\/newsinfoco.com.br\\\/inicio\\\/alagoinhas-sedia-i-seminario-de-capacitacao-sobre-lupus\\\/\",\"name\":\"Alagoinhas sedia I Semin\\u00e1rio de Capacita\\u00e7\\u00e3o sobre L\\u00fapus - News In Foco - Editado por Caio Pimenta\",\"description\":\"Com apoio da Prefeitura, por meio da Secretaria Municipal de Sa\\u00fade, a Associa\\u00e7\\u00e3o L\\u00fapicos Organizados da Bahia (LOBA) promoveu, no \\u00faltimo s\\u00e1bado (7), em Alagoinhas, o I Semin\\u00e1rio de Capacita\\u00e7\\u00e3o sobre L\\u00fapus. O evento, aberto ao p\\u00fablico, contou com abordagens sobre a doen\\u00e7a inflamat\\u00f3ria autoimune que pode afetar m\\u00faltiplos \\u00f3rg\\u00e3os, como pele, c\\u00e9rebro, rins e\",\"inLanguage\":\"pt-BR\",\"isPartOf\":{\"@id\":\"https:\\\/\\\/newsinfoco.com.br\\\/inicio\\\/#website\"},\"breadcrumb\":{\"@id\":\"https:\\\/\\\/newsinfoco.com.br\\\/inicio\\\/alagoinhas-sedia-i-seminario-de-capacitacao-sobre-lupus\\\/#breadcrumblist\"},\"author\":{\"@id\":\"https:\\\/\\\/newsinfoco.com.br\\\/inicio\\\/author\\\/administrador\\\/#author\"},\"creator\":{\"@id\":\"https:\\\/\\\/newsinfoco.com.br\\\/inicio\\\/author\\\/administrador\\\/#author\"},\"image\":{\"@type\":\"ImageObject\",\"url\":\"https:\\\/\\\/newsinfoco.com.br\\\/inicio\\\/wp-content\\\/uploads\\\/2019\\\/12\\\/WhatsApp-Image-2019-12-07-at-16.33.39-1024x678.jpeg\",\"@id\":\"https:\\\/\\\/newsinfoco.com.br\\\/inicio\\\/alagoinhas-sedia-i-seminario-de-capacitacao-sobre-lupus\\\/#mainImage\",\"width\":1024,\"height\":678},\"primaryImageOfPage\":{\"@id\":\"https:\\\/\\\/newsinfoco.com.br\\\/inicio\\\/alagoinhas-sedia-i-seminario-de-capacitacao-sobre-lupus\\\/#mainImage\"},\"datePublished\":\"2019-12-09T20:23:22-03:00\",\"dateModified\":\"2019-12-09T20:23:22-03:00\"},{\"@type\":\"WebSite\",\"@id\":\"https:\\\/\\\/newsinfoco.com.br\\\/inicio\\\/#website\",\"url\":\"https:\\\/\\\/newsinfoco.com.br\\\/inicio\\\/\",\"name\":\"News In Foco - Editado por Caio Pimenta\",\"description\":\"O principal site de noticias de Alagoinhas e regi\\u00e3o\",\"inLanguage\":\"pt-BR\",\"publisher\":{\"@id\":\"https:\\\/\\\/newsinfoco.com.br\\\/inicio\\\/#organization\"}}]}\n\t\t<\/script>\n\t\t<!-- All in One SEO -->\n\n","aioseo_head_json":{"title":"Alagoinhas sedia I Semin\u00e1rio de Capacita\u00e7\u00e3o sobre L\u00fapus - News In Foco - Editado por Caio Pimenta","description":"Com apoio da Prefeitura, por meio da Secretaria Municipal de Sa\u00fade, a Associa\u00e7\u00e3o L\u00fapicos Organizados da Bahia (LOBA) promoveu, no \u00faltimo s\u00e1bado (7), em Alagoinhas, o I Semin\u00e1rio de Capacita\u00e7\u00e3o sobre L\u00fapus. O evento, aberto ao p\u00fablico, contou com abordagens sobre a doen\u00e7a inflamat\u00f3ria autoimune que pode afetar m\u00faltiplos \u00f3rg\u00e3os, como pele, c\u00e9rebro, rins e","canonical_url":"https:\/\/newsinfoco.com.br\/inicio\/alagoinhas-sedia-i-seminario-de-capacitacao-sobre-lupus\/","robots":"max-image-preview:large","keywords":"","webmasterTools":{"miscellaneous":""},"schema":{"@context":"https:\/\/schema.org","@graph":[{"@type":"BlogPosting","@id":"https:\/\/newsinfoco.com.br\/inicio\/alagoinhas-sedia-i-seminario-de-capacitacao-sobre-lupus\/#blogposting","name":"Alagoinhas sedia I Semin\u00e1rio de Capacita\u00e7\u00e3o sobre L\u00fapus - News In Foco - Editado por Caio Pimenta","headline":"Alagoinhas sedia I Semin\u00e1rio de Capacita\u00e7\u00e3o sobre L\u00fapus","author":{"@id":"https:\/\/newsinfoco.com.br\/inicio\/author\/administrador\/#author"},"publisher":{"@id":"https:\/\/newsinfoco.com.br\/inicio\/#organization"},"image":{"@type":"ImageObject","url":"https:\/\/newsinfoco.com.br\/inicio\/wp-content\/uploads\/2019\/12\/WhatsApp-Image-2019-12-07-at-16.33.39-1024x678.jpeg","width":1024,"height":678},"datePublished":"2019-12-09T20:23:22-03:00","dateModified":"2019-12-09T20:23:22-03:00","inLanguage":"pt-BR","mainEntityOfPage":{"@id":"https:\/\/newsinfoco.com.br\/inicio\/alagoinhas-sedia-i-seminario-de-capacitacao-sobre-lupus\/#webpage"},"isPartOf":{"@id":"https:\/\/newsinfoco.com.br\/inicio\/alagoinhas-sedia-i-seminario-de-capacitacao-sobre-lupus\/#webpage"},"articleSection":"Alagoinhas e Regi\u00e3o, Destaque"},{"@type":"BreadcrumbList","@id":"https:\/\/newsinfoco.com.br\/inicio\/alagoinhas-sedia-i-seminario-de-capacitacao-sobre-lupus\/#breadcrumblist","itemListElement":[{"@type":"ListItem","@id":"https:\/\/newsinfoco.com.br\/inicio#listItem","position":1,"name":"In\u00edcio","item":"https:\/\/newsinfoco.com.br\/inicio","nextItem":{"@type":"ListItem","@id":"https:\/\/newsinfoco.com.br\/inicio\/category\/destaque\/#listItem","name":"Destaque"}},{"@type":"ListItem","@id":"https:\/\/newsinfoco.com.br\/inicio\/category\/destaque\/#listItem","position":2,"name":"Destaque","item":"https:\/\/newsinfoco.com.br\/inicio\/category\/destaque\/","nextItem":{"@type":"ListItem","@id":"https:\/\/newsinfoco.com.br\/inicio\/alagoinhas-sedia-i-seminario-de-capacitacao-sobre-lupus\/#listItem","name":"Alagoinhas sedia I Semin\u00e1rio de Capacita\u00e7\u00e3o sobre L\u00fapus"},"previousItem":{"@type":"ListItem","@id":"https:\/\/newsinfoco.com.br\/inicio#listItem","name":"In\u00edcio"}},{"@type":"ListItem","@id":"https:\/\/newsinfoco.com.br\/inicio\/alagoinhas-sedia-i-seminario-de-capacitacao-sobre-lupus\/#listItem","position":3,"name":"Alagoinhas sedia I Semin\u00e1rio de Capacita\u00e7\u00e3o sobre L\u00fapus","previousItem":{"@type":"ListItem","@id":"https:\/\/newsinfoco.com.br\/inicio\/category\/destaque\/#listItem","name":"Destaque"}}]},{"@type":"Organization","@id":"https:\/\/newsinfoco.com.br\/inicio\/#organization","name":"News In Foco - Editado por Caio Pimenta","description":"O principal site de noticias de Alagoinhas e regi\u00e3o","url":"https:\/\/newsinfoco.com.br\/inicio\/"},{"@type":"Person","@id":"https:\/\/newsinfoco.com.br\/inicio\/author\/administrador\/#author","url":"https:\/\/newsinfoco.com.br\/inicio\/author\/administrador\/","name":"administrador","image":{"@type":"ImageObject","@id":"https:\/\/newsinfoco.com.br\/inicio\/alagoinhas-sedia-i-seminario-de-capacitacao-sobre-lupus\/#authorImage","url":"https:\/\/secure.gravatar.com\/avatar\/c17a617433de8c1dc9584bb79aab7563b46f5bb7e1728c9b17d9cc3ce6a08e49?s=96&d=mm&r=g","width":96,"height":96,"caption":"administrador"}},{"@type":"WebPage","@id":"https:\/\/newsinfoco.com.br\/inicio\/alagoinhas-sedia-i-seminario-de-capacitacao-sobre-lupus\/#webpage","url":"https:\/\/newsinfoco.com.br\/inicio\/alagoinhas-sedia-i-seminario-de-capacitacao-sobre-lupus\/","name":"Alagoinhas sedia I Semin\u00e1rio de Capacita\u00e7\u00e3o sobre L\u00fapus - News In Foco - Editado por Caio Pimenta","description":"Com apoio da Prefeitura, por meio da Secretaria Municipal de Sa\u00fade, a Associa\u00e7\u00e3o L\u00fapicos Organizados da Bahia (LOBA) promoveu, no \u00faltimo s\u00e1bado (7), em Alagoinhas, o I Semin\u00e1rio de Capacita\u00e7\u00e3o sobre L\u00fapus. O evento, aberto ao p\u00fablico, contou com abordagens sobre a doen\u00e7a inflamat\u00f3ria autoimune que pode afetar m\u00faltiplos \u00f3rg\u00e3os, como pele, c\u00e9rebro, rins e","inLanguage":"pt-BR","isPartOf":{"@id":"https:\/\/newsinfoco.com.br\/inicio\/#website"},"breadcrumb":{"@id":"https:\/\/newsinfoco.com.br\/inicio\/alagoinhas-sedia-i-seminario-de-capacitacao-sobre-lupus\/#breadcrumblist"},"author":{"@id":"https:\/\/newsinfoco.com.br\/inicio\/author\/administrador\/#author"},"creator":{"@id":"https:\/\/newsinfoco.com.br\/inicio\/author\/administrador\/#author"},"image":{"@type":"ImageObject","url":"https:\/\/newsinfoco.com.br\/inicio\/wp-content\/uploads\/2019\/12\/WhatsApp-Image-2019-12-07-at-16.33.39-1024x678.jpeg","@id":"https:\/\/newsinfoco.com.br\/inicio\/alagoinhas-sedia-i-seminario-de-capacitacao-sobre-lupus\/#mainImage","width":1024,"height":678},"primaryImageOfPage":{"@id":"https:\/\/newsinfoco.com.br\/inicio\/alagoinhas-sedia-i-seminario-de-capacitacao-sobre-lupus\/#mainImage"},"datePublished":"2019-12-09T20:23:22-03:00","dateModified":"2019-12-09T20:23:22-03:00"},{"@type":"WebSite","@id":"https:\/\/newsinfoco.com.br\/inicio\/#website","url":"https:\/\/newsinfoco.com.br\/inicio\/","name":"News In Foco - Editado por Caio Pimenta","description":"O principal site de noticias de Alagoinhas e regi\u00e3o","inLanguage":"pt-BR","publisher":{"@id":"https:\/\/newsinfoco.com.br\/inicio\/#organization"}}]},"og:locale":"pt_BR","og:site_name":"News In Foco - Editado por Caio Pimenta - O principal site de noticias de Alagoinhas e regi\u00e3o","og:type":"article","og:title":"Alagoinhas sedia I Semin\u00e1rio de Capacita\u00e7\u00e3o sobre L\u00fapus - News In Foco - Editado por Caio Pimenta","og:description":"Com apoio da Prefeitura, por meio da Secretaria Municipal de Sa\u00fade, a Associa\u00e7\u00e3o L\u00fapicos Organizados da Bahia (LOBA) promoveu, no \u00faltimo s\u00e1bado (7), em Alagoinhas, o I Semin\u00e1rio de Capacita\u00e7\u00e3o sobre L\u00fapus. O evento, aberto ao p\u00fablico, contou com abordagens sobre a doen\u00e7a inflamat\u00f3ria autoimune que pode afetar m\u00faltiplos \u00f3rg\u00e3os, como pele, c\u00e9rebro, rins e","og:url":"https:\/\/newsinfoco.com.br\/inicio\/alagoinhas-sedia-i-seminario-de-capacitacao-sobre-lupus\/","article:published_time":"2019-12-09T22:23:22+00:00","article:modified_time":"2019-12-09T22:23:22+00:00","twitter:card":"summary_large_image","twitter:title":"Alagoinhas sedia I Semin\u00e1rio de Capacita\u00e7\u00e3o sobre L\u00fapus - News In Foco - Editado por Caio Pimenta","twitter:description":"Com apoio da Prefeitura, por meio da Secretaria Municipal de Sa\u00fade, a Associa\u00e7\u00e3o L\u00fapicos Organizados da Bahia (LOBA) promoveu, no \u00faltimo s\u00e1bado (7), em Alagoinhas, o I Semin\u00e1rio de Capacita\u00e7\u00e3o sobre L\u00fapus. O evento, aberto ao p\u00fablico, contou com abordagens sobre a doen\u00e7a inflamat\u00f3ria autoimune que pode afetar m\u00faltiplos \u00f3rg\u00e3os, como pele, c\u00e9rebro, rins e"},"aioseo_meta_data":{"post_id":"19259","title":null,"description":null,"keywords":null,"keyphrases":null,"primary_term":null,"canonical_url":null,"og_title":null,"og_description":null,"og_object_type":"default","og_image_type":"default","og_image_url":null,"og_image_width":null,"og_image_height":null,"og_image_custom_url":null,"og_image_custom_fields":null,"og_video":null,"og_custom_url":null,"og_article_section":null,"og_article_tags":null,"twitter_use_og":false,"twitter_card":"default","twitter_image_type":"default","twitter_image_url":null,"twitter_image_custom_url":null,"twitter_image_custom_fields":null,"twitter_title":null,"twitter_description":null,"schema":{"blockGraphs":[],"customGraphs":[],"default":{"data":{"Article":[],"Course":[],"Dataset":[],"FAQPage":[],"Movie":[],"Person":[],"Product":[],"ProductReview":[],"Car":[],"Recipe":[],"Service":[],"SoftwareApplication":[],"WebPage":[]},"graphName":"","isEnabled":true},"graphs":[]},"schema_type":"default","schema_type_options":null,"pillar_content":false,"robots_default":true,"robots_noindex":false,"robots_noarchive":false,"robots_nosnippet":false,"robots_nofollow":false,"robots_noimageindex":false,"robots_noodp":false,"robots_notranslate":false,"robots_max_snippet":null,"robots_max_videopreview":null,"robots_max_imagepreview":"large","priority":null,"frequency":null,"local_seo":null,"breadcrumb_settings":null,"limit_modified_date":false,"ai":null,"created":"2023-06-12 15:33:43","updated":"2025-07-11 02:12:44","seo_analyzer_scan_date":null},"aioseo_breadcrumb":"<div class=\"aioseo-breadcrumbs\"><span class=\"aioseo-breadcrumb\">\n\t\t\t<a href=\"https:\/\/newsinfoco.com.br\/inicio\" title=\"In\u00edcio\">In\u00edcio<\/a>\n\t\t<\/span><span class=\"aioseo-breadcrumb-separator\">&raquo;<\/span><span class=\"aioseo-breadcrumb\">\n\t\t\t<a href=\"https:\/\/newsinfoco.com.br\/inicio\/category\/destaque\/\" title=\"Destaque\">Destaque<\/a>\n\t\t<\/span><span class=\"aioseo-breadcrumb-separator\">&raquo;<\/span><span class=\"aioseo-breadcrumb\">\n\t\t\tAlagoinhas sedia I Semin\u00e1rio de Capacita\u00e7\u00e3o sobre L\u00fapus\n\t\t<\/span><\/div>","aioseo_breadcrumb_json":[{"label":"In\u00edcio","link":"https:\/\/newsinfoco.com.br\/inicio"},{"label":"Destaque","link":"https:\/\/newsinfoco.com.br\/inicio\/category\/destaque\/"},{"label":"Alagoinhas sedia I Semin\u00e1rio de Capacita\u00e7\u00e3o sobre L\u00fapus","link":"https:\/\/newsinfoco.com.br\/inicio\/alagoinhas-sedia-i-seminario-de-capacitacao-sobre-lupus\/"}],"_links":{"self":[{"href":"https:\/\/newsinfoco.com.br\/inicio\/wp-json\/wp\/v2\/posts\/19259","targetHints":{"allow":["GET"]}}],"collection":[{"href":"https:\/\/newsinfoco.com.br\/inicio\/wp-json\/wp\/v2\/posts"}],"about":[{"href":"https:\/\/newsinfoco.com.br\/inicio\/wp-json\/wp\/v2\/types\/post"}],"author":[{"embeddable":true,"href":"https:\/\/newsinfoco.com.br\/inicio\/wp-json\/wp\/v2\/users\/1"}],"replies":[{"embeddable":true,"href":"https:\/\/newsinfoco.com.br\/inicio\/wp-json\/wp\/v2\/comments?post=19259"}],"version-history":[{"count":0,"href":"https:\/\/newsinfoco.com.br\/inicio\/wp-json\/wp\/v2\/posts\/19259\/revisions"}],"wp:featuredmedia":[{"embeddable":true,"href":"https:\/\/newsinfoco.com.br\/inicio\/wp-json\/wp\/v2\/media\/19260"}],"wp:attachment":[{"href":"https:\/\/newsinfoco.com.br\/inicio\/wp-json\/wp\/v2\/media?parent=19259"}],"wp:term":[{"taxonomy":"category","embeddable":true,"href":"https:\/\/newsinfoco.com.br\/inicio\/wp-json\/wp\/v2\/categories?post=19259"},{"taxonomy":"post_tag","embeddable":true,"href":"https:\/\/newsinfoco.com.br\/inicio\/wp-json\/wp\/v2\/tags?post=19259"}],"curies":[{"name":"wp","href":"https:\/\/api.w.org\/{rel}","templated":true}]}}