{"id":19274,"date":"2019-12-09T20:37:20","date_gmt":"2019-12-09T22:37:20","guid":{"rendered":"http:\/\/newsinfoco.com.br\/?p=19274"},"modified":"2019-12-09T20:37:20","modified_gmt":"2019-12-09T22:37:20","slug":"fachin-autoriza-transferencia-de-geddel-para-prisao-em-salvador","status":"publish","type":"post","link":"https:\/\/newsinfoco.com.br\/inicio\/fachin-autoriza-transferencia-de-geddel-para-prisao-em-salvador\/","title":{"rendered":"Fachin autoriza transfer\u00eancia de Geddel para pris\u00e3o em Salvador"},"content":{"rendered":"<p style=\"text-align: justify;\">O ministro Luiz Edson Fachin, do Supremo tribunal Federal (STF), autorizou a transfer\u00eancia do ex-ministro Geddel Vieira Lima (MDB-BA) do Complexo Penitenci\u00e1rio da Papuda, em Bras\u00edlia, para o Centro de Observa\u00e7\u00e3o Penal (CO), em Salvador.<\/p>\n<p style=\"text-align: justify;\">A decis\u00e3o de Fachin foi tomada na \u00faltima sexta-feira (6) e atendeu a um pedido da defesa de Geddel. A transfer\u00eancia deve ser efetivada nos pr\u00f3ximos dias.<\/p>\n<p style=\"text-align: justify;\">Ex-vice-presidente da Caixa Econ\u00f4mica Federal, Geddel foi ministro nos governos de Luiz In\u00e1cio Lula da Silva e de Michel Temer e est\u00e1 preso desde 2017 em Bras\u00edlia.<\/p>\n<p style=\"text-align: justify;\">Em junho, quando apresentou o pedido de transfer\u00eancia, a defesa de Geddel argumentou que a fam\u00edlia dele mora na capital baiana, incluindo dois filhos.<\/p>\n<p style=\"text-align: justify;\"><strong>A decis\u00e3o<\/strong><\/p>\n<p style=\"text-align: justify;\">Geddel foi condenado em outubro a 14 anos e 10 meses de pris\u00e3o em regime fechado por lavagem de dinheiro e associa\u00e7\u00e3o criminosa no caso dos R$ 51 milh\u00f5es encontrados em malas de dinheiro e caixas em um apartamento em Salvador.<\/p>\n<p style=\"text-align: justify;\">Ao autorizar a transfer\u00eancia, Fachin esclareceu que Geddel responde a mais cinco processos em Bras\u00edlia, mas n\u00e3o \u00e9 alvo de outro mandado de pris\u00e3o em aberto.<\/p>\n<p style=\"text-align: justify;\">O ministro destacou ainda que Geddel trabalha voluntariamente na pris\u00e3o desde abril deste ano e faz cursos \u00e0 dist\u00e2ncia, al\u00e9m de ler no pres\u00eddio. Segundo as autoridades do DF, ele tem apresentado ainda bom comportamento.<\/p>\n<p style=\"text-align: justify;\">Conforme o despacho, Fachin destacou que, inicialmente, rejeitou o pedido de transfer\u00eancia porque tinha que verificar as condi\u00e7\u00f5es e que, nesse meio tempo, sobreveio a condena\u00e7\u00e3o. E disse ter constatado a possibilidade de transfer\u00eancia ap\u00f3s informa\u00e7\u00f5es recebidas das autoridades de Bras\u00edlia e Salvador.<\/p>\n<p style=\"text-align: justify;\">Fachin tamb\u00e9m estabeleceu que a 2\u00aa Vara Federal da Bahia deve acompanhar o cumprimento da pena, mas ter\u00e1 que consultar o Supremo sobre indulto, anistia, liberdade condicional ou mudan\u00e7a do regime da pena, al\u00e9m de qualquer outro pedido \u201cde natureza excepcional\u201d.<\/p>\n<p style=\"text-align: justify;\">De acordo com a pena imposta pelo Supremo, Geddel Vieira Lima ter\u00e1 direito \u00e0 progress\u00e3o de regime ap\u00f3s 29 meses de pris\u00e3o \u2013 perto de mar\u00e7o de 2020. Ou seja, poder\u00e1 ir para o semiaberto (quando \u00e9 poss\u00edvel deixar o pres\u00eddio durante o dia), mas isso ainda ter\u00e1 que ser analisado pelo STF posteriormente. As informa\u00e7\u00f5es s\u00e3o do site G1.<\/p>\n<div class='share-to-whatsapp-wrapper'><div class='share-on-whsp'>Share on: <\/div><a data-text='Fachin autoriza transfer\u00eancia de Geddel para pris\u00e3o em Salvador' data-link='https:\/\/newsinfoco.com.br\/inicio\/fachin-autoriza-transferencia-de-geddel-para-prisao-em-salvador\/' class='whatsapp-button whatsapp-share'>WhatsApp<\/a><div class='clear '><\/div><\/div>","protected":false},"excerpt":{"rendered":"<p>O ministro Luiz Edson Fachin, do Supremo tribunal Federal (STF), autorizou a transfer\u00eancia do ex-ministro Geddel Vieira Lima (MDB-BA) do Complexo Penitenci\u00e1rio da Papuda, em Bras\u00edlia, para o Centro de Observa\u00e7\u00e3o Penal (CO), em Salvador. A decis\u00e3o de Fachin foi tomada na \u00faltima sexta-feira (6) e atendeu a um pedido da defesa de Geddel. A [&hellip;]<\/p>\n","protected":false},"author":1,"featured_media":15596,"comment_status":"open","ping_status":"open","sticky":false,"template":"","format":"standard","meta":{"om_disable_all_campaigns":false,"rop_custom_images_group":[],"rop_custom_messages_group":[],"rop_publish_now":"initial","rop_publish_now_accounts":[],"rop_publish_now_history":[],"rop_publish_now_status":"pending","_exactmetrics_skip_tracking":false,"footnotes":""},"categories":[19,30],"tags":[],"class_list":["post-19274","post","type-post","status-publish","format-standard","has-post-thumbnail","hentry","category-bahia","category-destaque"],"aioseo_notices":[],"aioseo_head":"\n\t\t<!-- All in One SEO 4.9.10 - aioseo.com -->\n\t<meta name=\"description\" content=\"O ministro Luiz Edson Fachin, do Supremo tribunal Federal (STF), autorizou a transfer\u00eancia do ex-ministro Geddel Vieira Lima (MDB-BA) do Complexo Penitenci\u00e1rio da Papuda, em Bras\u00edlia, para o Centro de Observa\u00e7\u00e3o Penal (CO), em Salvador. A decis\u00e3o de Fachin foi tomada na \u00faltima sexta-feira (6) e atendeu a um pedido da defesa de Geddel. A\" \/>\n\t<meta name=\"robots\" content=\"max-image-preview:large\" \/>\n\t<meta name=\"author\" content=\"administrador\"\/>\n\t<link rel=\"canonical\" href=\"https:\/\/newsinfoco.com.br\/inicio\/fachin-autoriza-transferencia-de-geddel-para-prisao-em-salvador\/\" \/>\n\t<meta name=\"generator\" content=\"All in One SEO (AIOSEO) 4.9.10\" \/>\n\t\t<meta property=\"og:locale\" content=\"pt_BR\" \/>\n\t\t<meta property=\"og:site_name\" content=\"News In Foco - Editado por Caio Pimenta - O principal site de noticias de Alagoinhas e regi\u00e3o\" \/>\n\t\t<meta property=\"og:type\" content=\"article\" \/>\n\t\t<meta property=\"og:title\" content=\"Fachin autoriza transfer\u00eancia de Geddel para pris\u00e3o em Salvador - News In Foco - Editado por Caio Pimenta\" \/>\n\t\t<meta property=\"og:description\" content=\"O ministro Luiz Edson Fachin, do Supremo tribunal Federal (STF), autorizou a transfer\u00eancia do ex-ministro Geddel Vieira Lima (MDB-BA) do Complexo Penitenci\u00e1rio da Papuda, em Bras\u00edlia, para o Centro de Observa\u00e7\u00e3o Penal (CO), em Salvador. A decis\u00e3o de Fachin foi tomada na \u00faltima sexta-feira (6) e atendeu a um pedido da defesa de Geddel. A\" \/>\n\t\t<meta property=\"og:url\" content=\"https:\/\/newsinfoco.com.br\/inicio\/fachin-autoriza-transferencia-de-geddel-para-prisao-em-salvador\/\" \/>\n\t\t<meta property=\"article:published_time\" content=\"2019-12-09T22:37:20+00:00\" \/>\n\t\t<meta property=\"article:modified_time\" content=\"2019-12-09T22:37:20+00:00\" \/>\n\t\t<meta name=\"twitter:card\" content=\"summary_large_image\" \/>\n\t\t<meta name=\"twitter:title\" content=\"Fachin autoriza transfer\u00eancia de Geddel para pris\u00e3o em Salvador - News In Foco - Editado por Caio Pimenta\" \/>\n\t\t<meta name=\"twitter:description\" content=\"O ministro Luiz Edson Fachin, do Supremo tribunal Federal (STF), autorizou a transfer\u00eancia do ex-ministro Geddel Vieira Lima (MDB-BA) do Complexo Penitenci\u00e1rio da Papuda, em Bras\u00edlia, para o Centro de Observa\u00e7\u00e3o Penal (CO), em Salvador. A decis\u00e3o de Fachin foi tomada na \u00faltima sexta-feira (6) e atendeu a um pedido da defesa de Geddel. A\" \/>\n\t\t<script type=\"application\/ld+json\" class=\"aioseo-schema\">\n\t\t\t{\"@context\":\"https:\\\/\\\/schema.org\",\"@graph\":[{\"@type\":\"BlogPosting\",\"@id\":\"https:\\\/\\\/newsinfoco.com.br\\\/inicio\\\/fachin-autoriza-transferencia-de-geddel-para-prisao-em-salvador\\\/#blogposting\",\"name\":\"Fachin autoriza transfer\\u00eancia de Geddel para pris\\u00e3o em Salvador - News In Foco - Editado por Caio Pimenta\",\"headline\":\"Fachin autoriza transfer\\u00eancia de Geddel para pris\\u00e3o em Salvador\",\"author\":{\"@id\":\"https:\\\/\\\/newsinfoco.com.br\\\/inicio\\\/author\\\/administrador\\\/#author\"},\"publisher\":{\"@id\":\"https:\\\/\\\/newsinfoco.com.br\\\/inicio\\\/#organization\"},\"image\":{\"@type\":\"ImageObject\",\"url\":\"https:\\\/\\\/newsinfoco.com.br\\\/inicio\\\/wp-content\\\/uploads\\\/2019\\\/07\\\/geddel.jpg\",\"width\":600,\"height\":420},\"datePublished\":\"2019-12-09T20:37:20-03:00\",\"dateModified\":\"2019-12-09T20:37:20-03:00\",\"inLanguage\":\"pt-BR\",\"mainEntityOfPage\":{\"@id\":\"https:\\\/\\\/newsinfoco.com.br\\\/inicio\\\/fachin-autoriza-transferencia-de-geddel-para-prisao-em-salvador\\\/#webpage\"},\"isPartOf\":{\"@id\":\"https:\\\/\\\/newsinfoco.com.br\\\/inicio\\\/fachin-autoriza-transferencia-de-geddel-para-prisao-em-salvador\\\/#webpage\"},\"articleSection\":\"Bahia, Destaque\"},{\"@type\":\"BreadcrumbList\",\"@id\":\"https:\\\/\\\/newsinfoco.com.br\\\/inicio\\\/fachin-autoriza-transferencia-de-geddel-para-prisao-em-salvador\\\/#breadcrumblist\",\"itemListElement\":[{\"@type\":\"ListItem\",\"@id\":\"https:\\\/\\\/newsinfoco.com.br\\\/inicio#listItem\",\"position\":1,\"name\":\"In\\u00edcio\",\"item\":\"https:\\\/\\\/newsinfoco.com.br\\\/inicio\",\"nextItem\":{\"@type\":\"ListItem\",\"@id\":\"https:\\\/\\\/newsinfoco.com.br\\\/inicio\\\/category\\\/bahia\\\/#listItem\",\"name\":\"Bahia\"}},{\"@type\":\"ListItem\",\"@id\":\"https:\\\/\\\/newsinfoco.com.br\\\/inicio\\\/category\\\/bahia\\\/#listItem\",\"position\":2,\"name\":\"Bahia\",\"item\":\"https:\\\/\\\/newsinfoco.com.br\\\/inicio\\\/category\\\/bahia\\\/\",\"nextItem\":{\"@type\":\"ListItem\",\"@id\":\"https:\\\/\\\/newsinfoco.com.br\\\/inicio\\\/fachin-autoriza-transferencia-de-geddel-para-prisao-em-salvador\\\/#listItem\",\"name\":\"Fachin autoriza transfer\\u00eancia de Geddel para pris\\u00e3o em Salvador\"},\"previousItem\":{\"@type\":\"ListItem\",\"@id\":\"https:\\\/\\\/newsinfoco.com.br\\\/inicio#listItem\",\"name\":\"In\\u00edcio\"}},{\"@type\":\"ListItem\",\"@id\":\"https:\\\/\\\/newsinfoco.com.br\\\/inicio\\\/fachin-autoriza-transferencia-de-geddel-para-prisao-em-salvador\\\/#listItem\",\"position\":3,\"name\":\"Fachin autoriza transfer\\u00eancia de Geddel para pris\\u00e3o em Salvador\",\"previousItem\":{\"@type\":\"ListItem\",\"@id\":\"https:\\\/\\\/newsinfoco.com.br\\\/inicio\\\/category\\\/bahia\\\/#listItem\",\"name\":\"Bahia\"}}]},{\"@type\":\"Organization\",\"@id\":\"https:\\\/\\\/newsinfoco.com.br\\\/inicio\\\/#organization\",\"name\":\"News In Foco - Editado por Caio Pimenta\",\"description\":\"O principal site de noticias de Alagoinhas e regi\\u00e3o\",\"url\":\"https:\\\/\\\/newsinfoco.com.br\\\/inicio\\\/\"},{\"@type\":\"Person\",\"@id\":\"https:\\\/\\\/newsinfoco.com.br\\\/inicio\\\/author\\\/administrador\\\/#author\",\"url\":\"https:\\\/\\\/newsinfoco.com.br\\\/inicio\\\/author\\\/administrador\\\/\",\"name\":\"administrador\",\"image\":{\"@type\":\"ImageObject\",\"@id\":\"https:\\\/\\\/newsinfoco.com.br\\\/inicio\\\/fachin-autoriza-transferencia-de-geddel-para-prisao-em-salvador\\\/#authorImage\",\"url\":\"https:\\\/\\\/secure.gravatar.com\\\/avatar\\\/c17a617433de8c1dc9584bb79aab7563b46f5bb7e1728c9b17d9cc3ce6a08e49?s=96&d=mm&r=g\",\"width\":96,\"height\":96,\"caption\":\"administrador\"}},{\"@type\":\"WebPage\",\"@id\":\"https:\\\/\\\/newsinfoco.com.br\\\/inicio\\\/fachin-autoriza-transferencia-de-geddel-para-prisao-em-salvador\\\/#webpage\",\"url\":\"https:\\\/\\\/newsinfoco.com.br\\\/inicio\\\/fachin-autoriza-transferencia-de-geddel-para-prisao-em-salvador\\\/\",\"name\":\"Fachin autoriza transfer\\u00eancia de Geddel para pris\\u00e3o em Salvador - News In Foco - Editado por Caio Pimenta\",\"description\":\"O ministro Luiz Edson Fachin, do Supremo tribunal Federal (STF), autorizou a transfer\\u00eancia do ex-ministro Geddel Vieira Lima (MDB-BA) do Complexo Penitenci\\u00e1rio da Papuda, em Bras\\u00edlia, para o Centro de Observa\\u00e7\\u00e3o Penal (CO), em Salvador. A decis\\u00e3o de Fachin foi tomada na \\u00faltima sexta-feira (6) e atendeu a um pedido da defesa de Geddel. A\",\"inLanguage\":\"pt-BR\",\"isPartOf\":{\"@id\":\"https:\\\/\\\/newsinfoco.com.br\\\/inicio\\\/#website\"},\"breadcrumb\":{\"@id\":\"https:\\\/\\\/newsinfoco.com.br\\\/inicio\\\/fachin-autoriza-transferencia-de-geddel-para-prisao-em-salvador\\\/#breadcrumblist\"},\"author\":{\"@id\":\"https:\\\/\\\/newsinfoco.com.br\\\/inicio\\\/author\\\/administrador\\\/#author\"},\"creator\":{\"@id\":\"https:\\\/\\\/newsinfoco.com.br\\\/inicio\\\/author\\\/administrador\\\/#author\"},\"image\":{\"@type\":\"ImageObject\",\"url\":\"https:\\\/\\\/newsinfoco.com.br\\\/inicio\\\/wp-content\\\/uploads\\\/2019\\\/07\\\/geddel.jpg\",\"@id\":\"https:\\\/\\\/newsinfoco.com.br\\\/inicio\\\/fachin-autoriza-transferencia-de-geddel-para-prisao-em-salvador\\\/#mainImage\",\"width\":600,\"height\":420},\"primaryImageOfPage\":{\"@id\":\"https:\\\/\\\/newsinfoco.com.br\\\/inicio\\\/fachin-autoriza-transferencia-de-geddel-para-prisao-em-salvador\\\/#mainImage\"},\"datePublished\":\"2019-12-09T20:37:20-03:00\",\"dateModified\":\"2019-12-09T20:37:20-03:00\"},{\"@type\":\"WebSite\",\"@id\":\"https:\\\/\\\/newsinfoco.com.br\\\/inicio\\\/#website\",\"url\":\"https:\\\/\\\/newsinfoco.com.br\\\/inicio\\\/\",\"name\":\"News In Foco - Editado por Caio Pimenta\",\"description\":\"O principal site de noticias de Alagoinhas e regi\\u00e3o\",\"inLanguage\":\"pt-BR\",\"publisher\":{\"@id\":\"https:\\\/\\\/newsinfoco.com.br\\\/inicio\\\/#organization\"}}]}\n\t\t<\/script>\n\t\t<!-- All in One SEO -->\n\n","aioseo_head_json":{"title":"Fachin autoriza transfer\u00eancia de Geddel para pris\u00e3o em Salvador - News In Foco - Editado por Caio Pimenta","description":"O ministro Luiz Edson Fachin, do Supremo tribunal Federal (STF), autorizou a transfer\u00eancia do ex-ministro Geddel Vieira Lima (MDB-BA) do Complexo Penitenci\u00e1rio da Papuda, em Bras\u00edlia, para o Centro de Observa\u00e7\u00e3o Penal (CO), em Salvador. A decis\u00e3o de Fachin foi tomada na \u00faltima sexta-feira (6) e atendeu a um pedido da defesa de Geddel. A","canonical_url":"https:\/\/newsinfoco.com.br\/inicio\/fachin-autoriza-transferencia-de-geddel-para-prisao-em-salvador\/","robots":"max-image-preview:large","keywords":"","webmasterTools":{"miscellaneous":""},"schema":{"@context":"https:\/\/schema.org","@graph":[{"@type":"BlogPosting","@id":"https:\/\/newsinfoco.com.br\/inicio\/fachin-autoriza-transferencia-de-geddel-para-prisao-em-salvador\/#blogposting","name":"Fachin autoriza transfer\u00eancia de Geddel para pris\u00e3o em Salvador - News In Foco - Editado por Caio Pimenta","headline":"Fachin autoriza transfer\u00eancia de Geddel para pris\u00e3o em Salvador","author":{"@id":"https:\/\/newsinfoco.com.br\/inicio\/author\/administrador\/#author"},"publisher":{"@id":"https:\/\/newsinfoco.com.br\/inicio\/#organization"},"image":{"@type":"ImageObject","url":"https:\/\/newsinfoco.com.br\/inicio\/wp-content\/uploads\/2019\/07\/geddel.jpg","width":600,"height":420},"datePublished":"2019-12-09T20:37:20-03:00","dateModified":"2019-12-09T20:37:20-03:00","inLanguage":"pt-BR","mainEntityOfPage":{"@id":"https:\/\/newsinfoco.com.br\/inicio\/fachin-autoriza-transferencia-de-geddel-para-prisao-em-salvador\/#webpage"},"isPartOf":{"@id":"https:\/\/newsinfoco.com.br\/inicio\/fachin-autoriza-transferencia-de-geddel-para-prisao-em-salvador\/#webpage"},"articleSection":"Bahia, Destaque"},{"@type":"BreadcrumbList","@id":"https:\/\/newsinfoco.com.br\/inicio\/fachin-autoriza-transferencia-de-geddel-para-prisao-em-salvador\/#breadcrumblist","itemListElement":[{"@type":"ListItem","@id":"https:\/\/newsinfoco.com.br\/inicio#listItem","position":1,"name":"In\u00edcio","item":"https:\/\/newsinfoco.com.br\/inicio","nextItem":{"@type":"ListItem","@id":"https:\/\/newsinfoco.com.br\/inicio\/category\/bahia\/#listItem","name":"Bahia"}},{"@type":"ListItem","@id":"https:\/\/newsinfoco.com.br\/inicio\/category\/bahia\/#listItem","position":2,"name":"Bahia","item":"https:\/\/newsinfoco.com.br\/inicio\/category\/bahia\/","nextItem":{"@type":"ListItem","@id":"https:\/\/newsinfoco.com.br\/inicio\/fachin-autoriza-transferencia-de-geddel-para-prisao-em-salvador\/#listItem","name":"Fachin autoriza transfer\u00eancia de Geddel para pris\u00e3o em Salvador"},"previousItem":{"@type":"ListItem","@id":"https:\/\/newsinfoco.com.br\/inicio#listItem","name":"In\u00edcio"}},{"@type":"ListItem","@id":"https:\/\/newsinfoco.com.br\/inicio\/fachin-autoriza-transferencia-de-geddel-para-prisao-em-salvador\/#listItem","position":3,"name":"Fachin autoriza transfer\u00eancia de Geddel para pris\u00e3o em Salvador","previousItem":{"@type":"ListItem","@id":"https:\/\/newsinfoco.com.br\/inicio\/category\/bahia\/#listItem","name":"Bahia"}}]},{"@type":"Organization","@id":"https:\/\/newsinfoco.com.br\/inicio\/#organization","name":"News In Foco - Editado por Caio Pimenta","description":"O principal site de noticias de Alagoinhas e regi\u00e3o","url":"https:\/\/newsinfoco.com.br\/inicio\/"},{"@type":"Person","@id":"https:\/\/newsinfoco.com.br\/inicio\/author\/administrador\/#author","url":"https:\/\/newsinfoco.com.br\/inicio\/author\/administrador\/","name":"administrador","image":{"@type":"ImageObject","@id":"https:\/\/newsinfoco.com.br\/inicio\/fachin-autoriza-transferencia-de-geddel-para-prisao-em-salvador\/#authorImage","url":"https:\/\/secure.gravatar.com\/avatar\/c17a617433de8c1dc9584bb79aab7563b46f5bb7e1728c9b17d9cc3ce6a08e49?s=96&d=mm&r=g","width":96,"height":96,"caption":"administrador"}},{"@type":"WebPage","@id":"https:\/\/newsinfoco.com.br\/inicio\/fachin-autoriza-transferencia-de-geddel-para-prisao-em-salvador\/#webpage","url":"https:\/\/newsinfoco.com.br\/inicio\/fachin-autoriza-transferencia-de-geddel-para-prisao-em-salvador\/","name":"Fachin autoriza transfer\u00eancia de Geddel para pris\u00e3o em Salvador - News In Foco - Editado por Caio Pimenta","description":"O ministro Luiz Edson Fachin, do Supremo tribunal Federal (STF), autorizou a transfer\u00eancia do ex-ministro Geddel Vieira Lima (MDB-BA) do Complexo Penitenci\u00e1rio da Papuda, em Bras\u00edlia, para o Centro de Observa\u00e7\u00e3o Penal (CO), em Salvador. A decis\u00e3o de Fachin foi tomada na \u00faltima sexta-feira (6) e atendeu a um pedido da defesa de Geddel. A","inLanguage":"pt-BR","isPartOf":{"@id":"https:\/\/newsinfoco.com.br\/inicio\/#website"},"breadcrumb":{"@id":"https:\/\/newsinfoco.com.br\/inicio\/fachin-autoriza-transferencia-de-geddel-para-prisao-em-salvador\/#breadcrumblist"},"author":{"@id":"https:\/\/newsinfoco.com.br\/inicio\/author\/administrador\/#author"},"creator":{"@id":"https:\/\/newsinfoco.com.br\/inicio\/author\/administrador\/#author"},"image":{"@type":"ImageObject","url":"https:\/\/newsinfoco.com.br\/inicio\/wp-content\/uploads\/2019\/07\/geddel.jpg","@id":"https:\/\/newsinfoco.com.br\/inicio\/fachin-autoriza-transferencia-de-geddel-para-prisao-em-salvador\/#mainImage","width":600,"height":420},"primaryImageOfPage":{"@id":"https:\/\/newsinfoco.com.br\/inicio\/fachin-autoriza-transferencia-de-geddel-para-prisao-em-salvador\/#mainImage"},"datePublished":"2019-12-09T20:37:20-03:00","dateModified":"2019-12-09T20:37:20-03:00"},{"@type":"WebSite","@id":"https:\/\/newsinfoco.com.br\/inicio\/#website","url":"https:\/\/newsinfoco.com.br\/inicio\/","name":"News In Foco - Editado por Caio Pimenta","description":"O principal site de noticias de Alagoinhas e regi\u00e3o","inLanguage":"pt-BR","publisher":{"@id":"https:\/\/newsinfoco.com.br\/inicio\/#organization"}}]},"og:locale":"pt_BR","og:site_name":"News In Foco - Editado por Caio Pimenta - O principal site de noticias de Alagoinhas e regi\u00e3o","og:type":"article","og:title":"Fachin autoriza transfer\u00eancia de Geddel para pris\u00e3o em Salvador - News In Foco - Editado por Caio Pimenta","og:description":"O ministro Luiz Edson Fachin, do Supremo tribunal Federal (STF), autorizou a transfer\u00eancia do ex-ministro Geddel Vieira Lima (MDB-BA) do Complexo Penitenci\u00e1rio da Papuda, em Bras\u00edlia, para o Centro de Observa\u00e7\u00e3o Penal (CO), em Salvador. A decis\u00e3o de Fachin foi tomada na \u00faltima sexta-feira (6) e atendeu a um pedido da defesa de Geddel. A","og:url":"https:\/\/newsinfoco.com.br\/inicio\/fachin-autoriza-transferencia-de-geddel-para-prisao-em-salvador\/","article:published_time":"2019-12-09T22:37:20+00:00","article:modified_time":"2019-12-09T22:37:20+00:00","twitter:card":"summary_large_image","twitter:title":"Fachin autoriza transfer\u00eancia de Geddel para pris\u00e3o em Salvador - News In Foco - Editado por Caio Pimenta","twitter:description":"O ministro Luiz Edson Fachin, do Supremo tribunal Federal (STF), autorizou a transfer\u00eancia do ex-ministro Geddel Vieira Lima (MDB-BA) do Complexo Penitenci\u00e1rio da Papuda, em Bras\u00edlia, para o Centro de Observa\u00e7\u00e3o Penal (CO), em Salvador. A decis\u00e3o de Fachin foi tomada na \u00faltima sexta-feira (6) e atendeu a um pedido da defesa de Geddel. A"},"aioseo_meta_data":{"post_id":"19274","title":null,"description":null,"keywords":null,"keyphrases":null,"primary_term":null,"canonical_url":null,"og_title":null,"og_description":null,"og_object_type":"default","og_image_type":"default","og_image_url":null,"og_image_width":null,"og_image_height":null,"og_image_custom_url":null,"og_image_custom_fields":null,"og_video":null,"og_custom_url":null,"og_article_section":null,"og_article_tags":null,"twitter_use_og":false,"twitter_card":"default","twitter_image_type":"default","twitter_image_url":null,"twitter_image_custom_url":null,"twitter_image_custom_fields":null,"twitter_title":null,"twitter_description":null,"schema":{"blockGraphs":[],"customGraphs":[],"default":{"data":{"Article":[],"Course":[],"Dataset":[],"FAQPage":[],"Movie":[],"Person":[],"Product":[],"ProductReview":[],"Car":[],"Recipe":[],"Service":[],"SoftwareApplication":[],"WebPage":[]},"graphName":"","isEnabled":true},"graphs":[]},"schema_type":"default","schema_type_options":null,"pillar_content":false,"robots_default":true,"robots_noindex":false,"robots_noarchive":false,"robots_nosnippet":false,"robots_nofollow":false,"robots_noimageindex":false,"robots_noodp":false,"robots_notranslate":false,"robots_max_snippet":null,"robots_max_videopreview":null,"robots_max_imagepreview":"large","priority":null,"frequency":null,"local_seo":null,"breadcrumb_settings":null,"limit_modified_date":false,"ai":null,"created":"2023-06-12 15:34:52","updated":"2025-07-11 02:13:45","seo_analyzer_scan_date":null},"aioseo_breadcrumb":"<div class=\"aioseo-breadcrumbs\"><span class=\"aioseo-breadcrumb\">\n\t\t\t<a href=\"https:\/\/newsinfoco.com.br\/inicio\" title=\"In\u00edcio\">In\u00edcio<\/a>\n\t\t<\/span><span class=\"aioseo-breadcrumb-separator\">&raquo;<\/span><span class=\"aioseo-breadcrumb\">\n\t\t\t<a href=\"https:\/\/newsinfoco.com.br\/inicio\/category\/bahia\/\" title=\"Bahia\">Bahia<\/a>\n\t\t<\/span><span class=\"aioseo-breadcrumb-separator\">&raquo;<\/span><span class=\"aioseo-breadcrumb\">\n\t\t\tFachin autoriza transfer\u00eancia de Geddel para pris\u00e3o em Salvador\n\t\t<\/span><\/div>","aioseo_breadcrumb_json":[{"label":"In\u00edcio","link":"https:\/\/newsinfoco.com.br\/inicio"},{"label":"Bahia","link":"https:\/\/newsinfoco.com.br\/inicio\/category\/bahia\/"},{"label":"Fachin autoriza transfer\u00eancia de Geddel para pris\u00e3o em Salvador","link":"https:\/\/newsinfoco.com.br\/inicio\/fachin-autoriza-transferencia-de-geddel-para-prisao-em-salvador\/"}],"_links":{"self":[{"href":"https:\/\/newsinfoco.com.br\/inicio\/wp-json\/wp\/v2\/posts\/19274","targetHints":{"allow":["GET"]}}],"collection":[{"href":"https:\/\/newsinfoco.com.br\/inicio\/wp-json\/wp\/v2\/posts"}],"about":[{"href":"https:\/\/newsinfoco.com.br\/inicio\/wp-json\/wp\/v2\/types\/post"}],"author":[{"embeddable":true,"href":"https:\/\/newsinfoco.com.br\/inicio\/wp-json\/wp\/v2\/users\/1"}],"replies":[{"embeddable":true,"href":"https:\/\/newsinfoco.com.br\/inicio\/wp-json\/wp\/v2\/comments?post=19274"}],"version-history":[{"count":0,"href":"https:\/\/newsinfoco.com.br\/inicio\/wp-json\/wp\/v2\/posts\/19274\/revisions"}],"wp:featuredmedia":[{"embeddable":true,"href":"https:\/\/newsinfoco.com.br\/inicio\/wp-json\/wp\/v2\/media\/15596"}],"wp:attachment":[{"href":"https:\/\/newsinfoco.com.br\/inicio\/wp-json\/wp\/v2\/media?parent=19274"}],"wp:term":[{"taxonomy":"category","embeddable":true,"href":"https:\/\/newsinfoco.com.br\/inicio\/wp-json\/wp\/v2\/categories?post=19274"},{"taxonomy":"post_tag","embeddable":true,"href":"https:\/\/newsinfoco.com.br\/inicio\/wp-json\/wp\/v2\/tags?post=19274"}],"curies":[{"name":"wp","href":"https:\/\/api.w.org\/{rel}","templated":true}]}}