{"id":19278,"date":"2019-12-09T20:42:49","date_gmt":"2019-12-09T22:42:49","guid":{"rendered":"http:\/\/newsinfoco.com.br\/?p=19278"},"modified":"2019-12-09T20:42:49","modified_gmt":"2019-12-09T22:42:49","slug":"lula-deve-morar-em-area-nobre-de-salvador-para-ficar-proximo-de-wagner","status":"publish","type":"post","link":"https:\/\/newsinfoco.com.br\/inicio\/lula-deve-morar-em-area-nobre-de-salvador-para-ficar-proximo-de-wagner\/","title":{"rendered":"Lula deve morar em \u00e1rea nobre de Salvador para ficar pr\u00f3ximo de Wagner"},"content":{"rendered":"<p style=\"text-align: justify;\">Ao se mudar para Salvador, o ex-presidente Luiz In\u00e1cio Lula da Silva deve escolher um apartamento no Corredor da Vit\u00f3ria, um dos metros quadrados mais caros da capital baiana, para morar. De acordo com a coluna Esplanada, o petista escolheu o bairro pela proximidade com a casa do senador e conselheiro pessoal Jaques Wagner.<\/p>\n<p style=\"text-align: justify;\">Lula sinalizou o desejo de morar no Nordeste ap\u00f3s deixar a pris\u00e3o. \u201cEu n\u00e3o tenho mais o que fazer em S\u00e3o Bernardo. N\u00e3o sei para onde ir, mas quero me mudar para outro lugar&#8221;, afirmou o ex-presidente. Lula nasceu em Caet\u00e9s, quando o munic\u00edpio ainda pertencia a Garanhuns, no agreste pernambucano. O ex-presidente tem resid\u00eancia em S\u00e3o Bernardo do Campo, regi\u00e3o do ABC paulista onde come\u00e7ou sua carreira como sindicalista e pol\u00edtico.<\/p>\n<div class='share-to-whatsapp-wrapper'><div class='share-on-whsp'>Share on: <\/div><a data-text='Lula deve morar em \u00e1rea nobre de Salvador para ficar pr\u00f3ximo de Wagner' data-link='https:\/\/newsinfoco.com.br\/inicio\/lula-deve-morar-em-area-nobre-de-salvador-para-ficar-proximo-de-wagner\/' class='whatsapp-button whatsapp-share'>WhatsApp<\/a><div class='clear '><\/div><\/div>","protected":false},"excerpt":{"rendered":"<p>Ao se mudar para Salvador, o ex-presidente Luiz In\u00e1cio Lula da Silva deve escolher um apartamento no Corredor da Vit\u00f3ria, um dos metros quadrados mais caros da capital baiana, para morar. De acordo com a coluna Esplanada, o petista escolheu o bairro pela proximidade com a casa do senador e conselheiro pessoal Jaques Wagner. Lula [&hellip;]<\/p>\n","protected":false},"author":1,"featured_media":19279,"comment_status":"open","ping_status":"open","sticky":false,"template":"","format":"standard","meta":{"om_disable_all_campaigns":false,"rop_custom_images_group":[],"rop_custom_messages_group":[],"rop_publish_now":"initial","rop_publish_now_accounts":[],"rop_publish_now_history":[],"rop_publish_now_status":"pending","_exactmetrics_skip_tracking":false,"footnotes":""},"categories":[19,30],"tags":[],"class_list":["post-19278","post","type-post","status-publish","format-standard","has-post-thumbnail","hentry","category-bahia","category-destaque"],"aioseo_notices":[],"aioseo_head":"\n\t\t<!-- All in One SEO 4.9.10 - aioseo.com -->\n\t<meta name=\"description\" content=\"Ao se mudar para Salvador, o ex-presidente Luiz In\u00e1cio Lula da Silva deve escolher um apartamento no Corredor da Vit\u00f3ria, um dos metros quadrados mais caros da capital baiana, para morar. De acordo com a coluna Esplanada, o petista escolheu o bairro pela proximidade com a casa do senador e conselheiro pessoal Jaques Wagner. Lula\" \/>\n\t<meta name=\"robots\" content=\"max-image-preview:large\" \/>\n\t<meta name=\"author\" content=\"administrador\"\/>\n\t<link rel=\"canonical\" href=\"https:\/\/newsinfoco.com.br\/inicio\/lula-deve-morar-em-area-nobre-de-salvador-para-ficar-proximo-de-wagner\/\" \/>\n\t<meta name=\"generator\" content=\"All in One SEO (AIOSEO) 4.9.10\" \/>\n\t\t<meta property=\"og:locale\" content=\"pt_BR\" \/>\n\t\t<meta property=\"og:site_name\" content=\"News In Foco - Editado por Caio Pimenta - O principal site de noticias de Alagoinhas e regi\u00e3o\" \/>\n\t\t<meta property=\"og:type\" content=\"article\" \/>\n\t\t<meta property=\"og:title\" content=\"Lula deve morar em \u00e1rea nobre de Salvador para ficar pr\u00f3ximo de Wagner - News In Foco - Editado por Caio Pimenta\" \/>\n\t\t<meta property=\"og:description\" content=\"Ao se mudar para Salvador, o ex-presidente Luiz In\u00e1cio Lula da Silva deve escolher um apartamento no Corredor da Vit\u00f3ria, um dos metros quadrados mais caros da capital baiana, para morar. De acordo com a coluna Esplanada, o petista escolheu o bairro pela proximidade com a casa do senador e conselheiro pessoal Jaques Wagner. Lula\" \/>\n\t\t<meta property=\"og:url\" content=\"https:\/\/newsinfoco.com.br\/inicio\/lula-deve-morar-em-area-nobre-de-salvador-para-ficar-proximo-de-wagner\/\" \/>\n\t\t<meta property=\"article:published_time\" content=\"2019-12-09T22:42:49+00:00\" \/>\n\t\t<meta property=\"article:modified_time\" content=\"2019-12-09T22:42:49+00:00\" \/>\n\t\t<meta name=\"twitter:card\" content=\"summary_large_image\" \/>\n\t\t<meta name=\"twitter:title\" content=\"Lula deve morar em \u00e1rea nobre de Salvador para ficar pr\u00f3ximo de Wagner - News In Foco - Editado por Caio Pimenta\" \/>\n\t\t<meta name=\"twitter:description\" content=\"Ao se mudar para Salvador, o ex-presidente Luiz In\u00e1cio Lula da Silva deve escolher um apartamento no Corredor da Vit\u00f3ria, um dos metros quadrados mais caros da capital baiana, para morar. De acordo com a coluna Esplanada, o petista escolheu o bairro pela proximidade com a casa do senador e conselheiro pessoal Jaques Wagner. Lula\" \/>\n\t\t<script type=\"application\/ld+json\" class=\"aioseo-schema\">\n\t\t\t{\"@context\":\"https:\\\/\\\/schema.org\",\"@graph\":[{\"@type\":\"BlogPosting\",\"@id\":\"https:\\\/\\\/newsinfoco.com.br\\\/inicio\\\/lula-deve-morar-em-area-nobre-de-salvador-para-ficar-proximo-de-wagner\\\/#blogposting\",\"name\":\"Lula deve morar em \\u00e1rea nobre de Salvador para ficar pr\\u00f3ximo de Wagner - News In Foco - Editado por Caio Pimenta\",\"headline\":\"Lula deve morar em \\u00e1rea nobre de Salvador para ficar pr\\u00f3ximo de Wagner\",\"author\":{\"@id\":\"https:\\\/\\\/newsinfoco.com.br\\\/inicio\\\/author\\\/administrador\\\/#author\"},\"publisher\":{\"@id\":\"https:\\\/\\\/newsinfoco.com.br\\\/inicio\\\/#organization\"},\"image\":{\"@type\":\"ImageObject\",\"url\":\"https:\\\/\\\/newsinfoco.com.br\\\/inicio\\\/wp-content\\\/uploads\\\/2019\\\/12\\\/IMAGEM_NOTICIA_5-4.jpg\",\"width\":380,\"height\":280},\"datePublished\":\"2019-12-09T20:42:49-03:00\",\"dateModified\":\"2019-12-09T20:42:49-03:00\",\"inLanguage\":\"pt-BR\",\"mainEntityOfPage\":{\"@id\":\"https:\\\/\\\/newsinfoco.com.br\\\/inicio\\\/lula-deve-morar-em-area-nobre-de-salvador-para-ficar-proximo-de-wagner\\\/#webpage\"},\"isPartOf\":{\"@id\":\"https:\\\/\\\/newsinfoco.com.br\\\/inicio\\\/lula-deve-morar-em-area-nobre-de-salvador-para-ficar-proximo-de-wagner\\\/#webpage\"},\"articleSection\":\"Bahia, Destaque\"},{\"@type\":\"BreadcrumbList\",\"@id\":\"https:\\\/\\\/newsinfoco.com.br\\\/inicio\\\/lula-deve-morar-em-area-nobre-de-salvador-para-ficar-proximo-de-wagner\\\/#breadcrumblist\",\"itemListElement\":[{\"@type\":\"ListItem\",\"@id\":\"https:\\\/\\\/newsinfoco.com.br\\\/inicio#listItem\",\"position\":1,\"name\":\"In\\u00edcio\",\"item\":\"https:\\\/\\\/newsinfoco.com.br\\\/inicio\",\"nextItem\":{\"@type\":\"ListItem\",\"@id\":\"https:\\\/\\\/newsinfoco.com.br\\\/inicio\\\/category\\\/bahia\\\/#listItem\",\"name\":\"Bahia\"}},{\"@type\":\"ListItem\",\"@id\":\"https:\\\/\\\/newsinfoco.com.br\\\/inicio\\\/category\\\/bahia\\\/#listItem\",\"position\":2,\"name\":\"Bahia\",\"item\":\"https:\\\/\\\/newsinfoco.com.br\\\/inicio\\\/category\\\/bahia\\\/\",\"nextItem\":{\"@type\":\"ListItem\",\"@id\":\"https:\\\/\\\/newsinfoco.com.br\\\/inicio\\\/lula-deve-morar-em-area-nobre-de-salvador-para-ficar-proximo-de-wagner\\\/#listItem\",\"name\":\"Lula deve morar em \\u00e1rea nobre de Salvador para ficar pr\\u00f3ximo de Wagner\"},\"previousItem\":{\"@type\":\"ListItem\",\"@id\":\"https:\\\/\\\/newsinfoco.com.br\\\/inicio#listItem\",\"name\":\"In\\u00edcio\"}},{\"@type\":\"ListItem\",\"@id\":\"https:\\\/\\\/newsinfoco.com.br\\\/inicio\\\/lula-deve-morar-em-area-nobre-de-salvador-para-ficar-proximo-de-wagner\\\/#listItem\",\"position\":3,\"name\":\"Lula deve morar em \\u00e1rea nobre de Salvador para ficar pr\\u00f3ximo de Wagner\",\"previousItem\":{\"@type\":\"ListItem\",\"@id\":\"https:\\\/\\\/newsinfoco.com.br\\\/inicio\\\/category\\\/bahia\\\/#listItem\",\"name\":\"Bahia\"}}]},{\"@type\":\"Organization\",\"@id\":\"https:\\\/\\\/newsinfoco.com.br\\\/inicio\\\/#organization\",\"name\":\"News In Foco - Editado por Caio Pimenta\",\"description\":\"O principal site de noticias de Alagoinhas e regi\\u00e3o\",\"url\":\"https:\\\/\\\/newsinfoco.com.br\\\/inicio\\\/\"},{\"@type\":\"Person\",\"@id\":\"https:\\\/\\\/newsinfoco.com.br\\\/inicio\\\/author\\\/administrador\\\/#author\",\"url\":\"https:\\\/\\\/newsinfoco.com.br\\\/inicio\\\/author\\\/administrador\\\/\",\"name\":\"administrador\",\"image\":{\"@type\":\"ImageObject\",\"@id\":\"https:\\\/\\\/newsinfoco.com.br\\\/inicio\\\/lula-deve-morar-em-area-nobre-de-salvador-para-ficar-proximo-de-wagner\\\/#authorImage\",\"url\":\"https:\\\/\\\/secure.gravatar.com\\\/avatar\\\/c17a617433de8c1dc9584bb79aab7563b46f5bb7e1728c9b17d9cc3ce6a08e49?s=96&d=mm&r=g\",\"width\":96,\"height\":96,\"caption\":\"administrador\"}},{\"@type\":\"WebPage\",\"@id\":\"https:\\\/\\\/newsinfoco.com.br\\\/inicio\\\/lula-deve-morar-em-area-nobre-de-salvador-para-ficar-proximo-de-wagner\\\/#webpage\",\"url\":\"https:\\\/\\\/newsinfoco.com.br\\\/inicio\\\/lula-deve-morar-em-area-nobre-de-salvador-para-ficar-proximo-de-wagner\\\/\",\"name\":\"Lula deve morar em \\u00e1rea nobre de Salvador para ficar pr\\u00f3ximo de Wagner - News In Foco - Editado por Caio Pimenta\",\"description\":\"Ao se mudar para Salvador, o ex-presidente Luiz In\\u00e1cio Lula da Silva deve escolher um apartamento no Corredor da Vit\\u00f3ria, um dos metros quadrados mais caros da capital baiana, para morar. De acordo com a coluna Esplanada, o petista escolheu o bairro pela proximidade com a casa do senador e conselheiro pessoal Jaques Wagner. Lula\",\"inLanguage\":\"pt-BR\",\"isPartOf\":{\"@id\":\"https:\\\/\\\/newsinfoco.com.br\\\/inicio\\\/#website\"},\"breadcrumb\":{\"@id\":\"https:\\\/\\\/newsinfoco.com.br\\\/inicio\\\/lula-deve-morar-em-area-nobre-de-salvador-para-ficar-proximo-de-wagner\\\/#breadcrumblist\"},\"author\":{\"@id\":\"https:\\\/\\\/newsinfoco.com.br\\\/inicio\\\/author\\\/administrador\\\/#author\"},\"creator\":{\"@id\":\"https:\\\/\\\/newsinfoco.com.br\\\/inicio\\\/author\\\/administrador\\\/#author\"},\"image\":{\"@type\":\"ImageObject\",\"url\":\"https:\\\/\\\/newsinfoco.com.br\\\/inicio\\\/wp-content\\\/uploads\\\/2019\\\/12\\\/IMAGEM_NOTICIA_5-4.jpg\",\"@id\":\"https:\\\/\\\/newsinfoco.com.br\\\/inicio\\\/lula-deve-morar-em-area-nobre-de-salvador-para-ficar-proximo-de-wagner\\\/#mainImage\",\"width\":380,\"height\":280},\"primaryImageOfPage\":{\"@id\":\"https:\\\/\\\/newsinfoco.com.br\\\/inicio\\\/lula-deve-morar-em-area-nobre-de-salvador-para-ficar-proximo-de-wagner\\\/#mainImage\"},\"datePublished\":\"2019-12-09T20:42:49-03:00\",\"dateModified\":\"2019-12-09T20:42:49-03:00\"},{\"@type\":\"WebSite\",\"@id\":\"https:\\\/\\\/newsinfoco.com.br\\\/inicio\\\/#website\",\"url\":\"https:\\\/\\\/newsinfoco.com.br\\\/inicio\\\/\",\"name\":\"News In Foco - Editado por Caio Pimenta\",\"description\":\"O principal site de noticias de Alagoinhas e regi\\u00e3o\",\"inLanguage\":\"pt-BR\",\"publisher\":{\"@id\":\"https:\\\/\\\/newsinfoco.com.br\\\/inicio\\\/#organization\"}}]}\n\t\t<\/script>\n\t\t<!-- All in One SEO -->\n\n","aioseo_head_json":{"title":"Lula deve morar em \u00e1rea nobre de Salvador para ficar pr\u00f3ximo de Wagner - News In Foco - Editado por Caio Pimenta","description":"Ao se mudar para Salvador, o ex-presidente Luiz In\u00e1cio Lula da Silva deve escolher um apartamento no Corredor da Vit\u00f3ria, um dos metros quadrados mais caros da capital baiana, para morar. De acordo com a coluna Esplanada, o petista escolheu o bairro pela proximidade com a casa do senador e conselheiro pessoal Jaques Wagner. Lula","canonical_url":"https:\/\/newsinfoco.com.br\/inicio\/lula-deve-morar-em-area-nobre-de-salvador-para-ficar-proximo-de-wagner\/","robots":"max-image-preview:large","keywords":"","webmasterTools":{"miscellaneous":""},"schema":{"@context":"https:\/\/schema.org","@graph":[{"@type":"BlogPosting","@id":"https:\/\/newsinfoco.com.br\/inicio\/lula-deve-morar-em-area-nobre-de-salvador-para-ficar-proximo-de-wagner\/#blogposting","name":"Lula deve morar em \u00e1rea nobre de Salvador para ficar pr\u00f3ximo de Wagner - News In Foco - Editado por Caio Pimenta","headline":"Lula deve morar em \u00e1rea nobre de Salvador para ficar pr\u00f3ximo de Wagner","author":{"@id":"https:\/\/newsinfoco.com.br\/inicio\/author\/administrador\/#author"},"publisher":{"@id":"https:\/\/newsinfoco.com.br\/inicio\/#organization"},"image":{"@type":"ImageObject","url":"https:\/\/newsinfoco.com.br\/inicio\/wp-content\/uploads\/2019\/12\/IMAGEM_NOTICIA_5-4.jpg","width":380,"height":280},"datePublished":"2019-12-09T20:42:49-03:00","dateModified":"2019-12-09T20:42:49-03:00","inLanguage":"pt-BR","mainEntityOfPage":{"@id":"https:\/\/newsinfoco.com.br\/inicio\/lula-deve-morar-em-area-nobre-de-salvador-para-ficar-proximo-de-wagner\/#webpage"},"isPartOf":{"@id":"https:\/\/newsinfoco.com.br\/inicio\/lula-deve-morar-em-area-nobre-de-salvador-para-ficar-proximo-de-wagner\/#webpage"},"articleSection":"Bahia, Destaque"},{"@type":"BreadcrumbList","@id":"https:\/\/newsinfoco.com.br\/inicio\/lula-deve-morar-em-area-nobre-de-salvador-para-ficar-proximo-de-wagner\/#breadcrumblist","itemListElement":[{"@type":"ListItem","@id":"https:\/\/newsinfoco.com.br\/inicio#listItem","position":1,"name":"In\u00edcio","item":"https:\/\/newsinfoco.com.br\/inicio","nextItem":{"@type":"ListItem","@id":"https:\/\/newsinfoco.com.br\/inicio\/category\/bahia\/#listItem","name":"Bahia"}},{"@type":"ListItem","@id":"https:\/\/newsinfoco.com.br\/inicio\/category\/bahia\/#listItem","position":2,"name":"Bahia","item":"https:\/\/newsinfoco.com.br\/inicio\/category\/bahia\/","nextItem":{"@type":"ListItem","@id":"https:\/\/newsinfoco.com.br\/inicio\/lula-deve-morar-em-area-nobre-de-salvador-para-ficar-proximo-de-wagner\/#listItem","name":"Lula deve morar em \u00e1rea nobre de Salvador para ficar pr\u00f3ximo de Wagner"},"previousItem":{"@type":"ListItem","@id":"https:\/\/newsinfoco.com.br\/inicio#listItem","name":"In\u00edcio"}},{"@type":"ListItem","@id":"https:\/\/newsinfoco.com.br\/inicio\/lula-deve-morar-em-area-nobre-de-salvador-para-ficar-proximo-de-wagner\/#listItem","position":3,"name":"Lula deve morar em \u00e1rea nobre de Salvador para ficar pr\u00f3ximo de Wagner","previousItem":{"@type":"ListItem","@id":"https:\/\/newsinfoco.com.br\/inicio\/category\/bahia\/#listItem","name":"Bahia"}}]},{"@type":"Organization","@id":"https:\/\/newsinfoco.com.br\/inicio\/#organization","name":"News In Foco - Editado por Caio Pimenta","description":"O principal site de noticias de Alagoinhas e regi\u00e3o","url":"https:\/\/newsinfoco.com.br\/inicio\/"},{"@type":"Person","@id":"https:\/\/newsinfoco.com.br\/inicio\/author\/administrador\/#author","url":"https:\/\/newsinfoco.com.br\/inicio\/author\/administrador\/","name":"administrador","image":{"@type":"ImageObject","@id":"https:\/\/newsinfoco.com.br\/inicio\/lula-deve-morar-em-area-nobre-de-salvador-para-ficar-proximo-de-wagner\/#authorImage","url":"https:\/\/secure.gravatar.com\/avatar\/c17a617433de8c1dc9584bb79aab7563b46f5bb7e1728c9b17d9cc3ce6a08e49?s=96&d=mm&r=g","width":96,"height":96,"caption":"administrador"}},{"@type":"WebPage","@id":"https:\/\/newsinfoco.com.br\/inicio\/lula-deve-morar-em-area-nobre-de-salvador-para-ficar-proximo-de-wagner\/#webpage","url":"https:\/\/newsinfoco.com.br\/inicio\/lula-deve-morar-em-area-nobre-de-salvador-para-ficar-proximo-de-wagner\/","name":"Lula deve morar em \u00e1rea nobre de Salvador para ficar pr\u00f3ximo de Wagner - News In Foco - Editado por Caio Pimenta","description":"Ao se mudar para Salvador, o ex-presidente Luiz In\u00e1cio Lula da Silva deve escolher um apartamento no Corredor da Vit\u00f3ria, um dos metros quadrados mais caros da capital baiana, para morar. De acordo com a coluna Esplanada, o petista escolheu o bairro pela proximidade com a casa do senador e conselheiro pessoal Jaques Wagner. Lula","inLanguage":"pt-BR","isPartOf":{"@id":"https:\/\/newsinfoco.com.br\/inicio\/#website"},"breadcrumb":{"@id":"https:\/\/newsinfoco.com.br\/inicio\/lula-deve-morar-em-area-nobre-de-salvador-para-ficar-proximo-de-wagner\/#breadcrumblist"},"author":{"@id":"https:\/\/newsinfoco.com.br\/inicio\/author\/administrador\/#author"},"creator":{"@id":"https:\/\/newsinfoco.com.br\/inicio\/author\/administrador\/#author"},"image":{"@type":"ImageObject","url":"https:\/\/newsinfoco.com.br\/inicio\/wp-content\/uploads\/2019\/12\/IMAGEM_NOTICIA_5-4.jpg","@id":"https:\/\/newsinfoco.com.br\/inicio\/lula-deve-morar-em-area-nobre-de-salvador-para-ficar-proximo-de-wagner\/#mainImage","width":380,"height":280},"primaryImageOfPage":{"@id":"https:\/\/newsinfoco.com.br\/inicio\/lula-deve-morar-em-area-nobre-de-salvador-para-ficar-proximo-de-wagner\/#mainImage"},"datePublished":"2019-12-09T20:42:49-03:00","dateModified":"2019-12-09T20:42:49-03:00"},{"@type":"WebSite","@id":"https:\/\/newsinfoco.com.br\/inicio\/#website","url":"https:\/\/newsinfoco.com.br\/inicio\/","name":"News In Foco - Editado por Caio Pimenta","description":"O principal site de noticias de Alagoinhas e regi\u00e3o","inLanguage":"pt-BR","publisher":{"@id":"https:\/\/newsinfoco.com.br\/inicio\/#organization"}}]},"og:locale":"pt_BR","og:site_name":"News In Foco - Editado por Caio Pimenta - O principal site de noticias de Alagoinhas e regi\u00e3o","og:type":"article","og:title":"Lula deve morar em \u00e1rea nobre de Salvador para ficar pr\u00f3ximo de Wagner - News In Foco - Editado por Caio Pimenta","og:description":"Ao se mudar para Salvador, o ex-presidente Luiz In\u00e1cio Lula da Silva deve escolher um apartamento no Corredor da Vit\u00f3ria, um dos metros quadrados mais caros da capital baiana, para morar. De acordo com a coluna Esplanada, o petista escolheu o bairro pela proximidade com a casa do senador e conselheiro pessoal Jaques Wagner. Lula","og:url":"https:\/\/newsinfoco.com.br\/inicio\/lula-deve-morar-em-area-nobre-de-salvador-para-ficar-proximo-de-wagner\/","article:published_time":"2019-12-09T22:42:49+00:00","article:modified_time":"2019-12-09T22:42:49+00:00","twitter:card":"summary_large_image","twitter:title":"Lula deve morar em \u00e1rea nobre de Salvador para ficar pr\u00f3ximo de Wagner - News In Foco - Editado por Caio Pimenta","twitter:description":"Ao se mudar para Salvador, o ex-presidente Luiz In\u00e1cio Lula da Silva deve escolher um apartamento no Corredor da Vit\u00f3ria, um dos metros quadrados mais caros da capital baiana, para morar. De acordo com a coluna Esplanada, o petista escolheu o bairro pela proximidade com a casa do senador e conselheiro pessoal Jaques Wagner. Lula"},"aioseo_meta_data":{"post_id":"19278","title":null,"description":null,"keywords":null,"keyphrases":null,"primary_term":null,"canonical_url":null,"og_title":null,"og_description":null,"og_object_type":"default","og_image_type":"default","og_image_url":null,"og_image_width":null,"og_image_height":null,"og_image_custom_url":null,"og_image_custom_fields":null,"og_video":null,"og_custom_url":null,"og_article_section":null,"og_article_tags":null,"twitter_use_og":false,"twitter_card":"default","twitter_image_type":"default","twitter_image_url":null,"twitter_image_custom_url":null,"twitter_image_custom_fields":null,"twitter_title":null,"twitter_description":null,"schema":{"blockGraphs":[],"customGraphs":[],"default":{"data":{"Article":[],"Course":[],"Dataset":[],"FAQPage":[],"Movie":[],"Person":[],"Product":[],"ProductReview":[],"Car":[],"Recipe":[],"Service":[],"SoftwareApplication":[],"WebPage":[]},"graphName":"","isEnabled":true},"graphs":[]},"schema_type":"default","schema_type_options":null,"pillar_content":false,"robots_default":true,"robots_noindex":false,"robots_noarchive":false,"robots_nosnippet":false,"robots_nofollow":false,"robots_noimageindex":false,"robots_noodp":false,"robots_notranslate":false,"robots_max_snippet":null,"robots_max_videopreview":null,"robots_max_imagepreview":"large","priority":null,"frequency":null,"local_seo":null,"breadcrumb_settings":null,"limit_modified_date":false,"ai":null,"created":"2023-06-12 15:34:52","updated":"2025-07-11 02:13:45","seo_analyzer_scan_date":null},"aioseo_breadcrumb":"<div class=\"aioseo-breadcrumbs\"><span class=\"aioseo-breadcrumb\">\n\t\t\t<a href=\"https:\/\/newsinfoco.com.br\/inicio\" title=\"In\u00edcio\">In\u00edcio<\/a>\n\t\t<\/span><span class=\"aioseo-breadcrumb-separator\">&raquo;<\/span><span class=\"aioseo-breadcrumb\">\n\t\t\t<a href=\"https:\/\/newsinfoco.com.br\/inicio\/category\/bahia\/\" title=\"Bahia\">Bahia<\/a>\n\t\t<\/span><span class=\"aioseo-breadcrumb-separator\">&raquo;<\/span><span class=\"aioseo-breadcrumb\">\n\t\t\tLula deve morar em \u00e1rea nobre de Salvador para ficar pr\u00f3ximo de Wagner\n\t\t<\/span><\/div>","aioseo_breadcrumb_json":[{"label":"In\u00edcio","link":"https:\/\/newsinfoco.com.br\/inicio"},{"label":"Bahia","link":"https:\/\/newsinfoco.com.br\/inicio\/category\/bahia\/"},{"label":"Lula deve morar em \u00e1rea nobre de Salvador para ficar pr\u00f3ximo de Wagner","link":"https:\/\/newsinfoco.com.br\/inicio\/lula-deve-morar-em-area-nobre-de-salvador-para-ficar-proximo-de-wagner\/"}],"_links":{"self":[{"href":"https:\/\/newsinfoco.com.br\/inicio\/wp-json\/wp\/v2\/posts\/19278","targetHints":{"allow":["GET"]}}],"collection":[{"href":"https:\/\/newsinfoco.com.br\/inicio\/wp-json\/wp\/v2\/posts"}],"about":[{"href":"https:\/\/newsinfoco.com.br\/inicio\/wp-json\/wp\/v2\/types\/post"}],"author":[{"embeddable":true,"href":"https:\/\/newsinfoco.com.br\/inicio\/wp-json\/wp\/v2\/users\/1"}],"replies":[{"embeddable":true,"href":"https:\/\/newsinfoco.com.br\/inicio\/wp-json\/wp\/v2\/comments?post=19278"}],"version-history":[{"count":0,"href":"https:\/\/newsinfoco.com.br\/inicio\/wp-json\/wp\/v2\/posts\/19278\/revisions"}],"wp:featuredmedia":[{"embeddable":true,"href":"https:\/\/newsinfoco.com.br\/inicio\/wp-json\/wp\/v2\/media\/19279"}],"wp:attachment":[{"href":"https:\/\/newsinfoco.com.br\/inicio\/wp-json\/wp\/v2\/media?parent=19278"}],"wp:term":[{"taxonomy":"category","embeddable":true,"href":"https:\/\/newsinfoco.com.br\/inicio\/wp-json\/wp\/v2\/categories?post=19278"},{"taxonomy":"post_tag","embeddable":true,"href":"https:\/\/newsinfoco.com.br\/inicio\/wp-json\/wp\/v2\/tags?post=19278"}],"curies":[{"name":"wp","href":"https:\/\/api.w.org\/{rel}","templated":true}]}}