{"id":19283,"date":"2019-12-09T20:48:04","date_gmt":"2019-12-09T22:48:04","guid":{"rendered":"http:\/\/newsinfoco.com.br\/?p=19283"},"modified":"2019-12-09T20:48:04","modified_gmt":"2019-12-09T22:48:04","slug":"bolsonaro-recua-e-enviara-mourao-a-cerimonia-de-posse-de-fernandez","status":"publish","type":"post","link":"https:\/\/newsinfoco.com.br\/inicio\/bolsonaro-recua-e-enviara-mourao-a-cerimonia-de-posse-de-fernandez\/","title":{"rendered":"Bolsonaro recua e enviar\u00e1 Mour\u00e3o \u00e0 cerim\u00f4nia de posse de Fern\u00e1ndez"},"content":{"rendered":"<p style=\"text-align: justify;\">Ap\u00f3s cogitar n\u00e3o enviar um represente de primeiro escal\u00e3o \u00e0 posse do presidente da Argentina, Alberto Fern\u00e1ndez, nesta ter\u00e7a-feira (10), o presidente Jair Bolsonaro (sem partido) voltou atr\u00e1s da decis\u00e3o e indicou o vice-presidente Hamilton Mour\u00e3o\u00a0como emiss\u00e1rio brasileiro na cerim\u00f4nia.\u00a0A informa\u00e7\u00e3o foi confirmada nesta\u00a0tarde pelo Pal\u00e1cio do Planalto \u2013 Mour\u00e3o\u00a0embarca para Buenos Aires \u00e0s 20h desta segunda.<\/p>\n<p style=\"text-align: justify;\">A informa\u00e7\u00e3o que circulava nos bastidores de Bras\u00edlia at\u00e9 ent\u00e3o\u00a0era a de que o Brasil Brasil seria representado pelo embaixador em Buenos Aires, S\u00e9rgio Fran\u00e7a Danese.<\/p>\n<p style=\"text-align: justify;\">O ministro da Cidadania Osmar Terra tamb\u00e9m chegou a ser cogitado como representante brasileiro na cerim\u00f4nia, assim como o ministro de Rela\u00e7\u00f5es Exteriores, Ernesto Ara\u00fajo \u2013 Bolsonaro, no entanto, desistiu de indicar o chefe do Itamaraty, representante m\u00e1ximo da diplomacia do Pa\u00eds,\u00a0porque ele comparou, em uma entrevista \u00e0 m\u00eddia local, Fern\u00e1ndez a uma matrioska, com o ex-presidente Luiz In\u00e1cio Lula da Silva dentro.<\/p>\n<p style=\"text-align: justify;\">Na manh\u00e3 desta segunda, Bolsonaro recusou-se recusou a responder a jornalistas se enviaria ou n\u00e3o representantes e limitou-se\u00a0a dizer que as rela\u00e7\u00f5es comerciais entre os pa\u00edses continuariam.<\/p>\n<p style=\"text-align: justify;\">Bolsonaro \u00e9 cr\u00edtico de Fern\u00e1ndez e de sua vice, Cristina Kirchner, pelo fato de atuarem em um campo pol\u00edtico ideologicamente situado \u00e0 esquerda e serem pr\u00f3ximos dos ex-presidentes Dilma Rousseff e Luiz In\u00e1cio Lula da Silva. O presidente chegou a dizer, antes da elei\u00e7\u00e3o de Fern\u00e1ndez, que a Argentina \u201cse transformaria em uma Venezuela\u201d caso o esquerdista vencesse.<\/p>\n<p style=\"text-align: justify;\">De acordo com a Folha de S. Paulo, o presidente foi convencido por Maia a mudar de decis\u00e3o e fazer um gesto diplom\u00e1tico em dire\u00e7\u00e3o \u00e0 Argentina.\u00a0Nos \u00faltimos dias, o presidente j\u00e1 havia sido informado por diplomatas brasileiros\u00a0que a aus\u00eancia de um representante brasileiro na cerim\u00f4nia de posse teria uma repercuss\u00e3o negativa no pa\u00eds vizinho, o que poderia afetar negocia\u00e7\u00f5es futuras.<\/p>\n<p style=\"text-align: justify;\">Ausente na solenidade de posse, Bolsonaro romper\u00e1 uma tradi\u00e7\u00e3o: ser\u00e1 a primeira vez em 17 anos que um presidente brasileiro n\u00e3o participar\u00e1 da cerim\u00f4nia no pa\u00eds vizinho, principal parceiro comercial do Brasil na Am\u00e9rica do Sul.<\/p>\n<div class='share-to-whatsapp-wrapper'><div class='share-on-whsp'>Share on: <\/div><a data-text='Bolsonaro recua e enviar\u00e1 Mour\u00e3o \u00e0 cerim\u00f4nia de posse de Fern\u00e1ndez' data-link='https:\/\/newsinfoco.com.br\/inicio\/bolsonaro-recua-e-enviara-mourao-a-cerimonia-de-posse-de-fernandez\/' class='whatsapp-button whatsapp-share'>WhatsApp<\/a><div class='clear '><\/div><\/div>","protected":false},"excerpt":{"rendered":"<p>Ap\u00f3s cogitar n\u00e3o enviar um represente de primeiro escal\u00e3o \u00e0 posse do presidente da Argentina, Alberto Fern\u00e1ndez, nesta ter\u00e7a-feira (10), o presidente Jair Bolsonaro (sem partido) voltou atr\u00e1s da decis\u00e3o e indicou o vice-presidente Hamilton Mour\u00e3o\u00a0como emiss\u00e1rio brasileiro na cerim\u00f4nia.\u00a0A informa\u00e7\u00e3o foi confirmada nesta\u00a0tarde pelo Pal\u00e1cio do Planalto \u2013 Mour\u00e3o\u00a0embarca para Buenos Aires \u00e0s 20h [&hellip;]<\/p>\n","protected":false},"author":1,"featured_media":19284,"comment_status":"open","ping_status":"open","sticky":false,"template":"","format":"standard","meta":{"om_disable_all_campaigns":false,"rop_custom_images_group":[],"rop_custom_messages_group":[],"rop_publish_now":"initial","rop_publish_now_accounts":[],"rop_publish_now_history":[],"rop_publish_now_status":"pending","_exactmetrics_skip_tracking":false,"footnotes":""},"categories":[21,30],"tags":[],"class_list":["post-19283","post","type-post","status-publish","format-standard","has-post-thumbnail","hentry","category-brasil","category-destaque"],"aioseo_notices":[],"aioseo_head":"\n\t\t<!-- All in One SEO 4.9.10 - aioseo.com -->\n\t<meta name=\"description\" content=\"Ap\u00f3s cogitar n\u00e3o enviar um represente de primeiro escal\u00e3o \u00e0 posse do presidente da Argentina, Alberto Fern\u00e1ndez, nesta ter\u00e7a-feira (10), o presidente Jair Bolsonaro (sem partido) voltou atr\u00e1s da decis\u00e3o e indicou o vice-presidente Hamilton Mour\u00e3o como emiss\u00e1rio brasileiro na cerim\u00f4nia. A informa\u00e7\u00e3o foi confirmada nesta tarde pelo Pal\u00e1cio do Planalto \u2013 Mour\u00e3o embarca para Buenos Aires \u00e0s 20h\" \/>\n\t<meta name=\"robots\" content=\"max-image-preview:large\" \/>\n\t<meta name=\"author\" content=\"administrador\"\/>\n\t<link rel=\"canonical\" href=\"https:\/\/newsinfoco.com.br\/inicio\/bolsonaro-recua-e-enviara-mourao-a-cerimonia-de-posse-de-fernandez\/\" \/>\n\t<meta name=\"generator\" content=\"All in One SEO (AIOSEO) 4.9.10\" \/>\n\t\t<meta property=\"og:locale\" content=\"pt_BR\" \/>\n\t\t<meta property=\"og:site_name\" content=\"News In Foco - Editado por Caio Pimenta - O principal site de noticias de Alagoinhas e regi\u00e3o\" \/>\n\t\t<meta property=\"og:type\" content=\"article\" \/>\n\t\t<meta property=\"og:title\" content=\"Bolsonaro recua e enviar\u00e1 Mour\u00e3o \u00e0 cerim\u00f4nia de posse de Fern\u00e1ndez - News In Foco - Editado por Caio Pimenta\" \/>\n\t\t<meta property=\"og:description\" content=\"Ap\u00f3s cogitar n\u00e3o enviar um represente de primeiro escal\u00e3o \u00e0 posse do presidente da Argentina, Alberto Fern\u00e1ndez, nesta ter\u00e7a-feira (10), o presidente Jair Bolsonaro (sem partido) voltou atr\u00e1s da decis\u00e3o e indicou o vice-presidente Hamilton Mour\u00e3o como emiss\u00e1rio brasileiro na cerim\u00f4nia. A informa\u00e7\u00e3o foi confirmada nesta tarde pelo Pal\u00e1cio do Planalto \u2013 Mour\u00e3o embarca para Buenos Aires \u00e0s 20h\" \/>\n\t\t<meta property=\"og:url\" content=\"https:\/\/newsinfoco.com.br\/inicio\/bolsonaro-recua-e-enviara-mourao-a-cerimonia-de-posse-de-fernandez\/\" \/>\n\t\t<meta property=\"article:published_time\" content=\"2019-12-09T22:48:04+00:00\" \/>\n\t\t<meta property=\"article:modified_time\" content=\"2019-12-09T22:48:04+00:00\" \/>\n\t\t<meta name=\"twitter:card\" content=\"summary_large_image\" \/>\n\t\t<meta name=\"twitter:title\" content=\"Bolsonaro recua e enviar\u00e1 Mour\u00e3o \u00e0 cerim\u00f4nia de posse de Fern\u00e1ndez - News In Foco - Editado por Caio Pimenta\" \/>\n\t\t<meta name=\"twitter:description\" content=\"Ap\u00f3s cogitar n\u00e3o enviar um represente de primeiro escal\u00e3o \u00e0 posse do presidente da Argentina, Alberto Fern\u00e1ndez, nesta ter\u00e7a-feira (10), o presidente Jair Bolsonaro (sem partido) voltou atr\u00e1s da decis\u00e3o e indicou o vice-presidente Hamilton Mour\u00e3o como emiss\u00e1rio brasileiro na cerim\u00f4nia. A informa\u00e7\u00e3o foi confirmada nesta tarde pelo Pal\u00e1cio do Planalto \u2013 Mour\u00e3o embarca para Buenos Aires \u00e0s 20h\" \/>\n\t\t<script type=\"application\/ld+json\" class=\"aioseo-schema\">\n\t\t\t{\"@context\":\"https:\\\/\\\/schema.org\",\"@graph\":[{\"@type\":\"BlogPosting\",\"@id\":\"https:\\\/\\\/newsinfoco.com.br\\\/inicio\\\/bolsonaro-recua-e-enviara-mourao-a-cerimonia-de-posse-de-fernandez\\\/#blogposting\",\"name\":\"Bolsonaro recua e enviar\\u00e1 Mour\\u00e3o \\u00e0 cerim\\u00f4nia de posse de Fern\\u00e1ndez - News In Foco - Editado por Caio Pimenta\",\"headline\":\"Bolsonaro recua e enviar\\u00e1 Mour\\u00e3o \\u00e0 cerim\\u00f4nia de posse de Fern\\u00e1ndez\",\"author\":{\"@id\":\"https:\\\/\\\/newsinfoco.com.br\\\/inicio\\\/author\\\/administrador\\\/#author\"},\"publisher\":{\"@id\":\"https:\\\/\\\/newsinfoco.com.br\\\/inicio\\\/#organization\"},\"image\":{\"@type\":\"ImageObject\",\"url\":\"https:\\\/\\\/newsinfoco.com.br\\\/inicio\\\/wp-content\\\/uploads\\\/2019\\\/12\\\/bolsonaro-e-mour\\u00e3o.jpg\",\"width\":600,\"height\":420},\"datePublished\":\"2019-12-09T20:48:04-03:00\",\"dateModified\":\"2019-12-09T20:48:04-03:00\",\"inLanguage\":\"pt-BR\",\"mainEntityOfPage\":{\"@id\":\"https:\\\/\\\/newsinfoco.com.br\\\/inicio\\\/bolsonaro-recua-e-enviara-mourao-a-cerimonia-de-posse-de-fernandez\\\/#webpage\"},\"isPartOf\":{\"@id\":\"https:\\\/\\\/newsinfoco.com.br\\\/inicio\\\/bolsonaro-recua-e-enviara-mourao-a-cerimonia-de-posse-de-fernandez\\\/#webpage\"},\"articleSection\":\"Brasil, Destaque\"},{\"@type\":\"BreadcrumbList\",\"@id\":\"https:\\\/\\\/newsinfoco.com.br\\\/inicio\\\/bolsonaro-recua-e-enviara-mourao-a-cerimonia-de-posse-de-fernandez\\\/#breadcrumblist\",\"itemListElement\":[{\"@type\":\"ListItem\",\"@id\":\"https:\\\/\\\/newsinfoco.com.br\\\/inicio#listItem\",\"position\":1,\"name\":\"In\\u00edcio\",\"item\":\"https:\\\/\\\/newsinfoco.com.br\\\/inicio\",\"nextItem\":{\"@type\":\"ListItem\",\"@id\":\"https:\\\/\\\/newsinfoco.com.br\\\/inicio\\\/category\\\/brasil\\\/#listItem\",\"name\":\"Brasil\"}},{\"@type\":\"ListItem\",\"@id\":\"https:\\\/\\\/newsinfoco.com.br\\\/inicio\\\/category\\\/brasil\\\/#listItem\",\"position\":2,\"name\":\"Brasil\",\"item\":\"https:\\\/\\\/newsinfoco.com.br\\\/inicio\\\/category\\\/brasil\\\/\",\"nextItem\":{\"@type\":\"ListItem\",\"@id\":\"https:\\\/\\\/newsinfoco.com.br\\\/inicio\\\/bolsonaro-recua-e-enviara-mourao-a-cerimonia-de-posse-de-fernandez\\\/#listItem\",\"name\":\"Bolsonaro recua e enviar\\u00e1 Mour\\u00e3o \\u00e0 cerim\\u00f4nia de posse de Fern\\u00e1ndez\"},\"previousItem\":{\"@type\":\"ListItem\",\"@id\":\"https:\\\/\\\/newsinfoco.com.br\\\/inicio#listItem\",\"name\":\"In\\u00edcio\"}},{\"@type\":\"ListItem\",\"@id\":\"https:\\\/\\\/newsinfoco.com.br\\\/inicio\\\/bolsonaro-recua-e-enviara-mourao-a-cerimonia-de-posse-de-fernandez\\\/#listItem\",\"position\":3,\"name\":\"Bolsonaro recua e enviar\\u00e1 Mour\\u00e3o \\u00e0 cerim\\u00f4nia de posse de Fern\\u00e1ndez\",\"previousItem\":{\"@type\":\"ListItem\",\"@id\":\"https:\\\/\\\/newsinfoco.com.br\\\/inicio\\\/category\\\/brasil\\\/#listItem\",\"name\":\"Brasil\"}}]},{\"@type\":\"Organization\",\"@id\":\"https:\\\/\\\/newsinfoco.com.br\\\/inicio\\\/#organization\",\"name\":\"News In Foco - Editado por Caio Pimenta\",\"description\":\"O principal site de noticias de Alagoinhas e regi\\u00e3o\",\"url\":\"https:\\\/\\\/newsinfoco.com.br\\\/inicio\\\/\"},{\"@type\":\"Person\",\"@id\":\"https:\\\/\\\/newsinfoco.com.br\\\/inicio\\\/author\\\/administrador\\\/#author\",\"url\":\"https:\\\/\\\/newsinfoco.com.br\\\/inicio\\\/author\\\/administrador\\\/\",\"name\":\"administrador\",\"image\":{\"@type\":\"ImageObject\",\"@id\":\"https:\\\/\\\/newsinfoco.com.br\\\/inicio\\\/bolsonaro-recua-e-enviara-mourao-a-cerimonia-de-posse-de-fernandez\\\/#authorImage\",\"url\":\"https:\\\/\\\/secure.gravatar.com\\\/avatar\\\/c17a617433de8c1dc9584bb79aab7563b46f5bb7e1728c9b17d9cc3ce6a08e49?s=96&d=mm&r=g\",\"width\":96,\"height\":96,\"caption\":\"administrador\"}},{\"@type\":\"WebPage\",\"@id\":\"https:\\\/\\\/newsinfoco.com.br\\\/inicio\\\/bolsonaro-recua-e-enviara-mourao-a-cerimonia-de-posse-de-fernandez\\\/#webpage\",\"url\":\"https:\\\/\\\/newsinfoco.com.br\\\/inicio\\\/bolsonaro-recua-e-enviara-mourao-a-cerimonia-de-posse-de-fernandez\\\/\",\"name\":\"Bolsonaro recua e enviar\\u00e1 Mour\\u00e3o \\u00e0 cerim\\u00f4nia de posse de Fern\\u00e1ndez - News In Foco - Editado por Caio Pimenta\",\"description\":\"Ap\\u00f3s cogitar n\\u00e3o enviar um represente de primeiro escal\\u00e3o \\u00e0 posse do presidente da Argentina, Alberto Fern\\u00e1ndez, nesta ter\\u00e7a-feira (10), o presidente Jair Bolsonaro (sem partido) voltou atr\\u00e1s da decis\\u00e3o e indicou o vice-presidente Hamilton Mour\\u00e3o como emiss\\u00e1rio brasileiro na cerim\\u00f4nia. A informa\\u00e7\\u00e3o foi confirmada nesta tarde pelo Pal\\u00e1cio do Planalto \\u2013 Mour\\u00e3o embarca para Buenos Aires \\u00e0s 20h\",\"inLanguage\":\"pt-BR\",\"isPartOf\":{\"@id\":\"https:\\\/\\\/newsinfoco.com.br\\\/inicio\\\/#website\"},\"breadcrumb\":{\"@id\":\"https:\\\/\\\/newsinfoco.com.br\\\/inicio\\\/bolsonaro-recua-e-enviara-mourao-a-cerimonia-de-posse-de-fernandez\\\/#breadcrumblist\"},\"author\":{\"@id\":\"https:\\\/\\\/newsinfoco.com.br\\\/inicio\\\/author\\\/administrador\\\/#author\"},\"creator\":{\"@id\":\"https:\\\/\\\/newsinfoco.com.br\\\/inicio\\\/author\\\/administrador\\\/#author\"},\"image\":{\"@type\":\"ImageObject\",\"url\":\"https:\\\/\\\/newsinfoco.com.br\\\/inicio\\\/wp-content\\\/uploads\\\/2019\\\/12\\\/bolsonaro-e-mour\\u00e3o.jpg\",\"@id\":\"https:\\\/\\\/newsinfoco.com.br\\\/inicio\\\/bolsonaro-recua-e-enviara-mourao-a-cerimonia-de-posse-de-fernandez\\\/#mainImage\",\"width\":600,\"height\":420},\"primaryImageOfPage\":{\"@id\":\"https:\\\/\\\/newsinfoco.com.br\\\/inicio\\\/bolsonaro-recua-e-enviara-mourao-a-cerimonia-de-posse-de-fernandez\\\/#mainImage\"},\"datePublished\":\"2019-12-09T20:48:04-03:00\",\"dateModified\":\"2019-12-09T20:48:04-03:00\"},{\"@type\":\"WebSite\",\"@id\":\"https:\\\/\\\/newsinfoco.com.br\\\/inicio\\\/#website\",\"url\":\"https:\\\/\\\/newsinfoco.com.br\\\/inicio\\\/\",\"name\":\"News In Foco - Editado por Caio Pimenta\",\"description\":\"O principal site de noticias de Alagoinhas e regi\\u00e3o\",\"inLanguage\":\"pt-BR\",\"publisher\":{\"@id\":\"https:\\\/\\\/newsinfoco.com.br\\\/inicio\\\/#organization\"}}]}\n\t\t<\/script>\n\t\t<!-- All in One SEO -->\n\n","aioseo_head_json":{"title":"Bolsonaro recua e enviar\u00e1 Mour\u00e3o \u00e0 cerim\u00f4nia de posse de Fern\u00e1ndez - News In Foco - Editado por Caio Pimenta","description":"Ap\u00f3s cogitar n\u00e3o enviar um represente de primeiro escal\u00e3o \u00e0 posse do presidente da Argentina, Alberto Fern\u00e1ndez, nesta ter\u00e7a-feira (10), o presidente Jair Bolsonaro (sem partido) voltou atr\u00e1s da decis\u00e3o e indicou o vice-presidente Hamilton Mour\u00e3o como emiss\u00e1rio brasileiro na cerim\u00f4nia. A informa\u00e7\u00e3o foi confirmada nesta tarde pelo Pal\u00e1cio do Planalto \u2013 Mour\u00e3o embarca para Buenos Aires \u00e0s 20h","canonical_url":"https:\/\/newsinfoco.com.br\/inicio\/bolsonaro-recua-e-enviara-mourao-a-cerimonia-de-posse-de-fernandez\/","robots":"max-image-preview:large","keywords":"","webmasterTools":{"miscellaneous":""},"schema":{"@context":"https:\/\/schema.org","@graph":[{"@type":"BlogPosting","@id":"https:\/\/newsinfoco.com.br\/inicio\/bolsonaro-recua-e-enviara-mourao-a-cerimonia-de-posse-de-fernandez\/#blogposting","name":"Bolsonaro recua e enviar\u00e1 Mour\u00e3o \u00e0 cerim\u00f4nia de posse de Fern\u00e1ndez - News In Foco - Editado por Caio Pimenta","headline":"Bolsonaro recua e enviar\u00e1 Mour\u00e3o \u00e0 cerim\u00f4nia de posse de Fern\u00e1ndez","author":{"@id":"https:\/\/newsinfoco.com.br\/inicio\/author\/administrador\/#author"},"publisher":{"@id":"https:\/\/newsinfoco.com.br\/inicio\/#organization"},"image":{"@type":"ImageObject","url":"https:\/\/newsinfoco.com.br\/inicio\/wp-content\/uploads\/2019\/12\/bolsonaro-e-mour\u00e3o.jpg","width":600,"height":420},"datePublished":"2019-12-09T20:48:04-03:00","dateModified":"2019-12-09T20:48:04-03:00","inLanguage":"pt-BR","mainEntityOfPage":{"@id":"https:\/\/newsinfoco.com.br\/inicio\/bolsonaro-recua-e-enviara-mourao-a-cerimonia-de-posse-de-fernandez\/#webpage"},"isPartOf":{"@id":"https:\/\/newsinfoco.com.br\/inicio\/bolsonaro-recua-e-enviara-mourao-a-cerimonia-de-posse-de-fernandez\/#webpage"},"articleSection":"Brasil, Destaque"},{"@type":"BreadcrumbList","@id":"https:\/\/newsinfoco.com.br\/inicio\/bolsonaro-recua-e-enviara-mourao-a-cerimonia-de-posse-de-fernandez\/#breadcrumblist","itemListElement":[{"@type":"ListItem","@id":"https:\/\/newsinfoco.com.br\/inicio#listItem","position":1,"name":"In\u00edcio","item":"https:\/\/newsinfoco.com.br\/inicio","nextItem":{"@type":"ListItem","@id":"https:\/\/newsinfoco.com.br\/inicio\/category\/brasil\/#listItem","name":"Brasil"}},{"@type":"ListItem","@id":"https:\/\/newsinfoco.com.br\/inicio\/category\/brasil\/#listItem","position":2,"name":"Brasil","item":"https:\/\/newsinfoco.com.br\/inicio\/category\/brasil\/","nextItem":{"@type":"ListItem","@id":"https:\/\/newsinfoco.com.br\/inicio\/bolsonaro-recua-e-enviara-mourao-a-cerimonia-de-posse-de-fernandez\/#listItem","name":"Bolsonaro recua e enviar\u00e1 Mour\u00e3o \u00e0 cerim\u00f4nia de posse de Fern\u00e1ndez"},"previousItem":{"@type":"ListItem","@id":"https:\/\/newsinfoco.com.br\/inicio#listItem","name":"In\u00edcio"}},{"@type":"ListItem","@id":"https:\/\/newsinfoco.com.br\/inicio\/bolsonaro-recua-e-enviara-mourao-a-cerimonia-de-posse-de-fernandez\/#listItem","position":3,"name":"Bolsonaro recua e enviar\u00e1 Mour\u00e3o \u00e0 cerim\u00f4nia de posse de Fern\u00e1ndez","previousItem":{"@type":"ListItem","@id":"https:\/\/newsinfoco.com.br\/inicio\/category\/brasil\/#listItem","name":"Brasil"}}]},{"@type":"Organization","@id":"https:\/\/newsinfoco.com.br\/inicio\/#organization","name":"News In Foco - Editado por Caio Pimenta","description":"O principal site de noticias de Alagoinhas e regi\u00e3o","url":"https:\/\/newsinfoco.com.br\/inicio\/"},{"@type":"Person","@id":"https:\/\/newsinfoco.com.br\/inicio\/author\/administrador\/#author","url":"https:\/\/newsinfoco.com.br\/inicio\/author\/administrador\/","name":"administrador","image":{"@type":"ImageObject","@id":"https:\/\/newsinfoco.com.br\/inicio\/bolsonaro-recua-e-enviara-mourao-a-cerimonia-de-posse-de-fernandez\/#authorImage","url":"https:\/\/secure.gravatar.com\/avatar\/c17a617433de8c1dc9584bb79aab7563b46f5bb7e1728c9b17d9cc3ce6a08e49?s=96&d=mm&r=g","width":96,"height":96,"caption":"administrador"}},{"@type":"WebPage","@id":"https:\/\/newsinfoco.com.br\/inicio\/bolsonaro-recua-e-enviara-mourao-a-cerimonia-de-posse-de-fernandez\/#webpage","url":"https:\/\/newsinfoco.com.br\/inicio\/bolsonaro-recua-e-enviara-mourao-a-cerimonia-de-posse-de-fernandez\/","name":"Bolsonaro recua e enviar\u00e1 Mour\u00e3o \u00e0 cerim\u00f4nia de posse de Fern\u00e1ndez - News In Foco - Editado por Caio Pimenta","description":"Ap\u00f3s cogitar n\u00e3o enviar um represente de primeiro escal\u00e3o \u00e0 posse do presidente da Argentina, Alberto Fern\u00e1ndez, nesta ter\u00e7a-feira (10), o presidente Jair Bolsonaro (sem partido) voltou atr\u00e1s da decis\u00e3o e indicou o vice-presidente Hamilton Mour\u00e3o como emiss\u00e1rio brasileiro na cerim\u00f4nia. A informa\u00e7\u00e3o foi confirmada nesta tarde pelo Pal\u00e1cio do Planalto \u2013 Mour\u00e3o embarca para Buenos Aires \u00e0s 20h","inLanguage":"pt-BR","isPartOf":{"@id":"https:\/\/newsinfoco.com.br\/inicio\/#website"},"breadcrumb":{"@id":"https:\/\/newsinfoco.com.br\/inicio\/bolsonaro-recua-e-enviara-mourao-a-cerimonia-de-posse-de-fernandez\/#breadcrumblist"},"author":{"@id":"https:\/\/newsinfoco.com.br\/inicio\/author\/administrador\/#author"},"creator":{"@id":"https:\/\/newsinfoco.com.br\/inicio\/author\/administrador\/#author"},"image":{"@type":"ImageObject","url":"https:\/\/newsinfoco.com.br\/inicio\/wp-content\/uploads\/2019\/12\/bolsonaro-e-mour\u00e3o.jpg","@id":"https:\/\/newsinfoco.com.br\/inicio\/bolsonaro-recua-e-enviara-mourao-a-cerimonia-de-posse-de-fernandez\/#mainImage","width":600,"height":420},"primaryImageOfPage":{"@id":"https:\/\/newsinfoco.com.br\/inicio\/bolsonaro-recua-e-enviara-mourao-a-cerimonia-de-posse-de-fernandez\/#mainImage"},"datePublished":"2019-12-09T20:48:04-03:00","dateModified":"2019-12-09T20:48:04-03:00"},{"@type":"WebSite","@id":"https:\/\/newsinfoco.com.br\/inicio\/#website","url":"https:\/\/newsinfoco.com.br\/inicio\/","name":"News In Foco - Editado por Caio Pimenta","description":"O principal site de noticias de Alagoinhas e regi\u00e3o","inLanguage":"pt-BR","publisher":{"@id":"https:\/\/newsinfoco.com.br\/inicio\/#organization"}}]},"og:locale":"pt_BR","og:site_name":"News In Foco - Editado por Caio Pimenta - O principal site de noticias de Alagoinhas e regi\u00e3o","og:type":"article","og:title":"Bolsonaro recua e enviar\u00e1 Mour\u00e3o \u00e0 cerim\u00f4nia de posse de Fern\u00e1ndez - News In Foco - Editado por Caio Pimenta","og:description":"Ap\u00f3s cogitar n\u00e3o enviar um represente de primeiro escal\u00e3o \u00e0 posse do presidente da Argentina, Alberto Fern\u00e1ndez, nesta ter\u00e7a-feira (10), o presidente Jair Bolsonaro (sem partido) voltou atr\u00e1s da decis\u00e3o e indicou o vice-presidente Hamilton Mour\u00e3o como emiss\u00e1rio brasileiro na cerim\u00f4nia. A informa\u00e7\u00e3o foi confirmada nesta tarde pelo Pal\u00e1cio do Planalto \u2013 Mour\u00e3o embarca para Buenos Aires \u00e0s 20h","og:url":"https:\/\/newsinfoco.com.br\/inicio\/bolsonaro-recua-e-enviara-mourao-a-cerimonia-de-posse-de-fernandez\/","article:published_time":"2019-12-09T22:48:04+00:00","article:modified_time":"2019-12-09T22:48:04+00:00","twitter:card":"summary_large_image","twitter:title":"Bolsonaro recua e enviar\u00e1 Mour\u00e3o \u00e0 cerim\u00f4nia de posse de Fern\u00e1ndez - News In Foco - Editado por Caio Pimenta","twitter:description":"Ap\u00f3s cogitar n\u00e3o enviar um represente de primeiro escal\u00e3o \u00e0 posse do presidente da Argentina, Alberto Fern\u00e1ndez, nesta ter\u00e7a-feira (10), o presidente Jair Bolsonaro (sem partido) voltou atr\u00e1s da decis\u00e3o e indicou o vice-presidente Hamilton Mour\u00e3o como emiss\u00e1rio brasileiro na cerim\u00f4nia. A informa\u00e7\u00e3o foi confirmada nesta tarde pelo Pal\u00e1cio do Planalto \u2013 Mour\u00e3o embarca para Buenos Aires \u00e0s 20h"},"aioseo_meta_data":{"post_id":"19283","title":null,"description":null,"keywords":null,"keyphrases":null,"primary_term":null,"canonical_url":null,"og_title":null,"og_description":null,"og_object_type":"default","og_image_type":"default","og_image_url":null,"og_image_width":null,"og_image_height":null,"og_image_custom_url":null,"og_image_custom_fields":null,"og_video":null,"og_custom_url":null,"og_article_section":null,"og_article_tags":null,"twitter_use_og":false,"twitter_card":"default","twitter_image_type":"default","twitter_image_url":null,"twitter_image_custom_url":null,"twitter_image_custom_fields":null,"twitter_title":null,"twitter_description":null,"schema":{"blockGraphs":[],"customGraphs":[],"default":{"data":{"Article":[],"Course":[],"Dataset":[],"FAQPage":[],"Movie":[],"Person":[],"Product":[],"ProductReview":[],"Car":[],"Recipe":[],"Service":[],"SoftwareApplication":[],"WebPage":[]},"graphName":"","isEnabled":true},"graphs":[]},"schema_type":"default","schema_type_options":null,"pillar_content":false,"robots_default":true,"robots_noindex":false,"robots_noarchive":false,"robots_nosnippet":false,"robots_nofollow":false,"robots_noimageindex":false,"robots_noodp":false,"robots_notranslate":false,"robots_max_snippet":null,"robots_max_videopreview":null,"robots_max_imagepreview":"large","priority":null,"frequency":null,"local_seo":null,"breadcrumb_settings":null,"limit_modified_date":false,"ai":null,"created":"2023-06-12 15:34:52","updated":"2025-07-11 02:13:45","seo_analyzer_scan_date":null},"aioseo_breadcrumb":"<div class=\"aioseo-breadcrumbs\"><span class=\"aioseo-breadcrumb\">\n\t\t\t<a href=\"https:\/\/newsinfoco.com.br\/inicio\" title=\"In\u00edcio\">In\u00edcio<\/a>\n\t\t<\/span><span class=\"aioseo-breadcrumb-separator\">&raquo;<\/span><span class=\"aioseo-breadcrumb\">\n\t\t\t<a href=\"https:\/\/newsinfoco.com.br\/inicio\/category\/brasil\/\" title=\"Brasil\">Brasil<\/a>\n\t\t<\/span><span class=\"aioseo-breadcrumb-separator\">&raquo;<\/span><span class=\"aioseo-breadcrumb\">\n\t\t\tBolsonaro recua e enviar\u00e1 Mour\u00e3o \u00e0 cerim\u00f4nia de posse de Fern\u00e1ndez\n\t\t<\/span><\/div>","aioseo_breadcrumb_json":[{"label":"In\u00edcio","link":"https:\/\/newsinfoco.com.br\/inicio"},{"label":"Brasil","link":"https:\/\/newsinfoco.com.br\/inicio\/category\/brasil\/"},{"label":"Bolsonaro recua e enviar\u00e1 Mour\u00e3o \u00e0 cerim\u00f4nia de posse de Fern\u00e1ndez","link":"https:\/\/newsinfoco.com.br\/inicio\/bolsonaro-recua-e-enviara-mourao-a-cerimonia-de-posse-de-fernandez\/"}],"_links":{"self":[{"href":"https:\/\/newsinfoco.com.br\/inicio\/wp-json\/wp\/v2\/posts\/19283","targetHints":{"allow":["GET"]}}],"collection":[{"href":"https:\/\/newsinfoco.com.br\/inicio\/wp-json\/wp\/v2\/posts"}],"about":[{"href":"https:\/\/newsinfoco.com.br\/inicio\/wp-json\/wp\/v2\/types\/post"}],"author":[{"embeddable":true,"href":"https:\/\/newsinfoco.com.br\/inicio\/wp-json\/wp\/v2\/users\/1"}],"replies":[{"embeddable":true,"href":"https:\/\/newsinfoco.com.br\/inicio\/wp-json\/wp\/v2\/comments?post=19283"}],"version-history":[{"count":0,"href":"https:\/\/newsinfoco.com.br\/inicio\/wp-json\/wp\/v2\/posts\/19283\/revisions"}],"wp:featuredmedia":[{"embeddable":true,"href":"https:\/\/newsinfoco.com.br\/inicio\/wp-json\/wp\/v2\/media\/19284"}],"wp:attachment":[{"href":"https:\/\/newsinfoco.com.br\/inicio\/wp-json\/wp\/v2\/media?parent=19283"}],"wp:term":[{"taxonomy":"category","embeddable":true,"href":"https:\/\/newsinfoco.com.br\/inicio\/wp-json\/wp\/v2\/categories?post=19283"},{"taxonomy":"post_tag","embeddable":true,"href":"https:\/\/newsinfoco.com.br\/inicio\/wp-json\/wp\/v2\/tags?post=19283"}],"curies":[{"name":"wp","href":"https:\/\/api.w.org\/{rel}","templated":true}]}}