{"id":19317,"date":"2019-12-11T20:41:27","date_gmt":"2019-12-11T23:41:27","guid":{"rendered":"http:\/\/newsinfoco.com.br\/?p=19317"},"modified":"2019-12-11T20:41:27","modified_gmt":"2019-12-11T23:41:27","slug":"com-quase-30-horas-de-programacao-virada-cultural-de-alagoinhas-sera-realizada-nos-dias-21-e-22-de-dezembro","status":"publish","type":"post","link":"https:\/\/newsinfoco.com.br\/inicio\/com-quase-30-horas-de-programacao-virada-cultural-de-alagoinhas-sera-realizada-nos-dias-21-e-22-de-dezembro\/","title":{"rendered":"Com quase 30 horas de programa\u00e7\u00e3o, Virada Cultural de Alagoinhas ser\u00e1 realizada nos dias 21 e 22 de dezembro"},"content":{"rendered":"<p style=\"text-align: justify;\">A 3\u00aa Virada Cultural de Alagoinhas come\u00e7a na pr\u00f3xima semana, e a Prefeitura, com apoio do Conselho Municipal de Cultura, anunciou uma programa\u00e7\u00e3o diversificada com mais de 20 atra\u00e7\u00f5es, nos dias 21 e 22 de dezembro.<\/p>\n<p style=\"text-align: justify;\">S\u00e3o quase 30 horas de programa\u00e7\u00e3o na Pra\u00e7a Ruy Barbosa, entre shows, apresenta\u00e7\u00f5es de teatro, interven\u00e7\u00f5es art\u00edsticas, aul\u00f5es coletivos e muita m\u00fasica.<\/p><div class=\"newsi-conteudo_19\" id=\"newsi-2445551490\"><a href=\"https:\/\/www.instagram.com\/prefeituraalagoinhas?igsh=YzgzdDJ1bWR3aWI4\" aria-label=\"SAVE_20251006_221555\"><img loading=\"lazy\" decoding=\"async\" src=\"https:\/\/newsinfoco.com.br\/inicio\/wp-content\/uploads\/2025\/10\/SAVE_20251006_221555-rotated.jpg\" alt=\"\"  srcset=\"https:\/\/newsinfoco.com.br\/inicio\/wp-content\/uploads\/2025\/10\/SAVE_20251006_221555-rotated.jpg 1140w, https:\/\/newsinfoco.com.br\/inicio\/wp-content\/uploads\/2025\/10\/SAVE_20251006_221555-300x52.jpg 300w, https:\/\/newsinfoco.com.br\/inicio\/wp-content\/uploads\/2025\/10\/SAVE_20251006_221555-1024x177.jpg 1024w, https:\/\/newsinfoco.com.br\/inicio\/wp-content\/uploads\/2025\/10\/SAVE_20251006_221555-768x133.jpg 768w, https:\/\/newsinfoco.com.br\/inicio\/wp-content\/uploads\/2025\/10\/SAVE_20251006_221555-600x104.jpg 600w, https:\/\/newsinfoco.com.br\/inicio\/wp-content\/uploads\/2025\/10\/SAVE_20251006_221555-696x120.jpg 696w, https:\/\/newsinfoco.com.br\/inicio\/wp-content\/uploads\/2025\/10\/SAVE_20251006_221555-1068x185.jpg 1068w\" sizes=\"(max-width: 1140px) 100vw, 1140px\" width=\"1140\" height=\"197\"   \/><\/a><\/div>\n<p style=\"text-align: justify;\">Quem abre a 3\u00aa edi\u00e7\u00e3o da Virada Cultural, em Alagoinhas, \u00e9 a banda Mangaba, a partir das 14h, no s\u00e1bado (21), quando tamb\u00e9m sobem ao palco Acarajazz&amp;Abarablues, Ro\u00e7a Sound, DJ Kamani, Poetas do Povo, Hiran e Luiz Caldas \u2013 uma das atra\u00e7\u00f5es mais aguardadas \u2013 que completa 50 anos de carreira cantando, para o p\u00fablico alagoinhense, o melhor do Ax\u00e9 Music.<\/p>\n<p style=\"text-align: justify;\">No domingo (22), a programa\u00e7\u00e3o come\u00e7a cedo, \u00e0s 8h, com um aul\u00e3o de Zumba e, em seguida, a Patrulha Canina faz a alegria das crian\u00e7as na pra\u00e7a. A novidade, segundo o presidente do Conselho Municipal de Cultura, Karlinhos Zamb\u00ea, \u00e9 um festival de Cosplay, \u00e0s 13h. Na sequ\u00eancia, ser\u00e3o iniciados os shows musicais, com Apollo, Verso Insano, Reggae Zamb\u00ea, Tin Tim Gomes, entre outras atra\u00e7\u00f5es.<\/p>\n<p style=\"text-align: justify;\">\u201cTem tudo para ser a maior virada da hist\u00f3ria dessa cidade\u201d, destacou o presidente do Conselho Municipal de Cultura. Segundo ele, a programa\u00e7\u00e3o, que mescla refer\u00eancias da m\u00fasica nacional, artistas da terra e destaques da nova gera\u00e7\u00e3o, foi organizada com foco em fortalecer os movimentos da Cultura, em resgatar repert\u00f3rios significativos que fazem parte da hist\u00f3ria da m\u00fasica baiana e em unir gera\u00e7\u00f5es, com grandes shows que devem movimentar a cidade.<\/p>\n<p style=\"text-align: justify;\">A Secretaria Municipal de Cultura, Esporte e Turismo (SECET), respons\u00e1vel pela iniciativa, ressaltou que a Virada Cultural traz reflexos positivos para o com\u00e9rcio, atrai visitantes, chama a aten\u00e7\u00e3o para os artistas e a produ\u00e7\u00e3o local, oportuniza encontros e ainda promove o contato direto com as ra\u00edzes de influ\u00eancias musicais diversas.<\/p>\n<p style=\"text-align: justify;\">Confira a grade prevista:<\/p>\n<p style=\"text-align: justify;\"><strong>S\u00c1BADO (21\/12):<\/strong><br \/>\n\u2013 Mangaba;<br \/>\n\u2013 Xara;<br \/>\n\u2013 Poetas do Povo;<br \/>\n\u2013 Acarajazz&amp;Abarablues;<br \/>\n\u2013 A Bofetada;<br \/>\n\u2013 Hiran;<br \/>\n\u2013 Luiz Caldas;<br \/>\n\u2013 Ro\u00e7a Sound<br \/>\n\u2013 Dead System Cover;<br \/>\n\u2013 DJ Kamani;<br \/>\n\u2013 Karv;<br \/>\n\u2013 Iblack.<\/p>\n<p style=\"text-align: justify;\"><strong>DOMINGO (22\/12):<\/strong><br \/>\n\u2013 Zumba;<br \/>\n-Patrulha Canina;<br \/>\n\u2013 Samba de Roda;<br \/>\n\u2013 Cosplay;<br \/>\n\u2013 Apollo;<br \/>\n\u2013 Viola de Doze;<br \/>\n\u2013 Verso Insano e participa\u00e7\u00f5es;<br \/>\n\u2013 EP Enfermos \u2013 EP Morango \u2013 Fam\u00edlia Tr\u00edplice;<br \/>\n\u2013 Sangue Real;<br \/>\n\u2013 Reggae Zamb\u00ea;<br \/>\n\u2013 Tin Tim Gomes.<\/p>\n<p style=\"text-align: justify;\">LOCAL: Pra\u00e7a Conselheiro Ruy Barbosa<\/p>\n<p style=\"text-align: justify;\">\u00a0 \u00a0 \u00a0 \u00a0 \u00a0 \u00a0 \u00a0 \u00a0 \u00a0 \u00a0 \u00a0 \u00a0 \u00a0 \u00a0 \u00a0 \u00a0 \u00a0 \u00a0 \u00a0 \u00a0 \u00a0 \u00a0 \u00a0 \u00a0 \u00a0SECOM ALAGOINHAS<\/p>\n<div style=\"text-align: justify;\" align=\"right\"><\/div>\n<div class='share-to-whatsapp-wrapper'><div class='share-on-whsp'>Share on: <\/div><a data-text='Com quase 30 horas de programa\u00e7\u00e3o, Virada Cultural de Alagoinhas ser\u00e1 realizada nos dias 21 e 22 de dezembro' data-link='https:\/\/newsinfoco.com.br\/inicio\/com-quase-30-horas-de-programacao-virada-cultural-de-alagoinhas-sera-realizada-nos-dias-21-e-22-de-dezembro\/' class='whatsapp-button whatsapp-share'>WhatsApp<\/a><div class='clear '><\/div><\/div>","protected":false},"excerpt":{"rendered":"<p>A 3\u00aa Virada Cultural de Alagoinhas come\u00e7a na pr\u00f3xima semana, e a Prefeitura, com apoio do Conselho Municipal de Cultura, anunciou uma programa\u00e7\u00e3o diversificada com mais de 20 atra\u00e7\u00f5es, nos dias 21 e 22 de dezembro. S\u00e3o quase 30 horas de programa\u00e7\u00e3o na Pra\u00e7a Ruy Barbosa, entre shows, apresenta\u00e7\u00f5es de teatro, interven\u00e7\u00f5es art\u00edsticas, aul\u00f5es coletivos [&hellip;]<\/p>\n","protected":false},"author":1,"featured_media":19318,"comment_status":"open","ping_status":"open","sticky":false,"template":"","format":"standard","meta":{"om_disable_all_campaigns":false,"_exactmetrics_skip_tracking":false,"_exactmetrics_sitenote_active":false,"_exactmetrics_sitenote_note":"","_exactmetrics_sitenote_category":0,"footnotes":""},"categories":[38,30],"tags":[],"class_list":["post-19317","post","type-post","status-publish","format-standard","has-post-thumbnail","hentry","category-alagoinhas-e-regiao","category-destaque"],"aioseo_notices":[],"_links":{"self":[{"href":"https:\/\/newsinfoco.com.br\/inicio\/wp-json\/wp\/v2\/posts\/19317","targetHints":{"allow":["GET"]}}],"collection":[{"href":"https:\/\/newsinfoco.com.br\/inicio\/wp-json\/wp\/v2\/posts"}],"about":[{"href":"https:\/\/newsinfoco.com.br\/inicio\/wp-json\/wp\/v2\/types\/post"}],"author":[{"embeddable":true,"href":"https:\/\/newsinfoco.com.br\/inicio\/wp-json\/wp\/v2\/users\/1"}],"replies":[{"embeddable":true,"href":"https:\/\/newsinfoco.com.br\/inicio\/wp-json\/wp\/v2\/comments?post=19317"}],"version-history":[{"count":0,"href":"https:\/\/newsinfoco.com.br\/inicio\/wp-json\/wp\/v2\/posts\/19317\/revisions"}],"wp:featuredmedia":[{"embeddable":true,"href":"https:\/\/newsinfoco.com.br\/inicio\/wp-json\/wp\/v2\/media\/19318"}],"wp:attachment":[{"href":"https:\/\/newsinfoco.com.br\/inicio\/wp-json\/wp\/v2\/media?parent=19317"}],"wp:term":[{"taxonomy":"category","embeddable":true,"href":"https:\/\/newsinfoco.com.br\/inicio\/wp-json\/wp\/v2\/categories?post=19317"},{"taxonomy":"post_tag","embeddable":true,"href":"https:\/\/newsinfoco.com.br\/inicio\/wp-json\/wp\/v2\/tags?post=19317"}],"curies":[{"name":"wp","href":"https:\/\/api.w.org\/{rel}","templated":true}]}}