{"id":19322,"date":"2019-12-11T20:53:45","date_gmt":"2019-12-11T23:53:45","guid":{"rendered":"http:\/\/newsinfoco.com.br\/?p=19322"},"modified":"2019-12-11T20:53:45","modified_gmt":"2019-12-11T23:53:45","slug":"cancelamento-da-vinda-de-bolsonaro-a-salvador-foi-por-motivo-de-doenca-assegura-ministro","status":"publish","type":"post","link":"https:\/\/newsinfoco.com.br\/inicio\/cancelamento-da-vinda-de-bolsonaro-a-salvador-foi-por-motivo-de-doenca-assegura-ministro\/","title":{"rendered":"Cancelamento da vinda de Bolsonaro a Salvador foi por motivo de doen\u00e7a, assegura ministro"},"content":{"rendered":"<p style=\"text-align: justify;\">O ministro da Infraestrutura, Tarc\u00edsio de Freitas, refutou que o cancelamento da vinda do presidente Jair Bolsonaro (sem partido) para a\u00a0inaugura\u00e7\u00e3o da primeira etapa da reforma do Salvador Bahia Airport nesta quarta-feira (11), tenha conota\u00e7\u00e3o pol\u00edtica. Em solo soteropolitano, Freitas assegurou que a decis\u00e3o se deu por recomenda\u00e7\u00e3o m\u00e9dica.<\/p>\n<p style=\"text-align: justify;\">\u201cFoi por recomenda\u00e7\u00e3o m\u00e9dica. Ele estava muito resfriado. J\u00e1 num final de ano, muito cansado, com a sa\u00fade j\u00e1 debilitada e a\u00ed o m\u00e9dico recomendou que ele repousasse, n\u00e3o fizesse viagem. Ele tem viajado bastante pelo Brasil e a\u00ed foi por causa disso, mas pediu que eu transmitisse o abra\u00e7o e apre\u00e7o dele \u00e0 popula\u00e7\u00e3o da Bahia, de Salvador\u201d, elencou.<\/p><div class=\"newsi-conteudo_19\" id=\"newsi-1417463676\"><a href=\"https:\/\/www.instagram.com\/prefeituraalagoinhas?igsh=YzgzdDJ1bWR3aWI4\" aria-label=\"SAVE_20251006_221555\"><img loading=\"lazy\" decoding=\"async\" src=\"https:\/\/newsinfoco.com.br\/inicio\/wp-content\/uploads\/2025\/10\/SAVE_20251006_221555-rotated.jpg\" alt=\"\"  srcset=\"https:\/\/newsinfoco.com.br\/inicio\/wp-content\/uploads\/2025\/10\/SAVE_20251006_221555-rotated.jpg 1140w, https:\/\/newsinfoco.com.br\/inicio\/wp-content\/uploads\/2025\/10\/SAVE_20251006_221555-300x52.jpg 300w, https:\/\/newsinfoco.com.br\/inicio\/wp-content\/uploads\/2025\/10\/SAVE_20251006_221555-1024x177.jpg 1024w, https:\/\/newsinfoco.com.br\/inicio\/wp-content\/uploads\/2025\/10\/SAVE_20251006_221555-768x133.jpg 768w, https:\/\/newsinfoco.com.br\/inicio\/wp-content\/uploads\/2025\/10\/SAVE_20251006_221555-600x104.jpg 600w, https:\/\/newsinfoco.com.br\/inicio\/wp-content\/uploads\/2025\/10\/SAVE_20251006_221555-696x120.jpg 696w, https:\/\/newsinfoco.com.br\/inicio\/wp-content\/uploads\/2025\/10\/SAVE_20251006_221555-1068x185.jpg 1068w\" sizes=\"(max-width: 1140px) 100vw, 1140px\" width=\"1140\" height=\"197\"   \/><\/a><\/div>\n<p style=\"text-align: justify;\">Nesta quarta, o presidente, inclusive, n\u00e3o teve compromisso oficial fora capital do pa\u00eds a tarde.<\/p>\n<p style=\"text-align: justify;\">Confirmando as informa\u00e7\u00f5es do ministro, o Estad\u00e3o acaba de informar que o presidente Jair Bolsonaro realizou nesta quarta-feira, 11, procedimento dermatol\u00f3gico no Hospital da For\u00e7a A\u00e9rea Brasileira (HFAB). Em fala no Pal\u00e1cio da Alvorada, ele comentou sobre a possibilidade de um c\u00e2ncer de pele. \u201cFoi rotina. A possibilidade de c\u00e2ncer de pele existe\u201d, disse.<\/p>\n<p style=\"text-align: justify;\">Com o curativo na orelha, o presidente afirmou que est\u00e1 bem e que dormiu durante procedimento de \u201cchecagem\u201d. O procedimento de retirada de sinal na orelha, contudo, n\u00e3o \u00e9 motivo de preocupa\u00e7\u00e3o e as viagens para Tocantins e Rio de Janeiro nesta quinta-feira, 12, est\u00e3o mantidas. \u201cN\u00e3o sou uma m\u00e1quina com 64 anos. Com 64 anos de idade algumas coisas come\u00e7am a falhar.\u201d<\/p>\n<p style=\"text-align: justify;\">\u201cFoi quest\u00e3o de estafa. Eu sabia que n\u00e3o ia ser fs da reforma do aeroporto da cidade.<\/p>\n<div class='share-to-whatsapp-wrapper'><div class='share-on-whsp'>Share on: <\/div><a data-text='Cancelamento da vinda de Bolsonaro a Salvador foi por motivo de doen\u00e7a, assegura ministro' data-link='https:\/\/newsinfoco.com.br\/inicio\/cancelamento-da-vinda-de-bolsonaro-a-salvador-foi-por-motivo-de-doenca-assegura-ministro\/' class='whatsapp-button whatsapp-share'>WhatsApp<\/a><div class='clear '><\/div><\/div>","protected":false},"excerpt":{"rendered":"<p>O ministro da Infraestrutura, Tarc\u00edsio de Freitas, refutou que o cancelamento da vinda do presidente Jair Bolsonaro (sem partido) para a\u00a0inaugura\u00e7\u00e3o da primeira etapa da reforma do Salvador Bahia Airport nesta quarta-feira (11), tenha conota\u00e7\u00e3o pol\u00edtica. Em solo soteropolitano, Freitas assegurou que a decis\u00e3o se deu por recomenda\u00e7\u00e3o m\u00e9dica. \u201cFoi por recomenda\u00e7\u00e3o m\u00e9dica. Ele estava [&hellip;]<\/p>\n","protected":false},"author":1,"featured_media":16508,"comment_status":"open","ping_status":"open","sticky":false,"template":"","format":"standard","meta":{"om_disable_all_campaigns":false,"_exactmetrics_skip_tracking":false,"_exactmetrics_sitenote_active":false,"_exactmetrics_sitenote_note":"","_exactmetrics_sitenote_category":0,"footnotes":""},"categories":[19,30],"tags":[],"class_list":["post-19322","post","type-post","status-publish","format-standard","has-post-thumbnail","hentry","category-bahia","category-destaque"],"aioseo_notices":[],"_links":{"self":[{"href":"https:\/\/newsinfoco.com.br\/inicio\/wp-json\/wp\/v2\/posts\/19322","targetHints":{"allow":["GET"]}}],"collection":[{"href":"https:\/\/newsinfoco.com.br\/inicio\/wp-json\/wp\/v2\/posts"}],"about":[{"href":"https:\/\/newsinfoco.com.br\/inicio\/wp-json\/wp\/v2\/types\/post"}],"author":[{"embeddable":true,"href":"https:\/\/newsinfoco.com.br\/inicio\/wp-json\/wp\/v2\/users\/1"}],"replies":[{"embeddable":true,"href":"https:\/\/newsinfoco.com.br\/inicio\/wp-json\/wp\/v2\/comments?post=19322"}],"version-history":[{"count":0,"href":"https:\/\/newsinfoco.com.br\/inicio\/wp-json\/wp\/v2\/posts\/19322\/revisions"}],"wp:featuredmedia":[{"embeddable":true,"href":"https:\/\/newsinfoco.com.br\/inicio\/wp-json\/wp\/v2\/media\/16508"}],"wp:attachment":[{"href":"https:\/\/newsinfoco.com.br\/inicio\/wp-json\/wp\/v2\/media?parent=19322"}],"wp:term":[{"taxonomy":"category","embeddable":true,"href":"https:\/\/newsinfoco.com.br\/inicio\/wp-json\/wp\/v2\/categories?post=19322"},{"taxonomy":"post_tag","embeddable":true,"href":"https:\/\/newsinfoco.com.br\/inicio\/wp-json\/wp\/v2\/tags?post=19322"}],"curies":[{"name":"wp","href":"https:\/\/api.w.org\/{rel}","templated":true}]}}