{"id":19324,"date":"2019-12-11T20:58:17","date_gmt":"2019-12-11T23:58:17","guid":{"rendered":"http:\/\/newsinfoco.com.br\/?p=19324"},"modified":"2019-12-11T20:58:17","modified_gmt":"2019-12-11T23:58:17","slug":"rui-vive-saia-justa-com-ministro-em-salvador-ao-falar-de-calote-do-governo-federal","status":"publish","type":"post","link":"https:\/\/newsinfoco.com.br\/inicio\/rui-vive-saia-justa-com-ministro-em-salvador-ao-falar-de-calote-do-governo-federal\/","title":{"rendered":"Rui vive saia justa com ministro em Salvador ao falar de \u201ccalote\u201d do governo federal"},"content":{"rendered":"<p style=\"text-align: justify;\">Difusor de sofrer \u201ccalote\u201d do governo federal, o governador Rui Costa (PT) passou por sa\u00eda justa com o ministro da Infraestrutura, Tarc\u00edsio Freitas, durante a inaugura\u00e7\u00e3o da primeira etapa das obras do Aeroporto Internacional de Salvador.<\/p>\n<p style=\"text-align: justify;\">Questionado pelo Pol\u00edtica\u00a0Livre Livre\u00a0sobre\u00a0d\u00edvida de quase R$ 500 milh\u00f5es aos cofres p\u00fablicos baiano por obras que j\u00e1 foram conclu\u00eddas, o gestor federal, ao lado de Rui, afirmou desconhecer tais d\u00e9bitos e ainda fez quest\u00e3o de enfatizar as diversas interven\u00e7\u00f5es que est\u00e3o no plano do governo Bolsonaro para a Bahia.<\/p><div class=\"newsi-conteudo_19\" id=\"newsi-115139899\"><a href=\"https:\/\/www.instagram.com\/prefeituraalagoinhas?igsh=YzgzdDJ1bWR3aWI4\" aria-label=\"SAVE_20251006_221555\"><img loading=\"lazy\" decoding=\"async\" src=\"https:\/\/newsinfoco.com.br\/inicio\/wp-content\/uploads\/2025\/10\/SAVE_20251006_221555-rotated.jpg\" alt=\"\"  srcset=\"https:\/\/newsinfoco.com.br\/inicio\/wp-content\/uploads\/2025\/10\/SAVE_20251006_221555-rotated.jpg 1140w, https:\/\/newsinfoco.com.br\/inicio\/wp-content\/uploads\/2025\/10\/SAVE_20251006_221555-300x52.jpg 300w, https:\/\/newsinfoco.com.br\/inicio\/wp-content\/uploads\/2025\/10\/SAVE_20251006_221555-1024x177.jpg 1024w, https:\/\/newsinfoco.com.br\/inicio\/wp-content\/uploads\/2025\/10\/SAVE_20251006_221555-768x133.jpg 768w, https:\/\/newsinfoco.com.br\/inicio\/wp-content\/uploads\/2025\/10\/SAVE_20251006_221555-600x104.jpg 600w, https:\/\/newsinfoco.com.br\/inicio\/wp-content\/uploads\/2025\/10\/SAVE_20251006_221555-696x120.jpg 696w, https:\/\/newsinfoco.com.br\/inicio\/wp-content\/uploads\/2025\/10\/SAVE_20251006_221555-1068x185.jpg 1068w\" sizes=\"(max-width: 1140px) 100vw, 1140px\" width=\"1140\" height=\"197\"   \/><\/a><\/div>\n<p style=\"text-align: justify;\">\u201cD\u00edvidas? O governador nunca me trouxe cr\u00edtica nenhuma\u201d, assegurou Tarc\u00edsio, deixando Rui ruborizado.<\/p>\n<p style=\"text-align: justify;\">\u201cN\u00f3s temos como prioridade a Fiol, a liga\u00e7\u00e3o da Ferrovia Oeste Leste, fundamental para n\u00f3s. E vai ser com certeza j\u00e1 ano que vem. N\u00f3s vamos investir na BR-135, a gente quer terminar a pavimenta\u00e7\u00e3o da BR-135, iniciar a pavimenta\u00e7\u00e3o da BR-030, avan\u00e7ar na pavimenta\u00e7\u00e3o da BR-235, entregar 50 quil\u00f4metros de duplica\u00e7\u00e3o da BR-101 no ano que vem, avan\u00e7ar com o governo do estado na BR-415. N\u00f3s temos a\u00ed um acervo, um card\u00e1pio de investimento bastante grande, bastante importante para o estado da Bahia\u201d, fez quest\u00e3o de listar.<\/p>\n<p style=\"text-align: justify;\">Em seguida, minimizando a pol\u00eamica, o gestor do Executivo estadual atribuiu o n\u00e3o pagamento ao Minist\u00e9rio de Desenvolvimento Regional.<\/p>\n<p style=\"text-align: justify;\">\u201cO grosso dessa d\u00edvida, quase que sua totalidade, foi no Minist\u00e9rio do Desenvolvimento Regional, ent\u00e3o o ministro n\u00e3o tem a obriga\u00e7\u00e3o de saber, porque n\u00e3o \u00e9 a pasta dele\u201d, esquivou-se.<\/p>\n<p style=\"text-align: justify;\">Por tabela, o prefeito ACM Neto (DEM), ao exaltar a boa rela\u00e7\u00e3o que nutre com a nova administra\u00e7\u00e3o, ponderou n\u00e3o conseguir enxergar o n\u00e3o cumprimento dos acordos por parte da Uni\u00e3o como \u2018persegui\u00e7\u00e3o\u201d.<\/p>\n<p style=\"text-align: justify;\">\u201cEu n\u00e3o consigo enxergar isso. Eu,particularmente, tenha uma rela\u00e7\u00e3o muito boa com o ministro Tarc\u00edsio, ele \u00e9 competent\u00edssimo e muito atencioso e gentil com as quest\u00f5es de Salvador. Ent\u00e3o mesmo quem \u00e9 advers\u00e1rio do governo federal reconhece o seu trabalho e o meu papel como prefeito \u00e9 lutar para que a cidade tenha os investimentos, as a\u00e7\u00f5es do governo federal. Elei\u00e7\u00e3o para presidente da Rep\u00fablica s\u00f3 acontece daqui a tr\u00eas anos e \u00e9 tempo demais para a gente estar brigando\u201d, pontuou, arrematando que apesar de ser um ano muito dif\u00edcil, de restri\u00e7\u00e3o fiscal grande, de diminui\u00e7\u00e3o dos investimentos, sua gest\u00e3o tem conseguido avan\u00e7ar neste sentido.<\/p>\n<p style=\"text-align: justify;\">\u201cE toda mundo tem consci\u00eancia dessas dificuldades, a prefeitura sofre tamb\u00e9m, as vezes os repasses atrasam e eu tenho que adiantar recursos para n\u00e3o atrasar obras, mas n\u00e3o vejo isso como persegui\u00e7\u00e3o\u201d, concluiu.<\/p>\n<div class='share-to-whatsapp-wrapper'><div class='share-on-whsp'>Share on: <\/div><a data-text='Rui vive saia justa com ministro em Salvador ao falar de \u201ccalote\u201d do governo federal' data-link='https:\/\/newsinfoco.com.br\/inicio\/rui-vive-saia-justa-com-ministro-em-salvador-ao-falar-de-calote-do-governo-federal\/' class='whatsapp-button whatsapp-share'>WhatsApp<\/a><div class='clear '><\/div><\/div>","protected":false},"excerpt":{"rendered":"<p>Difusor de sofrer \u201ccalote\u201d do governo federal, o governador Rui Costa (PT) passou por sa\u00eda justa com o ministro da Infraestrutura, Tarc\u00edsio Freitas, durante a inaugura\u00e7\u00e3o da primeira etapa das obras do Aeroporto Internacional de Salvador. Questionado pelo Pol\u00edtica\u00a0Livre Livre\u00a0sobre\u00a0d\u00edvida de quase R$ 500 milh\u00f5es aos cofres p\u00fablicos baiano por obras que j\u00e1 foram conclu\u00eddas, [&hellip;]<\/p>\n","protected":false},"author":1,"featured_media":17418,"comment_status":"open","ping_status":"open","sticky":false,"template":"","format":"standard","meta":{"om_disable_all_campaigns":false,"_exactmetrics_skip_tracking":false,"_exactmetrics_sitenote_active":false,"_exactmetrics_sitenote_note":"","_exactmetrics_sitenote_category":0,"footnotes":""},"categories":[19,30],"tags":[],"class_list":["post-19324","post","type-post","status-publish","format-standard","has-post-thumbnail","hentry","category-bahia","category-destaque"],"aioseo_notices":[],"_links":{"self":[{"href":"https:\/\/newsinfoco.com.br\/inicio\/wp-json\/wp\/v2\/posts\/19324","targetHints":{"allow":["GET"]}}],"collection":[{"href":"https:\/\/newsinfoco.com.br\/inicio\/wp-json\/wp\/v2\/posts"}],"about":[{"href":"https:\/\/newsinfoco.com.br\/inicio\/wp-json\/wp\/v2\/types\/post"}],"author":[{"embeddable":true,"href":"https:\/\/newsinfoco.com.br\/inicio\/wp-json\/wp\/v2\/users\/1"}],"replies":[{"embeddable":true,"href":"https:\/\/newsinfoco.com.br\/inicio\/wp-json\/wp\/v2\/comments?post=19324"}],"version-history":[{"count":0,"href":"https:\/\/newsinfoco.com.br\/inicio\/wp-json\/wp\/v2\/posts\/19324\/revisions"}],"wp:featuredmedia":[{"embeddable":true,"href":"https:\/\/newsinfoco.com.br\/inicio\/wp-json\/wp\/v2\/media\/17418"}],"wp:attachment":[{"href":"https:\/\/newsinfoco.com.br\/inicio\/wp-json\/wp\/v2\/media?parent=19324"}],"wp:term":[{"taxonomy":"category","embeddable":true,"href":"https:\/\/newsinfoco.com.br\/inicio\/wp-json\/wp\/v2\/categories?post=19324"},{"taxonomy":"post_tag","embeddable":true,"href":"https:\/\/newsinfoco.com.br\/inicio\/wp-json\/wp\/v2\/tags?post=19324"}],"curies":[{"name":"wp","href":"https:\/\/api.w.org\/{rel}","templated":true}]}}