{"id":19326,"date":"2019-12-11T21:01:46","date_gmt":"2019-12-12T00:01:46","guid":{"rendered":"http:\/\/newsinfoco.com.br\/?p=19326"},"modified":"2019-12-11T21:01:46","modified_gmt":"2019-12-12T00:01:46","slug":"moro-sugere-a-santa-cruz-que-abandone-postura-de-militante-politico-partidario-e-as-ofensas-a-bolsonaro","status":"publish","type":"post","link":"https:\/\/newsinfoco.com.br\/inicio\/moro-sugere-a-santa-cruz-que-abandone-postura-de-militante-politico-partidario-e-as-ofensas-a-bolsonaro\/","title":{"rendered":"Moro sugere a Santa Cruz que abandone postura de militante pol\u00edtico-partid\u00e1rio e as ofensas a Bolsonaro"},"content":{"rendered":"<p style=\"text-align: justify;\">O ministro S\u00e9rgio Moro (Justi\u00e7a e Seguran\u00e7a P\u00fablica) disse nesta quarta, 11, que \u2018tem prazer\u2019 em receber o presidente da Ordem dos Advogados do Brasil (OAB), mas sugeriu a Felipe Santa Cruz que \u2018abandone a postura de militante pol\u00edtico-partid\u00e1rio\u2019. Moro tamb\u00e9m saiu em defesa do presidente Jair Bolsonaro. Ele recomendou ao l\u00edder da OAB que pare de fazer \u2018ofensas ao PR e a seus eleitores\u2019.<\/p>\n<p style=\"text-align: justify;\">Moro se referiu a declara\u00e7\u00f5es de Santa Cruz que, durante caf\u00e9 da manh\u00e3 com jornalistas, nesta quarta, 11, respondeu ap\u00f3s ser indagado sobre a possibilidade de algum integrante da fam\u00edlia Bolsonaro ter envolvimento no caso Marielle Franco: \u201cN\u00e3o duvido\u201d. O presidente da Ordem tamb\u00e9m disse que n\u00e3o consegue ser recebido no Minist\u00e9rio de Moro. \u201cN\u00e3o tem di\u00e1logo nenhum. Nem na ditadura isso acontecia.\u201d<\/p><div class=\"newsi-conteudo_19\" id=\"newsi-1350242144\"><a href=\"https:\/\/www.instagram.com\/prefeituraalagoinhas?igsh=YzgzdDJ1bWR3aWI4\" aria-label=\"SAVE_20251006_221555\"><img loading=\"lazy\" decoding=\"async\" src=\"https:\/\/newsinfoco.com.br\/inicio\/wp-content\/uploads\/2025\/10\/SAVE_20251006_221555-rotated.jpg\" alt=\"\"  srcset=\"https:\/\/newsinfoco.com.br\/inicio\/wp-content\/uploads\/2025\/10\/SAVE_20251006_221555-rotated.jpg 1140w, https:\/\/newsinfoco.com.br\/inicio\/wp-content\/uploads\/2025\/10\/SAVE_20251006_221555-300x52.jpg 300w, https:\/\/newsinfoco.com.br\/inicio\/wp-content\/uploads\/2025\/10\/SAVE_20251006_221555-1024x177.jpg 1024w, https:\/\/newsinfoco.com.br\/inicio\/wp-content\/uploads\/2025\/10\/SAVE_20251006_221555-768x133.jpg 768w, https:\/\/newsinfoco.com.br\/inicio\/wp-content\/uploads\/2025\/10\/SAVE_20251006_221555-600x104.jpg 600w, https:\/\/newsinfoco.com.br\/inicio\/wp-content\/uploads\/2025\/10\/SAVE_20251006_221555-696x120.jpg 696w, https:\/\/newsinfoco.com.br\/inicio\/wp-content\/uploads\/2025\/10\/SAVE_20251006_221555-1068x185.jpg 1068w\" sizes=\"(max-width: 1140px) 100vw, 1140px\" width=\"1140\" height=\"197\"   \/><\/a><\/div>\n<p style=\"text-align: justify;\">Moro, no Twitter. \u201cTenho grande respeito pela OAB, por sua hist\u00f3ria, e pela advocacia. Reclama o Presidente da OAB que n\u00e3o \u00e9 recebido no MJSP. Terei prazer em receb\u00ea-lo t\u00e3o logo abandone a postura de militante pol\u00edtico-partid\u00e1rio e as ofensas ao PR e a seus eleitores.\u201d<\/p>\n<div class='share-to-whatsapp-wrapper'><div class='share-on-whsp'>Share on: <\/div><a data-text='Moro sugere a Santa Cruz que abandone postura de militante pol\u00edtico-partid\u00e1rio e as ofensas a Bolsonaro' data-link='https:\/\/newsinfoco.com.br\/inicio\/moro-sugere-a-santa-cruz-que-abandone-postura-de-militante-politico-partidario-e-as-ofensas-a-bolsonaro\/' class='whatsapp-button whatsapp-share'>WhatsApp<\/a><div class='clear '><\/div><\/div>","protected":false},"excerpt":{"rendered":"<p>O ministro S\u00e9rgio Moro (Justi\u00e7a e Seguran\u00e7a P\u00fablica) disse nesta quarta, 11, que \u2018tem prazer\u2019 em receber o presidente da Ordem dos Advogados do Brasil (OAB), mas sugeriu a Felipe Santa Cruz que \u2018abandone a postura de militante pol\u00edtico-partid\u00e1rio\u2019. Moro tamb\u00e9m saiu em defesa do presidente Jair Bolsonaro. Ele recomendou ao l\u00edder da OAB que [&hellip;]<\/p>\n","protected":false},"author":1,"featured_media":7298,"comment_status":"open","ping_status":"open","sticky":false,"template":"","format":"standard","meta":{"om_disable_all_campaigns":false,"_exactmetrics_skip_tracking":false,"_exactmetrics_sitenote_active":false,"_exactmetrics_sitenote_note":"","_exactmetrics_sitenote_category":0,"footnotes":""},"categories":[21,30],"tags":[],"class_list":["post-19326","post","type-post","status-publish","format-standard","has-post-thumbnail","hentry","category-brasil","category-destaque"],"aioseo_notices":[],"_links":{"self":[{"href":"https:\/\/newsinfoco.com.br\/inicio\/wp-json\/wp\/v2\/posts\/19326","targetHints":{"allow":["GET"]}}],"collection":[{"href":"https:\/\/newsinfoco.com.br\/inicio\/wp-json\/wp\/v2\/posts"}],"about":[{"href":"https:\/\/newsinfoco.com.br\/inicio\/wp-json\/wp\/v2\/types\/post"}],"author":[{"embeddable":true,"href":"https:\/\/newsinfoco.com.br\/inicio\/wp-json\/wp\/v2\/users\/1"}],"replies":[{"embeddable":true,"href":"https:\/\/newsinfoco.com.br\/inicio\/wp-json\/wp\/v2\/comments?post=19326"}],"version-history":[{"count":0,"href":"https:\/\/newsinfoco.com.br\/inicio\/wp-json\/wp\/v2\/posts\/19326\/revisions"}],"wp:featuredmedia":[{"embeddable":true,"href":"https:\/\/newsinfoco.com.br\/inicio\/wp-json\/wp\/v2\/media\/7298"}],"wp:attachment":[{"href":"https:\/\/newsinfoco.com.br\/inicio\/wp-json\/wp\/v2\/media?parent=19326"}],"wp:term":[{"taxonomy":"category","embeddable":true,"href":"https:\/\/newsinfoco.com.br\/inicio\/wp-json\/wp\/v2\/categories?post=19326"},{"taxonomy":"post_tag","embeddable":true,"href":"https:\/\/newsinfoco.com.br\/inicio\/wp-json\/wp\/v2\/tags?post=19326"}],"curies":[{"name":"wp","href":"https:\/\/api.w.org\/{rel}","templated":true}]}}