{"id":19328,"date":"2019-12-11T21:09:05","date_gmt":"2019-12-12T00:09:05","guid":{"rendered":"http:\/\/newsinfoco.com.br\/?p=19328"},"modified":"2019-12-11T21:09:05","modified_gmt":"2019-12-12T00:09:05","slug":"reducao-do-fundo-eleitoral-de-r-38-bi-para-r-25-bi-e-solucao-melhor-diz-maia","status":"publish","type":"post","link":"https:\/\/newsinfoco.com.br\/inicio\/reducao-do-fundo-eleitoral-de-r-38-bi-para-r-25-bi-e-solucao-melhor-diz-maia\/","title":{"rendered":"Redu\u00e7\u00e3o do fundo eleitoral de R$ 3,8 bi para R$ 2,5 bi \u00e9 solu\u00e7\u00e3o melhor, diz Maia"},"content":{"rendered":"<p style=\"text-align: justify;\">O presidente da C\u00e2mara, Rodrigo Maia (DEM-RJ), afirmou nesta quarta-feira (11) que uma decis\u00e3o de limitar o valor do fundo eleitoral seria \u201csempre a melhor solu\u00e7\u00e3o\u201d. L\u00edderes partid\u00e1rios articulam a possibilidade de encolher o fundo de R$ 3,8 bilh\u00f5es para R$, 2,5 bilh\u00f5es, depois de sinaliza\u00e7\u00e3o de que o presidente Jair Bolsonaro pode vetar o valor inicial das articula\u00e7\u00f5es para 2020.<\/p>\n<p style=\"text-align: justify;\">\u201cEu sempre digo que esse \u00e9 um tema pol\u00eamico, sens\u00edvel, precisa organizar bem a fonte como o relator fez na \u00faltima semana\u201d, afirmou Maia a jornalistas ao chegar \u00e0 Casa. \u201cAcho que, se a decis\u00e3o for de um valor menor para garantir que os recursos n\u00e3o est\u00e3o atingindo nenhuma \u00e1rea fundamental, \u00e9 sempre a melhor solu\u00e7\u00e3o, exatamente pela sensibilidade que esse tema tem na sociedade\u201d, disse.<\/p><div class=\"newsi-conteudo_19\" id=\"newsi-3329924090\"><a href=\"https:\/\/www.instagram.com\/prefeituraalagoinhas?igsh=YzgzdDJ1bWR3aWI4\" aria-label=\"SAVE_20251006_221555\"><img loading=\"lazy\" decoding=\"async\" src=\"https:\/\/newsinfoco.com.br\/inicio\/wp-content\/uploads\/2025\/10\/SAVE_20251006_221555-rotated.jpg\" alt=\"\"  srcset=\"https:\/\/newsinfoco.com.br\/inicio\/wp-content\/uploads\/2025\/10\/SAVE_20251006_221555-rotated.jpg 1140w, https:\/\/newsinfoco.com.br\/inicio\/wp-content\/uploads\/2025\/10\/SAVE_20251006_221555-300x52.jpg 300w, https:\/\/newsinfoco.com.br\/inicio\/wp-content\/uploads\/2025\/10\/SAVE_20251006_221555-1024x177.jpg 1024w, https:\/\/newsinfoco.com.br\/inicio\/wp-content\/uploads\/2025\/10\/SAVE_20251006_221555-768x133.jpg 768w, https:\/\/newsinfoco.com.br\/inicio\/wp-content\/uploads\/2025\/10\/SAVE_20251006_221555-600x104.jpg 600w, https:\/\/newsinfoco.com.br\/inicio\/wp-content\/uploads\/2025\/10\/SAVE_20251006_221555-696x120.jpg 696w, https:\/\/newsinfoco.com.br\/inicio\/wp-content\/uploads\/2025\/10\/SAVE_20251006_221555-1068x185.jpg 1068w\" sizes=\"(max-width: 1140px) 100vw, 1140px\" width=\"1140\" height=\"197\"   \/><\/a><\/div>\n<p style=\"text-align: justify;\">Deputados avaliam que seria melhor negociar um acordo com o Pal\u00e1cio do Planalto e garantir um valor menor, a fim de n\u00e3o correr o risco de ficar sem uma fonte de custeio das campanhas nas elei\u00e7\u00f5es municipais de 2020. Originalmente, o governo desejava destinar R$ 2 bilh\u00f5es para bancar essas disputas locais. Presidentes e l\u00edderes de partidos que representam a maioria dos deputados e senadores, por\u00e9m, haviam articulado a eleva\u00e7\u00e3o do valor desse fundo em mais R$ 1,8 bilh\u00e3o.<\/p>\n<p style=\"text-align: justify;\">\u00c0 \u00e9poca, Maia afirmou que se tratava de uma quest\u00e3o sens\u00edvel, mas n\u00e3o quis entrar em detalhes, dizendo desconhecer o texto do relator. Ele tem defendido que \u00e9 necess\u00e1rio o financiamento p\u00fablico de campanha, uma vez que n\u00e3o h\u00e1 mais a possibilidade de financiamento por empresas. PP, MDB, PTB, PT, PSL, PL, PSD, PSB, Republicanos, PSDB, PDT, DEM e Solidariedade defendiam o fundo nesse valor elevado. Esses partidos representam 430 dos 513 deputados e 62 dos 81 senadores.<\/p>\n<div class='share-to-whatsapp-wrapper'><div class='share-on-whsp'>Share on: <\/div><a data-text='Redu\u00e7\u00e3o do fundo eleitoral de R$ 3,8 bi para R$ 2,5 bi \u00e9 solu\u00e7\u00e3o melhor, diz Maia' data-link='https:\/\/newsinfoco.com.br\/inicio\/reducao-do-fundo-eleitoral-de-r-38-bi-para-r-25-bi-e-solucao-melhor-diz-maia\/' class='whatsapp-button whatsapp-share'>WhatsApp<\/a><div class='clear '><\/div><\/div>","protected":false},"excerpt":{"rendered":"<p>O presidente da C\u00e2mara, Rodrigo Maia (DEM-RJ), afirmou nesta quarta-feira (11) que uma decis\u00e3o de limitar o valor do fundo eleitoral seria \u201csempre a melhor solu\u00e7\u00e3o\u201d. L\u00edderes partid\u00e1rios articulam a possibilidade de encolher o fundo de R$ 3,8 bilh\u00f5es para R$, 2,5 bilh\u00f5es, depois de sinaliza\u00e7\u00e3o de que o presidente Jair Bolsonaro pode vetar o [&hellip;]<\/p>\n","protected":false},"author":1,"featured_media":15636,"comment_status":"open","ping_status":"open","sticky":false,"template":"","format":"standard","meta":{"om_disable_all_campaigns":false,"_exactmetrics_skip_tracking":false,"_exactmetrics_sitenote_active":false,"_exactmetrics_sitenote_note":"","_exactmetrics_sitenote_category":0,"footnotes":""},"categories":[21,30],"tags":[],"class_list":["post-19328","post","type-post","status-publish","format-standard","has-post-thumbnail","hentry","category-brasil","category-destaque"],"aioseo_notices":[],"_links":{"self":[{"href":"https:\/\/newsinfoco.com.br\/inicio\/wp-json\/wp\/v2\/posts\/19328","targetHints":{"allow":["GET"]}}],"collection":[{"href":"https:\/\/newsinfoco.com.br\/inicio\/wp-json\/wp\/v2\/posts"}],"about":[{"href":"https:\/\/newsinfoco.com.br\/inicio\/wp-json\/wp\/v2\/types\/post"}],"author":[{"embeddable":true,"href":"https:\/\/newsinfoco.com.br\/inicio\/wp-json\/wp\/v2\/users\/1"}],"replies":[{"embeddable":true,"href":"https:\/\/newsinfoco.com.br\/inicio\/wp-json\/wp\/v2\/comments?post=19328"}],"version-history":[{"count":0,"href":"https:\/\/newsinfoco.com.br\/inicio\/wp-json\/wp\/v2\/posts\/19328\/revisions"}],"wp:featuredmedia":[{"embeddable":true,"href":"https:\/\/newsinfoco.com.br\/inicio\/wp-json\/wp\/v2\/media\/15636"}],"wp:attachment":[{"href":"https:\/\/newsinfoco.com.br\/inicio\/wp-json\/wp\/v2\/media?parent=19328"}],"wp:term":[{"taxonomy":"category","embeddable":true,"href":"https:\/\/newsinfoco.com.br\/inicio\/wp-json\/wp\/v2\/categories?post=19328"},{"taxonomy":"post_tag","embeddable":true,"href":"https:\/\/newsinfoco.com.br\/inicio\/wp-json\/wp\/v2\/tags?post=19328"}],"curies":[{"name":"wp","href":"https:\/\/api.w.org\/{rel}","templated":true}]}}