{"id":19330,"date":"2019-12-11T21:18:12","date_gmt":"2019-12-12T00:18:12","guid":{"rendered":"http:\/\/newsinfoco.com.br\/?p=19330"},"modified":"2019-12-11T21:18:12","modified_gmt":"2019-12-12T00:18:12","slug":"prefeito-defender-suas-realizacoes-nao-e-alfinetar-diz-rui-costa","status":"publish","type":"post","link":"https:\/\/newsinfoco.com.br\/inicio\/prefeito-defender-suas-realizacoes-nao-e-alfinetar-diz-rui-costa\/","title":{"rendered":"\u2018Prefeito defender suas realiza\u00e7\u00f5es n\u00e3o \u00e9 alfinetar\u2019, diz Rui Costa"},"content":{"rendered":"<p style=\"text-align: justify;\">O governador Rui Costa (PT) negou ter ficado incomodado com o an\u00fancio feito pelo prefeito ACM Neto (DEM), nesta quarta-feira (11) sobre a\u00a0<span style=\"color: #000000;\"><a style=\"color: #000000;\" href=\"https:\/\/bahia.ba\/politica\/neto-nega-que-anuncio-de-inauguracao-do-centro-de-convencoes-seja-provocacao-a-rui\/\" target=\"_blank\" rel=\"noopener noreferrer\">inaugura\u00e7\u00e3o<\/a>\u00a0do novo Centro de Conven\u00e7\u00f5es. A declara\u00e7\u00e3o ocorreu enquanto ambos participavam da<\/span> cerim\u00f4nia de entrega da primeira fase das obras do Aeroporto de Salvador.<\/p>\n<p style=\"text-align: justify;\">\u201cO prefeito defender as suas realiza\u00e7\u00f5es n\u00e3o tem como alfinetar. Assim como o governador defende suas realiza\u00e7\u00f5es, n\u00e3o est\u00e1 alfinetando o prefeito. Acho que n\u00e3o percebi, nem senti assim. Eu sou uma pessoa de bom conv\u00edvio, gosto de me relacionar bem com todo mundo. Isso que defendo para o pa\u00eds\u201d, disse Rui Costa.<\/p><div class=\"newsi-conteudo_19\" id=\"newsi-1113546729\"><a href=\"https:\/\/www.instagram.com\/prefeituraalagoinhas?igsh=YzgzdDJ1bWR3aWI4\" aria-label=\"SAVE_20251006_221555\"><img loading=\"lazy\" decoding=\"async\" src=\"https:\/\/newsinfoco.com.br\/inicio\/wp-content\/uploads\/2025\/10\/SAVE_20251006_221555-rotated.jpg\" alt=\"\"  srcset=\"https:\/\/newsinfoco.com.br\/inicio\/wp-content\/uploads\/2025\/10\/SAVE_20251006_221555-rotated.jpg 1140w, https:\/\/newsinfoco.com.br\/inicio\/wp-content\/uploads\/2025\/10\/SAVE_20251006_221555-300x52.jpg 300w, https:\/\/newsinfoco.com.br\/inicio\/wp-content\/uploads\/2025\/10\/SAVE_20251006_221555-1024x177.jpg 1024w, https:\/\/newsinfoco.com.br\/inicio\/wp-content\/uploads\/2025\/10\/SAVE_20251006_221555-768x133.jpg 768w, https:\/\/newsinfoco.com.br\/inicio\/wp-content\/uploads\/2025\/10\/SAVE_20251006_221555-600x104.jpg 600w, https:\/\/newsinfoco.com.br\/inicio\/wp-content\/uploads\/2025\/10\/SAVE_20251006_221555-696x120.jpg 696w, https:\/\/newsinfoco.com.br\/inicio\/wp-content\/uploads\/2025\/10\/SAVE_20251006_221555-1068x185.jpg 1068w\" sizes=\"(max-width: 1140px) 100vw, 1140px\" width=\"1140\" height=\"197\"   \/><\/a><\/div>\n<p style=\"text-align: justify;\">Em seu discurso na inaugura\u00e7\u00e3o do aeroporto, Neto anunciou que o Centro de Conven\u00e7\u00f5es municipal ser\u00e1 inaugurado em duas cerim\u00f4nias, nos dias 23 e 26 de janeiro. Mais tarde, ele\u00a0<a href=\"https:\/\/bahia.ba\/politica\/neto-nega-que-anuncio-de-inauguracao-do-centro-de-convencoes-seja-provocacao-a-rui\/\" target=\"_blank\" rel=\"noopener noreferrer\">negou\u00a0<\/a>que tenha tido a inten\u00e7\u00e3o de alfinetar Rui, mas reafirmou que \u201cSalvador de fato sofreu por muitos anos por conta da falta\u201d do equipamento que era administrado pelo governo estadual, mas foi fechado por falta de investimentos.<\/p>\n<p style=\"text-align: justify;\">Mesmo com um novo equipamento constru\u00eddo pela gest\u00e3o municipal, Rui manteve decis\u00e3o de construir outro Centro de Conven\u00e7\u00f5es, este que ser\u00e1 implementado no Centro Hist\u00f3rico. Em outras oportunidades, ACM Neto chegou a contestar a decis\u00e3o do governador, dizendo que n\u00e3o seria necess\u00e1ria a constru\u00e7\u00e3o de um equipamento semelhante.<\/p>\n<p style=\"text-align: justify;\">Nesta quarta, Rui defendeu a obra do Estado. \u201cAcho que a prefeitura est\u00e1 fazendo sua parte, e a Bahia tamb\u00e9m far\u00e1. Devemos estar tamb\u00e9m licitando o Centro de Conven\u00e7\u00f5es no Centro Hist\u00f3rico, que \u00e9 o que sempre acreditei. A Bahia e Salvador poder\u00e3o ofertar duas oportunidades, dois locais que de forma simult\u00e2nea poder\u00e3o estar absorvendo eventos simult\u00e2neos nacionais e internacionais\u201d, declarou Rui.<\/p>\n<div class='share-to-whatsapp-wrapper'><div class='share-on-whsp'>Share on: <\/div><a data-text='\u2018Prefeito defender suas realiza\u00e7\u00f5es n\u00e3o \u00e9 alfinetar\u2019, diz Rui Costa' data-link='https:\/\/newsinfoco.com.br\/inicio\/prefeito-defender-suas-realizacoes-nao-e-alfinetar-diz-rui-costa\/' class='whatsapp-button whatsapp-share'>WhatsApp<\/a><div class='clear '><\/div><\/div>","protected":false},"excerpt":{"rendered":"<p>O governador Rui Costa (PT) negou ter ficado incomodado com o an\u00fancio feito pelo prefeito ACM Neto (DEM), nesta quarta-feira (11) sobre a\u00a0inaugura\u00e7\u00e3o\u00a0do novo Centro de Conven\u00e7\u00f5es. A declara\u00e7\u00e3o ocorreu enquanto ambos participavam da cerim\u00f4nia de entrega da primeira fase das obras do Aeroporto de Salvador. \u201cO prefeito defender as suas realiza\u00e7\u00f5es n\u00e3o tem como [&hellip;]<\/p>\n","protected":false},"author":1,"featured_media":19331,"comment_status":"open","ping_status":"open","sticky":false,"template":"","format":"standard","meta":{"om_disable_all_campaigns":false,"_exactmetrics_skip_tracking":false,"_exactmetrics_sitenote_active":false,"_exactmetrics_sitenote_note":"","_exactmetrics_sitenote_category":0,"footnotes":""},"categories":[19,30],"tags":[],"class_list":["post-19330","post","type-post","status-publish","format-standard","has-post-thumbnail","hentry","category-bahia","category-destaque"],"aioseo_notices":[],"_links":{"self":[{"href":"https:\/\/newsinfoco.com.br\/inicio\/wp-json\/wp\/v2\/posts\/19330","targetHints":{"allow":["GET"]}}],"collection":[{"href":"https:\/\/newsinfoco.com.br\/inicio\/wp-json\/wp\/v2\/posts"}],"about":[{"href":"https:\/\/newsinfoco.com.br\/inicio\/wp-json\/wp\/v2\/types\/post"}],"author":[{"embeddable":true,"href":"https:\/\/newsinfoco.com.br\/inicio\/wp-json\/wp\/v2\/users\/1"}],"replies":[{"embeddable":true,"href":"https:\/\/newsinfoco.com.br\/inicio\/wp-json\/wp\/v2\/comments?post=19330"}],"version-history":[{"count":0,"href":"https:\/\/newsinfoco.com.br\/inicio\/wp-json\/wp\/v2\/posts\/19330\/revisions"}],"wp:featuredmedia":[{"embeddable":true,"href":"https:\/\/newsinfoco.com.br\/inicio\/wp-json\/wp\/v2\/media\/19331"}],"wp:attachment":[{"href":"https:\/\/newsinfoco.com.br\/inicio\/wp-json\/wp\/v2\/media?parent=19330"}],"wp:term":[{"taxonomy":"category","embeddable":true,"href":"https:\/\/newsinfoco.com.br\/inicio\/wp-json\/wp\/v2\/categories?post=19330"},{"taxonomy":"post_tag","embeddable":true,"href":"https:\/\/newsinfoco.com.br\/inicio\/wp-json\/wp\/v2\/tags?post=19330"}],"curies":[{"name":"wp","href":"https:\/\/api.w.org\/{rel}","templated":true}]}}