{"id":19333,"date":"2019-12-12T17:05:17","date_gmt":"2019-12-12T20:05:17","guid":{"rendered":"http:\/\/newsinfoco.com.br\/?p=19333"},"modified":"2019-12-12T17:05:17","modified_gmt":"2019-12-12T20:05:17","slug":"numero-de-crimes-violentos-segue-tendencia-nacional-e-diminui-em-alagoinhas-segundo-comandante-do-4o-bpm","status":"publish","type":"post","link":"https:\/\/newsinfoco.com.br\/inicio\/numero-de-crimes-violentos-segue-tendencia-nacional-e-diminui-em-alagoinhas-segundo-comandante-do-4o-bpm\/","title":{"rendered":"N\u00famero de crimes violentos segue tend\u00eancia nacional e diminui em Alagoinhas, segundo comandante do 4\u00ba BPM"},"content":{"rendered":"<p style=\"text-align: justify;\">O comandante do 4\u00ba Batalh\u00e3o de Pol\u00edcia Militar de Alagoinhas(4\u00ba BPM), Ten. Coronel Reginaldo Moraes, mencionou, durante entrevista no programa Primeira M\u00e3o, nesta quarta-feira(11) um fato novo na hist\u00f3ria da seguran\u00e7a p\u00fablica na regi\u00e3o. Seguindo a tendencia nacional, que em 2019 registrou uma queda na casa dos 20% nos crimes violentos, a regi\u00e3o de Alagoinhas, que est\u00e1 sob a tutela do 4\u00ba BPM, tamb\u00e9m registrou queda nos seus registros.<\/p>\n<p style=\"text-align: justify;\">O comandante Morais n\u00e3o citou n\u00fameros, infelizmente, mas assegurou que a tend\u00eancia de queda de homic\u00eddios e de latroc\u00ednios tamb\u00e9m foi registrada em Alagoinhas e na regi\u00e3o. O feito fez com que o Batalh\u00e3o fosse contemplado com a premia\u00e7\u00e3o do Governo do Estado, concedido as unidades policiais que conseguem diminuir estes \u00edndices.<\/p><div class=\"newsi-conteudo_19\" id=\"newsi-3855115207\"><a href=\"https:\/\/www.instagram.com\/prefeituraalagoinhas?igsh=YzgzdDJ1bWR3aWI4\" aria-label=\"SAVE_20251006_221555\"><img loading=\"lazy\" decoding=\"async\" src=\"https:\/\/newsinfoco.com.br\/inicio\/wp-content\/uploads\/2025\/10\/SAVE_20251006_221555-rotated.jpg\" alt=\"\"  srcset=\"https:\/\/newsinfoco.com.br\/inicio\/wp-content\/uploads\/2025\/10\/SAVE_20251006_221555-rotated.jpg 1140w, https:\/\/newsinfoco.com.br\/inicio\/wp-content\/uploads\/2025\/10\/SAVE_20251006_221555-300x52.jpg 300w, https:\/\/newsinfoco.com.br\/inicio\/wp-content\/uploads\/2025\/10\/SAVE_20251006_221555-1024x177.jpg 1024w, https:\/\/newsinfoco.com.br\/inicio\/wp-content\/uploads\/2025\/10\/SAVE_20251006_221555-768x133.jpg 768w, https:\/\/newsinfoco.com.br\/inicio\/wp-content\/uploads\/2025\/10\/SAVE_20251006_221555-600x104.jpg 600w, https:\/\/newsinfoco.com.br\/inicio\/wp-content\/uploads\/2025\/10\/SAVE_20251006_221555-696x120.jpg 696w, https:\/\/newsinfoco.com.br\/inicio\/wp-content\/uploads\/2025\/10\/SAVE_20251006_221555-1068x185.jpg 1068w\" sizes=\"(max-width: 1140px) 100vw, 1140px\" width=\"1140\" height=\"197\"   \/><\/a><\/div>\n<p style=\"text-align: justify;\">O comentarista Caio Pimenta colocou que considera ainda alto o n\u00edvel de furtos e roubos na regi\u00e3o. O comandante revelou que todo o empenho est\u00e1 sendo mantido, que a pol\u00edcia otimiza os recursos com o uso de intelig\u00eancia, j\u00e1 que em nenhuma parte do mundo, o policiamento ostensivo consegue cobrir todo o quadrante das a\u00e7\u00f5es criminosas. Caio e Hugo Azi indagaram se isso n\u00e3o significa dizer que a guerra contra o crime est\u00e1 perdida. Morais negou, disse que, em absoluto, para ele, o policial vai sempre a campo para sair vencedor, mas entende que outros fatores\u00a0 como a educa\u00e7\u00e3o dom\u00e9stica, hoje negligenciada, contribuem para que os jovens sejam cooptados pelo tr\u00e1fico de drogas. Ele afirmou ainda que o Batalh\u00e3o oferece atividades sociais para os jovens, mas que os pr\u00f3prios pais n\u00e3o se interessam em estimular a freq\u00fc\u00eancia dos \u00a0filhos.<\/p>\n<p style=\"text-align: justify;\">Sobre a trag\u00e9dia ocorrida na favela de Parais\u00f3polis em S\u00e3o Paulo, que deixou nove mortos, o comandante constatou que, diante de um quadro onde se questiona a a\u00e7\u00e3o policial, se pode ter toda a certeza que a investiga\u00e7\u00e3o do caso ser\u00e1 rigorosa. Hugo Azi comentou que, em situa\u00e7\u00f5es como essa, \u00e9 necess\u00e1rio ver do mesmo modo o lado humano do policial, que est\u00e1 obrigado a atuar em um contexto desfavor\u00e1vel, onde ele tamb\u00e9m se encontra em vulnerabilidade. Contudo o que se sabe \u00e9 que esses bailes funks muitas vezes s\u00e3o irregulares e acabam por promover v\u00e1rias a\u00e7\u00f5es de natureza criminosa. No entanto, inclusive trazendo como exemplo o caso Parais\u00f3polis, h\u00e1 registro de atitudes violentas de policiais contra a popula\u00e7\u00e3o que n\u00e3o representa nenhuma amea\u00e7a \u00e0 seguran\u00e7a, pena que estejam ali servindo de escudo humano para o bandido.<\/p>\n<figure id=\"attachment_19334\" aria-describedby=\"caption-attachment-19334\" style=\"width: 600px\" class=\"wp-caption aligncenter\"><a href=\"http:\/\/newsinfoco.com.br\/wp-content\/uploads\/2019\/12\/Screenshot_20191211-065731_Instagram.jpg\"><img loading=\"lazy\" decoding=\"async\" class=\"size-full wp-image-19334\" src=\"http:\/\/newsinfoco.com.br\/wp-content\/uploads\/2019\/12\/Screenshot_20191211-065731_Instagram.jpg\" alt=\"\" width=\"600\" height=\"600\" srcset=\"https:\/\/newsinfoco.com.br\/inicio\/wp-content\/uploads\/2019\/12\/Screenshot_20191211-065731_Instagram.jpg 600w, https:\/\/newsinfoco.com.br\/inicio\/wp-content\/uploads\/2019\/12\/Screenshot_20191211-065731_Instagram-300x300.jpg 300w, https:\/\/newsinfoco.com.br\/inicio\/wp-content\/uploads\/2019\/12\/Screenshot_20191211-065731_Instagram-150x150.jpg 150w, https:\/\/newsinfoco.com.br\/inicio\/wp-content\/uploads\/2019\/12\/Screenshot_20191211-065731_Instagram-420x420.jpg 420w\" sizes=\"auto, (max-width: 600px) 100vw, 600px\" \/><\/a><figcaption id=\"caption-attachment-19334\" class=\"wp-caption-text\">O deputado federal Joseildo Ramos(PT) exibe na C\u00e2mara Federal a charge que sugere que a policia fomenta o genoc\u00eddio dos negros no Brasil<\/figcaption><\/figure>\n<p style=\"text-align: justify;\">Com rela\u00e7\u00e3o \u00e0 charge exposta no congresso, sugerindo que a pol\u00edcia pratica o genoc\u00eddio contra popula\u00e7\u00e3o negra, todos consideraram perigosa a generaliza\u00e7\u00e3o, mesmo porque a maioria dos policiais \u00e9 negra(preta) tamb\u00e9m. O deputado federal Jose\u00edldo Ramos foi criticado pela bancada do programa por fomentar essa vis\u00e3o negativa das for\u00e7as de seguran\u00e7a.<\/p>\n<p><iframe loading=\"lazy\" title=\"Comandante do 4\u00b0BPM de Alagoinhas faz balan\u00e7o sobre as a\u00e7\u00f5es policiais em 2019\" width=\"696\" height=\"392\" src=\"https:\/\/www.youtube.com\/embed\/UqFUVJ8sAUg?start=4&#038;feature=oembed\" frameborder=\"0\" allow=\"accelerometer; autoplay; encrypted-media; gyroscope; picture-in-picture\" allowfullscreen><\/iframe><\/p>\n<p style=\"text-align: right;\">Por Paulo Dias com a colabora\u00e7\u00e3o de Caio Pimenta para o News Infoco<\/p>\n<div class='share-to-whatsapp-wrapper'><div class='share-on-whsp'>Share on: <\/div><a data-text='N\u00famero de crimes violentos segue tend\u00eancia nacional e diminui em Alagoinhas, segundo comandante do 4\u00ba BPM' data-link='https:\/\/newsinfoco.com.br\/inicio\/numero-de-crimes-violentos-segue-tendencia-nacional-e-diminui-em-alagoinhas-segundo-comandante-do-4o-bpm\/' class='whatsapp-button whatsapp-share'>WhatsApp<\/a><div class='clear '><\/div><\/div>","protected":false},"excerpt":{"rendered":"<p>O comandante do 4\u00ba Batalh\u00e3o de Pol\u00edcia Militar de Alagoinhas(4\u00ba BPM), Ten. Coronel Reginaldo Moraes, mencionou, durante entrevista no programa Primeira M\u00e3o, nesta quarta-feira(11) um fato novo na hist\u00f3ria da seguran\u00e7a p\u00fablica na regi\u00e3o. Seguindo a tendencia nacional, que em 2019 registrou uma queda na casa dos 20% nos crimes violentos, a regi\u00e3o de Alagoinhas, [&hellip;]<\/p>\n","protected":false},"author":1,"featured_media":19335,"comment_status":"open","ping_status":"open","sticky":false,"template":"","format":"standard","meta":{"om_disable_all_campaigns":false,"_exactmetrics_skip_tracking":false,"_exactmetrics_sitenote_active":false,"_exactmetrics_sitenote_note":"","_exactmetrics_sitenote_category":0,"footnotes":""},"categories":[38,30],"tags":[],"class_list":["post-19333","post","type-post","status-publish","format-standard","has-post-thumbnail","hentry","category-alagoinhas-e-regiao","category-destaque"],"aioseo_notices":[],"_links":{"self":[{"href":"https:\/\/newsinfoco.com.br\/inicio\/wp-json\/wp\/v2\/posts\/19333","targetHints":{"allow":["GET"]}}],"collection":[{"href":"https:\/\/newsinfoco.com.br\/inicio\/wp-json\/wp\/v2\/posts"}],"about":[{"href":"https:\/\/newsinfoco.com.br\/inicio\/wp-json\/wp\/v2\/types\/post"}],"author":[{"embeddable":true,"href":"https:\/\/newsinfoco.com.br\/inicio\/wp-json\/wp\/v2\/users\/1"}],"replies":[{"embeddable":true,"href":"https:\/\/newsinfoco.com.br\/inicio\/wp-json\/wp\/v2\/comments?post=19333"}],"version-history":[{"count":0,"href":"https:\/\/newsinfoco.com.br\/inicio\/wp-json\/wp\/v2\/posts\/19333\/revisions"}],"wp:featuredmedia":[{"embeddable":true,"href":"https:\/\/newsinfoco.com.br\/inicio\/wp-json\/wp\/v2\/media\/19335"}],"wp:attachment":[{"href":"https:\/\/newsinfoco.com.br\/inicio\/wp-json\/wp\/v2\/media?parent=19333"}],"wp:term":[{"taxonomy":"category","embeddable":true,"href":"https:\/\/newsinfoco.com.br\/inicio\/wp-json\/wp\/v2\/categories?post=19333"},{"taxonomy":"post_tag","embeddable":true,"href":"https:\/\/newsinfoco.com.br\/inicio\/wp-json\/wp\/v2\/tags?post=19333"}],"curies":[{"name":"wp","href":"https:\/\/api.w.org\/{rel}","templated":true}]}}