{"id":19338,"date":"2019-12-12T18:08:17","date_gmt":"2019-12-12T21:08:17","guid":{"rendered":"http:\/\/newsinfoco.com.br\/?p=19338"},"modified":"2019-12-12T20:05:42","modified_gmt":"2019-12-12T23:05:42","slug":"dep-marcelo-nilo-diz-que-o-psb-aprova-filiacao-de-paulo-cezar-e-crava-que-rui-costa-nao-apoiara-reeleicao-de-joaquim-neto-em-alagoinhas","status":"publish","type":"post","link":"https:\/\/newsinfoco.com.br\/inicio\/dep-marcelo-nilo-diz-que-o-psb-aprova-filiacao-de-paulo-cezar-e-crava-que-rui-costa-nao-apoiara-reeleicao-de-joaquim-neto-em-alagoinhas\/","title":{"rendered":"Dep. Marcelo Nilo diz que o PSB aprova filia\u00e7\u00e3o de Paulo Cezar e crava que Rui Costa n\u00e3o apoiar\u00e1 reelei\u00e7\u00e3o de Joaquim Neto em Alagoinhas"},"content":{"rendered":"<p style=\"text-align: justify;\">A entrevista realizada pelo programa Primeira M\u00e3o com o deputado Federal Marcelo Nilo, nesta quinta-feira(12), pode esclarecer muito sobre o comportamento dos pr\u00e9-candidatos a prefeito em Alagoinhas. Marcelo Nilo pode ser o candidato do PSB ao Governo do Estado em 2022, ele declarou isso abertamente como tamb\u00e9m afirmou estar de bra\u00e7os abertos para receber Paulo Cezar no partido e uma das raz\u00f5es apontadas \u00e9 o fato dele estar liderando todas as pesquisas. Nilo de fato n\u00e3o perdeu viagem, ficou claro que ele est\u00e1 de olho no pal\u00e1cio de Ondina, portanto, \u00e9 de suma import\u00e2ncia ter um aliado seu comandando uma cidade do porte de Alagoinhas.<\/p>\n<p style=\"text-align: justify;\">Paulo Cezar foi indiciado pela justi\u00e7a com fortes evid\u00eancias de improbidade administrativa, por\u00e9m at\u00e9 agora este fato tem alterado pouco seus \u00edndices de inten\u00e7\u00e3o de voto. Tudo isso pode explicar porque Jose\u00edldo Ramos e Radiovaldo Costa n\u00e3o se animam a se colocarem como pr\u00e9-candidatos pelo PT, bem como a generosidade com Luciano S\u00e9rgio, que at\u00e9 aqui possui baix\u00edssima pontua\u00e7\u00e3o nas pesquisas.<\/p><div class=\"newsi-conteudo_19\" id=\"newsi-168146155\"><a href=\"https:\/\/www.instagram.com\/prefeituraalagoinhas?igsh=YzgzdDJ1bWR3aWI4\" aria-label=\"SAVE_20251006_221555\"><img loading=\"lazy\" decoding=\"async\" src=\"https:\/\/newsinfoco.com.br\/inicio\/wp-content\/uploads\/2025\/10\/SAVE_20251006_221555-rotated.jpg\" alt=\"\"  srcset=\"https:\/\/newsinfoco.com.br\/inicio\/wp-content\/uploads\/2025\/10\/SAVE_20251006_221555-rotated.jpg 1140w, https:\/\/newsinfoco.com.br\/inicio\/wp-content\/uploads\/2025\/10\/SAVE_20251006_221555-300x52.jpg 300w, https:\/\/newsinfoco.com.br\/inicio\/wp-content\/uploads\/2025\/10\/SAVE_20251006_221555-1024x177.jpg 1024w, https:\/\/newsinfoco.com.br\/inicio\/wp-content\/uploads\/2025\/10\/SAVE_20251006_221555-768x133.jpg 768w, https:\/\/newsinfoco.com.br\/inicio\/wp-content\/uploads\/2025\/10\/SAVE_20251006_221555-600x104.jpg 600w, https:\/\/newsinfoco.com.br\/inicio\/wp-content\/uploads\/2025\/10\/SAVE_20251006_221555-696x120.jpg 696w, https:\/\/newsinfoco.com.br\/inicio\/wp-content\/uploads\/2025\/10\/SAVE_20251006_221555-1068x185.jpg 1068w\" sizes=\"(max-width: 1140px) 100vw, 1140px\" width=\"1140\" height=\"197\"   \/><\/a><\/div>\n<p style=\"text-align: justify;\">Marcelo Nilo tamb\u00e9m descartou completamente qualquer apoio da esquerda estadual a Joaquim Neto, incluindo-se o governador Rui Costa. Essa declara\u00e7\u00e3o \u00e9 mais uma p\u00e1 de cal na futura candidatura \u00e0 reelei\u00e7\u00e3o do prefeito, que tem estado atr\u00e1s de Paulo Cezar nas pesquisas e encontra dificuldades em articular alian\u00e7as. A op\u00e7\u00e3o de Joaquim seria voltar humilhado para o reduto carlista, onde esteve durante toda a sua trajet\u00f3ria pol\u00edtica, como enfatizou Nilo ou se declarar independente como se fosse uma jovem lideran\u00e7a insurgente e n\u00e3o um velho pol\u00edtico enfronhado com tudo de bom e de ruim que existe nesse ambiente.<\/p>\n<p style=\"text-align: justify;\">Uma eventual candidatura de Marcelo Nilo, em 2022, \u00e9 uma clara(e inteligente) manobra para driblar o antipetismo, reproduzindo aqui a estrat\u00e9gia argentina. Nilo \u00e9\u00a0 de fato um nome com os predicados para o cargo, sete vezes deputado estadual, 10 anos consecutivos presidente da Assembl\u00e9ia Legislativa e a capacidade de ter bom relacionamento com politicos de esquerda como Jose\u00edldo Ramos e de direita como Paulo Azi.<\/p>\n<p style=\"text-align: justify;\">No entanto, Marcelo Nilo \u00e9 um homem cordial e um atendente de demandas do povo, ele disse que gosta do povo e deve pensar como ele, de forma imediatista. N\u00e3o se consegue ver Nilo como idealizador de algo novo, um renovador, um vision\u00e1rio, vide sua trajet\u00f3ria parlamentar. Ir\u00e1 enfrentar provavelmente ACM Neto que tem mudado, pelo menos, a cara do carlismo. Este tamb\u00e9m n\u00e3o apresenta novas ideias, mas demonstra um modelo de gest\u00e3o atualizado.<\/p>\n<p style=\"text-align: justify;\">A respeito do final de ano na C\u00e2mara dos Deputados, Nilo mant\u00e9m sua posi\u00e7\u00e3o de opositor a Bolsonaro, avaliando que a reforma da previd\u00eancia s\u00f3 prejudicou os mais pobres, e que o corte na taxa de juros s\u00f3 beneficia os mais ricos, enfim faz um discurso de quem acha que vai se eleger s\u00f3 com os votos da esquerda, caso seja o candidato a sucess\u00e3o de Rui Costa. Se Bolsonaro fizer a economia crescer e reduzir o desemprego ter\u00e1 que mudar de discurso. Quanto ao fundo eleitoral, considerou-o como \u00fanica alternativa desde quando o financiamento privado de campanha foi extinto, mas \u00e9 contra a amplia\u00e7\u00e3o dos valores a serem repassados, caso seja derrotado, pela maioria, em sua posi\u00e7\u00e3o, usar\u00e1 de bom grado o dinheiro a mais.<\/p>\n<p style=\"text-align: justify;\">Ponto importante da entrevista foi quando Marcelo Nilo parabenizou a qualidade da entrevista realizada pela bancada do Primeira M\u00e3o, na ocasi\u00e3o composta por Hugo Azi, Caio Pimenta e Luciano Reis. O deputado disse que a fun\u00e7\u00e3o do jornalista \u00e9 apertar o pol\u00edtico. Isso em Alagoinhas, em alguns veiculos, \u00e9 considerado ofensa pessoal.<\/p>\n<p><iframe loading=\"lazy\" title=\"Dep  Marcelo Nilo concede entrevista ao Primeira M\u00e3o\" width=\"696\" height=\"392\" src=\"https:\/\/www.youtube.com\/embed\/XWG2medMiAk?feature=oembed\" frameborder=\"0\" allow=\"accelerometer; autoplay; encrypted-media; gyroscope; picture-in-picture\" allowfullscreen><\/iframe><\/p>\n<p style=\"text-align: right;\">Por Paulo Dias com a colabora\u00e7\u00e3o de Caio Pimenta para o News Infoco<\/p>\n<div class='share-to-whatsapp-wrapper'><div class='share-on-whsp'>Share on: <\/div><a data-text='Dep. Marcelo Nilo diz que o PSB aprova filia\u00e7\u00e3o de Paulo Cezar e crava que Rui Costa n\u00e3o apoiar\u00e1 reelei\u00e7\u00e3o de Joaquim Neto em Alagoinhas' data-link='https:\/\/newsinfoco.com.br\/inicio\/dep-marcelo-nilo-diz-que-o-psb-aprova-filiacao-de-paulo-cezar-e-crava-que-rui-costa-nao-apoiara-reeleicao-de-joaquim-neto-em-alagoinhas\/' class='whatsapp-button whatsapp-share'>WhatsApp<\/a><div class='clear '><\/div><\/div>","protected":false},"excerpt":{"rendered":"<p>A entrevista realizada pelo programa Primeira M\u00e3o com o deputado Federal Marcelo Nilo, nesta quinta-feira(12), pode esclarecer muito sobre o comportamento dos pr\u00e9-candidatos a prefeito em Alagoinhas. Marcelo Nilo pode ser o candidato do PSB ao Governo do Estado em 2022, ele declarou isso abertamente como tamb\u00e9m afirmou estar de bra\u00e7os abertos para receber Paulo [&hellip;]<\/p>\n","protected":false},"author":1,"featured_media":19339,"comment_status":"open","ping_status":"open","sticky":false,"template":"","format":"standard","meta":{"om_disable_all_campaigns":false,"_exactmetrics_skip_tracking":false,"_exactmetrics_sitenote_active":false,"_exactmetrics_sitenote_note":"","_exactmetrics_sitenote_category":0,"footnotes":""},"categories":[38,30],"tags":[],"class_list":["post-19338","post","type-post","status-publish","format-standard","has-post-thumbnail","hentry","category-alagoinhas-e-regiao","category-destaque"],"aioseo_notices":[],"_links":{"self":[{"href":"https:\/\/newsinfoco.com.br\/inicio\/wp-json\/wp\/v2\/posts\/19338","targetHints":{"allow":["GET"]}}],"collection":[{"href":"https:\/\/newsinfoco.com.br\/inicio\/wp-json\/wp\/v2\/posts"}],"about":[{"href":"https:\/\/newsinfoco.com.br\/inicio\/wp-json\/wp\/v2\/types\/post"}],"author":[{"embeddable":true,"href":"https:\/\/newsinfoco.com.br\/inicio\/wp-json\/wp\/v2\/users\/1"}],"replies":[{"embeddable":true,"href":"https:\/\/newsinfoco.com.br\/inicio\/wp-json\/wp\/v2\/comments?post=19338"}],"version-history":[{"count":0,"href":"https:\/\/newsinfoco.com.br\/inicio\/wp-json\/wp\/v2\/posts\/19338\/revisions"}],"wp:featuredmedia":[{"embeddable":true,"href":"https:\/\/newsinfoco.com.br\/inicio\/wp-json\/wp\/v2\/media\/19339"}],"wp:attachment":[{"href":"https:\/\/newsinfoco.com.br\/inicio\/wp-json\/wp\/v2\/media?parent=19338"}],"wp:term":[{"taxonomy":"category","embeddable":true,"href":"https:\/\/newsinfoco.com.br\/inicio\/wp-json\/wp\/v2\/categories?post=19338"},{"taxonomy":"post_tag","embeddable":true,"href":"https:\/\/newsinfoco.com.br\/inicio\/wp-json\/wp\/v2\/tags?post=19338"}],"curies":[{"name":"wp","href":"https:\/\/api.w.org\/{rel}","templated":true}]}}