{"id":19345,"date":"2019-12-12T19:42:37","date_gmt":"2019-12-12T22:42:37","guid":{"rendered":"http:\/\/newsinfoco.com.br\/?p=19345"},"modified":"2019-12-12T19:42:37","modified_gmt":"2019-12-12T22:42:37","slug":"com-decoracao-especial-e-lampadas-led-espalhadas-em-mais-de-20-pontos-da-cidade-prefeitura-divulga-maior-programacao-natalina-da-historia-de-alagoinhas","status":"publish","type":"post","link":"https:\/\/newsinfoco.com.br\/inicio\/com-decoracao-especial-e-lampadas-led-espalhadas-em-mais-de-20-pontos-da-cidade-prefeitura-divulga-maior-programacao-natalina-da-historia-de-alagoinhas\/","title":{"rendered":"Com decora\u00e7\u00e3o especial e l\u00e2mpadas LED espalhadas em mais de 20 pontos da cidade, Prefeitura divulga maior programa\u00e7\u00e3o natalina da hist\u00f3ria de Alagoinhas"},"content":{"rendered":"<p style=\"text-align: justify;\">Com cascatas em microled, refletores c\u00eanicos e mangueiras luminosas espalhadas por mais de 20 pontos da cidade, o Natal de Alagoinhas \u2013 que surpreendeu moradores e visitantes pelos detalhes da decora\u00e7\u00e3o \u2013 contar\u00e1 ainda com uma grade especial de corais na pra\u00e7a p\u00fablica.<\/p>\n<p style=\"text-align: justify;\">A maior programa\u00e7\u00e3o Natalina da cidade come\u00e7ou na \u00faltima semana, quando a Secretaria Municipal de Cultura, Esporte e Turismo (SECET) abriu oficialmente a Casa do Papai Noel, no Coreto; e a cidade ganhou movimento intenso, na \u00faltima quarta-feira (11), com a Caravana Iluminada da Coca-Cola, que percorreu ruas do centro e mobilizou fam\u00edlias, movidas pelo clima da data festiva. A partir de segunda-feira (16), o governo municipal d\u00e1 in\u00edcio tamb\u00e9m \u00e0 apresenta\u00e7\u00e3o de corais do Natal Iluminado. A cada noite, duas apresenta\u00e7\u00f5es ser\u00e3o realizadas em pra\u00e7a p\u00fablica, a partir das 18h30.<\/p><div class=\"newsi-conteudo_19\" id=\"newsi-1876365887\"><a href=\"https:\/\/www.instagram.com\/prefeituraalagoinhas?igsh=YzgzdDJ1bWR3aWI4\" aria-label=\"SAVE_20251006_221555\"><img loading=\"lazy\" decoding=\"async\" src=\"https:\/\/newsinfoco.com.br\/inicio\/wp-content\/uploads\/2025\/10\/SAVE_20251006_221555-rotated.jpg\" alt=\"\"  srcset=\"https:\/\/newsinfoco.com.br\/inicio\/wp-content\/uploads\/2025\/10\/SAVE_20251006_221555-rotated.jpg 1140w, https:\/\/newsinfoco.com.br\/inicio\/wp-content\/uploads\/2025\/10\/SAVE_20251006_221555-300x52.jpg 300w, https:\/\/newsinfoco.com.br\/inicio\/wp-content\/uploads\/2025\/10\/SAVE_20251006_221555-1024x177.jpg 1024w, https:\/\/newsinfoco.com.br\/inicio\/wp-content\/uploads\/2025\/10\/SAVE_20251006_221555-768x133.jpg 768w, https:\/\/newsinfoco.com.br\/inicio\/wp-content\/uploads\/2025\/10\/SAVE_20251006_221555-600x104.jpg 600w, https:\/\/newsinfoco.com.br\/inicio\/wp-content\/uploads\/2025\/10\/SAVE_20251006_221555-696x120.jpg 696w, https:\/\/newsinfoco.com.br\/inicio\/wp-content\/uploads\/2025\/10\/SAVE_20251006_221555-1068x185.jpg 1068w\" sizes=\"(max-width: 1140px) 100vw, 1140px\" width=\"1140\" height=\"197\"   \/><\/a><\/div>\n<p style=\"text-align: justify;\">\u201cEstou muito emocionada [\u2026]. Este ano, estou maravilhada. A ilumina\u00e7\u00e3o est\u00e1 linda. Muitos pontos para fotos, muita crian\u00e7a participando e fiquei mais feliz ainda porque fiquei sabendo que vamos ter apresenta\u00e7\u00e3o de corais durante todo esse per\u00edodo. Est\u00e1 espetacular, um evento muito proveitoso, muito bonito\u201d, afirmou a moradora Jacimeire Carneiro, que esteve na Caravana Iluminada nesta quarta-feira.<\/p>\n<p style=\"text-align: justify;\">Quem abre a apresenta\u00e7\u00e3o de corais natalinos, este ano, \u00e9 a Funda\u00e7\u00e3o do Caminho, na Pra\u00e7a J. J. Seabra, dia 16 de dezembro.<\/p>\n<p style=\"text-align: justify;\">Confira a programa\u00e7\u00e3o completa:<\/p>\n<p><img decoding=\"async\" src=\"https:\/\/www.alagoinhas.ba.gov.br\/wp-content\/uploads\/2019\/12\/WhatsApp-Image-2019-12-12-at-11.44.41-1024x1024.jpeg\" \/><\/p>\n<div class='share-to-whatsapp-wrapper'><div class='share-on-whsp'>Share on: <\/div><a data-text='Com decora\u00e7\u00e3o especial e l\u00e2mpadas LED espalhadas em mais de 20 pontos da cidade, Prefeitura divulga maior programa\u00e7\u00e3o natalina da hist\u00f3ria de Alagoinhas' data-link='https:\/\/newsinfoco.com.br\/inicio\/com-decoracao-especial-e-lampadas-led-espalhadas-em-mais-de-20-pontos-da-cidade-prefeitura-divulga-maior-programacao-natalina-da-historia-de-alagoinhas\/' class='whatsapp-button whatsapp-share'>WhatsApp<\/a><div class='clear '><\/div><\/div>","protected":false},"excerpt":{"rendered":"<p>Com cascatas em microled, refletores c\u00eanicos e mangueiras luminosas espalhadas por mais de 20 pontos da cidade, o Natal de Alagoinhas \u2013 que surpreendeu moradores e visitantes pelos detalhes da decora\u00e7\u00e3o \u2013 contar\u00e1 ainda com uma grade especial de corais na pra\u00e7a p\u00fablica. A maior programa\u00e7\u00e3o Natalina da cidade come\u00e7ou na \u00faltima semana, quando a [&hellip;]<\/p>\n","protected":false},"author":1,"featured_media":19080,"comment_status":"open","ping_status":"open","sticky":false,"template":"","format":"standard","meta":{"om_disable_all_campaigns":false,"_exactmetrics_skip_tracking":false,"_exactmetrics_sitenote_active":false,"_exactmetrics_sitenote_note":"","_exactmetrics_sitenote_category":0,"footnotes":""},"categories":[38,30],"tags":[],"class_list":["post-19345","post","type-post","status-publish","format-standard","has-post-thumbnail","hentry","category-alagoinhas-e-regiao","category-destaque"],"aioseo_notices":[],"_links":{"self":[{"href":"https:\/\/newsinfoco.com.br\/inicio\/wp-json\/wp\/v2\/posts\/19345","targetHints":{"allow":["GET"]}}],"collection":[{"href":"https:\/\/newsinfoco.com.br\/inicio\/wp-json\/wp\/v2\/posts"}],"about":[{"href":"https:\/\/newsinfoco.com.br\/inicio\/wp-json\/wp\/v2\/types\/post"}],"author":[{"embeddable":true,"href":"https:\/\/newsinfoco.com.br\/inicio\/wp-json\/wp\/v2\/users\/1"}],"replies":[{"embeddable":true,"href":"https:\/\/newsinfoco.com.br\/inicio\/wp-json\/wp\/v2\/comments?post=19345"}],"version-history":[{"count":0,"href":"https:\/\/newsinfoco.com.br\/inicio\/wp-json\/wp\/v2\/posts\/19345\/revisions"}],"wp:featuredmedia":[{"embeddable":true,"href":"https:\/\/newsinfoco.com.br\/inicio\/wp-json\/wp\/v2\/media\/19080"}],"wp:attachment":[{"href":"https:\/\/newsinfoco.com.br\/inicio\/wp-json\/wp\/v2\/media?parent=19345"}],"wp:term":[{"taxonomy":"category","embeddable":true,"href":"https:\/\/newsinfoco.com.br\/inicio\/wp-json\/wp\/v2\/categories?post=19345"},{"taxonomy":"post_tag","embeddable":true,"href":"https:\/\/newsinfoco.com.br\/inicio\/wp-json\/wp\/v2\/tags?post=19345"}],"curies":[{"name":"wp","href":"https:\/\/api.w.org\/{rel}","templated":true}]}}