{"id":19350,"date":"2019-12-12T19:52:08","date_gmt":"2019-12-12T22:52:08","guid":{"rendered":"http:\/\/newsinfoco.com.br\/?p=19350"},"modified":"2019-12-12T19:52:08","modified_gmt":"2019-12-12T22:52:08","slug":"mais-seguranca-prefeitura-inicia-instalacao-de-cameras-de-videomonitoramento-na-cidade-2","status":"publish","type":"post","link":"https:\/\/newsinfoco.com.br\/inicio\/mais-seguranca-prefeitura-inicia-instalacao-de-cameras-de-videomonitoramento-na-cidade-2\/","title":{"rendered":"Mais seguran\u00e7a: Prefeitura inicia instala\u00e7\u00e3o de c\u00e2meras de videomonitoramento na cidade"},"content":{"rendered":"<p style=\"text-align: justify;\">A Prefeitura iniciou a implanta\u00e7\u00e3o de um moderno sistema de monitoramento por imagens, que compreender\u00e1 diversas regi\u00f5es da cidade. \u00a0O objetivo do videomonitoramento \u00e9 combater crimes de uma forma geral e auxiliar nas investiga\u00e7\u00f5es e identifica\u00e7\u00e3o de criminosos e ve\u00edculos, por meio de a\u00e7\u00f5es integradas entre a Guarda Municipal e os \u00f3rg\u00e3os de seguran\u00e7a p\u00fablica estaduais e federais<\/p>\n<p style=\"text-align: justify;\">Com investimentos de R$ 714.225,00, provenientes de emenda coletiva de vereadores e recursos da Prefeitura, o sistema vai operar 24 horas, com 20 c\u00e2meras fixas, que ser\u00e3o instaladas em pontos estrat\u00e9gicos, e a Central de Opera\u00e7\u00f5es ter\u00e1 sede na Guarda Municipal, que encaminhar\u00e1 as imagens, em tempo real, para a CICOM da Pol\u00edcia Militar.<\/p><div class=\"newsi-conteudo_19\" id=\"newsi-1656595863\"><a href=\"https:\/\/www.instagram.com\/prefeituraalagoinhas?igsh=YzgzdDJ1bWR3aWI4\" aria-label=\"SAVE_20251006_221555\"><img loading=\"lazy\" decoding=\"async\" src=\"https:\/\/newsinfoco.com.br\/inicio\/wp-content\/uploads\/2025\/10\/SAVE_20251006_221555-rotated.jpg\" alt=\"\"  srcset=\"https:\/\/newsinfoco.com.br\/inicio\/wp-content\/uploads\/2025\/10\/SAVE_20251006_221555-rotated.jpg 1140w, https:\/\/newsinfoco.com.br\/inicio\/wp-content\/uploads\/2025\/10\/SAVE_20251006_221555-300x52.jpg 300w, https:\/\/newsinfoco.com.br\/inicio\/wp-content\/uploads\/2025\/10\/SAVE_20251006_221555-1024x177.jpg 1024w, https:\/\/newsinfoco.com.br\/inicio\/wp-content\/uploads\/2025\/10\/SAVE_20251006_221555-768x133.jpg 768w, https:\/\/newsinfoco.com.br\/inicio\/wp-content\/uploads\/2025\/10\/SAVE_20251006_221555-600x104.jpg 600w, https:\/\/newsinfoco.com.br\/inicio\/wp-content\/uploads\/2025\/10\/SAVE_20251006_221555-696x120.jpg 696w, https:\/\/newsinfoco.com.br\/inicio\/wp-content\/uploads\/2025\/10\/SAVE_20251006_221555-1068x185.jpg 1068w\" sizes=\"(max-width: 1140px) 100vw, 1140px\" width=\"1140\" height=\"197\"   \/><\/a><\/div>\n<p style=\"text-align: justify;\">\n<div class='share-to-whatsapp-wrapper'><div class='share-on-whsp'>Share on: <\/div><a data-text='Mais seguran\u00e7a: Prefeitura inicia instala\u00e7\u00e3o de c\u00e2meras de videomonitoramento na cidade' data-link='https:\/\/newsinfoco.com.br\/inicio\/mais-seguranca-prefeitura-inicia-instalacao-de-cameras-de-videomonitoramento-na-cidade-2\/' class='whatsapp-button whatsapp-share'>WhatsApp<\/a><div class='clear '><\/div><\/div>","protected":false},"excerpt":{"rendered":"<p>A Prefeitura iniciou a implanta\u00e7\u00e3o de um moderno sistema de monitoramento por imagens, que compreender\u00e1 diversas regi\u00f5es da cidade. \u00a0O objetivo do videomonitoramento \u00e9 combater crimes de uma forma geral e auxiliar nas investiga\u00e7\u00f5es e identifica\u00e7\u00e3o de criminosos e ve\u00edculos, por meio de a\u00e7\u00f5es integradas entre a Guarda Municipal e os \u00f3rg\u00e3os de seguran\u00e7a p\u00fablica [&hellip;]<\/p>\n","protected":false},"author":1,"featured_media":19351,"comment_status":"open","ping_status":"open","sticky":false,"template":"","format":"standard","meta":{"om_disable_all_campaigns":false,"_exactmetrics_skip_tracking":false,"_exactmetrics_sitenote_active":false,"_exactmetrics_sitenote_note":"","_exactmetrics_sitenote_category":0,"footnotes":""},"categories":[38,30],"tags":[],"class_list":["post-19350","post","type-post","status-publish","format-standard","has-post-thumbnail","hentry","category-alagoinhas-e-regiao","category-destaque"],"aioseo_notices":[],"_links":{"self":[{"href":"https:\/\/newsinfoco.com.br\/inicio\/wp-json\/wp\/v2\/posts\/19350","targetHints":{"allow":["GET"]}}],"collection":[{"href":"https:\/\/newsinfoco.com.br\/inicio\/wp-json\/wp\/v2\/posts"}],"about":[{"href":"https:\/\/newsinfoco.com.br\/inicio\/wp-json\/wp\/v2\/types\/post"}],"author":[{"embeddable":true,"href":"https:\/\/newsinfoco.com.br\/inicio\/wp-json\/wp\/v2\/users\/1"}],"replies":[{"embeddable":true,"href":"https:\/\/newsinfoco.com.br\/inicio\/wp-json\/wp\/v2\/comments?post=19350"}],"version-history":[{"count":0,"href":"https:\/\/newsinfoco.com.br\/inicio\/wp-json\/wp\/v2\/posts\/19350\/revisions"}],"wp:featuredmedia":[{"embeddable":true,"href":"https:\/\/newsinfoco.com.br\/inicio\/wp-json\/wp\/v2\/media\/19351"}],"wp:attachment":[{"href":"https:\/\/newsinfoco.com.br\/inicio\/wp-json\/wp\/v2\/media?parent=19350"}],"wp:term":[{"taxonomy":"category","embeddable":true,"href":"https:\/\/newsinfoco.com.br\/inicio\/wp-json\/wp\/v2\/categories?post=19350"},{"taxonomy":"post_tag","embeddable":true,"href":"https:\/\/newsinfoco.com.br\/inicio\/wp-json\/wp\/v2\/tags?post=19350"}],"curies":[{"name":"wp","href":"https:\/\/api.w.org\/{rel}","templated":true}]}}