{"id":19356,"date":"2019-12-12T20:07:01","date_gmt":"2019-12-12T23:07:01","guid":{"rendered":"http:\/\/newsinfoco.com.br\/?p=19356"},"modified":"2019-12-12T20:07:01","modified_gmt":"2019-12-12T23:07:01","slug":"tce-desaprova-prestacoes-de-contas-e-multa-cinco-gestores","status":"publish","type":"post","link":"https:\/\/newsinfoco.com.br\/inicio\/tce-desaprova-prestacoes-de-contas-e-multa-cinco-gestores\/","title":{"rendered":"TCE desaprova presta\u00e7\u00f5es de contas e multa cinco gestores"},"content":{"rendered":"<p style=\"text-align: justify;\">O Tribunal de Contas do Estado da Bahia (TCE\/BA) desaprovou, em sess\u00e3o plen\u00e1ria desta quinta-feira (12), as presta\u00e7\u00f5es de contas da Ag\u00eancia Estadual de Regula\u00e7\u00e3o de Servi\u00e7os P\u00fablicos de Energia, Transportes e Comunica\u00e7\u00f5es da Bahia (Agerba), do exerc\u00edcio de 2016, e do Gabinete do Secret\u00e1rio da Educa\u00e7\u00e3o do Estado da Bahia (Gasec-SEC), exerc\u00edcio de 2009, em raz\u00e3o de graves irregularidades apontadas pelas equipes auditoriais nos dois processos.<\/p>\n<p style=\"text-align: justify;\">No caso da presta\u00e7\u00e3o de contas da Agerba, unidade vinculada \u00e0 Secretaria de Infraestrutura do Estado da Bahia (Seinfra), o relator, conselheiro Marcus Vin\u00edcius de Barros Pres\u00eddio, prop\u00f4s ainda a aplica\u00e7\u00e3o de cinco multas: ao diretor-executivo, Eduardo Harold Mesquita Pessoa (R$ 3 mil), \u00e0 titular do N\u00facleo de Gest\u00e3o da Tecnologia da Informa\u00e7\u00e3o e Comunica\u00e7\u00e3o, Solange Maria de Jesus Silva Franco Lima (R$ 1 mil), e aos integrantes da Comiss\u00e3o Sindicante, Ant\u00f4nio Alves dos Santos J\u00fanior (Presidente), L\u00edlia Ribeiro dos Santos Gomes e Maria In\u00eas Rodrigues Gomes (todas no valor de R$ 500).<\/p><div class=\"newsi-conteudo_19\" id=\"newsi-3021898652\"><a href=\"https:\/\/www.instagram.com\/prefeituraalagoinhas?igsh=YzgzdDJ1bWR3aWI4\" aria-label=\"SAVE_20251006_221555\"><img loading=\"lazy\" decoding=\"async\" src=\"https:\/\/newsinfoco.com.br\/inicio\/wp-content\/uploads\/2025\/10\/SAVE_20251006_221555-rotated.jpg\" alt=\"\"  srcset=\"https:\/\/newsinfoco.com.br\/inicio\/wp-content\/uploads\/2025\/10\/SAVE_20251006_221555-rotated.jpg 1140w, https:\/\/newsinfoco.com.br\/inicio\/wp-content\/uploads\/2025\/10\/SAVE_20251006_221555-300x52.jpg 300w, https:\/\/newsinfoco.com.br\/inicio\/wp-content\/uploads\/2025\/10\/SAVE_20251006_221555-1024x177.jpg 1024w, https:\/\/newsinfoco.com.br\/inicio\/wp-content\/uploads\/2025\/10\/SAVE_20251006_221555-768x133.jpg 768w, https:\/\/newsinfoco.com.br\/inicio\/wp-content\/uploads\/2025\/10\/SAVE_20251006_221555-600x104.jpg 600w, https:\/\/newsinfoco.com.br\/inicio\/wp-content\/uploads\/2025\/10\/SAVE_20251006_221555-696x120.jpg 696w, https:\/\/newsinfoco.com.br\/inicio\/wp-content\/uploads\/2025\/10\/SAVE_20251006_221555-1068x185.jpg 1068w\" sizes=\"(max-width: 1140px) 100vw, 1140px\" width=\"1140\" height=\"197\"   \/><\/a><\/div>\n<p style=\"text-align: justify;\">No julgamento da presta\u00e7\u00e3o de contas do Gabinete do titular da SEC, o voto da relatora, conselheira Carolina Matos Alves Costa, al\u00e9m de desaprovar as contas de Aderbal de Castro Meira Filho e Paulo Pontes da Silva, respons\u00e1veis pelo Gasec\/SEC durante o exerc\u00edcio de 2009, imputou d\u00e9bito a Paulo Pontes da Silva no montante de R$ 834,79, valor que dever\u00e1 ser ressarcido aos cofres p\u00fablicos ap\u00f3s corre\u00e7\u00e3o monet\u00e1ria e aplica\u00e7\u00e3o de juros de mora a partir da data da ocorr\u00eancia do evento danoso.<\/p>\n<div class='share-to-whatsapp-wrapper'><div class='share-on-whsp'>Share on: <\/div><a data-text='TCE desaprova presta\u00e7\u00f5es de contas e multa cinco gestores' data-link='https:\/\/newsinfoco.com.br\/inicio\/tce-desaprova-prestacoes-de-contas-e-multa-cinco-gestores\/' class='whatsapp-button whatsapp-share'>WhatsApp<\/a><div class='clear '><\/div><\/div>","protected":false},"excerpt":{"rendered":"<p>O Tribunal de Contas do Estado da Bahia (TCE\/BA) desaprovou, em sess\u00e3o plen\u00e1ria desta quinta-feira (12), as presta\u00e7\u00f5es de contas da Ag\u00eancia Estadual de Regula\u00e7\u00e3o de Servi\u00e7os P\u00fablicos de Energia, Transportes e Comunica\u00e7\u00f5es da Bahia (Agerba), do exerc\u00edcio de 2016, e do Gabinete do Secret\u00e1rio da Educa\u00e7\u00e3o do Estado da Bahia (Gasec-SEC), exerc\u00edcio de 2009, [&hellip;]<\/p>\n","protected":false},"author":1,"featured_media":19358,"comment_status":"open","ping_status":"open","sticky":false,"template":"","format":"standard","meta":{"om_disable_all_campaigns":false,"_exactmetrics_skip_tracking":false,"_exactmetrics_sitenote_active":false,"_exactmetrics_sitenote_note":"","_exactmetrics_sitenote_category":0,"footnotes":""},"categories":[19,30],"tags":[],"class_list":["post-19356","post","type-post","status-publish","format-standard","has-post-thumbnail","hentry","category-bahia","category-destaque"],"aioseo_notices":[],"_links":{"self":[{"href":"https:\/\/newsinfoco.com.br\/inicio\/wp-json\/wp\/v2\/posts\/19356","targetHints":{"allow":["GET"]}}],"collection":[{"href":"https:\/\/newsinfoco.com.br\/inicio\/wp-json\/wp\/v2\/posts"}],"about":[{"href":"https:\/\/newsinfoco.com.br\/inicio\/wp-json\/wp\/v2\/types\/post"}],"author":[{"embeddable":true,"href":"https:\/\/newsinfoco.com.br\/inicio\/wp-json\/wp\/v2\/users\/1"}],"replies":[{"embeddable":true,"href":"https:\/\/newsinfoco.com.br\/inicio\/wp-json\/wp\/v2\/comments?post=19356"}],"version-history":[{"count":0,"href":"https:\/\/newsinfoco.com.br\/inicio\/wp-json\/wp\/v2\/posts\/19356\/revisions"}],"wp:featuredmedia":[{"embeddable":true,"href":"https:\/\/newsinfoco.com.br\/inicio\/wp-json\/wp\/v2\/media\/19358"}],"wp:attachment":[{"href":"https:\/\/newsinfoco.com.br\/inicio\/wp-json\/wp\/v2\/media?parent=19356"}],"wp:term":[{"taxonomy":"category","embeddable":true,"href":"https:\/\/newsinfoco.com.br\/inicio\/wp-json\/wp\/v2\/categories?post=19356"},{"taxonomy":"post_tag","embeddable":true,"href":"https:\/\/newsinfoco.com.br\/inicio\/wp-json\/wp\/v2\/tags?post=19356"}],"curies":[{"name":"wp","href":"https:\/\/api.w.org\/{rel}","templated":true}]}}