{"id":19367,"date":"2019-12-13T18:02:56","date_gmt":"2019-12-13T21:02:56","guid":{"rendered":"http:\/\/newsinfoco.com.br\/?p=19367"},"modified":"2019-12-13T18:02:56","modified_gmt":"2019-12-13T21:02:56","slug":"pre-candidato-a-prefeitura-de-alagoinhas-dr-gomes-apresenta-plano-de-governo-e-fala-em-rescindir-contrato-do-lixo-e-da-zona-azul","status":"publish","type":"post","link":"https:\/\/newsinfoco.com.br\/inicio\/pre-candidato-a-prefeitura-de-alagoinhas-dr-gomes-apresenta-plano-de-governo-e-fala-em-rescindir-contrato-do-lixo-e-da-zona-azul\/","title":{"rendered":"Pr\u00e9-candidato a prefeitura de Alagoinhas, Dr. Gomes apresenta plano de governo e fala em rescindir contrato do lixo e da zona azul"},"content":{"rendered":"<p style=\"text-align: justify;\">A \u201cCidade do Habitat\u201d prop\u00f5e acabar com a mis\u00e9ria no munic\u00edpio, com vilas agr\u00edcolas, onde as casas ser\u00e3o constru\u00eddas e cedidas pela Prefeitura, respons\u00e1vel tamb\u00e9m pela infraestrutura urbana e onde todos os servi\u00e7os essenciais ser\u00e3o oferecidos. Fruto de uma tese de mestrado em direito e administra\u00e7\u00e3o p\u00fablica, no entanto, este n\u00e3o \u00e9 o \u00fanico projeto do pr\u00e9-candidato do PSC, Dr Gomes, como demonstrou no programa Primeira M\u00e3o, nesta quinta-feira(12).<\/p>\n<p style=\"text-align: justify;\">O advogado entregou \u00e0 bancada um programa contemplando pontos importantes. Em sua eventual gest\u00e3o os \u00f4nibus ser\u00e3o novos e movidos a hidrog\u00eanio, a cidade estar\u00e1 livre do que ele chamou de carro\u00e7as com 20 anos de uso. O lix\u00e3o passar\u00e1 a dar lucro, utilizando tecnologia que transforma o chorume, res\u00edduo liquido do lixo, em adubo com a utiliza\u00e7\u00e3o de grafeno, tecnologia dominada pela Fatec, entidade de ensino de sua propriedade. Com os recursos da comercializa\u00e7\u00e3o do fertilizante, ser\u00e1 poss\u00edvel transform\u00e1-lo em aterro sanit\u00e1rio verdadeiramente.<\/p><div class=\"newsi-conteudo_19\" id=\"newsi-2902027831\"><a href=\"https:\/\/www.instagram.com\/prefeituraalagoinhas?igsh=YzgzdDJ1bWR3aWI4\" aria-label=\"SAVE_20251006_221555\"><img loading=\"lazy\" decoding=\"async\" src=\"https:\/\/newsinfoco.com.br\/inicio\/wp-content\/uploads\/2025\/10\/SAVE_20251006_221555-rotated.jpg\" alt=\"\"  srcset=\"https:\/\/newsinfoco.com.br\/inicio\/wp-content\/uploads\/2025\/10\/SAVE_20251006_221555-rotated.jpg 1140w, https:\/\/newsinfoco.com.br\/inicio\/wp-content\/uploads\/2025\/10\/SAVE_20251006_221555-300x52.jpg 300w, https:\/\/newsinfoco.com.br\/inicio\/wp-content\/uploads\/2025\/10\/SAVE_20251006_221555-1024x177.jpg 1024w, https:\/\/newsinfoco.com.br\/inicio\/wp-content\/uploads\/2025\/10\/SAVE_20251006_221555-768x133.jpg 768w, https:\/\/newsinfoco.com.br\/inicio\/wp-content\/uploads\/2025\/10\/SAVE_20251006_221555-600x104.jpg 600w, https:\/\/newsinfoco.com.br\/inicio\/wp-content\/uploads\/2025\/10\/SAVE_20251006_221555-696x120.jpg 696w, https:\/\/newsinfoco.com.br\/inicio\/wp-content\/uploads\/2025\/10\/SAVE_20251006_221555-1068x185.jpg 1068w\" sizes=\"(max-width: 1140px) 100vw, 1140px\" width=\"1140\" height=\"197\"   \/><\/a><\/div>\n<p style=\"text-align: justify;\">N\u00e3o ser\u00e3o pagos valores astron\u00f4micos \u00e0s empresas de coleta e deposi\u00e7\u00e3o de lixo e o Servi\u00e7o Aut\u00f4nomo de \u00c0gua e Esgoto &#8211; SAAE &#8211; deixar\u00e1 seu hist\u00f3rico de \u201cm\u00e1 gest\u00e3o\u201d com uma equipe de comando eficiente. Questionado se privatizaria o SAAE, ele falou que o assunto ser\u00e1 bastante discutido com sua equipe de governo e com a C\u00e2mara de Vereadores. Todas as empresas que ir\u00e3o prestar servi\u00e7os para a prefeitura ter\u00e3o que ser de Alagoinhas, para que todo esse dinheiro circule aqui, inclusive quanto \u00e0 pr\u00f3pria concession\u00e1ria da explora\u00e7\u00e3o da Zona Azul. Ele fala at\u00e9 na cria\u00e7\u00e3o de um banco municipal para gerir os recursos da prefeitura e fomentar desenvolvimento sustent\u00e1vel.<\/p>\n<p style=\"text-align: justify;\">Com esse conjunto de propostas a gest\u00e3o pretendida por Gomes se torna mais integral, atacando diversas frentes importantes com problemas cr\u00f4nicos e cruciais. Hugo Azi, que substitui, temporariamente, Haroldo Azi como \u00e2ncora, questionou sobre a viabilidade das propostas. Gomes assegurou que os avan\u00e7os tecnol\u00f3gicos por ele mencionados s\u00e3o totalmente fact\u00edveis e, de certa forma, n\u00e3o implicam em estruturas muito complexas, pelo contr\u00e1rio.<\/p>\n<p style=\"text-align: justify;\">O SAAE, por exemplo, que vive uma realidade de altos sal\u00e1rios ali praticados e com uma d\u00edvida estratosf\u00e9rica, segundo Gomes ter\u00e1 que expandir sua capacidade de investimento, com um planejamento cont\u00ednuo sem o risco de cair nas m\u00e3os do populismo pol\u00edtico, de ser feito de cabide de emprego e de ser alvo de corrup\u00e7\u00e3o. A autarquia, por exemplo, tenta h\u00e1 mais de uma d\u00e9cada bater a meta de 50% de cobertura em esgotamento sanit\u00e1rio sem sucesso, uma clara manifesta\u00e7\u00e3o de inefici\u00eancia. As propostas de Gomes para o setor est\u00e3o em conson\u00e2ncia com as id\u00e9ias do Ministro Paulo Guedes que lan\u00e7ou essa semana o Marco Regulat\u00f3rio do Saneamento, como lembrou Hugo Azi, que disponibilizar\u00e1 recursos do BNDES. Como proposta para resolver a quest\u00e3o do transporte p\u00fablico, Gomes disse que exigir\u00e1 das empresas a compra de \u00f4nibus movidos a hidrog\u00eanio, que s\u00e3o realidade hoje na cidade de S\u00e3o Paulo, n\u00e3o custam mais que os modelos a diesel e s\u00e3o muito mais econ\u00f4micas, fator importante para manter a tarifa em condi\u00e7\u00f5es da popula\u00e7\u00e3o absorv\u00ea-la.<\/p>\n<p style=\"text-align: justify;\">O comentarista Caio Pimenta perguntou se ele romperia os contratos com as empresas de lixo e com a que explora a Zona Azul. Gomes afirmou, com base em seus conhecimentos em direito, que isso \u00e9 tranquilamente poss\u00edvel, pois o interesse p\u00fablico est\u00e1 acima da l\u00f3gica e dos objetivos privados. Gomes tamb\u00e9m assegurou que at\u00e9 quest\u00f5es previstas em lei podem ser questionadas judicialmente, como a regulamenta\u00e7\u00e3o da tarifa p\u00f3s-paga, segundo ele indevidamente estabelecida pelos vereadores em lei. Ele assegurou ainda que muitas quest\u00f5es foram levantadas contra a administra\u00e7\u00e3o p\u00fablica pela oposi\u00e7\u00e3o s\u00f3 para fazer oba-oba, pois faltou a coragem de provocar, de fato, a Justi\u00e7a.<\/p>\n<p style=\"text-align: justify;\">Dr. Gomes traz como marca o fato de n\u00e3o atuar na vida pol\u00edtica, com experi\u00eancia vasta e exitosa na gest\u00e3o privada. Considera-se um homem de direita, mas admite que todos os lados ideol\u00f3gicos t\u00eam boas id\u00e9ias que precisam ser ouvidas e adotadas. \u201cA gest\u00e3o \u00e9 de todos, da direita, da esquerda dos candomblezeiros, dos evang\u00e9licos, dos homossexuais, dos heterossexuais, assim \u00e9 que se faz a democracia\u201d, salientou. O advogado e empres\u00e1rio da educa\u00e7\u00e3o elogiou o governo Bolsonaro, ao mesmo tempo, revelou que se afastou do PPS por notar que seu presidente era adepto do lulo-petismo. Gomes \u00e9 radicalmente contra as pr\u00e1ticas petistas, tem a inten\u00e7\u00e3o de se afastar completamente delas, caminha em sentido radicalmente contr\u00e1rio, mas admite que o campo da esquerda tem boas propostas tamb\u00e9m, que ser\u00e3o acolhidas em um eventual governo sob sua responsabilidade. Criticou ainda as posturas do presidente da OAB, Felipe Santa Cruz, que n\u00e3o atua em prol dos interesses da categoria, apenas faz politicagem barata e oposi\u00e7\u00e3o ao governo federal a troco de nada.<\/p>\n<p><iframe loading=\"lazy\" title=\"Pr\u00e9 Candidato A Prefeitura de Alagoinhas pelo PSC, DR  Gomes, responde aos questionamentos da bancad\" width=\"696\" height=\"392\" src=\"https:\/\/www.youtube.com\/embed\/dqY78nS4zJg?feature=oembed\" frameborder=\"0\" allow=\"accelerometer; autoplay; encrypted-media; gyroscope; picture-in-picture\" allowfullscreen><\/iframe><\/p>\n<p><iframe loading=\"lazy\" title=\"Pr\u00e9 Candidato A Prefeitura de Alagoinhas pelo PSC, DR  Gomes, responde aos questionamentos da bancad\" width=\"696\" height=\"392\" src=\"https:\/\/www.youtube.com\/embed\/ZEOz71Eu0_I?feature=oembed\" frameborder=\"0\" allow=\"accelerometer; autoplay; encrypted-media; gyroscope; picture-in-picture\" allowfullscreen><\/iframe><\/p>\n<p style=\"text-align: right;\">Por Paulo Dias para o News Infoco<\/p>\n<div class='share-to-whatsapp-wrapper'><div class='share-on-whsp'>Share on: <\/div><a data-text='Pr\u00e9-candidato a prefeitura de Alagoinhas, Dr. Gomes apresenta plano de governo e fala em rescindir contrato do lixo e da zona azul' data-link='https:\/\/newsinfoco.com.br\/inicio\/pre-candidato-a-prefeitura-de-alagoinhas-dr-gomes-apresenta-plano-de-governo-e-fala-em-rescindir-contrato-do-lixo-e-da-zona-azul\/' class='whatsapp-button whatsapp-share'>WhatsApp<\/a><div class='clear '><\/div><\/div>","protected":false},"excerpt":{"rendered":"<p>A \u201cCidade do Habitat\u201d prop\u00f5e acabar com a mis\u00e9ria no munic\u00edpio, com vilas agr\u00edcolas, onde as casas ser\u00e3o constru\u00eddas e cedidas pela Prefeitura, respons\u00e1vel tamb\u00e9m pela infraestrutura urbana e onde todos os servi\u00e7os essenciais ser\u00e3o oferecidos. Fruto de uma tese de mestrado em direito e administra\u00e7\u00e3o p\u00fablica, no entanto, este n\u00e3o \u00e9 o \u00fanico projeto [&hellip;]<\/p>\n","protected":false},"author":1,"featured_media":19368,"comment_status":"open","ping_status":"open","sticky":false,"template":"","format":"standard","meta":{"om_disable_all_campaigns":false,"_exactmetrics_skip_tracking":false,"_exactmetrics_sitenote_active":false,"_exactmetrics_sitenote_note":"","_exactmetrics_sitenote_category":0,"footnotes":""},"categories":[38,30],"tags":[],"class_list":["post-19367","post","type-post","status-publish","format-standard","has-post-thumbnail","hentry","category-alagoinhas-e-regiao","category-destaque"],"aioseo_notices":[],"_links":{"self":[{"href":"https:\/\/newsinfoco.com.br\/inicio\/wp-json\/wp\/v2\/posts\/19367","targetHints":{"allow":["GET"]}}],"collection":[{"href":"https:\/\/newsinfoco.com.br\/inicio\/wp-json\/wp\/v2\/posts"}],"about":[{"href":"https:\/\/newsinfoco.com.br\/inicio\/wp-json\/wp\/v2\/types\/post"}],"author":[{"embeddable":true,"href":"https:\/\/newsinfoco.com.br\/inicio\/wp-json\/wp\/v2\/users\/1"}],"replies":[{"embeddable":true,"href":"https:\/\/newsinfoco.com.br\/inicio\/wp-json\/wp\/v2\/comments?post=19367"}],"version-history":[{"count":0,"href":"https:\/\/newsinfoco.com.br\/inicio\/wp-json\/wp\/v2\/posts\/19367\/revisions"}],"wp:featuredmedia":[{"embeddable":true,"href":"https:\/\/newsinfoco.com.br\/inicio\/wp-json\/wp\/v2\/media\/19368"}],"wp:attachment":[{"href":"https:\/\/newsinfoco.com.br\/inicio\/wp-json\/wp\/v2\/media?parent=19367"}],"wp:term":[{"taxonomy":"category","embeddable":true,"href":"https:\/\/newsinfoco.com.br\/inicio\/wp-json\/wp\/v2\/categories?post=19367"},{"taxonomy":"post_tag","embeddable":true,"href":"https:\/\/newsinfoco.com.br\/inicio\/wp-json\/wp\/v2\/tags?post=19367"}],"curies":[{"name":"wp","href":"https:\/\/api.w.org\/{rel}","templated":true}]}}