{"id":19370,"date":"2019-12-13T19:57:46","date_gmt":"2019-12-13T22:57:46","guid":{"rendered":"http:\/\/newsinfoco.com.br\/?p=19370"},"modified":"2019-12-13T19:57:46","modified_gmt":"2019-12-13T22:57:46","slug":"prefeitura-avanca-com-novas-frentes-de-trabalho-em-estradas-rurais","status":"publish","type":"post","link":"https:\/\/newsinfoco.com.br\/inicio\/prefeitura-avanca-com-novas-frentes-de-trabalho-em-estradas-rurais\/","title":{"rendered":"Prefeitura avan\u00e7a com novas frentes de trabalho em estradas rurais"},"content":{"rendered":"<p style=\"text-align: justify;\">Dando continuidade \u00e0 recupera\u00e7\u00e3o de estradas rurais, a Prefeitura iniciou, esta semana, uma importante obra na estrada da Boa Vista, no in\u00edcio da BR 101, ap\u00f3s o distrito de Boa Uni\u00e3o.<\/p>\n<p style=\"text-align: justify;\">\u201cCom os trabalhos de duplica\u00e7\u00e3o da rodovia federal, formou-se um barranco e a estrada vicinal que passa na parte superior come\u00e7ou a ceder, colocando em risco os ve\u00edculos que ali transitam. Como a estrada serve tamb\u00e9m ao munic\u00edpio de Aramari, as duas prefeituras atuaram em parceria no local\u201d, explicou o secret\u00e1rio municipal de agricultura, Geraldo Almeida. Segundo ele, toda a extens\u00e3o da via est\u00e1 sendo recuperada, de Alagoinhas a Aramari, onde as equipes atuam com maquin\u00e1rio pesado.<\/p><div class=\"newsi-conteudo_19\" id=\"newsi-3294959075\"><a href=\"https:\/\/www.instagram.com\/prefeituraalagoinhas?igsh=YzgzdDJ1bWR3aWI4\" aria-label=\"SAVE_20251006_221555\"><img loading=\"lazy\" decoding=\"async\" src=\"https:\/\/newsinfoco.com.br\/inicio\/wp-content\/uploads\/2025\/10\/SAVE_20251006_221555-rotated.jpg\" alt=\"\"  srcset=\"https:\/\/newsinfoco.com.br\/inicio\/wp-content\/uploads\/2025\/10\/SAVE_20251006_221555-rotated.jpg 1140w, https:\/\/newsinfoco.com.br\/inicio\/wp-content\/uploads\/2025\/10\/SAVE_20251006_221555-300x52.jpg 300w, https:\/\/newsinfoco.com.br\/inicio\/wp-content\/uploads\/2025\/10\/SAVE_20251006_221555-1024x177.jpg 1024w, https:\/\/newsinfoco.com.br\/inicio\/wp-content\/uploads\/2025\/10\/SAVE_20251006_221555-768x133.jpg 768w, https:\/\/newsinfoco.com.br\/inicio\/wp-content\/uploads\/2025\/10\/SAVE_20251006_221555-600x104.jpg 600w, https:\/\/newsinfoco.com.br\/inicio\/wp-content\/uploads\/2025\/10\/SAVE_20251006_221555-696x120.jpg 696w, https:\/\/newsinfoco.com.br\/inicio\/wp-content\/uploads\/2025\/10\/SAVE_20251006_221555-1068x185.jpg 1068w\" sizes=\"(max-width: 1140px) 100vw, 1140px\" width=\"1140\" height=\"197\"   \/><\/a><\/div>\n<p style=\"text-align: justify;\">A a\u00e7\u00e3o n\u00e3o \u00e9 isolada. Com patrulha mecanizada, patrolamento, instala\u00e7\u00e3o de pontos para escoamento da \u00e1gua das chuvas e dep\u00f3sito de material em pontos cr\u00edticos, a Secretaria Municipal de Agricultura (SEMAG) tem feito a recupera\u00e7\u00e3o de trechos extensos e segue com interven\u00e7\u00f5es para melhorar a trafegabilidade. J\u00e1 passaram por recupera\u00e7\u00e3o as estradas do Pindobal, Camboat\u00e1, Fazenda Vit\u00f3ria, Ponto do Beiju, Nova Esperan\u00e7a, Cangula, Sau\u00edpe, Mangueira, Encantado, Tombador, Quizamb\u00fa, Concei\u00e7\u00e3o 1 e 2, Baix\u00e3o do Riacho da Guia, Calu (estrada das hortas), Jorrinho, Rio Branco e Tucum, entre outras. A SEMAG informou que o trabalho \u00e9 cont\u00ednuo e deve contemplar novas localidades.<\/p>\n<p style=\"text-align: justify;\">\u00a0 \u00a0 \u00a0 \u00a0 \u00a0 \u00a0 \u00a0 \u00a0 \u00a0 \u00a0 \u00a0 \u00a0 \u00a0 \u00a0 \u00a0 \u00a0 \u00a0 \u00a0 \u00a0 \u00a0 \u00a0 \u00a0 \u00a0 SECOM ALAGOINHAS<\/p>\n<div class='share-to-whatsapp-wrapper'><div class='share-on-whsp'>Share on: <\/div><a data-text='Prefeitura avan\u00e7a com novas frentes de trabalho em estradas rurais' data-link='https:\/\/newsinfoco.com.br\/inicio\/prefeitura-avanca-com-novas-frentes-de-trabalho-em-estradas-rurais\/' class='whatsapp-button whatsapp-share'>WhatsApp<\/a><div class='clear '><\/div><\/div>","protected":false},"excerpt":{"rendered":"<p>Dando continuidade \u00e0 recupera\u00e7\u00e3o de estradas rurais, a Prefeitura iniciou, esta semana, uma importante obra na estrada da Boa Vista, no in\u00edcio da BR 101, ap\u00f3s o distrito de Boa Uni\u00e3o. \u201cCom os trabalhos de duplica\u00e7\u00e3o da rodovia federal, formou-se um barranco e a estrada vicinal que passa na parte superior come\u00e7ou a ceder, colocando [&hellip;]<\/p>\n","protected":false},"author":1,"featured_media":19371,"comment_status":"open","ping_status":"open","sticky":false,"template":"","format":"standard","meta":{"om_disable_all_campaigns":false,"_exactmetrics_skip_tracking":false,"_exactmetrics_sitenote_active":false,"_exactmetrics_sitenote_note":"","_exactmetrics_sitenote_category":0,"footnotes":""},"categories":[38,30],"tags":[],"class_list":["post-19370","post","type-post","status-publish","format-standard","has-post-thumbnail","hentry","category-alagoinhas-e-regiao","category-destaque"],"aioseo_notices":[],"_links":{"self":[{"href":"https:\/\/newsinfoco.com.br\/inicio\/wp-json\/wp\/v2\/posts\/19370","targetHints":{"allow":["GET"]}}],"collection":[{"href":"https:\/\/newsinfoco.com.br\/inicio\/wp-json\/wp\/v2\/posts"}],"about":[{"href":"https:\/\/newsinfoco.com.br\/inicio\/wp-json\/wp\/v2\/types\/post"}],"author":[{"embeddable":true,"href":"https:\/\/newsinfoco.com.br\/inicio\/wp-json\/wp\/v2\/users\/1"}],"replies":[{"embeddable":true,"href":"https:\/\/newsinfoco.com.br\/inicio\/wp-json\/wp\/v2\/comments?post=19370"}],"version-history":[{"count":0,"href":"https:\/\/newsinfoco.com.br\/inicio\/wp-json\/wp\/v2\/posts\/19370\/revisions"}],"wp:featuredmedia":[{"embeddable":true,"href":"https:\/\/newsinfoco.com.br\/inicio\/wp-json\/wp\/v2\/media\/19371"}],"wp:attachment":[{"href":"https:\/\/newsinfoco.com.br\/inicio\/wp-json\/wp\/v2\/media?parent=19370"}],"wp:term":[{"taxonomy":"category","embeddable":true,"href":"https:\/\/newsinfoco.com.br\/inicio\/wp-json\/wp\/v2\/categories?post=19370"},{"taxonomy":"post_tag","embeddable":true,"href":"https:\/\/newsinfoco.com.br\/inicio\/wp-json\/wp\/v2\/tags?post=19370"}],"curies":[{"name":"wp","href":"https:\/\/api.w.org\/{rel}","templated":true}]}}