{"id":19376,"date":"2019-12-13T20:04:50","date_gmt":"2019-12-13T23:04:50","guid":{"rendered":"http:\/\/newsinfoco.com.br\/?p=19376"},"modified":"2019-12-13T20:04:50","modified_gmt":"2019-12-13T23:04:50","slug":"caidh-completa-2-anos-de-atendimento-multidisciplinar-para-pacientes-diabeticos-e-hipertensos","status":"publish","type":"post","link":"https:\/\/newsinfoco.com.br\/inicio\/caidh-completa-2-anos-de-atendimento-multidisciplinar-para-pacientes-diabeticos-e-hipertensos\/","title":{"rendered":"CAIDH completa 2 anos de atendimento multidisciplinar para pacientes diab\u00e9ticos e hipertensos"},"content":{"rendered":"<p style=\"text-align: justify;\">O Centro de Aten\u00e7\u00e3o Integral ao Diab\u00e9tico e Hipertenso (CAIDH) completou 2 anos de atividades e, para comemorar os quatro semestres de funcionamento com atendimento multidisciplinar, no espa\u00e7o, as equipes de sa\u00fade promoveram uma programa\u00e7\u00e3o especial com caf\u00e9 da manh\u00e3 junto aos pacientes.<\/p>\n<p style=\"text-align: justify;\">O Centro foi implantado em 2017 pela gest\u00e3o Joaquim Neto, que garantiu, com a iniciativa, o tratamento com equipe multidisciplinar a pacientes n\u00e3o-controlados com diabetes melitus tipo 1, diabete melitus tipo 2, diabetes gestacional e hipertens\u00e3o associada a outras complica\u00e7\u00f5es.<\/p><div class=\"newsi-conteudo_19\" id=\"newsi-904330923\"><a href=\"https:\/\/www.instagram.com\/prefeituraalagoinhas?igsh=YzgzdDJ1bWR3aWI4\" aria-label=\"SAVE_20251006_221555\"><img loading=\"lazy\" decoding=\"async\" src=\"https:\/\/newsinfoco.com.br\/inicio\/wp-content\/uploads\/2025\/10\/SAVE_20251006_221555-rotated.jpg\" alt=\"\"  srcset=\"https:\/\/newsinfoco.com.br\/inicio\/wp-content\/uploads\/2025\/10\/SAVE_20251006_221555-rotated.jpg 1140w, https:\/\/newsinfoco.com.br\/inicio\/wp-content\/uploads\/2025\/10\/SAVE_20251006_221555-300x52.jpg 300w, https:\/\/newsinfoco.com.br\/inicio\/wp-content\/uploads\/2025\/10\/SAVE_20251006_221555-1024x177.jpg 1024w, https:\/\/newsinfoco.com.br\/inicio\/wp-content\/uploads\/2025\/10\/SAVE_20251006_221555-768x133.jpg 768w, https:\/\/newsinfoco.com.br\/inicio\/wp-content\/uploads\/2025\/10\/SAVE_20251006_221555-600x104.jpg 600w, https:\/\/newsinfoco.com.br\/inicio\/wp-content\/uploads\/2025\/10\/SAVE_20251006_221555-696x120.jpg 696w, https:\/\/newsinfoco.com.br\/inicio\/wp-content\/uploads\/2025\/10\/SAVE_20251006_221555-1068x185.jpg 1068w\" sizes=\"(max-width: 1140px) 100vw, 1140px\" width=\"1140\" height=\"197\"   \/><\/a><\/div>\n<p style=\"text-align: justify;\">S\u00e3o, atualmente, mais de 600 pacientes cadastrados. De acordo com a coordenadora administrativa do CAIDH, Rita de C\u00e1ssia Cerqueira, pacientes que n\u00e3o tinham tratamento especializado hoje contam com uma nova realidade em Alagoinhas. \u201cO CAIDH tem sido uma b\u00ean\u00e7\u00e3o para a popula\u00e7\u00e3o de Alagoinhas. O Centro garante melhores condi\u00e7\u00f5es de tratamento aos usu\u00e1rios. S\u00e3o pacientes que precisam de acompanhamento e que encontram aqui op\u00e7\u00f5es de cuidado e profissionais qualificados para fazer os procedimentos. Queria agradecer ao prefeito Joaquim Neto, que foi sens\u00edvel a essa necessidade, e \u00e0 secret\u00e1ria Rosania Rabelo\u201d, afirmou a coordenadora. Segundo ela, a equipe que atua no local \u00e9 composta por angiologista, nutricionista, cardiologista, hematologista, endocrinologista e cl\u00ednico geral, al\u00e9m de t\u00e9cnicos, enfermeiros, coordenadores e auxiliares.<\/p>\n<p style=\"text-align: justify;\">Adjunto ao CAIDH, o Centro Especializado de Cuidados em Anemia Falciforme (CECAF) tamb\u00e9m completa 2 anos e a comemora\u00e7\u00e3o \u00e9 conjunta: tanto pacientes do CAIDH quanto usu\u00e1rios do CECAF participam da a\u00e7\u00e3o com caf\u00e9 da manh\u00e3, nesta sexta-feira (13), na Rua M\u00e1rio Laert, onde funciona o servi\u00e7o. Os atendimentos ser\u00e3o realizados normalmente at\u00e9 as 17h.<\/p>\n<p>\u00a0 \u00a0 \u00a0 \u00a0 \u00a0 \u00a0 \u00a0 \u00a0 \u00a0 \u00a0 \u00a0 \u00a0 \u00a0 \u00a0 \u00a0 \u00a0 \u00a0 \u00a0 \u00a0 \u00a0 \u00a0 \u00a0 \u00a0 \u00a0 SECOM ALAGOINHAS<\/p>\n<div class='share-to-whatsapp-wrapper'><div class='share-on-whsp'>Share on: <\/div><a data-text='CAIDH completa 2 anos de atendimento multidisciplinar para pacientes diab\u00e9ticos e hipertensos' data-link='https:\/\/newsinfoco.com.br\/inicio\/caidh-completa-2-anos-de-atendimento-multidisciplinar-para-pacientes-diabeticos-e-hipertensos\/' class='whatsapp-button whatsapp-share'>WhatsApp<\/a><div class='clear '><\/div><\/div>","protected":false},"excerpt":{"rendered":"<p>O Centro de Aten\u00e7\u00e3o Integral ao Diab\u00e9tico e Hipertenso (CAIDH) completou 2 anos de atividades e, para comemorar os quatro semestres de funcionamento com atendimento multidisciplinar, no espa\u00e7o, as equipes de sa\u00fade promoveram uma programa\u00e7\u00e3o especial com caf\u00e9 da manh\u00e3 junto aos pacientes. O Centro foi implantado em 2017 pela gest\u00e3o Joaquim Neto, que garantiu, [&hellip;]<\/p>\n","protected":false},"author":1,"featured_media":19377,"comment_status":"open","ping_status":"open","sticky":false,"template":"","format":"standard","meta":{"om_disable_all_campaigns":false,"_exactmetrics_skip_tracking":false,"_exactmetrics_sitenote_active":false,"_exactmetrics_sitenote_note":"","_exactmetrics_sitenote_category":0,"footnotes":""},"categories":[38,30],"tags":[],"class_list":["post-19376","post","type-post","status-publish","format-standard","has-post-thumbnail","hentry","category-alagoinhas-e-regiao","category-destaque"],"aioseo_notices":[],"_links":{"self":[{"href":"https:\/\/newsinfoco.com.br\/inicio\/wp-json\/wp\/v2\/posts\/19376","targetHints":{"allow":["GET"]}}],"collection":[{"href":"https:\/\/newsinfoco.com.br\/inicio\/wp-json\/wp\/v2\/posts"}],"about":[{"href":"https:\/\/newsinfoco.com.br\/inicio\/wp-json\/wp\/v2\/types\/post"}],"author":[{"embeddable":true,"href":"https:\/\/newsinfoco.com.br\/inicio\/wp-json\/wp\/v2\/users\/1"}],"replies":[{"embeddable":true,"href":"https:\/\/newsinfoco.com.br\/inicio\/wp-json\/wp\/v2\/comments?post=19376"}],"version-history":[{"count":0,"href":"https:\/\/newsinfoco.com.br\/inicio\/wp-json\/wp\/v2\/posts\/19376\/revisions"}],"wp:featuredmedia":[{"embeddable":true,"href":"https:\/\/newsinfoco.com.br\/inicio\/wp-json\/wp\/v2\/media\/19377"}],"wp:attachment":[{"href":"https:\/\/newsinfoco.com.br\/inicio\/wp-json\/wp\/v2\/media?parent=19376"}],"wp:term":[{"taxonomy":"category","embeddable":true,"href":"https:\/\/newsinfoco.com.br\/inicio\/wp-json\/wp\/v2\/categories?post=19376"},{"taxonomy":"post_tag","embeddable":true,"href":"https:\/\/newsinfoco.com.br\/inicio\/wp-json\/wp\/v2\/tags?post=19376"}],"curies":[{"name":"wp","href":"https:\/\/api.w.org\/{rel}","templated":true}]}}