{"id":19379,"date":"2019-12-13T20:08:46","date_gmt":"2019-12-13T23:08:46","guid":{"rendered":"http:\/\/newsinfoco.com.br\/?p=19379"},"modified":"2019-12-13T20:08:46","modified_gmt":"2019-12-13T23:08:46","slug":"dezembro-vermelho-prefeitura-promove-acao-em-alusao-ao-dia-mundial-de-luta-contra-a-aids","status":"publish","type":"post","link":"https:\/\/newsinfoco.com.br\/inicio\/dezembro-vermelho-prefeitura-promove-acao-em-alusao-ao-dia-mundial-de-luta-contra-a-aids\/","title":{"rendered":"DEZEMBRO VERMELHO: Prefeitura promove a\u00e7\u00e3o em alus\u00e3o ao Dia Mundial de Luta contra a AIDS"},"content":{"rendered":"<p style=\"text-align: justify;\">Profissionais de sa\u00fade do Servi\u00e7o de Assist\u00eancia Especializada e Centro de Testagem e Aconselhamento (SAE\/CTA) realizaram, na sede da Vigil\u00e2ncia em Sa\u00fade, uma a\u00e7\u00e3o para sensibilizar a popula\u00e7\u00e3o quanto \u00e0 import\u00e2ncia da preven\u00e7\u00e3o \u00e0 AIDS (S\u00edndrome da Imunodefici\u00eancia Adquirida), do tratamento contra o HIV (V\u00edrus da Imunodefici\u00eancia Humana) e outras Infec\u00e7\u00f5es Sexualmente Transmiss\u00edveis (IST), no m\u00eas de mobiliza\u00e7\u00e3o da campanha nacional.<\/p>\n<p style=\"text-align: justify;\">No local, foram realizados testes r\u00e1pidos, panfletagem e recomenda\u00e7\u00f5es sobre pol\u00edticas de preven\u00e7\u00e3o. \u201cA a\u00e7\u00e3o \u00e9 uma alus\u00e3o ao Dia Mundial de Luta Contra a Aids, 1\u00b0 de dezembro. Estamos fazendo testagem r\u00e1pida de HIV e de S\u00edfilis e tamb\u00e9m distribuindo preservativos no centro da cidade, na Central de Abastecimento, no Terminal Coletivo, com o N\u00facleo de Apoio e Preven\u00e7\u00e3o \u00e0 AIDS e a equipe do SAE\/CTA. Todos esses profissionais est\u00e3o trabalhando pela preven\u00e7\u00e3o e divulga\u00e7\u00e3o [\u2026]. O HIV e as doen\u00e7as est\u00e3o crescendo. Preven\u00e7\u00e3o \u00e9 algo que a gente n\u00e3o pode parar nunca\u201d, salientou a coordenadora Micheli Campos.<\/p><div class=\"newsi-conteudo_19\" id=\"newsi-2674529135\"><a href=\"https:\/\/www.instagram.com\/prefeituraalagoinhas?igsh=YzgzdDJ1bWR3aWI4\" aria-label=\"SAVE_20251006_221555\"><img loading=\"lazy\" decoding=\"async\" src=\"https:\/\/newsinfoco.com.br\/inicio\/wp-content\/uploads\/2025\/10\/SAVE_20251006_221555-rotated.jpg\" alt=\"\"  srcset=\"https:\/\/newsinfoco.com.br\/inicio\/wp-content\/uploads\/2025\/10\/SAVE_20251006_221555-rotated.jpg 1140w, https:\/\/newsinfoco.com.br\/inicio\/wp-content\/uploads\/2025\/10\/SAVE_20251006_221555-300x52.jpg 300w, https:\/\/newsinfoco.com.br\/inicio\/wp-content\/uploads\/2025\/10\/SAVE_20251006_221555-1024x177.jpg 1024w, https:\/\/newsinfoco.com.br\/inicio\/wp-content\/uploads\/2025\/10\/SAVE_20251006_221555-768x133.jpg 768w, https:\/\/newsinfoco.com.br\/inicio\/wp-content\/uploads\/2025\/10\/SAVE_20251006_221555-600x104.jpg 600w, https:\/\/newsinfoco.com.br\/inicio\/wp-content\/uploads\/2025\/10\/SAVE_20251006_221555-696x120.jpg 696w, https:\/\/newsinfoco.com.br\/inicio\/wp-content\/uploads\/2025\/10\/SAVE_20251006_221555-1068x185.jpg 1068w\" sizes=\"(max-width: 1140px) 100vw, 1140px\" width=\"1140\" height=\"197\"   \/><\/a><\/div>\n<p style=\"text-align: justify;\">A moradora Rita de C\u00e1ssia, que trabalha no centro da cidade, aproveitou a oportunidade para fazer o teste r\u00e1pido e avaliou positivamente a a\u00e7\u00e3o. \u201cVim fazer o exame. \u00c9 uma coisa boa, \u00e9 pra sa\u00fade. A gente tem que se cuidar. [\u2026] tudo \u00e9 a sa\u00fade; sem a sa\u00fade, a gente n\u00e3o tem nada\u201d, relatou.<\/p>\n<p style=\"text-align: justify;\">A a\u00e7\u00e3o, aberta ao p\u00fablico, foi realizada das 8h \u00e0s 12h, e a Secretaria Municipal de Sa\u00fade informou que intensifica, durante todo o m\u00eas, atividades de conscientiza\u00e7\u00e3o e preven\u00e7\u00e3o junto \u00e0 comunidade.<\/p>\n<p>\u00a0 \u00a0 \u00a0 \u00a0 \u00a0 \u00a0 \u00a0 \u00a0 \u00a0 \u00a0 \u00a0 \u00a0 \u00a0 \u00a0 \u00a0 \u00a0 \u00a0 \u00a0 \u00a0 \u00a0 \u00a0 \u00a0SECOM ALAGOINHAS<\/p>\n<div class='share-to-whatsapp-wrapper'><div class='share-on-whsp'>Share on: <\/div><a data-text='DEZEMBRO VERMELHO: Prefeitura promove a\u00e7\u00e3o em alus\u00e3o ao Dia Mundial de Luta contra a AIDS' data-link='https:\/\/newsinfoco.com.br\/inicio\/dezembro-vermelho-prefeitura-promove-acao-em-alusao-ao-dia-mundial-de-luta-contra-a-aids\/' class='whatsapp-button whatsapp-share'>WhatsApp<\/a><div class='clear '><\/div><\/div>","protected":false},"excerpt":{"rendered":"<p>Profissionais de sa\u00fade do Servi\u00e7o de Assist\u00eancia Especializada e Centro de Testagem e Aconselhamento (SAE\/CTA) realizaram, na sede da Vigil\u00e2ncia em Sa\u00fade, uma a\u00e7\u00e3o para sensibilizar a popula\u00e7\u00e3o quanto \u00e0 import\u00e2ncia da preven\u00e7\u00e3o \u00e0 AIDS (S\u00edndrome da Imunodefici\u00eancia Adquirida), do tratamento contra o HIV (V\u00edrus da Imunodefici\u00eancia Humana) e outras Infec\u00e7\u00f5es Sexualmente Transmiss\u00edveis (IST), no [&hellip;]<\/p>\n","protected":false},"author":1,"featured_media":19381,"comment_status":"open","ping_status":"open","sticky":false,"template":"","format":"standard","meta":{"om_disable_all_campaigns":false,"_exactmetrics_skip_tracking":false,"_exactmetrics_sitenote_active":false,"_exactmetrics_sitenote_note":"","_exactmetrics_sitenote_category":0,"footnotes":""},"categories":[38,30],"tags":[],"class_list":["post-19379","post","type-post","status-publish","format-standard","has-post-thumbnail","hentry","category-alagoinhas-e-regiao","category-destaque"],"aioseo_notices":[],"_links":{"self":[{"href":"https:\/\/newsinfoco.com.br\/inicio\/wp-json\/wp\/v2\/posts\/19379","targetHints":{"allow":["GET"]}}],"collection":[{"href":"https:\/\/newsinfoco.com.br\/inicio\/wp-json\/wp\/v2\/posts"}],"about":[{"href":"https:\/\/newsinfoco.com.br\/inicio\/wp-json\/wp\/v2\/types\/post"}],"author":[{"embeddable":true,"href":"https:\/\/newsinfoco.com.br\/inicio\/wp-json\/wp\/v2\/users\/1"}],"replies":[{"embeddable":true,"href":"https:\/\/newsinfoco.com.br\/inicio\/wp-json\/wp\/v2\/comments?post=19379"}],"version-history":[{"count":0,"href":"https:\/\/newsinfoco.com.br\/inicio\/wp-json\/wp\/v2\/posts\/19379\/revisions"}],"wp:featuredmedia":[{"embeddable":true,"href":"https:\/\/newsinfoco.com.br\/inicio\/wp-json\/wp\/v2\/media\/19381"}],"wp:attachment":[{"href":"https:\/\/newsinfoco.com.br\/inicio\/wp-json\/wp\/v2\/media?parent=19379"}],"wp:term":[{"taxonomy":"category","embeddable":true,"href":"https:\/\/newsinfoco.com.br\/inicio\/wp-json\/wp\/v2\/categories?post=19379"},{"taxonomy":"post_tag","embeddable":true,"href":"https:\/\/newsinfoco.com.br\/inicio\/wp-json\/wp\/v2\/tags?post=19379"}],"curies":[{"name":"wp","href":"https:\/\/api.w.org\/{rel}","templated":true}]}}